
{"id":58526,"date":"2018-05-09T11:55:07","date_gmt":"2018-05-09T14:55:07","guid":{"rendered":"http:\/\/jornalbeirario.com.br\/portal\/?p=58526"},"modified":"2018-05-09T11:55:37","modified_gmt":"2018-05-09T14:55:37","slug":"termina-nesta-quarta-prazo-para-transferir-atualizar-o-emitir-titulo-de-eleitor","status":"publish","type":"post","link":"https:\/\/jornalbeirario.com.br\/portal\/?p=58526","title":{"rendered":"Termina nesta quarta prazo para transferir, atualizar ou emitir t\u00edtulo de eleitor"},"content":{"rendered":"<p style=\"text-align: justify;\">Termina nesta quarta-feira, dia 9, o prazo para transferir, atualizar ou emitir o t\u00edtulo eleitoral para as elei\u00e7\u00f5es de 2018. Neste ano, a vota\u00e7\u00e3o ser\u00e1 para presidente, governador, senador, deputado federal e deputado estadual ou distrital.<\/p>\n<p style=\"text-align: justify;\">Entre as novidades deste ano, uma delas \u00e9 que o eleitor tamb\u00e9m ter\u00e1 acesso a uma via digital do t\u00edtulo eleitoral por meio de um aplicativo lan\u00e7ado pela Justi\u00e7a Eleitoral. O aplicativo est\u00e1 dispon\u00edvel para os aparelhos Android e iOS. \u00c9 poss\u00edvel ver a se\u00e7\u00e3o e a zona eleitoral do eleitor, bem como a situa\u00e7\u00e3o biom\u00e9trica (se a biometria foi coletada ou n\u00e3o), a situa\u00e7\u00e3o eleitoral (se est\u00e1 regular ou n\u00e3o) e a quita\u00e7\u00e3o eleitoral (se est\u00e1 quite ou n\u00e3o).<\/p>\n<p style=\"text-align: justify;\">O e-T\u00edtulo pode substituir o documento oficial com foto, desde que o aplicativo mostra a foto do eleitor e quando a coleta da biometria j\u00e1 foi realizada. Para acessar, o eleitor precisa informar o nome completo, a data de nascimento, o n\u00famero do t\u00edtulo de eleitor e o nome dos pais<\/p>\n<p style=\"text-align: justify;\">Outra novidade \u00e9 o uso do nome social de pessoa transg\u00eanero. A partir deste ano, o t\u00edtulo eleitoral trar\u00e1 apenas o nome social com o qual ela se identifica, e n\u00e3o ter\u00e1 o nome da certid\u00e3o de nascimento. O prazo para que pessoas trans pe\u00e7am a mudan\u00e7a no documento no cart\u00f3rio eleitoral da cidade termina tamb\u00e9m nesta quarta-feira. Segundo o TSE, pelo menos 1,4 mil transexuais e travestis pediram o registro de nome social.<\/p>\n<p style=\"text-align: justify;\">Neste ano, a biometria ser\u00e1 obrigat\u00f3ria em cerca de 2,8 mil cidades de todos os estados. Nesses munic\u00edpios, os eleitores que n\u00e3o fizerem o cadastro biom\u00e9trico devem ter o t\u00edtulo de eleitor cancelado. No estado do Rio de Janeiro, apenas tr\u00eas munic\u00edpios realizam este cadastramento, nenhum deles no Sul Fluminense. Resende j\u00e1 realiza esse tipo de cadastramento, de forma n\u00e3o obrigat\u00f3ria.<\/p>\n<p style=\"text-align: justify;\">Nos demais casos, o prazo tamb\u00e9m \u00e9 v\u00e1lido para o eleitor que completa 18 anos at\u00e9 o dia 7 de outubro, dia do primeiro turno, e tamb\u00e9m para quem mudou de endere\u00e7o e deseja transferir o t\u00edtulo eleitoral. O procedimento exige a apresenta\u00e7\u00e3o do comprovante de resid\u00eancia e de um documento oficial com foto em uma unidade do cart\u00f3rio eleitoral.<\/p>\n<p style=\"text-align: justify;\">Para transferir o t\u00edtulo, o eleitor dever\u00e1 residir no novo munic\u00edpio h\u00e1 pelo menos tr\u00eas meses. Ainda \u00e9 necess\u00e1rio, no m\u00ednimo, um ano da data do alistamento eleitoral ou da \u00faltima transfer\u00eancia do t\u00edtulo. Quem n\u00e3o votou nem justificou aus\u00eancia nas \u00faltimas tr\u00eas elei\u00e7\u00f5es e teve t\u00edtulo cancelado e deve procurar a Justi\u00e7a Eleitoral para regularizar a situa\u00e7\u00e3o.<\/p>\n<p style=\"text-align: justify;\">O voto \u00e9 obrigat\u00f3rio no Brasil para eleitores dos 18 aos 70 anos. J\u00e1 para jovens dos 16 aos 17 anos e idosos acima dos 70, al\u00e9m de analfabetos, o voto \u00e9 facultativo.<\/p>\n<p style=\"text-align: justify;\">Eleitores de quase toda a Regi\u00e3o das Agulhas Negras dever\u00e3o procurar o cart\u00f3rio eleitoral, que fica no Antigo F\u00f3rum de Resende, na Pra\u00e7a da Conc\u00f3rdia, 95, no Centro de Resende, at\u00e9 \u00e0s 19 horas desta quarta-feira. Os telefones de contato s\u00e3o (24) 3355-2421 (198\u00aa Zona Eleitoral) e (24) 3354-5780 (31\u00aa Zona Eleitoral). Outras conforma\u00e7\u00f5es tamb\u00e9m podem ser conferidas pelo <a href=\"http:\/\/www.tre-rj.jus.br\">site<\/a> do TRE-RJ.<\/p>\n","protected":false},"excerpt":{"rendered":"<p>Termina nesta quarta-feira, dia 9, o prazo para transferir, atualizar ou emitir o t\u00edtulo eleitoral para as elei\u00e7\u00f5es de 2018. Neste ano, a vota\u00e7\u00e3o<\/p>\n","protected":false},"author":1,"featured_media":58528,"comment_status":"open","ping_status":"open","sticky":false,"template":"","format":"standard","meta":{"pmpro_default_level":"","footnotes":"","_members_access_role":[],"_members_access_error":""},"categories":[1,232,227],"tags":[],"class_list":["post-58526","post","type-post","status-publish","format-standard","has-post-thumbnail","hentry","category-cidade","category-eleicoes-2018","category-manchete","pmpro-has-access"],"yoast_head":"<!-- This site is optimized with the Yoast SEO plugin v28.4 - https:\/\/yoast.com\/product\/yoast-seo-wordpress\/ -->\n<title>Termina nesta quarta prazo para transferir, atualizar ou emitir t\u00edtulo de eleitor - JORNAL BEIRA RIO<\/title>\n<meta name=\"robots\" content=\"index, follow, max-snippet:-1, max-image-preview:large, max-video-preview:-1\" \/>\n<link rel=\"canonical\" href=\"https:\/\/jornalbeirario.com.br\/portal\/?p=58526\" \/>\n<meta property=\"og:locale\" content=\"pt_BR\" \/>\n<meta property=\"og:type\" content=\"article\" \/>\n<meta property=\"og:title\" content=\"Termina nesta quarta prazo para transferir, atualizar ou emitir t\u00edtulo de eleitor - JORNAL BEIRA RIO\" \/>\n<meta property=\"og:description\" content=\"Termina nesta quarta-feira, dia 9, o prazo para transferir, atualizar ou emitir o t\u00edtulo eleitoral para as elei\u00e7\u00f5es de 2018. Neste ano, a vota\u00e7\u00e3o\" \/>\n<meta property=\"og:url\" content=\"https:\/\/jornalbeirario.com.br\/portal\/?p=58526\" \/>\n<meta property=\"og:site_name\" content=\"JORNAL BEIRA RIO\" \/>\n<meta property=\"article:published_time\" content=\"2018-05-09T14:55:07+00:00\" \/>\n<meta property=\"article:modified_time\" content=\"2018-05-09T14:55:37+00:00\" \/>\n<meta property=\"og:image\" content=\"https:\/\/jornalbeirario.com.br\/portal\/wp-content\/uploads\/2018\/05\/eleitor1.jpg\" \/>\n\t<meta property=\"og:image:width\" content=\"1100\" \/>\n\t<meta property=\"og:image:height\" content=\"470\" \/>\n\t<meta property=\"og:image:type\" content=\"image\/jpeg\" \/>\n<meta name=\"author\" content=\"Jornal BEIRA-RIO\" \/>\n<meta name=\"twitter:card\" content=\"summary_large_image\" \/>\n<meta name=\"twitter:label1\" content=\"Escrito por\" \/>\n\t<meta name=\"twitter:data1\" content=\"Jornal BEIRA-RIO\" \/>\n\t<meta name=\"twitter:label2\" content=\"Est. tempo de leitura\" \/>\n\t<meta name=\"twitter:data2\" content=\"3 minutos\" \/>\n<script type=\"application\/ld+json\" class=\"yoast-schema-graph\">{\"@context\":\"https:\\\/\\\/schema.org\",\"@graph\":[{\"@type\":\"Article\",\"@id\":\"https:\\\/\\\/jornalbeirario.com.br\\\/portal\\\/?p=58526#article\",\"isPartOf\":{\"@id\":\"https:\\\/\\\/jornalbeirario.com.br\\\/portal\\\/?p=58526\"},\"author\":{\"name\":\"Jornal BEIRA-RIO\",\"@id\":\"https:\\\/\\\/jornalbeirario.com.br\\\/portal\\\/#\\\/schema\\\/person\\\/c6c423e4c2465d2a9233f6539173e7c1\"},\"headline\":\"Termina nesta quarta prazo para transferir, atualizar ou emitir t\u00edtulo de eleitor\",\"datePublished\":\"2018-05-09T14:55:07+00:00\",\"dateModified\":\"2018-05-09T14:55:37+00:00\",\"mainEntityOfPage\":{\"@id\":\"https:\\\/\\\/jornalbeirario.com.br\\\/portal\\\/?p=58526\"},\"wordCount\":574,\"commentCount\":0,\"publisher\":{\"@id\":\"https:\\\/\\\/jornalbeirario.com.br\\\/portal\\\/#organization\"},\"image\":{\"@id\":\"https:\\\/\\\/jornalbeirario.com.br\\\/portal\\\/?p=58526#primaryimage\"},\"thumbnailUrl\":\"https:\\\/\\\/jornalbeirario.com.br\\\/portal\\\/wp-content\\\/uploads\\\/2018\\\/05\\\/eleitor1.jpg\",\"articleSection\":[\"Cidade\",\"Elei\u00e7\u00f5es 2018\",\"Manchete\"],\"inLanguage\":\"pt-BR\",\"potentialAction\":[{\"@type\":\"CommentAction\",\"name\":\"Comment\",\"target\":[\"https:\\\/\\\/jornalbeirario.com.br\\\/portal\\\/?p=58526#respond\"]}]},{\"@type\":\"WebPage\",\"@id\":\"https:\\\/\\\/jornalbeirario.com.br\\\/portal\\\/?p=58526\",\"url\":\"https:\\\/\\\/jornalbeirario.com.br\\\/portal\\\/?p=58526\",\"name\":\"Termina nesta quarta prazo para transferir, atualizar ou emitir t\u00edtulo de eleitor - JORNAL BEIRA RIO\",\"isPartOf\":{\"@id\":\"https:\\\/\\\/jornalbeirario.com.br\\\/portal\\\/#website\"},\"primaryImageOfPage\":{\"@id\":\"https:\\\/\\\/jornalbeirario.com.br\\\/portal\\\/?p=58526#primaryimage\"},\"image\":{\"@id\":\"https:\\\/\\\/jornalbeirario.com.br\\\/portal\\\/?p=58526#primaryimage\"},\"thumbnailUrl\":\"https:\\\/\\\/jornalbeirario.com.br\\\/portal\\\/wp-content\\\/uploads\\\/2018\\\/05\\\/eleitor1.jpg\",\"datePublished\":\"2018-05-09T14:55:07+00:00\",\"dateModified\":\"2018-05-09T14:55:37+00:00\",\"breadcrumb\":{\"@id\":\"https:\\\/\\\/jornalbeirario.com.br\\\/portal\\\/?p=58526#breadcrumb\"},\"inLanguage\":\"pt-BR\",\"potentialAction\":[{\"@type\":\"ReadAction\",\"target\":[\"https:\\\/\\\/jornalbeirario.com.br\\\/portal\\\/?p=58526\"]}]},{\"@type\":\"ImageObject\",\"inLanguage\":\"pt-BR\",\"@id\":\"https:\\\/\\\/jornalbeirario.com.br\\\/portal\\\/?p=58526#primaryimage\",\"url\":\"https:\\\/\\\/jornalbeirario.com.br\\\/portal\\\/wp-content\\\/uploads\\\/2018\\\/05\\\/eleitor1.jpg\",\"contentUrl\":\"https:\\\/\\\/jornalbeirario.com.br\\\/portal\\\/wp-content\\\/uploads\\\/2018\\\/05\\\/eleitor1.jpg\",\"width\":1100,\"height\":470},{\"@type\":\"BreadcrumbList\",\"@id\":\"https:\\\/\\\/jornalbeirario.com.br\\\/portal\\\/?p=58526#breadcrumb\",\"itemListElement\":[{\"@type\":\"ListItem\",\"position\":1,\"name\":\"Home\",\"item\":\"https:\\\/\\\/jornalbeirario.com.br\\\/portal\"},{\"@type\":\"ListItem\",\"position\":2,\"name\":\"Termina nesta quarta prazo para transferir, atualizar ou emitir t\u00edtulo de eleitor\"}]},{\"@type\":\"WebSite\",\"@id\":\"https:\\\/\\\/jornalbeirario.com.br\\\/portal\\\/#website\",\"url\":\"https:\\\/\\\/jornalbeirario.com.br\\\/portal\\\/\",\"name\":\"JORNAL BEIRA RIO\",\"description\":\"\",\"publisher\":{\"@id\":\"https:\\\/\\\/jornalbeirario.com.br\\\/portal\\\/#organization\"},\"potentialAction\":[{\"@type\":\"SearchAction\",\"target\":{\"@type\":\"EntryPoint\",\"urlTemplate\":\"https:\\\/\\\/jornalbeirario.com.br\\\/portal\\\/?s={search_term_string}\"},\"query-input\":{\"@type\":\"PropertyValueSpecification\",\"valueRequired\":true,\"valueName\":\"search_term_string\"}}],\"inLanguage\":\"pt-BR\"},{\"@type\":\"Organization\",\"@id\":\"https:\\\/\\\/jornalbeirario.com.br\\\/portal\\\/#organization\",\"name\":\"JORNAL BEIRA RIO\",\"url\":\"https:\\\/\\\/jornalbeirario.com.br\\\/portal\\\/\",\"logo\":{\"@type\":\"ImageObject\",\"inLanguage\":\"pt-BR\",\"@id\":\"https:\\\/\\\/jornalbeirario.com.br\\\/portal\\\/#\\\/schema\\\/logo\\\/image\\\/\",\"url\":\"https:\\\/\\\/jornalbeirario.com.br\\\/portal\\\/wp-content\\\/uploads\\\/2017\\\/09\\\/BEIRA-RIO_logo600.png\",\"contentUrl\":\"https:\\\/\\\/jornalbeirario.com.br\\\/portal\\\/wp-content\\\/uploads\\\/2017\\\/09\\\/BEIRA-RIO_logo600.png\",\"width\":650,\"height\":108,\"caption\":\"JORNAL BEIRA RIO\"},\"image\":{\"@id\":\"https:\\\/\\\/jornalbeirario.com.br\\\/portal\\\/#\\\/schema\\\/logo\\\/image\\\/\"}},{\"@type\":\"Person\",\"@id\":\"https:\\\/\\\/jornalbeirario.com.br\\\/portal\\\/#\\\/schema\\\/person\\\/c6c423e4c2465d2a9233f6539173e7c1\",\"name\":\"Jornal BEIRA-RIO\",\"image\":{\"@type\":\"ImageObject\",\"inLanguage\":\"pt-BR\",\"@id\":\"https:\\\/\\\/jornalbeirario.com.br\\\/portal\\\/wp-content\\\/uploads\\\/2023\\\/10\\\/logojbr1.jpg\",\"url\":\"https:\\\/\\\/jornalbeirario.com.br\\\/portal\\\/wp-content\\\/uploads\\\/2023\\\/10\\\/logojbr1.jpg\",\"contentUrl\":\"https:\\\/\\\/jornalbeirario.com.br\\\/portal\\\/wp-content\\\/uploads\\\/2023\\\/10\\\/logojbr1.jpg\",\"caption\":\"Jornal BEIRA-RIO\"},\"url\":\"https:\\\/\\\/jornalbeirario.com.br\\\/portal\\\/?author=1\"}]}<\/script>\n<!-- \/ Yoast SEO plugin. -->","yoast_head_json":{"title":"Termina nesta quarta prazo para transferir, atualizar ou emitir t\u00edtulo de eleitor - JORNAL BEIRA RIO","robots":{"index":"index","follow":"follow","max-snippet":"max-snippet:-1","max-image-preview":"max-image-preview:large","max-video-preview":"max-video-preview:-1"},"canonical":"https:\/\/jornalbeirario.com.br\/portal\/?p=58526","og_locale":"pt_BR","og_type":"article","og_title":"Termina nesta quarta prazo para transferir, atualizar ou emitir t\u00edtulo de eleitor - JORNAL BEIRA RIO","og_description":"Termina nesta quarta-feira, dia 9, o prazo para transferir, atualizar ou emitir o t\u00edtulo eleitoral para as elei\u00e7\u00f5es de 2018. Neste ano, a vota\u00e7\u00e3o","og_url":"https:\/\/jornalbeirario.com.br\/portal\/?p=58526","og_site_name":"JORNAL BEIRA RIO","article_published_time":"2018-05-09T14:55:07+00:00","article_modified_time":"2018-05-09T14:55:37+00:00","og_image":[{"width":1100,"height":470,"url":"https:\/\/jornalbeirario.com.br\/portal\/wp-content\/uploads\/2018\/05\/eleitor1.jpg","type":"image\/jpeg"}],"author":"Jornal BEIRA-RIO","twitter_card":"summary_large_image","twitter_misc":{"Escrito por":"Jornal BEIRA-RIO","Est. tempo de leitura":"3 minutos"},"schema":{"@context":"https:\/\/schema.org","@graph":[{"@type":"Article","@id":"https:\/\/jornalbeirario.com.br\/portal\/?p=58526#article","isPartOf":{"@id":"https:\/\/jornalbeirario.com.br\/portal\/?p=58526"},"author":{"name":"Jornal BEIRA-RIO","@id":"https:\/\/jornalbeirario.com.br\/portal\/#\/schema\/person\/c6c423e4c2465d2a9233f6539173e7c1"},"headline":"Termina nesta quarta prazo para transferir, atualizar ou emitir t\u00edtulo de eleitor","datePublished":"2018-05-09T14:55:07+00:00","dateModified":"2018-05-09T14:55:37+00:00","mainEntityOfPage":{"@id":"https:\/\/jornalbeirario.com.br\/portal\/?p=58526"},"wordCount":574,"commentCount":0,"publisher":{"@id":"https:\/\/jornalbeirario.com.br\/portal\/#organization"},"image":{"@id":"https:\/\/jornalbeirario.com.br\/portal\/?p=58526#primaryimage"},"thumbnailUrl":"https:\/\/jornalbeirario.com.br\/portal\/wp-content\/uploads\/2018\/05\/eleitor1.jpg","articleSection":["Cidade","Elei\u00e7\u00f5es 2018","Manchete"],"inLanguage":"pt-BR","potentialAction":[{"@type":"CommentAction","name":"Comment","target":["https:\/\/jornalbeirario.com.br\/portal\/?p=58526#respond"]}]},{"@type":"WebPage","@id":"https:\/\/jornalbeirario.com.br\/portal\/?p=58526","url":"https:\/\/jornalbeirario.com.br\/portal\/?p=58526","name":"Termina nesta quarta prazo para transferir, atualizar ou emitir t\u00edtulo de eleitor - JORNAL BEIRA RIO","isPartOf":{"@id":"https:\/\/jornalbeirario.com.br\/portal\/#website"},"primaryImageOfPage":{"@id":"https:\/\/jornalbeirario.com.br\/portal\/?p=58526#primaryimage"},"image":{"@id":"https:\/\/jornalbeirario.com.br\/portal\/?p=58526#primaryimage"},"thumbnailUrl":"https:\/\/jornalbeirario.com.br\/portal\/wp-content\/uploads\/2018\/05\/eleitor1.jpg","datePublished":"2018-05-09T14:55:07+00:00","dateModified":"2018-05-09T14:55:37+00:00","breadcrumb":{"@id":"https:\/\/jornalbeirario.com.br\/portal\/?p=58526#breadcrumb"},"inLanguage":"pt-BR","potentialAction":[{"@type":"ReadAction","target":["https:\/\/jornalbeirario.com.br\/portal\/?p=58526"]}]},{"@type":"ImageObject","inLanguage":"pt-BR","@id":"https:\/\/jornalbeirario.com.br\/portal\/?p=58526#primaryimage","url":"https:\/\/jornalbeirario.com.br\/portal\/wp-content\/uploads\/2018\/05\/eleitor1.jpg","contentUrl":"https:\/\/jornalbeirario.com.br\/portal\/wp-content\/uploads\/2018\/05\/eleitor1.jpg","width":1100,"height":470},{"@type":"BreadcrumbList","@id":"https:\/\/jornalbeirario.com.br\/portal\/?p=58526#breadcrumb","itemListElement":[{"@type":"ListItem","position":1,"name":"Home","item":"https:\/\/jornalbeirario.com.br\/portal"},{"@type":"ListItem","position":2,"name":"Termina nesta quarta prazo para transferir, atualizar ou emitir t\u00edtulo de eleitor"}]},{"@type":"WebSite","@id":"https:\/\/jornalbeirario.com.br\/portal\/#website","url":"https:\/\/jornalbeirario.com.br\/portal\/","name":"JORNAL BEIRA RIO","description":"","publisher":{"@id":"https:\/\/jornalbeirario.com.br\/portal\/#organization"},"potentialAction":[{"@type":"SearchAction","target":{"@type":"EntryPoint","urlTemplate":"https:\/\/jornalbeirario.com.br\/portal\/?s={search_term_string}"},"query-input":{"@type":"PropertyValueSpecification","valueRequired":true,"valueName":"search_term_string"}}],"inLanguage":"pt-BR"},{"@type":"Organization","@id":"https:\/\/jornalbeirario.com.br\/portal\/#organization","name":"JORNAL BEIRA RIO","url":"https:\/\/jornalbeirario.com.br\/portal\/","logo":{"@type":"ImageObject","inLanguage":"pt-BR","@id":"https:\/\/jornalbeirario.com.br\/portal\/#\/schema\/logo\/image\/","url":"https:\/\/jornalbeirario.com.br\/portal\/wp-content\/uploads\/2017\/09\/BEIRA-RIO_logo600.png","contentUrl":"https:\/\/jornalbeirario.com.br\/portal\/wp-content\/uploads\/2017\/09\/BEIRA-RIO_logo600.png","width":650,"height":108,"caption":"JORNAL BEIRA RIO"},"image":{"@id":"https:\/\/jornalbeirario.com.br\/portal\/#\/schema\/logo\/image\/"}},{"@type":"Person","@id":"https:\/\/jornalbeirario.com.br\/portal\/#\/schema\/person\/c6c423e4c2465d2a9233f6539173e7c1","name":"Jornal BEIRA-RIO","image":{"@type":"ImageObject","inLanguage":"pt-BR","@id":"https:\/\/jornalbeirario.com.br\/portal\/wp-content\/uploads\/2023\/10\/logojbr1.jpg","url":"https:\/\/jornalbeirario.com.br\/portal\/wp-content\/uploads\/2023\/10\/logojbr1.jpg","contentUrl":"https:\/\/jornalbeirario.com.br\/portal\/wp-content\/uploads\/2023\/10\/logojbr1.jpg","caption":"Jornal BEIRA-RIO"},"url":"https:\/\/jornalbeirario.com.br\/portal\/?author=1"}]}},"_links":{"self":[{"href":"https:\/\/jornalbeirario.com.br\/portal\/index.php?rest_route=\/wp\/v2\/posts\/58526","targetHints":{"allow":["GET"]}}],"collection":[{"href":"https:\/\/jornalbeirario.com.br\/portal\/index.php?rest_route=\/wp\/v2\/posts"}],"about":[{"href":"https:\/\/jornalbeirario.com.br\/portal\/index.php?rest_route=\/wp\/v2\/types\/post"}],"author":[{"embeddable":true,"href":"https:\/\/jornalbeirario.com.br\/portal\/index.php?rest_route=\/wp\/v2\/users\/1"}],"replies":[{"embeddable":true,"href":"https:\/\/jornalbeirario.com.br\/portal\/index.php?rest_route=%2Fwp%2Fv2%2Fcomments&post=58526"}],"version-history":[{"count":2,"href":"https:\/\/jornalbeirario.com.br\/portal\/index.php?rest_route=\/wp\/v2\/posts\/58526\/revisions"}],"predecessor-version":[{"id":58529,"href":"https:\/\/jornalbeirario.com.br\/portal\/index.php?rest_route=\/wp\/v2\/posts\/58526\/revisions\/58529"}],"wp:featuredmedia":[{"embeddable":true,"href":"https:\/\/jornalbeirario.com.br\/portal\/index.php?rest_route=\/wp\/v2\/media\/58528"}],"wp:attachment":[{"href":"https:\/\/jornalbeirario.com.br\/portal\/index.php?rest_route=%2Fwp%2Fv2%2Fmedia&parent=58526"}],"wp:term":[{"taxonomy":"category","embeddable":true,"href":"https:\/\/jornalbeirario.com.br\/portal\/index.php?rest_route=%2Fwp%2Fv2%2Fcategories&post=58526"},{"taxonomy":"post_tag","embeddable":true,"href":"https:\/\/jornalbeirario.com.br\/portal\/index.php?rest_route=%2Fwp%2Fv2%2Ftags&post=58526"}],"curies":[{"name":"wp","href":"https:\/\/api.w.org\/{rel}","templated":true}]}}