
{"id":58081,"date":"2018-04-20T11:39:52","date_gmt":"2018-04-20T14:39:52","guid":{"rendered":"http:\/\/jornalbeirario.com.br\/portal\/?p=58081"},"modified":"2018-04-20T11:39:52","modified_gmt":"2018-04-20T14:39:52","slug":"preservacao-as-margens-do-rio-bananal-no-dia-da-terra","status":"publish","type":"post","link":"https:\/\/jornalbeirario.com.br\/portal\/?p=58081","title":{"rendered":"Preserva\u00e7\u00e3o \u00e0s margens do rio Bananal no Dia da Terra"},"content":{"rendered":"<p style=\"text-align: justify;\"><a href=\"https:\/\/jornalbeirario.com.br\/portal\/wp-content\/uploads\/2018\/04\/expedicao2.jpg\"><img loading=\"lazy\" decoding=\"async\" class=\"alignright size-medium wp-image-58082\" src=\"https:\/\/jornalbeirario.com.br\/portal\/wp-content\/uploads\/2018\/04\/expedicao2-300x225.jpg\" alt=\"\" width=\"300\" height=\"225\" srcset=\"https:\/\/jornalbeirario.com.br\/portal\/wp-content\/uploads\/2018\/04\/expedicao2-300x225.jpg 300w, https:\/\/jornalbeirario.com.br\/portal\/wp-content\/uploads\/2018\/04\/expedicao2.jpg 640w\" sizes=\"auto, (max-width: 300px) 100vw, 300px\" \/><\/a>No pr\u00f3ximo domingo, dia 22, a Associa\u00e7\u00e3o de Moradores e Amigos do Vale da Bocaina (Amovale), sediada em Bananal\/SP, realiza a quinta expedi\u00e7\u00e3o ao Rio Bananal. O evento &#8211; que ser\u00e1 realizado no Dia da Terra &#8211; promover\u00e1 o replantio de mudas de diferentes esp\u00e9cies de \u00e1rvores, entre elas de ing\u00e1 de metro, jenipapo, timb\u00f3, goiaba, ip\u00ea, embauba, pacov\u00e1 de macaco e grumixama \u00e0s margens do rio Bananal, que banha o munic\u00edpio-sede e tamb\u00e9m passa por munic\u00edpios como Barra Mansa.<\/p>\n<p style=\"text-align: justify;\">&#8211; S\u00e3o eventos para recomposi\u00e7\u00e3o de mata ciliar com o objetivo de proteger as margens do Rio Bananal que abastece a cidade e tamb\u00e9m o Rio Para\u00edba do Sul, evitar o assoreamento e ao mesmo tempo, conscientizamos sobre os males do desmatamento e os benef\u00edcios que nossa a\u00e7\u00e3o trar\u00e3o para o nosso futuro &#8211; revela a administradora da p\u00e1gina e respons\u00e1vel pela comunica\u00e7\u00e3o na Amovale, Luiza Almeida Monteiro.<\/p>\n<p style=\"text-align: justify;\">Ela fala dos resultados obtidos com as primeiras quatro expedi\u00e7\u00f5es. &#8220;Os resultados alcan\u00e7ados s\u00e3o \u00f3timos. Muitos que participaram das primeiras expedi\u00e7\u00f5es reconhecem a \u00e1rvore que plantaram, e o clima de alegria por estar em contato com a Natureza, nos causa muito prazer&#8221;.<\/p>\n<p style=\"text-align: justify;\">Para participar da expedi\u00e7\u00e3o, n\u00e3o \u00e9 preciso ser associado \u00e0 Amovale, de acordo com Luiza. As expedi\u00e7\u00f5es anteriores contaram com as participa\u00e7\u00f5es dos alunos de Biologia da Unifoa, de Volta Redonda; do clube de Jipeiros de Barra Mansa e Volta Redonda, dos Desbravadores Pioneiros do Vale e dos alunos das escolas da regi\u00e3o. A previs\u00e3o da Amovale \u00e9 de que mil mudas sejam plantadas nessa expedi\u00e7\u00e3o. &#8220;Quanto mais gente melhor. Ser\u00e1 uma homenagem ao Dia da Terra e contamos com a participa\u00e7\u00e3o de todos nesse dia&#8221;, espera Luiza.<\/p>\n<p style=\"text-align: justify;\">SOBRE A AMOVALE<br \/>\nA Associa\u00e7\u00e3o de Moradores e Amigos do Vale da Bocaina, conhecida como Amovale, \u00e9 uma organiza\u00e7\u00e3o de car\u00e1ter comunit\u00e1rio sem fins lucrativos, criada h\u00e1 cinco anos (em 24 de mar\u00e7o de 2013) em Bananal, no Vale do Para\u00edba Paulista, cuja \u00e1rea de atua\u00e7\u00e3o se limita ao vale do rio Bananal, numa extens\u00e3o que vai do km 1 ao km 20 da estrada da Bocaina (na rodovia SP-247).<\/p>\n<p style=\"text-align: justify;\">A Amovale tem foco na preserva\u00e7\u00e3o do meio ambiente, e tamb\u00e9m se prop\u00f5e a estimular o desenvolvimento s\u00f3cioecon\u00f4mico e cultural da comunidade onde atua. O que motivou a cria\u00e7\u00e3o da Associa\u00e7\u00e3o foi o fato das pessoas perceberem que unidas de forma institucional teriam maiores condi\u00e7\u00f5es de buscar melhorias para a comunidade atrav\u00e9s de empreendimentos diversos. Para outras informa\u00e7\u00f5es sobre o evento, o telefone da Amovale \u00e9 (12) 98213-3410.<\/p>\n<p><em>Fotos: Divulga\u00e7\u00e3o<\/em><\/p>\n","protected":false},"excerpt":{"rendered":"<p>No pr\u00f3ximo domingo, dia 22, a Associa\u00e7\u00e3o de Moradores e Amigos do Vale da Bocaina (Amovale), sediada em Bananal\/SP, realiza a quinta expedi\u00e7\u00e3o ao<\/p>\n","protected":false},"author":1,"featured_media":58083,"comment_status":"open","ping_status":"open","sticky":false,"template":"","format":"standard","meta":{"pmpro_default_level":"","footnotes":""},"categories":[27],"tags":[],"class_list":["post-58081","post","type-post","status-publish","format-standard","has-post-thumbnail","hentry","category-meioambiente","pmpro-has-access"],"yoast_head":"<!-- This site is optimized with the Yoast SEO plugin v27.4 - https:\/\/yoast.com\/product\/yoast-seo-wordpress\/ -->\n<title>Preserva\u00e7\u00e3o \u00e0s margens do rio Bananal no Dia da Terra - JORNAL BEIRA RIO<\/title>\n<meta name=\"robots\" content=\"index, follow, max-snippet:-1, max-image-preview:large, max-video-preview:-1\" \/>\n<link rel=\"canonical\" href=\"https:\/\/jornalbeirario.com.br\/portal\/?p=58081\" \/>\n<meta property=\"og:locale\" content=\"pt_BR\" \/>\n<meta property=\"og:type\" content=\"article\" \/>\n<meta property=\"og:title\" content=\"Preserva\u00e7\u00e3o \u00e0s margens do rio Bananal no Dia da Terra - JORNAL BEIRA RIO\" \/>\n<meta property=\"og:description\" content=\"No pr\u00f3ximo domingo, dia 22, a Associa\u00e7\u00e3o de Moradores e Amigos do Vale da Bocaina (Amovale), sediada em Bananal\/SP, realiza a quinta expedi\u00e7\u00e3o ao\" \/>\n<meta property=\"og:url\" content=\"https:\/\/jornalbeirario.com.br\/portal\/?p=58081\" \/>\n<meta property=\"og:site_name\" content=\"JORNAL BEIRA RIO\" \/>\n<meta property=\"article:published_time\" content=\"2018-04-20T14:39:52+00:00\" \/>\n<meta property=\"og:image\" content=\"https:\/\/jornalbeirario.com.br\/portal\/wp-content\/uploads\/2018\/04\/expedicao1.jpg\" \/>\n\t<meta property=\"og:image:width\" content=\"640\" \/>\n\t<meta property=\"og:image:height\" content=\"480\" \/>\n\t<meta property=\"og:image:type\" content=\"image\/jpeg\" \/>\n<meta name=\"author\" content=\"Jornal BEIRA-RIO\" \/>\n<meta name=\"twitter:card\" content=\"summary_large_image\" \/>\n<meta name=\"twitter:label1\" content=\"Escrito por\" \/>\n\t<meta name=\"twitter:data1\" content=\"Jornal BEIRA-RIO\" \/>\n\t<meta name=\"twitter:label2\" content=\"Est. tempo de leitura\" \/>\n\t<meta name=\"twitter:data2\" content=\"2 minutos\" \/>\n<script type=\"application\/ld+json\" class=\"yoast-schema-graph\">{\"@context\":\"https:\\\/\\\/schema.org\",\"@graph\":[{\"@type\":\"Article\",\"@id\":\"https:\\\/\\\/jornalbeirario.com.br\\\/portal\\\/?p=58081#article\",\"isPartOf\":{\"@id\":\"https:\\\/\\\/jornalbeirario.com.br\\\/portal\\\/?p=58081\"},\"author\":{\"name\":\"Jornal BEIRA-RIO\",\"@id\":\"https:\\\/\\\/jornalbeirario.com.br\\\/portal\\\/#\\\/schema\\\/person\\\/c6c423e4c2465d2a9233f6539173e7c1\"},\"headline\":\"Preserva\u00e7\u00e3o \u00e0s margens do rio Bananal no Dia da Terra\",\"datePublished\":\"2018-04-20T14:39:52+00:00\",\"mainEntityOfPage\":{\"@id\":\"https:\\\/\\\/jornalbeirario.com.br\\\/portal\\\/?p=58081\"},\"wordCount\":467,\"commentCount\":1,\"publisher\":{\"@id\":\"https:\\\/\\\/jornalbeirario.com.br\\\/portal\\\/#organization\"},\"image\":{\"@id\":\"https:\\\/\\\/jornalbeirario.com.br\\\/portal\\\/?p=58081#primaryimage\"},\"thumbnailUrl\":\"https:\\\/\\\/jornalbeirario.com.br\\\/portal\\\/wp-content\\\/uploads\\\/2018\\\/04\\\/expedicao1.jpg\",\"articleSection\":[\"Meio Ambiente\"],\"inLanguage\":\"pt-BR\",\"potentialAction\":[{\"@type\":\"CommentAction\",\"name\":\"Comment\",\"target\":[\"https:\\\/\\\/jornalbeirario.com.br\\\/portal\\\/?p=58081#respond\"]}]},{\"@type\":\"WebPage\",\"@id\":\"https:\\\/\\\/jornalbeirario.com.br\\\/portal\\\/?p=58081\",\"url\":\"https:\\\/\\\/jornalbeirario.com.br\\\/portal\\\/?p=58081\",\"name\":\"Preserva\u00e7\u00e3o \u00e0s margens do rio Bananal no Dia da Terra - JORNAL BEIRA RIO\",\"isPartOf\":{\"@id\":\"https:\\\/\\\/jornalbeirario.com.br\\\/portal\\\/#website\"},\"primaryImageOfPage\":{\"@id\":\"https:\\\/\\\/jornalbeirario.com.br\\\/portal\\\/?p=58081#primaryimage\"},\"image\":{\"@id\":\"https:\\\/\\\/jornalbeirario.com.br\\\/portal\\\/?p=58081#primaryimage\"},\"thumbnailUrl\":\"https:\\\/\\\/jornalbeirario.com.br\\\/portal\\\/wp-content\\\/uploads\\\/2018\\\/04\\\/expedicao1.jpg\",\"datePublished\":\"2018-04-20T14:39:52+00:00\",\"breadcrumb\":{\"@id\":\"https:\\\/\\\/jornalbeirario.com.br\\\/portal\\\/?p=58081#breadcrumb\"},\"inLanguage\":\"pt-BR\",\"potentialAction\":[{\"@type\":\"ReadAction\",\"target\":[\"https:\\\/\\\/jornalbeirario.com.br\\\/portal\\\/?p=58081\"]}]},{\"@type\":\"ImageObject\",\"inLanguage\":\"pt-BR\",\"@id\":\"https:\\\/\\\/jornalbeirario.com.br\\\/portal\\\/?p=58081#primaryimage\",\"url\":\"https:\\\/\\\/jornalbeirario.com.br\\\/portal\\\/wp-content\\\/uploads\\\/2018\\\/04\\\/expedicao1.jpg\",\"contentUrl\":\"https:\\\/\\\/jornalbeirario.com.br\\\/portal\\\/wp-content\\\/uploads\\\/2018\\\/04\\\/expedicao1.jpg\",\"width\":640,\"height\":480},{\"@type\":\"BreadcrumbList\",\"@id\":\"https:\\\/\\\/jornalbeirario.com.br\\\/portal\\\/?p=58081#breadcrumb\",\"itemListElement\":[{\"@type\":\"ListItem\",\"position\":1,\"name\":\"Home\",\"item\":\"https:\\\/\\\/jornalbeirario.com.br\\\/portal\"},{\"@type\":\"ListItem\",\"position\":2,\"name\":\"Preserva\u00e7\u00e3o \u00e0s margens do rio Bananal no Dia da Terra\"}]},{\"@type\":\"WebSite\",\"@id\":\"https:\\\/\\\/jornalbeirario.com.br\\\/portal\\\/#website\",\"url\":\"https:\\\/\\\/jornalbeirario.com.br\\\/portal\\\/\",\"name\":\"JORNAL BEIRA RIO\",\"description\":\"\",\"publisher\":{\"@id\":\"https:\\\/\\\/jornalbeirario.com.br\\\/portal\\\/#organization\"},\"potentialAction\":[{\"@type\":\"SearchAction\",\"target\":{\"@type\":\"EntryPoint\",\"urlTemplate\":\"https:\\\/\\\/jornalbeirario.com.br\\\/portal\\\/?s={search_term_string}\"},\"query-input\":{\"@type\":\"PropertyValueSpecification\",\"valueRequired\":true,\"valueName\":\"search_term_string\"}}],\"inLanguage\":\"pt-BR\"},{\"@type\":\"Organization\",\"@id\":\"https:\\\/\\\/jornalbeirario.com.br\\\/portal\\\/#organization\",\"name\":\"JORNAL BEIRA RIO\",\"url\":\"https:\\\/\\\/jornalbeirario.com.br\\\/portal\\\/\",\"logo\":{\"@type\":\"ImageObject\",\"inLanguage\":\"pt-BR\",\"@id\":\"https:\\\/\\\/jornalbeirario.com.br\\\/portal\\\/#\\\/schema\\\/logo\\\/image\\\/\",\"url\":\"https:\\\/\\\/jornalbeirario.com.br\\\/portal\\\/wp-content\\\/uploads\\\/2017\\\/09\\\/BEIRA-RIO_logo600.png\",\"contentUrl\":\"https:\\\/\\\/jornalbeirario.com.br\\\/portal\\\/wp-content\\\/uploads\\\/2017\\\/09\\\/BEIRA-RIO_logo600.png\",\"width\":650,\"height\":108,\"caption\":\"JORNAL BEIRA RIO\"},\"image\":{\"@id\":\"https:\\\/\\\/jornalbeirario.com.br\\\/portal\\\/#\\\/schema\\\/logo\\\/image\\\/\"}},{\"@type\":\"Person\",\"@id\":\"https:\\\/\\\/jornalbeirario.com.br\\\/portal\\\/#\\\/schema\\\/person\\\/c6c423e4c2465d2a9233f6539173e7c1\",\"name\":\"Jornal BEIRA-RIO\",\"image\":{\"@type\":\"ImageObject\",\"inLanguage\":\"pt-BR\",\"@id\":\"https:\\\/\\\/jornalbeirario.com.br\\\/portal\\\/wp-content\\\/uploads\\\/2023\\\/10\\\/logojbr1.jpg\",\"url\":\"https:\\\/\\\/jornalbeirario.com.br\\\/portal\\\/wp-content\\\/uploads\\\/2023\\\/10\\\/logojbr1.jpg\",\"contentUrl\":\"https:\\\/\\\/jornalbeirario.com.br\\\/portal\\\/wp-content\\\/uploads\\\/2023\\\/10\\\/logojbr1.jpg\",\"caption\":\"Jornal BEIRA-RIO\"},\"url\":\"https:\\\/\\\/jornalbeirario.com.br\\\/portal\\\/?author=1\"}]}<\/script>\n<!-- \/ Yoast SEO plugin. -->","yoast_head_json":{"title":"Preserva\u00e7\u00e3o \u00e0s margens do rio Bananal no Dia da Terra - JORNAL BEIRA RIO","robots":{"index":"index","follow":"follow","max-snippet":"max-snippet:-1","max-image-preview":"max-image-preview:large","max-video-preview":"max-video-preview:-1"},"canonical":"https:\/\/jornalbeirario.com.br\/portal\/?p=58081","og_locale":"pt_BR","og_type":"article","og_title":"Preserva\u00e7\u00e3o \u00e0s margens do rio Bananal no Dia da Terra - JORNAL BEIRA RIO","og_description":"No pr\u00f3ximo domingo, dia 22, a Associa\u00e7\u00e3o de Moradores e Amigos do Vale da Bocaina (Amovale), sediada em Bananal\/SP, realiza a quinta expedi\u00e7\u00e3o ao","og_url":"https:\/\/jornalbeirario.com.br\/portal\/?p=58081","og_site_name":"JORNAL BEIRA RIO","article_published_time":"2018-04-20T14:39:52+00:00","og_image":[{"width":640,"height":480,"url":"https:\/\/jornalbeirario.com.br\/portal\/wp-content\/uploads\/2018\/04\/expedicao1.jpg","type":"image\/jpeg"}],"author":"Jornal BEIRA-RIO","twitter_card":"summary_large_image","twitter_misc":{"Escrito por":"Jornal BEIRA-RIO","Est. tempo de leitura":"2 minutos"},"schema":{"@context":"https:\/\/schema.org","@graph":[{"@type":"Article","@id":"https:\/\/jornalbeirario.com.br\/portal\/?p=58081#article","isPartOf":{"@id":"https:\/\/jornalbeirario.com.br\/portal\/?p=58081"},"author":{"name":"Jornal BEIRA-RIO","@id":"https:\/\/jornalbeirario.com.br\/portal\/#\/schema\/person\/c6c423e4c2465d2a9233f6539173e7c1"},"headline":"Preserva\u00e7\u00e3o \u00e0s margens do rio Bananal no Dia da Terra","datePublished":"2018-04-20T14:39:52+00:00","mainEntityOfPage":{"@id":"https:\/\/jornalbeirario.com.br\/portal\/?p=58081"},"wordCount":467,"commentCount":1,"publisher":{"@id":"https:\/\/jornalbeirario.com.br\/portal\/#organization"},"image":{"@id":"https:\/\/jornalbeirario.com.br\/portal\/?p=58081#primaryimage"},"thumbnailUrl":"https:\/\/jornalbeirario.com.br\/portal\/wp-content\/uploads\/2018\/04\/expedicao1.jpg","articleSection":["Meio Ambiente"],"inLanguage":"pt-BR","potentialAction":[{"@type":"CommentAction","name":"Comment","target":["https:\/\/jornalbeirario.com.br\/portal\/?p=58081#respond"]}]},{"@type":"WebPage","@id":"https:\/\/jornalbeirario.com.br\/portal\/?p=58081","url":"https:\/\/jornalbeirario.com.br\/portal\/?p=58081","name":"Preserva\u00e7\u00e3o \u00e0s margens do rio Bananal no Dia da Terra - JORNAL BEIRA RIO","isPartOf":{"@id":"https:\/\/jornalbeirario.com.br\/portal\/#website"},"primaryImageOfPage":{"@id":"https:\/\/jornalbeirario.com.br\/portal\/?p=58081#primaryimage"},"image":{"@id":"https:\/\/jornalbeirario.com.br\/portal\/?p=58081#primaryimage"},"thumbnailUrl":"https:\/\/jornalbeirario.com.br\/portal\/wp-content\/uploads\/2018\/04\/expedicao1.jpg","datePublished":"2018-04-20T14:39:52+00:00","breadcrumb":{"@id":"https:\/\/jornalbeirario.com.br\/portal\/?p=58081#breadcrumb"},"inLanguage":"pt-BR","potentialAction":[{"@type":"ReadAction","target":["https:\/\/jornalbeirario.com.br\/portal\/?p=58081"]}]},{"@type":"ImageObject","inLanguage":"pt-BR","@id":"https:\/\/jornalbeirario.com.br\/portal\/?p=58081#primaryimage","url":"https:\/\/jornalbeirario.com.br\/portal\/wp-content\/uploads\/2018\/04\/expedicao1.jpg","contentUrl":"https:\/\/jornalbeirario.com.br\/portal\/wp-content\/uploads\/2018\/04\/expedicao1.jpg","width":640,"height":480},{"@type":"BreadcrumbList","@id":"https:\/\/jornalbeirario.com.br\/portal\/?p=58081#breadcrumb","itemListElement":[{"@type":"ListItem","position":1,"name":"Home","item":"https:\/\/jornalbeirario.com.br\/portal"},{"@type":"ListItem","position":2,"name":"Preserva\u00e7\u00e3o \u00e0s margens do rio Bananal no Dia da Terra"}]},{"@type":"WebSite","@id":"https:\/\/jornalbeirario.com.br\/portal\/#website","url":"https:\/\/jornalbeirario.com.br\/portal\/","name":"JORNAL BEIRA RIO","description":"","publisher":{"@id":"https:\/\/jornalbeirario.com.br\/portal\/#organization"},"potentialAction":[{"@type":"SearchAction","target":{"@type":"EntryPoint","urlTemplate":"https:\/\/jornalbeirario.com.br\/portal\/?s={search_term_string}"},"query-input":{"@type":"PropertyValueSpecification","valueRequired":true,"valueName":"search_term_string"}}],"inLanguage":"pt-BR"},{"@type":"Organization","@id":"https:\/\/jornalbeirario.com.br\/portal\/#organization","name":"JORNAL BEIRA RIO","url":"https:\/\/jornalbeirario.com.br\/portal\/","logo":{"@type":"ImageObject","inLanguage":"pt-BR","@id":"https:\/\/jornalbeirario.com.br\/portal\/#\/schema\/logo\/image\/","url":"https:\/\/jornalbeirario.com.br\/portal\/wp-content\/uploads\/2017\/09\/BEIRA-RIO_logo600.png","contentUrl":"https:\/\/jornalbeirario.com.br\/portal\/wp-content\/uploads\/2017\/09\/BEIRA-RIO_logo600.png","width":650,"height":108,"caption":"JORNAL BEIRA RIO"},"image":{"@id":"https:\/\/jornalbeirario.com.br\/portal\/#\/schema\/logo\/image\/"}},{"@type":"Person","@id":"https:\/\/jornalbeirario.com.br\/portal\/#\/schema\/person\/c6c423e4c2465d2a9233f6539173e7c1","name":"Jornal BEIRA-RIO","image":{"@type":"ImageObject","inLanguage":"pt-BR","@id":"https:\/\/jornalbeirario.com.br\/portal\/wp-content\/uploads\/2023\/10\/logojbr1.jpg","url":"https:\/\/jornalbeirario.com.br\/portal\/wp-content\/uploads\/2023\/10\/logojbr1.jpg","contentUrl":"https:\/\/jornalbeirario.com.br\/portal\/wp-content\/uploads\/2023\/10\/logojbr1.jpg","caption":"Jornal BEIRA-RIO"},"url":"https:\/\/jornalbeirario.com.br\/portal\/?author=1"}]}},"_links":{"self":[{"href":"https:\/\/jornalbeirario.com.br\/portal\/index.php?rest_route=\/wp\/v2\/posts\/58081","targetHints":{"allow":["GET"]}}],"collection":[{"href":"https:\/\/jornalbeirario.com.br\/portal\/index.php?rest_route=\/wp\/v2\/posts"}],"about":[{"href":"https:\/\/jornalbeirario.com.br\/portal\/index.php?rest_route=\/wp\/v2\/types\/post"}],"author":[{"embeddable":true,"href":"https:\/\/jornalbeirario.com.br\/portal\/index.php?rest_route=\/wp\/v2\/users\/1"}],"replies":[{"embeddable":true,"href":"https:\/\/jornalbeirario.com.br\/portal\/index.php?rest_route=%2Fwp%2Fv2%2Fcomments&post=58081"}],"version-history":[{"count":2,"href":"https:\/\/jornalbeirario.com.br\/portal\/index.php?rest_route=\/wp\/v2\/posts\/58081\/revisions"}],"predecessor-version":[{"id":58085,"href":"https:\/\/jornalbeirario.com.br\/portal\/index.php?rest_route=\/wp\/v2\/posts\/58081\/revisions\/58085"}],"wp:featuredmedia":[{"embeddable":true,"href":"https:\/\/jornalbeirario.com.br\/portal\/index.php?rest_route=\/wp\/v2\/media\/58083"}],"wp:attachment":[{"href":"https:\/\/jornalbeirario.com.br\/portal\/index.php?rest_route=%2Fwp%2Fv2%2Fmedia&parent=58081"}],"wp:term":[{"taxonomy":"category","embeddable":true,"href":"https:\/\/jornalbeirario.com.br\/portal\/index.php?rest_route=%2Fwp%2Fv2%2Fcategories&post=58081"},{"taxonomy":"post_tag","embeddable":true,"href":"https:\/\/jornalbeirario.com.br\/portal\/index.php?rest_route=%2Fwp%2Fv2%2Ftags&post=58081"}],"curies":[{"name":"wp","href":"https:\/\/api.w.org\/{rel}","templated":true}]}}