
{"id":55257,"date":"2017-12-01T10:08:44","date_gmt":"2017-12-01T13:08:44","guid":{"rendered":"http:\/\/jornalbeirario.com.br\/portal\/?p=55257"},"modified":"2017-12-01T10:08:44","modified_gmt":"2017-12-01T13:08:44","slug":"relatorio-aponta-aumento-de-infeccao-do-hiv-entre-jovens","status":"publish","type":"post","link":"https:\/\/jornalbeirario.com.br\/portal\/?p=55257","title":{"rendered":"Relat\u00f3rio aponta aumento de infec\u00e7\u00e3o do HIV entre jovens"},"content":{"rendered":"<p style=\"text-align: justify;\">Criado em 1987, o Dia Mundial de Luta contra a Aids (S\u00edndrome da Imunodefici\u00eancia Adquirida) \u00e9 lembrado nesta sexrta-feira, dia 1\u00ba, e existe para alertar a humanidade para um dos maiores problemas de sa\u00fade p\u00fablica, que j\u00e1 matou mais de 35 milh\u00f5es de pessoas, 1 milh\u00e3o delas somente em 2016.<\/p>\n<p style=\"text-align: justify;\">Segundo relat\u00f3rio da Organiza\u00e7\u00e3o Pan-Americana da Sa\u00fade (Opas) e do Programa Conjunto das Na\u00e7\u00f5es Unidas sobre HIV\/Aids (Unaids), divulgado nesta quinta-feira, dia 30, a amplia\u00e7\u00e3o do acesso a todas as op\u00e7\u00f5es de preven\u00e7\u00e3o ao HIV (V\u00edrus da Imunodefici\u00eancia Humana) poderia reduzir o n\u00famero de novos casos do v\u00edrus na Am\u00e9rica Latina e Caribe, que desde 2010 se mant\u00eam em 120 mil por ano.<\/p>\n<p style=\"text-align: justify;\">As informa\u00e7\u00f5es do relat\u00f3rio e os dados do Unaids revelam que 64% dos novos casos de HIV na Am\u00e9rica Latina ocorrem em homens gays, profissionais do sexo e seus clientes, mulheres trans, pessoas que usam drogas injet\u00e1veis e nos parceiros dessas popula\u00e7\u00f5es-chave. Outro fato que chama a aten\u00e7\u00e3o \u00e9 o aumento de infec\u00e7\u00e3o entre os jovens: um ter\u00e7o das novas infec\u00e7\u00f5es ocorre em pessoas de 15 a 24 anos.<\/p>\n<p style=\"text-align: justify;\">A Unaids avalia que para reduzir as novas infec\u00e7\u00f5es entre as popula\u00e7\u00f5es-chave \u00e9 preciso adotar a\u00e7\u00f5es de preven\u00e7\u00e3o do HIV que sejam espec\u00edficas e de alto impacto, al\u00e9m de acesso a tratamento para todos.<\/p>\n<p style=\"text-align: justify;\">Em comunicado \u00e0 imprensa, o diretor regional do Unaids para Am\u00e9rica Latina e o Caribe, C\u00e9sar N\u00fa\u00f1ez, defendeu que \u00e9 preciso tamb\u00e9m ter \u201cum compromisso inabal\u00e1vel com o respeito, a igualdade de g\u00eanero, a prote\u00e7\u00e3o e a promo\u00e7\u00e3o de direitos humanos, incluindo o direito \u00e0 sa\u00fade\u201d.<\/p>\n<p style=\"text-align: justify;\">O diretor-executivo do Unaids, Michel Sidib\u00e9, destacou a import\u00e2ncia de garantir o acesso \u00e0 sa\u00fade a todos para enfrentar a doen\u00e7a. \u201cMesmo com todos os sucessos, a Aids ainda n\u00e3o acabou. Mas, se assegurarmos que todas as pessoas, em todos os lugares, tenham acesso ao seu direito \u00e0 sa\u00fade, a Aids pode acabar\u201d, disse.<\/p>\n<p style=\"text-align: justify;\">Quase 21 milh\u00f5es de pessoas portadoras do HIV est\u00e3o em tratamento no mundo e o n\u00famero de novas infec\u00e7\u00f5es e mortes relacionadas \u00e0 Aids est\u00e1 em decl\u00ednio em v\u00e1rios pa\u00edses. Na Europa Oriental e \u00c1sia Central, no entanto, o n\u00famero de novas infec\u00e7\u00f5es aumentou 60% desde 2010 e as mortes relacionadas \u00e0 Aids cresceram 27%.<\/p>\n<p style=\"text-align: justify;\">Na \u00c1frica Ocidental e Central, duas em cada tr\u00eas pessoas est\u00e3o sem acesso ao tratamento. \u201cN\u00e3o podemos ter uma abordagem de dois pesos e duas medidas com para acabar com a epidemia de Aids\u201d, avalia Sidib\u00e9.<\/p>\n<p style=\"text-align: justify;\">O infectologista Pablo Sebastian Velho trabalha h\u00e1 dez anos com pacientes soropositivos na Secretaria de Sa\u00fade de Santa Catarina e destacou que o programa brasileiro de tratamento de HIV \u00e9 uma refer\u00eancia mundial. \u201cTemos hoje os melhores medicamentos do mundo para oferecer aos pacientes, e gratuitamente.\u201d Uma evolu\u00e7\u00e3o no tratamento brasileiro, obtida ao longo dos anos, \u00e9 a possibilidade de ser iniciado o tratamento j\u00e1 na primeira consulta.<\/p>\n<p style=\"text-align: justify;\">NEM TODO PACIENTE COM O V\u00cdRUS TEM A DOEN\u00c7A<br \/>\nO HIV \u00e9 um v\u00edrus que se espalha atrav\u00e9s de flu\u00eddos corporais e afeta c\u00e9lulas espec\u00edficas do sistema imunol\u00f3gico, conhecidas como c\u00e9lulas CD4 ou c\u00e9lulas T. Atualmente, n\u00e3o h\u00e1 cura efetiva e segura, mas o HIV pode ser controlado com medicamentos.<\/p>\n<p style=\"text-align: justify;\">Muitos n\u00e3o sabem, mas ser portador do v\u00edrus HIV e ter Aids s\u00e3o duas coisas bem diferentes. \u201cO v\u00edrus HIV \u00e9 o causador da Aids, mas isso n\u00e3o significa que todas as pessoas que t\u00eam o v\u00edrus v\u00e3o desenvolver a Aids. E isso se deve, e muito, aos medicamentos que temos dispon\u00edveis no pa\u00eds\u201d, disse o especialista Pablo Velho.<\/p>\n<p style=\"text-align: justify;\">O infectologista explica que a \u00fanica maneira de evitar que a Aids se desenvolva \u00e9 fazer o tratamento adequado. \u201cSe nada for feito para interromper o processo de evolu\u00e7\u00e3o natural da doen\u00e7a, ela vai chegar. Em alguns indiv\u00edduos isso acontece de forma muito r\u00e1pida, e eles podem desenvolver a Aids em at\u00e9 dois anos ap\u00f3s o cont\u00e1gio. Na outra ponta, h\u00e1 algumas pessoas que podem levar mais de dez anos. Na m\u00e9dia, s\u00e3o sete anos, mas n\u00e3o se pode confiar nisso porque varia de pessoa para pessoa e n\u00e3o faz sentido esperar a pessoa ficar mal para come\u00e7ar o tratamento\u201d, explicou.<\/p>\n<p style=\"text-align: justify;\">O tratamento pode deixar o paciente com uma carga viral indetect\u00e1vel e, assim, o v\u00edrus se torna intransmiss\u00edvel na rela\u00e7\u00e3o sexual, desde que n\u00e3o existam outros fatores que aumentam o risco de transmiss\u00e3o, como, por exemplo, ter s\u00edfilis, o que causa les\u00f5es que aumentam o risco de contamina\u00e7\u00e3o.<\/p>\n<p style=\"text-align: justify;\"><em>Foto: Shutterstock\/Michael Jung<br \/>\n<\/em><\/p>\n<p style=\"text-align: justify;\"><em>Fonte: Ag\u00eancia Brasil<\/em><\/p>\n","protected":false},"excerpt":{"rendered":"<p>Criado em 1987, o Dia Mundial de Luta contra a Aids (S\u00edndrome da Imunodefici\u00eancia Adquirida) \u00e9 lembrado nesta sexrta-feira, dia 1\u00ba, e existe para<\/p>\n","protected":false},"author":1,"featured_media":55261,"comment_status":"open","ping_status":"open","sticky":false,"template":"","format":"standard","meta":{"pmpro_default_level":"","footnotes":""},"categories":[227,18],"tags":[155,153],"class_list":["post-55257","post","type-post","status-publish","format-standard","has-post-thumbnail","hentry","category-manchete","category-saude","tag-dehoraemhora","tag-manchete","pmpro-has-access"],"yoast_head":"<!-- This site is optimized with the Yoast SEO plugin v27.4 - https:\/\/yoast.com\/product\/yoast-seo-wordpress\/ -->\n<title>Relat\u00f3rio aponta aumento de infec\u00e7\u00e3o do HIV entre jovens - JORNAL BEIRA RIO<\/title>\n<meta name=\"robots\" content=\"index, follow, max-snippet:-1, max-image-preview:large, max-video-preview:-1\" \/>\n<link rel=\"canonical\" href=\"https:\/\/jornalbeirario.com.br\/portal\/?p=55257\" \/>\n<meta property=\"og:locale\" content=\"pt_BR\" \/>\n<meta property=\"og:type\" content=\"article\" \/>\n<meta property=\"og:title\" content=\"Relat\u00f3rio aponta aumento de infec\u00e7\u00e3o do HIV entre jovens - JORNAL BEIRA RIO\" \/>\n<meta property=\"og:description\" content=\"Criado em 1987, o Dia Mundial de Luta contra a Aids (S\u00edndrome da Imunodefici\u00eancia Adquirida) \u00e9 lembrado nesta sexrta-feira, dia 1\u00ba, e existe para\" \/>\n<meta property=\"og:url\" content=\"https:\/\/jornalbeirario.com.br\/portal\/?p=55257\" \/>\n<meta property=\"og:site_name\" content=\"JORNAL BEIRA RIO\" \/>\n<meta property=\"article:published_time\" content=\"2017-12-01T13:08:44+00:00\" \/>\n<meta property=\"og:image\" content=\"http:\/\/jornalbeirario.com.br\/portal\/wp-content\/uploads\/2017\/12\/lutaaids3.png\" \/>\n<meta name=\"author\" content=\"Jornal BEIRA-RIO\" \/>\n<meta name=\"twitter:card\" content=\"summary_large_image\" \/>\n<meta name=\"twitter:label1\" content=\"Escrito por\" \/>\n\t<meta name=\"twitter:data1\" content=\"Jornal BEIRA-RIO\" \/>\n\t<meta name=\"twitter:label2\" content=\"Est. tempo de leitura\" \/>\n\t<meta name=\"twitter:data2\" content=\"4 minutos\" \/>\n<script type=\"application\/ld+json\" class=\"yoast-schema-graph\">{\"@context\":\"https:\\\/\\\/schema.org\",\"@graph\":[{\"@type\":\"Article\",\"@id\":\"https:\\\/\\\/jornalbeirario.com.br\\\/portal\\\/?p=55257#article\",\"isPartOf\":{\"@id\":\"https:\\\/\\\/jornalbeirario.com.br\\\/portal\\\/?p=55257\"},\"author\":{\"name\":\"Jornal BEIRA-RIO\",\"@id\":\"https:\\\/\\\/jornalbeirario.com.br\\\/portal\\\/#\\\/schema\\\/person\\\/c6c423e4c2465d2a9233f6539173e7c1\"},\"headline\":\"Relat\u00f3rio aponta aumento de infec\u00e7\u00e3o do HIV entre jovens\",\"datePublished\":\"2017-12-01T13:08:44+00:00\",\"mainEntityOfPage\":{\"@id\":\"https:\\\/\\\/jornalbeirario.com.br\\\/portal\\\/?p=55257\"},\"wordCount\":827,\"commentCount\":0,\"publisher\":{\"@id\":\"https:\\\/\\\/jornalbeirario.com.br\\\/portal\\\/#organization\"},\"image\":{\"@id\":\"https:\\\/\\\/jornalbeirario.com.br\\\/portal\\\/?p=55257#primaryimage\"},\"thumbnailUrl\":\"https:\\\/\\\/jornalbeirario.com.br\\\/portal\\\/wp-content\\\/uploads\\\/2017\\\/12\\\/lutaaids1.jpg\",\"keywords\":[\"dehoraemhora\",\"manchete\"],\"articleSection\":[\"Manchete\",\"Sa\u00fade\"],\"inLanguage\":\"pt-BR\",\"potentialAction\":[{\"@type\":\"CommentAction\",\"name\":\"Comment\",\"target\":[\"https:\\\/\\\/jornalbeirario.com.br\\\/portal\\\/?p=55257#respond\"]}]},{\"@type\":\"WebPage\",\"@id\":\"https:\\\/\\\/jornalbeirario.com.br\\\/portal\\\/?p=55257\",\"url\":\"https:\\\/\\\/jornalbeirario.com.br\\\/portal\\\/?p=55257\",\"name\":\"Relat\u00f3rio aponta aumento de infec\u00e7\u00e3o do HIV entre jovens - JORNAL BEIRA RIO\",\"isPartOf\":{\"@id\":\"https:\\\/\\\/jornalbeirario.com.br\\\/portal\\\/#website\"},\"primaryImageOfPage\":{\"@id\":\"https:\\\/\\\/jornalbeirario.com.br\\\/portal\\\/?p=55257#primaryimage\"},\"image\":{\"@id\":\"https:\\\/\\\/jornalbeirario.com.br\\\/portal\\\/?p=55257#primaryimage\"},\"thumbnailUrl\":\"https:\\\/\\\/jornalbeirario.com.br\\\/portal\\\/wp-content\\\/uploads\\\/2017\\\/12\\\/lutaaids1.jpg\",\"datePublished\":\"2017-12-01T13:08:44+00:00\",\"breadcrumb\":{\"@id\":\"https:\\\/\\\/jornalbeirario.com.br\\\/portal\\\/?p=55257#breadcrumb\"},\"inLanguage\":\"pt-BR\",\"potentialAction\":[{\"@type\":\"ReadAction\",\"target\":[\"https:\\\/\\\/jornalbeirario.com.br\\\/portal\\\/?p=55257\"]}]},{\"@type\":\"ImageObject\",\"inLanguage\":\"pt-BR\",\"@id\":\"https:\\\/\\\/jornalbeirario.com.br\\\/portal\\\/?p=55257#primaryimage\",\"url\":\"https:\\\/\\\/jornalbeirario.com.br\\\/portal\\\/wp-content\\\/uploads\\\/2017\\\/12\\\/lutaaids1.jpg\",\"contentUrl\":\"https:\\\/\\\/jornalbeirario.com.br\\\/portal\\\/wp-content\\\/uploads\\\/2017\\\/12\\\/lutaaids1.jpg\",\"width\":1099,\"height\":470},{\"@type\":\"BreadcrumbList\",\"@id\":\"https:\\\/\\\/jornalbeirario.com.br\\\/portal\\\/?p=55257#breadcrumb\",\"itemListElement\":[{\"@type\":\"ListItem\",\"position\":1,\"name\":\"Home\",\"item\":\"https:\\\/\\\/jornalbeirario.com.br\\\/portal\"},{\"@type\":\"ListItem\",\"position\":2,\"name\":\"Relat\u00f3rio aponta aumento de infec\u00e7\u00e3o do HIV entre jovens\"}]},{\"@type\":\"WebSite\",\"@id\":\"https:\\\/\\\/jornalbeirario.com.br\\\/portal\\\/#website\",\"url\":\"https:\\\/\\\/jornalbeirario.com.br\\\/portal\\\/\",\"name\":\"JORNAL BEIRA RIO\",\"description\":\"\",\"publisher\":{\"@id\":\"https:\\\/\\\/jornalbeirario.com.br\\\/portal\\\/#organization\"},\"potentialAction\":[{\"@type\":\"SearchAction\",\"target\":{\"@type\":\"EntryPoint\",\"urlTemplate\":\"https:\\\/\\\/jornalbeirario.com.br\\\/portal\\\/?s={search_term_string}\"},\"query-input\":{\"@type\":\"PropertyValueSpecification\",\"valueRequired\":true,\"valueName\":\"search_term_string\"}}],\"inLanguage\":\"pt-BR\"},{\"@type\":\"Organization\",\"@id\":\"https:\\\/\\\/jornalbeirario.com.br\\\/portal\\\/#organization\",\"name\":\"JORNAL BEIRA RIO\",\"url\":\"https:\\\/\\\/jornalbeirario.com.br\\\/portal\\\/\",\"logo\":{\"@type\":\"ImageObject\",\"inLanguage\":\"pt-BR\",\"@id\":\"https:\\\/\\\/jornalbeirario.com.br\\\/portal\\\/#\\\/schema\\\/logo\\\/image\\\/\",\"url\":\"https:\\\/\\\/jornalbeirario.com.br\\\/portal\\\/wp-content\\\/uploads\\\/2017\\\/09\\\/BEIRA-RIO_logo600.png\",\"contentUrl\":\"https:\\\/\\\/jornalbeirario.com.br\\\/portal\\\/wp-content\\\/uploads\\\/2017\\\/09\\\/BEIRA-RIO_logo600.png\",\"width\":650,\"height\":108,\"caption\":\"JORNAL BEIRA RIO\"},\"image\":{\"@id\":\"https:\\\/\\\/jornalbeirario.com.br\\\/portal\\\/#\\\/schema\\\/logo\\\/image\\\/\"}},{\"@type\":\"Person\",\"@id\":\"https:\\\/\\\/jornalbeirario.com.br\\\/portal\\\/#\\\/schema\\\/person\\\/c6c423e4c2465d2a9233f6539173e7c1\",\"name\":\"Jornal BEIRA-RIO\",\"image\":{\"@type\":\"ImageObject\",\"inLanguage\":\"pt-BR\",\"@id\":\"https:\\\/\\\/jornalbeirario.com.br\\\/portal\\\/wp-content\\\/uploads\\\/2023\\\/10\\\/logojbr1.jpg\",\"url\":\"https:\\\/\\\/jornalbeirario.com.br\\\/portal\\\/wp-content\\\/uploads\\\/2023\\\/10\\\/logojbr1.jpg\",\"contentUrl\":\"https:\\\/\\\/jornalbeirario.com.br\\\/portal\\\/wp-content\\\/uploads\\\/2023\\\/10\\\/logojbr1.jpg\",\"caption\":\"Jornal BEIRA-RIO\"},\"url\":\"https:\\\/\\\/jornalbeirario.com.br\\\/portal\\\/?author=1\"}]}<\/script>\n<!-- \/ Yoast SEO plugin. -->","yoast_head_json":{"title":"Relat\u00f3rio aponta aumento de infec\u00e7\u00e3o do HIV entre jovens - JORNAL BEIRA RIO","robots":{"index":"index","follow":"follow","max-snippet":"max-snippet:-1","max-image-preview":"max-image-preview:large","max-video-preview":"max-video-preview:-1"},"canonical":"https:\/\/jornalbeirario.com.br\/portal\/?p=55257","og_locale":"pt_BR","og_type":"article","og_title":"Relat\u00f3rio aponta aumento de infec\u00e7\u00e3o do HIV entre jovens - JORNAL BEIRA RIO","og_description":"Criado em 1987, o Dia Mundial de Luta contra a Aids (S\u00edndrome da Imunodefici\u00eancia Adquirida) \u00e9 lembrado nesta sexrta-feira, dia 1\u00ba, e existe para","og_url":"https:\/\/jornalbeirario.com.br\/portal\/?p=55257","og_site_name":"JORNAL BEIRA RIO","article_published_time":"2017-12-01T13:08:44+00:00","og_image":[{"url":"http:\/\/jornalbeirario.com.br\/portal\/wp-content\/uploads\/2017\/12\/lutaaids3.png","type":"","width":"","height":""}],"author":"Jornal BEIRA-RIO","twitter_card":"summary_large_image","twitter_misc":{"Escrito por":"Jornal BEIRA-RIO","Est. tempo de leitura":"4 minutos"},"schema":{"@context":"https:\/\/schema.org","@graph":[{"@type":"Article","@id":"https:\/\/jornalbeirario.com.br\/portal\/?p=55257#article","isPartOf":{"@id":"https:\/\/jornalbeirario.com.br\/portal\/?p=55257"},"author":{"name":"Jornal BEIRA-RIO","@id":"https:\/\/jornalbeirario.com.br\/portal\/#\/schema\/person\/c6c423e4c2465d2a9233f6539173e7c1"},"headline":"Relat\u00f3rio aponta aumento de infec\u00e7\u00e3o do HIV entre jovens","datePublished":"2017-12-01T13:08:44+00:00","mainEntityOfPage":{"@id":"https:\/\/jornalbeirario.com.br\/portal\/?p=55257"},"wordCount":827,"commentCount":0,"publisher":{"@id":"https:\/\/jornalbeirario.com.br\/portal\/#organization"},"image":{"@id":"https:\/\/jornalbeirario.com.br\/portal\/?p=55257#primaryimage"},"thumbnailUrl":"https:\/\/jornalbeirario.com.br\/portal\/wp-content\/uploads\/2017\/12\/lutaaids1.jpg","keywords":["dehoraemhora","manchete"],"articleSection":["Manchete","Sa\u00fade"],"inLanguage":"pt-BR","potentialAction":[{"@type":"CommentAction","name":"Comment","target":["https:\/\/jornalbeirario.com.br\/portal\/?p=55257#respond"]}]},{"@type":"WebPage","@id":"https:\/\/jornalbeirario.com.br\/portal\/?p=55257","url":"https:\/\/jornalbeirario.com.br\/portal\/?p=55257","name":"Relat\u00f3rio aponta aumento de infec\u00e7\u00e3o do HIV entre jovens - JORNAL BEIRA RIO","isPartOf":{"@id":"https:\/\/jornalbeirario.com.br\/portal\/#website"},"primaryImageOfPage":{"@id":"https:\/\/jornalbeirario.com.br\/portal\/?p=55257#primaryimage"},"image":{"@id":"https:\/\/jornalbeirario.com.br\/portal\/?p=55257#primaryimage"},"thumbnailUrl":"https:\/\/jornalbeirario.com.br\/portal\/wp-content\/uploads\/2017\/12\/lutaaids1.jpg","datePublished":"2017-12-01T13:08:44+00:00","breadcrumb":{"@id":"https:\/\/jornalbeirario.com.br\/portal\/?p=55257#breadcrumb"},"inLanguage":"pt-BR","potentialAction":[{"@type":"ReadAction","target":["https:\/\/jornalbeirario.com.br\/portal\/?p=55257"]}]},{"@type":"ImageObject","inLanguage":"pt-BR","@id":"https:\/\/jornalbeirario.com.br\/portal\/?p=55257#primaryimage","url":"https:\/\/jornalbeirario.com.br\/portal\/wp-content\/uploads\/2017\/12\/lutaaids1.jpg","contentUrl":"https:\/\/jornalbeirario.com.br\/portal\/wp-content\/uploads\/2017\/12\/lutaaids1.jpg","width":1099,"height":470},{"@type":"BreadcrumbList","@id":"https:\/\/jornalbeirario.com.br\/portal\/?p=55257#breadcrumb","itemListElement":[{"@type":"ListItem","position":1,"name":"Home","item":"https:\/\/jornalbeirario.com.br\/portal"},{"@type":"ListItem","position":2,"name":"Relat\u00f3rio aponta aumento de infec\u00e7\u00e3o do HIV entre jovens"}]},{"@type":"WebSite","@id":"https:\/\/jornalbeirario.com.br\/portal\/#website","url":"https:\/\/jornalbeirario.com.br\/portal\/","name":"JORNAL BEIRA RIO","description":"","publisher":{"@id":"https:\/\/jornalbeirario.com.br\/portal\/#organization"},"potentialAction":[{"@type":"SearchAction","target":{"@type":"EntryPoint","urlTemplate":"https:\/\/jornalbeirario.com.br\/portal\/?s={search_term_string}"},"query-input":{"@type":"PropertyValueSpecification","valueRequired":true,"valueName":"search_term_string"}}],"inLanguage":"pt-BR"},{"@type":"Organization","@id":"https:\/\/jornalbeirario.com.br\/portal\/#organization","name":"JORNAL BEIRA RIO","url":"https:\/\/jornalbeirario.com.br\/portal\/","logo":{"@type":"ImageObject","inLanguage":"pt-BR","@id":"https:\/\/jornalbeirario.com.br\/portal\/#\/schema\/logo\/image\/","url":"https:\/\/jornalbeirario.com.br\/portal\/wp-content\/uploads\/2017\/09\/BEIRA-RIO_logo600.png","contentUrl":"https:\/\/jornalbeirario.com.br\/portal\/wp-content\/uploads\/2017\/09\/BEIRA-RIO_logo600.png","width":650,"height":108,"caption":"JORNAL BEIRA RIO"},"image":{"@id":"https:\/\/jornalbeirario.com.br\/portal\/#\/schema\/logo\/image\/"}},{"@type":"Person","@id":"https:\/\/jornalbeirario.com.br\/portal\/#\/schema\/person\/c6c423e4c2465d2a9233f6539173e7c1","name":"Jornal BEIRA-RIO","image":{"@type":"ImageObject","inLanguage":"pt-BR","@id":"https:\/\/jornalbeirario.com.br\/portal\/wp-content\/uploads\/2023\/10\/logojbr1.jpg","url":"https:\/\/jornalbeirario.com.br\/portal\/wp-content\/uploads\/2023\/10\/logojbr1.jpg","contentUrl":"https:\/\/jornalbeirario.com.br\/portal\/wp-content\/uploads\/2023\/10\/logojbr1.jpg","caption":"Jornal BEIRA-RIO"},"url":"https:\/\/jornalbeirario.com.br\/portal\/?author=1"}]}},"_links":{"self":[{"href":"https:\/\/jornalbeirario.com.br\/portal\/index.php?rest_route=\/wp\/v2\/posts\/55257","targetHints":{"allow":["GET"]}}],"collection":[{"href":"https:\/\/jornalbeirario.com.br\/portal\/index.php?rest_route=\/wp\/v2\/posts"}],"about":[{"href":"https:\/\/jornalbeirario.com.br\/portal\/index.php?rest_route=\/wp\/v2\/types\/post"}],"author":[{"embeddable":true,"href":"https:\/\/jornalbeirario.com.br\/portal\/index.php?rest_route=\/wp\/v2\/users\/1"}],"replies":[{"embeddable":true,"href":"https:\/\/jornalbeirario.com.br\/portal\/index.php?rest_route=%2Fwp%2Fv2%2Fcomments&post=55257"}],"version-history":[{"count":4,"href":"https:\/\/jornalbeirario.com.br\/portal\/index.php?rest_route=\/wp\/v2\/posts\/55257\/revisions"}],"predecessor-version":[{"id":55263,"href":"https:\/\/jornalbeirario.com.br\/portal\/index.php?rest_route=\/wp\/v2\/posts\/55257\/revisions\/55263"}],"wp:featuredmedia":[{"embeddable":true,"href":"https:\/\/jornalbeirario.com.br\/portal\/index.php?rest_route=\/wp\/v2\/media\/55261"}],"wp:attachment":[{"href":"https:\/\/jornalbeirario.com.br\/portal\/index.php?rest_route=%2Fwp%2Fv2%2Fmedia&parent=55257"}],"wp:term":[{"taxonomy":"category","embeddable":true,"href":"https:\/\/jornalbeirario.com.br\/portal\/index.php?rest_route=%2Fwp%2Fv2%2Fcategories&post=55257"},{"taxonomy":"post_tag","embeddable":true,"href":"https:\/\/jornalbeirario.com.br\/portal\/index.php?rest_route=%2Fwp%2Fv2%2Ftags&post=55257"}],"curies":[{"name":"wp","href":"https:\/\/api.w.org\/{rel}","templated":true}]}}