
{"id":55052,"date":"2017-11-21T15:37:06","date_gmt":"2017-11-21T18:37:06","guid":{"rendered":"http:\/\/jornalbeirario.com.br\/portal\/?p=55052"},"modified":"2017-11-21T15:37:06","modified_gmt":"2017-11-21T18:37:06","slug":"reviravolta-trf-2-pede-nova-prisao-de-deputados-da-alerj","status":"publish","type":"post","link":"https:\/\/jornalbeirario.com.br\/portal\/?p=55052","title":{"rendered":"Reviravolta: TRF-2 pede nova pris\u00e3o de deputados da Alerj"},"content":{"rendered":"<p style=\"text-align: justify;\"><a href=\"https:\/\/jornalbeirario.com.br\/portal\/wp-content\/uploads\/2017\/11\/deputadosalerj1.jpg\"><img loading=\"lazy\" decoding=\"async\" class=\"alignleft size-medium wp-image-54962\" src=\"https:\/\/jornalbeirario.com.br\/portal\/wp-content\/uploads\/2017\/11\/deputadosalerj1-300x128.jpg\" alt=\"\" width=\"300\" height=\"128\" srcset=\"https:\/\/jornalbeirario.com.br\/portal\/wp-content\/uploads\/2017\/11\/deputadosalerj1-300x128.jpg 300w, https:\/\/jornalbeirario.com.br\/portal\/wp-content\/uploads\/2017\/11\/deputadosalerj1-768x328.jpg 768w, https:\/\/jornalbeirario.com.br\/portal\/wp-content\/uploads\/2017\/11\/deputadosalerj1-1024x438.jpg 1024w, https:\/\/jornalbeirario.com.br\/portal\/wp-content\/uploads\/2017\/11\/deputadosalerj1.jpg 1100w\" sizes=\"auto, (max-width: 300px) 100vw, 300px\" \/><\/a>O Tribunal Regional Federal da 2a Regi\u00e3o (TRF2) determinou novamente ordem de pris\u00e3o e afastamento do cargo para os deputados estaduais Paulo Melo, Edson Albertassi e Jorge Picciani, todos do PMDB. Em sess\u00e3o extraordin\u00e1ria nesta ter\u00e7a-feira, dia 21, os desembargadores da 1\u00aa Se\u00e7\u00e3o acompanharam, por unanimidade, o voto do relator, desembargador Abel Gomes.<\/p>\n<p style=\"text-align: justify;\">O relator considerou que a Assembleia Legislativa do Rio de Janeiro (Alerj) &#8220;extrapolou suas atribui\u00e7\u00f5es constitucionais&#8221;, ao ordenar a liberta\u00e7\u00e3o dos tr\u00eas parlamentares ap\u00f3s vota\u00e7\u00e3o na \u00faltima sexta-feira, dia 17, sem sequer comunicar o TRF2 da decis\u00e3o.<\/p>\n<p style=\"text-align: justify;\">Outro ponto criticado pelos magistrados foi o impedimento de entrada na Alerj, durante a vota\u00e7\u00e3o, de uma oficial de Justi\u00e7a que trazia liminar obrigando a abertura das galerias da Casa a manifestantes.<\/p>\n<p style=\"text-align: justify;\">Abel Gomes tamb\u00e9m defendeu que se oficie ao presidente do TRF2, desembargador Andr\u00e9 Fontes, caso a ordem n\u00e3o seja cumprida, um requerimento de encaminhamento ao Supremo Tribunal Federal (STF) de pedido de interven\u00e7\u00e3o federal no estado do Rio de Janeiro. Votaram com o relator os desembargadores Messod Azulay, Paulo Esp\u00edrito Santo, Simone Schreiber e Marcelo Granado. O presidente da 1\u00aa Se\u00e7\u00e3o, desembargador Ivan Athi\u00e9, n\u00e3o votou.<\/p>\n<p style=\"text-align: justify;\">RELEMBRE O CASO<br \/>\nPicciani, Melo e Albertassi <a href=\"https:\/\/jornalbeirario.com.br\/portal\/?p=54957\">ficaram presos cerca de 24 horas ap\u00f3s receberem ordem de pris\u00e3o preventiva do TRF2<\/a>, e s\u00e3o investigados na Opera\u00e7\u00e3o Cadeia Velha, por recebimento de propinas de empresas de \u00f4nibus, tendo cada um deles, individualmente, se apresentado para a Pol\u00edcia Federal no final da tarde de quinta-feira, dia 16, e foram soltos no final da tarde do dia seguinte, ap\u00f3s a decis\u00e3o da Assembl\u00e9ia Legislativa do Rio de Janeiro.<\/p>\n<p style=\"text-align: justify;\">Ap\u00f3s a vota\u00e7\u00e3o da Alerj, o TRF2 determinou o bloqueio de R$ 270 milh\u00f5es, em dinheiro e bens, equivalente ao que teriam recebido para favorecer as empresas. Os tr\u00eas parlamentares entraram com pedido de licen\u00e7a at\u00e9 fevereiro. Os advogados dos deputados n\u00e3o tiveram a palavra para fazer sustenta\u00e7\u00e3o oral.<\/p>\n<p style=\"text-align: justify;\">O advogado N\u00e9lio Machado, que defende Picciani, considerou a decis\u00e3o do TRF2 &#8220;ilegal, inconstitucional e infeliz&#8221;. Ele disse que ir\u00e1 recorrer \u00e0 inst\u00e2ncia superior. As demais defesas sa\u00edram da sess\u00e3o do TRF2 sem falar com a imprensa.<\/p>\n<p style=\"text-align: justify;\">A vota\u00e7\u00e3o da Alerj chegou a gerar insatisfa\u00e7\u00e3o em institui\u00e7\u00f5es como a Diocese de Barra do Pira\u00ed-Volta Redonda, que <a href=\"https:\/\/jornalbeirario.com.br\/portal\/?p=55018\">emitiu uma nota de rep\u00fadio contra a soltura dos parlamentares<\/a>.<\/p>\n<p><em>Fotos: Arquivo<\/em><\/p>\n<p style=\"text-align: justify;\"><em>Fonte: Ag\u00eancia Brasil<\/em><\/p>\n","protected":false},"excerpt":{"rendered":"<p>O Tribunal Regional Federal da 2a Regi\u00e3o (TRF2) determinou novamente ordem de pris\u00e3o e afastamento do cargo para os deputados estaduais Paulo Melo, Edson<\/p>\n","protected":false},"author":1,"featured_media":54962,"comment_status":"open","ping_status":"open","sticky":false,"template":"","format":"standard","meta":{"pmpro_default_level":"","footnotes":""},"categories":[227,11],"tags":[155,153],"class_list":["post-55052","post","type-post","status-publish","format-standard","has-post-thumbnail","hentry","category-manchete","category-politica","tag-dehoraemhora","tag-manchete","pmpro-has-access"],"yoast_head":"<!-- This site is optimized with the Yoast SEO plugin v27.4 - https:\/\/yoast.com\/product\/yoast-seo-wordpress\/ -->\n<title>Reviravolta: TRF-2 pede nova pris\u00e3o de deputados da Alerj - JORNAL BEIRA RIO<\/title>\n<meta name=\"robots\" content=\"index, follow, max-snippet:-1, max-image-preview:large, max-video-preview:-1\" \/>\n<link rel=\"canonical\" href=\"https:\/\/jornalbeirario.com.br\/portal\/?p=55052\" \/>\n<meta property=\"og:locale\" content=\"pt_BR\" \/>\n<meta property=\"og:type\" content=\"article\" \/>\n<meta property=\"og:title\" content=\"Reviravolta: TRF-2 pede nova pris\u00e3o de deputados da Alerj - JORNAL BEIRA RIO\" \/>\n<meta property=\"og:description\" content=\"O Tribunal Regional Federal da 2a Regi\u00e3o (TRF2) determinou novamente ordem de pris\u00e3o e afastamento do cargo para os deputados estaduais Paulo Melo, Edson\" \/>\n<meta property=\"og:url\" content=\"https:\/\/jornalbeirario.com.br\/portal\/?p=55052\" \/>\n<meta property=\"og:site_name\" content=\"JORNAL BEIRA RIO\" \/>\n<meta property=\"article:published_time\" content=\"2017-11-21T18:37:06+00:00\" \/>\n<meta property=\"og:image\" content=\"http:\/\/jornalbeirario.com.br\/portal\/wp-content\/uploads\/2017\/11\/deputadosalerj2.png\" \/>\n<meta name=\"author\" content=\"Jornal BEIRA-RIO\" \/>\n<meta name=\"twitter:card\" content=\"summary_large_image\" \/>\n<meta name=\"twitter:label1\" content=\"Escrito por\" \/>\n\t<meta name=\"twitter:data1\" content=\"Jornal BEIRA-RIO\" \/>\n\t<meta name=\"twitter:label2\" content=\"Est. tempo de leitura\" \/>\n\t<meta name=\"twitter:data2\" content=\"2 minutos\" \/>\n<script type=\"application\/ld+json\" class=\"yoast-schema-graph\">{\"@context\":\"https:\\\/\\\/schema.org\",\"@graph\":[{\"@type\":\"Article\",\"@id\":\"https:\\\/\\\/jornalbeirario.com.br\\\/portal\\\/?p=55052#article\",\"isPartOf\":{\"@id\":\"https:\\\/\\\/jornalbeirario.com.br\\\/portal\\\/?p=55052\"},\"author\":{\"name\":\"Jornal BEIRA-RIO\",\"@id\":\"https:\\\/\\\/jornalbeirario.com.br\\\/portal\\\/#\\\/schema\\\/person\\\/c6c423e4c2465d2a9233f6539173e7c1\"},\"headline\":\"Reviravolta: TRF-2 pede nova pris\u00e3o de deputados da Alerj\",\"datePublished\":\"2017-11-21T18:37:06+00:00\",\"mainEntityOfPage\":{\"@id\":\"https:\\\/\\\/jornalbeirario.com.br\\\/portal\\\/?p=55052\"},\"wordCount\":431,\"commentCount\":0,\"publisher\":{\"@id\":\"https:\\\/\\\/jornalbeirario.com.br\\\/portal\\\/#organization\"},\"image\":{\"@id\":\"https:\\\/\\\/jornalbeirario.com.br\\\/portal\\\/?p=55052#primaryimage\"},\"thumbnailUrl\":\"https:\\\/\\\/jornalbeirario.com.br\\\/portal\\\/wp-content\\\/uploads\\\/2017\\\/11\\\/deputadosalerj1.jpg\",\"keywords\":[\"dehoraemhora\",\"manchete\"],\"articleSection\":[\"Manchete\",\"Pol\u00edtica\"],\"inLanguage\":\"pt-BR\",\"potentialAction\":[{\"@type\":\"CommentAction\",\"name\":\"Comment\",\"target\":[\"https:\\\/\\\/jornalbeirario.com.br\\\/portal\\\/?p=55052#respond\"]}]},{\"@type\":\"WebPage\",\"@id\":\"https:\\\/\\\/jornalbeirario.com.br\\\/portal\\\/?p=55052\",\"url\":\"https:\\\/\\\/jornalbeirario.com.br\\\/portal\\\/?p=55052\",\"name\":\"Reviravolta: TRF-2 pede nova pris\u00e3o de deputados da Alerj - JORNAL BEIRA RIO\",\"isPartOf\":{\"@id\":\"https:\\\/\\\/jornalbeirario.com.br\\\/portal\\\/#website\"},\"primaryImageOfPage\":{\"@id\":\"https:\\\/\\\/jornalbeirario.com.br\\\/portal\\\/?p=55052#primaryimage\"},\"image\":{\"@id\":\"https:\\\/\\\/jornalbeirario.com.br\\\/portal\\\/?p=55052#primaryimage\"},\"thumbnailUrl\":\"https:\\\/\\\/jornalbeirario.com.br\\\/portal\\\/wp-content\\\/uploads\\\/2017\\\/11\\\/deputadosalerj1.jpg\",\"datePublished\":\"2017-11-21T18:37:06+00:00\",\"breadcrumb\":{\"@id\":\"https:\\\/\\\/jornalbeirario.com.br\\\/portal\\\/?p=55052#breadcrumb\"},\"inLanguage\":\"pt-BR\",\"potentialAction\":[{\"@type\":\"ReadAction\",\"target\":[\"https:\\\/\\\/jornalbeirario.com.br\\\/portal\\\/?p=55052\"]}]},{\"@type\":\"ImageObject\",\"inLanguage\":\"pt-BR\",\"@id\":\"https:\\\/\\\/jornalbeirario.com.br\\\/portal\\\/?p=55052#primaryimage\",\"url\":\"https:\\\/\\\/jornalbeirario.com.br\\\/portal\\\/wp-content\\\/uploads\\\/2017\\\/11\\\/deputadosalerj1.jpg\",\"contentUrl\":\"https:\\\/\\\/jornalbeirario.com.br\\\/portal\\\/wp-content\\\/uploads\\\/2017\\\/11\\\/deputadosalerj1.jpg\",\"width\":1100,\"height\":470},{\"@type\":\"BreadcrumbList\",\"@id\":\"https:\\\/\\\/jornalbeirario.com.br\\\/portal\\\/?p=55052#breadcrumb\",\"itemListElement\":[{\"@type\":\"ListItem\",\"position\":1,\"name\":\"Home\",\"item\":\"https:\\\/\\\/jornalbeirario.com.br\\\/portal\"},{\"@type\":\"ListItem\",\"position\":2,\"name\":\"Reviravolta: TRF-2 pede nova pris\u00e3o de deputados da Alerj\"}]},{\"@type\":\"WebSite\",\"@id\":\"https:\\\/\\\/jornalbeirario.com.br\\\/portal\\\/#website\",\"url\":\"https:\\\/\\\/jornalbeirario.com.br\\\/portal\\\/\",\"name\":\"JORNAL BEIRA RIO\",\"description\":\"\",\"publisher\":{\"@id\":\"https:\\\/\\\/jornalbeirario.com.br\\\/portal\\\/#organization\"},\"potentialAction\":[{\"@type\":\"SearchAction\",\"target\":{\"@type\":\"EntryPoint\",\"urlTemplate\":\"https:\\\/\\\/jornalbeirario.com.br\\\/portal\\\/?s={search_term_string}\"},\"query-input\":{\"@type\":\"PropertyValueSpecification\",\"valueRequired\":true,\"valueName\":\"search_term_string\"}}],\"inLanguage\":\"pt-BR\"},{\"@type\":\"Organization\",\"@id\":\"https:\\\/\\\/jornalbeirario.com.br\\\/portal\\\/#organization\",\"name\":\"JORNAL BEIRA RIO\",\"url\":\"https:\\\/\\\/jornalbeirario.com.br\\\/portal\\\/\",\"logo\":{\"@type\":\"ImageObject\",\"inLanguage\":\"pt-BR\",\"@id\":\"https:\\\/\\\/jornalbeirario.com.br\\\/portal\\\/#\\\/schema\\\/logo\\\/image\\\/\",\"url\":\"https:\\\/\\\/jornalbeirario.com.br\\\/portal\\\/wp-content\\\/uploads\\\/2017\\\/09\\\/BEIRA-RIO_logo600.png\",\"contentUrl\":\"https:\\\/\\\/jornalbeirario.com.br\\\/portal\\\/wp-content\\\/uploads\\\/2017\\\/09\\\/BEIRA-RIO_logo600.png\",\"width\":650,\"height\":108,\"caption\":\"JORNAL BEIRA RIO\"},\"image\":{\"@id\":\"https:\\\/\\\/jornalbeirario.com.br\\\/portal\\\/#\\\/schema\\\/logo\\\/image\\\/\"}},{\"@type\":\"Person\",\"@id\":\"https:\\\/\\\/jornalbeirario.com.br\\\/portal\\\/#\\\/schema\\\/person\\\/c6c423e4c2465d2a9233f6539173e7c1\",\"name\":\"Jornal BEIRA-RIO\",\"image\":{\"@type\":\"ImageObject\",\"inLanguage\":\"pt-BR\",\"@id\":\"https:\\\/\\\/jornalbeirario.com.br\\\/portal\\\/wp-content\\\/uploads\\\/2023\\\/10\\\/logojbr1.jpg\",\"url\":\"https:\\\/\\\/jornalbeirario.com.br\\\/portal\\\/wp-content\\\/uploads\\\/2023\\\/10\\\/logojbr1.jpg\",\"contentUrl\":\"https:\\\/\\\/jornalbeirario.com.br\\\/portal\\\/wp-content\\\/uploads\\\/2023\\\/10\\\/logojbr1.jpg\",\"caption\":\"Jornal BEIRA-RIO\"},\"url\":\"https:\\\/\\\/jornalbeirario.com.br\\\/portal\\\/?author=1\"}]}<\/script>\n<!-- \/ Yoast SEO plugin. -->","yoast_head_json":{"title":"Reviravolta: TRF-2 pede nova pris\u00e3o de deputados da Alerj - JORNAL BEIRA RIO","robots":{"index":"index","follow":"follow","max-snippet":"max-snippet:-1","max-image-preview":"max-image-preview:large","max-video-preview":"max-video-preview:-1"},"canonical":"https:\/\/jornalbeirario.com.br\/portal\/?p=55052","og_locale":"pt_BR","og_type":"article","og_title":"Reviravolta: TRF-2 pede nova pris\u00e3o de deputados da Alerj - JORNAL BEIRA RIO","og_description":"O Tribunal Regional Federal da 2a Regi\u00e3o (TRF2) determinou novamente ordem de pris\u00e3o e afastamento do cargo para os deputados estaduais Paulo Melo, Edson","og_url":"https:\/\/jornalbeirario.com.br\/portal\/?p=55052","og_site_name":"JORNAL BEIRA RIO","article_published_time":"2017-11-21T18:37:06+00:00","og_image":[{"url":"http:\/\/jornalbeirario.com.br\/portal\/wp-content\/uploads\/2017\/11\/deputadosalerj2.png","type":"","width":"","height":""}],"author":"Jornal BEIRA-RIO","twitter_card":"summary_large_image","twitter_misc":{"Escrito por":"Jornal BEIRA-RIO","Est. tempo de leitura":"2 minutos"},"schema":{"@context":"https:\/\/schema.org","@graph":[{"@type":"Article","@id":"https:\/\/jornalbeirario.com.br\/portal\/?p=55052#article","isPartOf":{"@id":"https:\/\/jornalbeirario.com.br\/portal\/?p=55052"},"author":{"name":"Jornal BEIRA-RIO","@id":"https:\/\/jornalbeirario.com.br\/portal\/#\/schema\/person\/c6c423e4c2465d2a9233f6539173e7c1"},"headline":"Reviravolta: TRF-2 pede nova pris\u00e3o de deputados da Alerj","datePublished":"2017-11-21T18:37:06+00:00","mainEntityOfPage":{"@id":"https:\/\/jornalbeirario.com.br\/portal\/?p=55052"},"wordCount":431,"commentCount":0,"publisher":{"@id":"https:\/\/jornalbeirario.com.br\/portal\/#organization"},"image":{"@id":"https:\/\/jornalbeirario.com.br\/portal\/?p=55052#primaryimage"},"thumbnailUrl":"https:\/\/jornalbeirario.com.br\/portal\/wp-content\/uploads\/2017\/11\/deputadosalerj1.jpg","keywords":["dehoraemhora","manchete"],"articleSection":["Manchete","Pol\u00edtica"],"inLanguage":"pt-BR","potentialAction":[{"@type":"CommentAction","name":"Comment","target":["https:\/\/jornalbeirario.com.br\/portal\/?p=55052#respond"]}]},{"@type":"WebPage","@id":"https:\/\/jornalbeirario.com.br\/portal\/?p=55052","url":"https:\/\/jornalbeirario.com.br\/portal\/?p=55052","name":"Reviravolta: TRF-2 pede nova pris\u00e3o de deputados da Alerj - JORNAL BEIRA RIO","isPartOf":{"@id":"https:\/\/jornalbeirario.com.br\/portal\/#website"},"primaryImageOfPage":{"@id":"https:\/\/jornalbeirario.com.br\/portal\/?p=55052#primaryimage"},"image":{"@id":"https:\/\/jornalbeirario.com.br\/portal\/?p=55052#primaryimage"},"thumbnailUrl":"https:\/\/jornalbeirario.com.br\/portal\/wp-content\/uploads\/2017\/11\/deputadosalerj1.jpg","datePublished":"2017-11-21T18:37:06+00:00","breadcrumb":{"@id":"https:\/\/jornalbeirario.com.br\/portal\/?p=55052#breadcrumb"},"inLanguage":"pt-BR","potentialAction":[{"@type":"ReadAction","target":["https:\/\/jornalbeirario.com.br\/portal\/?p=55052"]}]},{"@type":"ImageObject","inLanguage":"pt-BR","@id":"https:\/\/jornalbeirario.com.br\/portal\/?p=55052#primaryimage","url":"https:\/\/jornalbeirario.com.br\/portal\/wp-content\/uploads\/2017\/11\/deputadosalerj1.jpg","contentUrl":"https:\/\/jornalbeirario.com.br\/portal\/wp-content\/uploads\/2017\/11\/deputadosalerj1.jpg","width":1100,"height":470},{"@type":"BreadcrumbList","@id":"https:\/\/jornalbeirario.com.br\/portal\/?p=55052#breadcrumb","itemListElement":[{"@type":"ListItem","position":1,"name":"Home","item":"https:\/\/jornalbeirario.com.br\/portal"},{"@type":"ListItem","position":2,"name":"Reviravolta: TRF-2 pede nova pris\u00e3o de deputados da Alerj"}]},{"@type":"WebSite","@id":"https:\/\/jornalbeirario.com.br\/portal\/#website","url":"https:\/\/jornalbeirario.com.br\/portal\/","name":"JORNAL BEIRA RIO","description":"","publisher":{"@id":"https:\/\/jornalbeirario.com.br\/portal\/#organization"},"potentialAction":[{"@type":"SearchAction","target":{"@type":"EntryPoint","urlTemplate":"https:\/\/jornalbeirario.com.br\/portal\/?s={search_term_string}"},"query-input":{"@type":"PropertyValueSpecification","valueRequired":true,"valueName":"search_term_string"}}],"inLanguage":"pt-BR"},{"@type":"Organization","@id":"https:\/\/jornalbeirario.com.br\/portal\/#organization","name":"JORNAL BEIRA RIO","url":"https:\/\/jornalbeirario.com.br\/portal\/","logo":{"@type":"ImageObject","inLanguage":"pt-BR","@id":"https:\/\/jornalbeirario.com.br\/portal\/#\/schema\/logo\/image\/","url":"https:\/\/jornalbeirario.com.br\/portal\/wp-content\/uploads\/2017\/09\/BEIRA-RIO_logo600.png","contentUrl":"https:\/\/jornalbeirario.com.br\/portal\/wp-content\/uploads\/2017\/09\/BEIRA-RIO_logo600.png","width":650,"height":108,"caption":"JORNAL BEIRA RIO"},"image":{"@id":"https:\/\/jornalbeirario.com.br\/portal\/#\/schema\/logo\/image\/"}},{"@type":"Person","@id":"https:\/\/jornalbeirario.com.br\/portal\/#\/schema\/person\/c6c423e4c2465d2a9233f6539173e7c1","name":"Jornal BEIRA-RIO","image":{"@type":"ImageObject","inLanguage":"pt-BR","@id":"https:\/\/jornalbeirario.com.br\/portal\/wp-content\/uploads\/2023\/10\/logojbr1.jpg","url":"https:\/\/jornalbeirario.com.br\/portal\/wp-content\/uploads\/2023\/10\/logojbr1.jpg","contentUrl":"https:\/\/jornalbeirario.com.br\/portal\/wp-content\/uploads\/2023\/10\/logojbr1.jpg","caption":"Jornal BEIRA-RIO"},"url":"https:\/\/jornalbeirario.com.br\/portal\/?author=1"}]}},"_links":{"self":[{"href":"https:\/\/jornalbeirario.com.br\/portal\/index.php?rest_route=\/wp\/v2\/posts\/55052","targetHints":{"allow":["GET"]}}],"collection":[{"href":"https:\/\/jornalbeirario.com.br\/portal\/index.php?rest_route=\/wp\/v2\/posts"}],"about":[{"href":"https:\/\/jornalbeirario.com.br\/portal\/index.php?rest_route=\/wp\/v2\/types\/post"}],"author":[{"embeddable":true,"href":"https:\/\/jornalbeirario.com.br\/portal\/index.php?rest_route=\/wp\/v2\/users\/1"}],"replies":[{"embeddable":true,"href":"https:\/\/jornalbeirario.com.br\/portal\/index.php?rest_route=%2Fwp%2Fv2%2Fcomments&post=55052"}],"version-history":[{"count":7,"href":"https:\/\/jornalbeirario.com.br\/portal\/index.php?rest_route=\/wp\/v2\/posts\/55052\/revisions"}],"predecessor-version":[{"id":55059,"href":"https:\/\/jornalbeirario.com.br\/portal\/index.php?rest_route=\/wp\/v2\/posts\/55052\/revisions\/55059"}],"wp:featuredmedia":[{"embeddable":true,"href":"https:\/\/jornalbeirario.com.br\/portal\/index.php?rest_route=\/wp\/v2\/media\/54962"}],"wp:attachment":[{"href":"https:\/\/jornalbeirario.com.br\/portal\/index.php?rest_route=%2Fwp%2Fv2%2Fmedia&parent=55052"}],"wp:term":[{"taxonomy":"category","embeddable":true,"href":"https:\/\/jornalbeirario.com.br\/portal\/index.php?rest_route=%2Fwp%2Fv2%2Fcategories&post=55052"},{"taxonomy":"post_tag","embeddable":true,"href":"https:\/\/jornalbeirario.com.br\/portal\/index.php?rest_route=%2Fwp%2Fv2%2Ftags&post=55052"}],"curies":[{"name":"wp","href":"https:\/\/api.w.org\/{rel}","templated":true}]}}