
{"id":5490,"date":"2013-02-21T18:35:44","date_gmt":"2013-02-21T18:35:44","guid":{"rendered":"http:\/\/jornalbeirario.com.br\/portal\/portal\/?p=5490"},"modified":"2013-02-21T18:41:20","modified_gmt":"2013-02-21T18:41:20","slug":"presidente-do-tce-alerta-a-ma-fe-esta-acabando","status":"publish","type":"post","link":"https:\/\/jornalbeirario.com.br\/portal\/?p=5490","title":{"rendered":"Presidente do TCE alerta: \u201cA m\u00e1 f\u00e9 est\u00e1 acabando\u201d"},"content":{"rendered":"<figure id=\"attachment_5492\" aria-describedby=\"caption-attachment-5492\" style=\"width: 300px\" class=\"wp-caption alignleft\"><a href=\"https:\/\/jornalbeirario.com.br\/portal\/wp-content\/uploads\/2013\/02\/DSC6441-corpo-texto-presidente1.jpg\"><img loading=\"lazy\" decoding=\"async\" class=\"size-medium wp-image-5492\" title=\"_DSC6441 corpo texto presidente\" src=\"https:\/\/jornalbeirario.com.br\/portal\/wp-content\/uploads\/2013\/02\/DSC6441-corpo-texto-presidente1-300x190.jpg\" alt=\"\" width=\"300\" height=\"190\" srcset=\"https:\/\/jornalbeirario.com.br\/portal\/wp-content\/uploads\/2013\/02\/DSC6441-corpo-texto-presidente1-300x190.jpg 300w, https:\/\/jornalbeirario.com.br\/portal\/wp-content\/uploads\/2013\/02\/DSC6441-corpo-texto-presidente1.jpg 600w\" sizes=\"auto, (max-width: 300px) 100vw, 300px\" \/><\/a><figcaption id=\"caption-attachment-5492\" class=\"wp-caption-text\">O presidente do TCE-RJ, Jonas Lopes, em discurso de abertura, no centro da mesa (Foto: TCE-RJ)<\/figcaption><\/figure>\n<p style=\"text-align: justify;\">Aconteceu na \u00faltima quarta-feira, dia 20, a abertura do Semin\u00e1rio \u201cEncontro com novos gestores municipais\u201d, no audit\u00f3rio do Espa\u00e7o Cultural Humberto Braga, na sede do Tribunal de Contas do Estado do Rio de Janeiro (TCE-RJ). No evento, o Presidente do TCE-RJ, Jonas Lopes de Carvalho Junior, afirmou que a administra\u00e7\u00e3o p\u00fablica deve ser gerida de forma respons\u00e1vel:<\/p>\n<p style=\"text-align: justify;\">\u2014 A m\u00e1 f\u00e9 est\u00e1 acabando. N\u00e3o h\u00e1 mais lugar para determinadas pr\u00e1ticas, ressaltou.<\/p>\n<p style=\"text-align: justify;\">Com o audit\u00f3rio lotado por prefeitos, presidentes de C\u00e2maras e servidores dos munic\u00edpios fluminenses, o presidente ainda elogiou os presentes:<\/p>\n<p style=\"text-align: justify;\">\u2014 No m\u00ednimo, voc\u00eas est\u00e3o querendo acertar.<\/p>\n<figure id=\"attachment_5493\" aria-describedby=\"caption-attachment-5493\" style=\"width: 120px\" class=\"wp-caption alignleft\"><a href=\"https:\/\/jornalbeirario.com.br\/portal\/wp-content\/uploads\/2013\/02\/DSC6452-Gino.jpg\"><img loading=\"lazy\" decoding=\"async\" class=\"size-full wp-image-5493\" title=\"_DSC6452  Gino\" src=\"https:\/\/jornalbeirario.com.br\/portal\/wp-content\/uploads\/2013\/02\/DSC6452-Gino.jpg\" alt=\"\" width=\"120\" height=\"181\" \/><\/a><figcaption id=\"caption-attachment-5493\" class=\"wp-caption-text\">Gino Novis Cardozo, secret\u00e1rio-geral de Controle Externo, discursando sobre \u201cA import\u00e2ncia do Controle Interno para o exerc\u00edcio do Controle Externo pelo TCE-RJ\u201d (Foto: TCE-RJ)<\/figcaption><\/figure>\n<p style=\"text-align: justify;\">O secret\u00e1rio-geral de Controle Externo, Gino Novis Cardozo, falou sobre \u201cA import\u00e2ncia do Controle Interno para o exerc\u00edcio do Controle Externo pelo TCE-RJ\u201d. Ele destacou a intensifica\u00e7\u00e3o da presen\u00e7a do tribunal em todos os 91 munic\u00edpios jurisdicionados ao longo de 2013 com as auditorias governamentais do Tema de Maior Signific\u00e2ncia (TMS), que abordar\u00e1 a Assist\u00eancia Social e outros cinco temas, entre eles controle interno, com foco em patrim\u00f4nio, al\u00e9m de controle de obras p\u00fablicas; contrata\u00e7\u00e3o de servi\u00e7os privados de sa\u00fade complementar ao servi\u00e7o p\u00fablico; remunera\u00e7\u00e3o de servidores ativos e regimes pr\u00f3prios de previd\u00eancia social (RPPS).<\/p>\n<p style=\"text-align: justify;\">\u2014 Nunca estivemos t\u00e3o presentes nos munic\u00edpios como estaremos agora, frisou o secret\u00e1rio.<\/p>\n<p style=\"text-align: justify;\">A coordenadora de Auditoria e Desenvolvimento (CAD), M\u00e1rcia Vasconcellos Carvalho, falou sobre \u201cContabilidade aplicada ao Setor P\u00fablico\u201d, destacando os prazos para a implanta\u00e7\u00e3o dos novos procedimentos cont\u00e1beis, determinados a partir da converg\u00eancia \u00e0s normas internacionais.<\/p>\n<p style=\"text-align: justify;\">\u2014 Em 2015, os gestores ter\u00e3o que prestar contas utilizando o novo modelo, alertou a coordenadora, falando sobre o cronograma de a\u00e7\u00f5es a ser seguido por todos os jurisdicionados. Segundo ela, o maior desafio da administra\u00e7\u00e3o p\u00fablica ser\u00e1 a mudan\u00e7a de cultura, que passar\u00e1 de<\/p>\n<p style=\"text-align: justify;\">uma vis\u00e3o or\u00e7ament\u00e1ria para patrimonial.<\/p>\n<figure id=\"attachment_5498\" aria-describedby=\"caption-attachment-5498\" style=\"width: 120px\" class=\"wp-caption alignright\"><a href=\"https:\/\/jornalbeirario.com.br\/portal\/wp-content\/uploads\/2013\/02\/DSC6468-Marcia.jpg\"><img loading=\"lazy\" decoding=\"async\" class=\"size-full wp-image-5498\" title=\"_DSC6468  Marcia\" src=\"https:\/\/jornalbeirario.com.br\/portal\/wp-content\/uploads\/2013\/02\/DSC6468-Marcia.jpg\" alt=\"\" width=\"120\" height=\"175\" \/><\/a><figcaption id=\"caption-attachment-5498\" class=\"wp-caption-text\">M\u00e1rcia Vasconcellos, coordenadora de Auditoria e Desenvolvimento, em discurso sobre \u201cContabilidade aplicada ao Setor P\u00fablico\u201d ( Foto: TCE-RJ)<\/figcaption><\/figure>\n<p style=\"text-align: justify;\">Ainda segundo M\u00e1rcia, a padroniza\u00e7\u00e3o das informa\u00e7\u00f5es cont\u00e1beis, vai permitir que as demonstra\u00e7\u00f5es cont\u00e1beis sejam \u00fateis para a tomada de decis\u00f5es; permitir\u00e1 a compara\u00e7\u00e3o de custos e desempenho, e outros indicadores entre diversos \u00f3rg\u00e3os municipais, facilitar\u00e1 o controle da qualidade do gasto ao implantar o sistema de custos no setor p\u00fablico, entre outros. Com a aplica\u00e7\u00e3o da nova contabilidade, pode-se saber, por exemplo, quanto custa uma carteira escolar e comparar o custo com outros munic\u00edpios do estado e demais entes federados. Se um aluno da rede p\u00fablica quebrar uma carteira, por exemplo, vai saber quanto ela custa, assim como acontece na escola particular, entre outras situa\u00e7\u00f5es.<\/p>\n<p style=\"text-align: justify;\">Encerrando a programa\u00e7\u00e3o do semin\u00e1rio, o pelo inspetor-geral da Inspetoria de Exame das Administra\u00e7\u00f5es Financeiras (IAF), S\u00e9rgio Ricardo do Sacramento, falou sobre o tema \u201cResponsabilidade e processo perante o TCE-RJ\u201d. Durante o discurso, o inspetor relatou diversos pontos importantes da Lei de Responsabilidade Fiscal (LRF) a serem observados pelos gestores; da import\u00e2ncia e das diferen\u00e7as entre a presta\u00e7\u00e3o de contas de administra\u00e7\u00e3o financeira e de ordenador de despesas e explicou os diversos aspectos da atua\u00e7\u00e3o do TCE no exame de atos administrativos relacionados a contratos, conv\u00eanios, dispensa de licita\u00e7\u00e3o, termos de parceria, editais, exame de atos de admiss\u00e3o de pessoal, aposentadorias, pens\u00f5es e outros.<\/p>\n<p style=\"text-align: justify;\">\u2014 Minha sugest\u00e3o aos gestores \u00e9 para que busquem o equil\u00edbrio or\u00e7ament\u00e1rio financeiro desde agora. \u00c9 preciso ter parcim\u00f4nia e zelo na hora de elaborar os instrumentos or\u00e7ament\u00e1rios, e cuidado especialmente com a Loa, que autoriza os gastos. \u00c9 importante garantir o equil\u00edbrio fiscal desde j\u00e1, aconselhou S\u00e9rgio Ricardo.<\/p>\n<p style=\"text-align: justify;\">Fonte: <a href=\"http:\/\/www.tce.rj.gov.br\/web\/guest\/todas-noticias\/-\/asset_publisher\/Q3GZ3KNHPPMb\/content\/presidente-do-tce-alerta-prefeitos-para-necessidade-de-gestao-responsavel\" target=\"_blank\">TCE-RJ<\/a><\/p>\n","protected":false},"excerpt":{"rendered":"<p>Aconteceu na \u00faltima quarta-feira, dia 20, a abertura do Semin\u00e1rio \u201cEncontro com novos gestores municipais\u201d, no audit\u00f3rio do Espa\u00e7o Cultural Humberto Braga, na sede<\/p>\n","protected":false},"author":1,"featured_media":5491,"comment_status":"open","ping_status":"open","sticky":false,"template":"","format":"standard","meta":{"pmpro_default_level":"","footnotes":""},"categories":[11],"tags":[155],"class_list":["post-5490","post","type-post","status-publish","format-standard","has-post-thumbnail","hentry","category-politica","tag-dehoraemhora","pmpro-has-access"],"yoast_head":"<!-- This site is optimized with the Yoast SEO plugin v27.5 - https:\/\/yoast.com\/product\/yoast-seo-wordpress\/ -->\n<title>Presidente do TCE alerta: \u201cA m\u00e1 f\u00e9 est\u00e1 acabando\u201d - JORNAL BEIRA RIO<\/title>\n<meta name=\"robots\" content=\"index, follow, max-snippet:-1, max-image-preview:large, max-video-preview:-1\" \/>\n<link rel=\"canonical\" href=\"https:\/\/jornalbeirario.com.br\/portal\/?p=5490\" \/>\n<meta property=\"og:locale\" content=\"pt_BR\" \/>\n<meta property=\"og:type\" content=\"article\" \/>\n<meta property=\"og:title\" content=\"Presidente do TCE alerta: \u201cA m\u00e1 f\u00e9 est\u00e1 acabando\u201d - JORNAL BEIRA RIO\" \/>\n<meta property=\"og:description\" content=\"Aconteceu na \u00faltima quarta-feira, dia 20, a abertura do Semin\u00e1rio \u201cEncontro com novos gestores municipais\u201d, no audit\u00f3rio do Espa\u00e7o Cultural Humberto Braga, na sede\" \/>\n<meta property=\"og:url\" content=\"https:\/\/jornalbeirario.com.br\/portal\/?p=5490\" \/>\n<meta property=\"og:site_name\" content=\"JORNAL BEIRA RIO\" \/>\n<meta property=\"article:published_time\" content=\"2013-02-21T18:35:44+00:00\" \/>\n<meta property=\"article:modified_time\" content=\"2013-02-21T18:41:20+00:00\" \/>\n<meta property=\"og:image\" content=\"https:\/\/jornalbeirario.com.br\/portal\/wp-content\/uploads\/2013\/02\/DSC6441-corpo-texto-presidente.jpg\" \/>\n\t<meta property=\"og:image:width\" content=\"600\" \/>\n\t<meta property=\"og:image:height\" content=\"380\" \/>\n\t<meta property=\"og:image:type\" content=\"image\/jpeg\" \/>\n<meta name=\"author\" content=\"Jornal BEIRA-RIO\" \/>\n<meta name=\"twitter:card\" content=\"summary_large_image\" \/>\n<meta name=\"twitter:label1\" content=\"Escrito por\" \/>\n\t<meta name=\"twitter:data1\" content=\"Jornal BEIRA-RIO\" \/>\n\t<meta name=\"twitter:label2\" content=\"Est. tempo de leitura\" \/>\n\t<meta name=\"twitter:data2\" content=\"4 minutos\" \/>\n<script type=\"application\/ld+json\" class=\"yoast-schema-graph\">{\"@context\":\"https:\\\/\\\/schema.org\",\"@graph\":[{\"@type\":\"Article\",\"@id\":\"https:\\\/\\\/jornalbeirario.com.br\\\/portal\\\/?p=5490#article\",\"isPartOf\":{\"@id\":\"https:\\\/\\\/jornalbeirario.com.br\\\/portal\\\/?p=5490\"},\"author\":{\"name\":\"Jornal BEIRA-RIO\",\"@id\":\"https:\\\/\\\/jornalbeirario.com.br\\\/portal\\\/#\\\/schema\\\/person\\\/c6c423e4c2465d2a9233f6539173e7c1\"},\"headline\":\"Presidente do TCE alerta: \u201cA m\u00e1 f\u00e9 est\u00e1 acabando\u201d\",\"datePublished\":\"2013-02-21T18:35:44+00:00\",\"dateModified\":\"2013-02-21T18:41:20+00:00\",\"mainEntityOfPage\":{\"@id\":\"https:\\\/\\\/jornalbeirario.com.br\\\/portal\\\/?p=5490\"},\"wordCount\":720,\"commentCount\":0,\"publisher\":{\"@id\":\"https:\\\/\\\/jornalbeirario.com.br\\\/portal\\\/#organization\"},\"image\":{\"@id\":\"https:\\\/\\\/jornalbeirario.com.br\\\/portal\\\/?p=5490#primaryimage\"},\"thumbnailUrl\":\"https:\\\/\\\/jornalbeirario.com.br\\\/portal\\\/wp-content\\\/uploads\\\/2013\\\/02\\\/DSC6441-corpo-texto-presidente.jpg\",\"keywords\":[\"dehoraemhora\"],\"articleSection\":[\"Pol\u00edtica\"],\"inLanguage\":\"pt-BR\",\"potentialAction\":[{\"@type\":\"CommentAction\",\"name\":\"Comment\",\"target\":[\"https:\\\/\\\/jornalbeirario.com.br\\\/portal\\\/?p=5490#respond\"]}]},{\"@type\":\"WebPage\",\"@id\":\"https:\\\/\\\/jornalbeirario.com.br\\\/portal\\\/?p=5490\",\"url\":\"https:\\\/\\\/jornalbeirario.com.br\\\/portal\\\/?p=5490\",\"name\":\"Presidente do TCE alerta: \u201cA m\u00e1 f\u00e9 est\u00e1 acabando\u201d - JORNAL BEIRA RIO\",\"isPartOf\":{\"@id\":\"https:\\\/\\\/jornalbeirario.com.br\\\/portal\\\/#website\"},\"primaryImageOfPage\":{\"@id\":\"https:\\\/\\\/jornalbeirario.com.br\\\/portal\\\/?p=5490#primaryimage\"},\"image\":{\"@id\":\"https:\\\/\\\/jornalbeirario.com.br\\\/portal\\\/?p=5490#primaryimage\"},\"thumbnailUrl\":\"https:\\\/\\\/jornalbeirario.com.br\\\/portal\\\/wp-content\\\/uploads\\\/2013\\\/02\\\/DSC6441-corpo-texto-presidente.jpg\",\"datePublished\":\"2013-02-21T18:35:44+00:00\",\"dateModified\":\"2013-02-21T18:41:20+00:00\",\"breadcrumb\":{\"@id\":\"https:\\\/\\\/jornalbeirario.com.br\\\/portal\\\/?p=5490#breadcrumb\"},\"inLanguage\":\"pt-BR\",\"potentialAction\":[{\"@type\":\"ReadAction\",\"target\":[\"https:\\\/\\\/jornalbeirario.com.br\\\/portal\\\/?p=5490\"]}]},{\"@type\":\"ImageObject\",\"inLanguage\":\"pt-BR\",\"@id\":\"https:\\\/\\\/jornalbeirario.com.br\\\/portal\\\/?p=5490#primaryimage\",\"url\":\"https:\\\/\\\/jornalbeirario.com.br\\\/portal\\\/wp-content\\\/uploads\\\/2013\\\/02\\\/DSC6441-corpo-texto-presidente.jpg\",\"contentUrl\":\"https:\\\/\\\/jornalbeirario.com.br\\\/portal\\\/wp-content\\\/uploads\\\/2013\\\/02\\\/DSC6441-corpo-texto-presidente.jpg\",\"width\":\"600\",\"height\":\"380\"},{\"@type\":\"BreadcrumbList\",\"@id\":\"https:\\\/\\\/jornalbeirario.com.br\\\/portal\\\/?p=5490#breadcrumb\",\"itemListElement\":[{\"@type\":\"ListItem\",\"position\":1,\"name\":\"Home\",\"item\":\"https:\\\/\\\/jornalbeirario.com.br\\\/portal\"},{\"@type\":\"ListItem\",\"position\":2,\"name\":\"Presidente do TCE alerta: \u201cA m\u00e1 f\u00e9 est\u00e1 acabando\u201d\"}]},{\"@type\":\"WebSite\",\"@id\":\"https:\\\/\\\/jornalbeirario.com.br\\\/portal\\\/#website\",\"url\":\"https:\\\/\\\/jornalbeirario.com.br\\\/portal\\\/\",\"name\":\"JORNAL BEIRA RIO\",\"description\":\"\",\"publisher\":{\"@id\":\"https:\\\/\\\/jornalbeirario.com.br\\\/portal\\\/#organization\"},\"potentialAction\":[{\"@type\":\"SearchAction\",\"target\":{\"@type\":\"EntryPoint\",\"urlTemplate\":\"https:\\\/\\\/jornalbeirario.com.br\\\/portal\\\/?s={search_term_string}\"},\"query-input\":{\"@type\":\"PropertyValueSpecification\",\"valueRequired\":true,\"valueName\":\"search_term_string\"}}],\"inLanguage\":\"pt-BR\"},{\"@type\":\"Organization\",\"@id\":\"https:\\\/\\\/jornalbeirario.com.br\\\/portal\\\/#organization\",\"name\":\"JORNAL BEIRA RIO\",\"url\":\"https:\\\/\\\/jornalbeirario.com.br\\\/portal\\\/\",\"logo\":{\"@type\":\"ImageObject\",\"inLanguage\":\"pt-BR\",\"@id\":\"https:\\\/\\\/jornalbeirario.com.br\\\/portal\\\/#\\\/schema\\\/logo\\\/image\\\/\",\"url\":\"https:\\\/\\\/jornalbeirario.com.br\\\/portal\\\/wp-content\\\/uploads\\\/2017\\\/09\\\/BEIRA-RIO_logo600.png\",\"contentUrl\":\"https:\\\/\\\/jornalbeirario.com.br\\\/portal\\\/wp-content\\\/uploads\\\/2017\\\/09\\\/BEIRA-RIO_logo600.png\",\"width\":650,\"height\":108,\"caption\":\"JORNAL BEIRA RIO\"},\"image\":{\"@id\":\"https:\\\/\\\/jornalbeirario.com.br\\\/portal\\\/#\\\/schema\\\/logo\\\/image\\\/\"}},{\"@type\":\"Person\",\"@id\":\"https:\\\/\\\/jornalbeirario.com.br\\\/portal\\\/#\\\/schema\\\/person\\\/c6c423e4c2465d2a9233f6539173e7c1\",\"name\":\"Jornal BEIRA-RIO\",\"image\":{\"@type\":\"ImageObject\",\"inLanguage\":\"pt-BR\",\"@id\":\"https:\\\/\\\/jornalbeirario.com.br\\\/portal\\\/wp-content\\\/uploads\\\/2023\\\/10\\\/logojbr1.jpg\",\"url\":\"https:\\\/\\\/jornalbeirario.com.br\\\/portal\\\/wp-content\\\/uploads\\\/2023\\\/10\\\/logojbr1.jpg\",\"contentUrl\":\"https:\\\/\\\/jornalbeirario.com.br\\\/portal\\\/wp-content\\\/uploads\\\/2023\\\/10\\\/logojbr1.jpg\",\"caption\":\"Jornal BEIRA-RIO\"},\"url\":\"https:\\\/\\\/jornalbeirario.com.br\\\/portal\\\/?author=1\"}]}<\/script>\n<!-- \/ Yoast SEO plugin. -->","yoast_head_json":{"title":"Presidente do TCE alerta: \u201cA m\u00e1 f\u00e9 est\u00e1 acabando\u201d - JORNAL BEIRA RIO","robots":{"index":"index","follow":"follow","max-snippet":"max-snippet:-1","max-image-preview":"max-image-preview:large","max-video-preview":"max-video-preview:-1"},"canonical":"https:\/\/jornalbeirario.com.br\/portal\/?p=5490","og_locale":"pt_BR","og_type":"article","og_title":"Presidente do TCE alerta: \u201cA m\u00e1 f\u00e9 est\u00e1 acabando\u201d - JORNAL BEIRA RIO","og_description":"Aconteceu na \u00faltima quarta-feira, dia 20, a abertura do Semin\u00e1rio \u201cEncontro com novos gestores municipais\u201d, no audit\u00f3rio do Espa\u00e7o Cultural Humberto Braga, na sede","og_url":"https:\/\/jornalbeirario.com.br\/portal\/?p=5490","og_site_name":"JORNAL BEIRA RIO","article_published_time":"2013-02-21T18:35:44+00:00","article_modified_time":"2013-02-21T18:41:20+00:00","og_image":[{"width":600,"height":380,"url":"https:\/\/jornalbeirario.com.br\/portal\/wp-content\/uploads\/2013\/02\/DSC6441-corpo-texto-presidente.jpg","type":"image\/jpeg"}],"author":"Jornal BEIRA-RIO","twitter_card":"summary_large_image","twitter_misc":{"Escrito por":"Jornal BEIRA-RIO","Est. tempo de leitura":"4 minutos"},"schema":{"@context":"https:\/\/schema.org","@graph":[{"@type":"Article","@id":"https:\/\/jornalbeirario.com.br\/portal\/?p=5490#article","isPartOf":{"@id":"https:\/\/jornalbeirario.com.br\/portal\/?p=5490"},"author":{"name":"Jornal BEIRA-RIO","@id":"https:\/\/jornalbeirario.com.br\/portal\/#\/schema\/person\/c6c423e4c2465d2a9233f6539173e7c1"},"headline":"Presidente do TCE alerta: \u201cA m\u00e1 f\u00e9 est\u00e1 acabando\u201d","datePublished":"2013-02-21T18:35:44+00:00","dateModified":"2013-02-21T18:41:20+00:00","mainEntityOfPage":{"@id":"https:\/\/jornalbeirario.com.br\/portal\/?p=5490"},"wordCount":720,"commentCount":0,"publisher":{"@id":"https:\/\/jornalbeirario.com.br\/portal\/#organization"},"image":{"@id":"https:\/\/jornalbeirario.com.br\/portal\/?p=5490#primaryimage"},"thumbnailUrl":"https:\/\/jornalbeirario.com.br\/portal\/wp-content\/uploads\/2013\/02\/DSC6441-corpo-texto-presidente.jpg","keywords":["dehoraemhora"],"articleSection":["Pol\u00edtica"],"inLanguage":"pt-BR","potentialAction":[{"@type":"CommentAction","name":"Comment","target":["https:\/\/jornalbeirario.com.br\/portal\/?p=5490#respond"]}]},{"@type":"WebPage","@id":"https:\/\/jornalbeirario.com.br\/portal\/?p=5490","url":"https:\/\/jornalbeirario.com.br\/portal\/?p=5490","name":"Presidente do TCE alerta: \u201cA m\u00e1 f\u00e9 est\u00e1 acabando\u201d - JORNAL BEIRA RIO","isPartOf":{"@id":"https:\/\/jornalbeirario.com.br\/portal\/#website"},"primaryImageOfPage":{"@id":"https:\/\/jornalbeirario.com.br\/portal\/?p=5490#primaryimage"},"image":{"@id":"https:\/\/jornalbeirario.com.br\/portal\/?p=5490#primaryimage"},"thumbnailUrl":"https:\/\/jornalbeirario.com.br\/portal\/wp-content\/uploads\/2013\/02\/DSC6441-corpo-texto-presidente.jpg","datePublished":"2013-02-21T18:35:44+00:00","dateModified":"2013-02-21T18:41:20+00:00","breadcrumb":{"@id":"https:\/\/jornalbeirario.com.br\/portal\/?p=5490#breadcrumb"},"inLanguage":"pt-BR","potentialAction":[{"@type":"ReadAction","target":["https:\/\/jornalbeirario.com.br\/portal\/?p=5490"]}]},{"@type":"ImageObject","inLanguage":"pt-BR","@id":"https:\/\/jornalbeirario.com.br\/portal\/?p=5490#primaryimage","url":"https:\/\/jornalbeirario.com.br\/portal\/wp-content\/uploads\/2013\/02\/DSC6441-corpo-texto-presidente.jpg","contentUrl":"https:\/\/jornalbeirario.com.br\/portal\/wp-content\/uploads\/2013\/02\/DSC6441-corpo-texto-presidente.jpg","width":"600","height":"380"},{"@type":"BreadcrumbList","@id":"https:\/\/jornalbeirario.com.br\/portal\/?p=5490#breadcrumb","itemListElement":[{"@type":"ListItem","position":1,"name":"Home","item":"https:\/\/jornalbeirario.com.br\/portal"},{"@type":"ListItem","position":2,"name":"Presidente do TCE alerta: \u201cA m\u00e1 f\u00e9 est\u00e1 acabando\u201d"}]},{"@type":"WebSite","@id":"https:\/\/jornalbeirario.com.br\/portal\/#website","url":"https:\/\/jornalbeirario.com.br\/portal\/","name":"JORNAL BEIRA RIO","description":"","publisher":{"@id":"https:\/\/jornalbeirario.com.br\/portal\/#organization"},"potentialAction":[{"@type":"SearchAction","target":{"@type":"EntryPoint","urlTemplate":"https:\/\/jornalbeirario.com.br\/portal\/?s={search_term_string}"},"query-input":{"@type":"PropertyValueSpecification","valueRequired":true,"valueName":"search_term_string"}}],"inLanguage":"pt-BR"},{"@type":"Organization","@id":"https:\/\/jornalbeirario.com.br\/portal\/#organization","name":"JORNAL BEIRA RIO","url":"https:\/\/jornalbeirario.com.br\/portal\/","logo":{"@type":"ImageObject","inLanguage":"pt-BR","@id":"https:\/\/jornalbeirario.com.br\/portal\/#\/schema\/logo\/image\/","url":"https:\/\/jornalbeirario.com.br\/portal\/wp-content\/uploads\/2017\/09\/BEIRA-RIO_logo600.png","contentUrl":"https:\/\/jornalbeirario.com.br\/portal\/wp-content\/uploads\/2017\/09\/BEIRA-RIO_logo600.png","width":650,"height":108,"caption":"JORNAL BEIRA RIO"},"image":{"@id":"https:\/\/jornalbeirario.com.br\/portal\/#\/schema\/logo\/image\/"}},{"@type":"Person","@id":"https:\/\/jornalbeirario.com.br\/portal\/#\/schema\/person\/c6c423e4c2465d2a9233f6539173e7c1","name":"Jornal BEIRA-RIO","image":{"@type":"ImageObject","inLanguage":"pt-BR","@id":"https:\/\/jornalbeirario.com.br\/portal\/wp-content\/uploads\/2023\/10\/logojbr1.jpg","url":"https:\/\/jornalbeirario.com.br\/portal\/wp-content\/uploads\/2023\/10\/logojbr1.jpg","contentUrl":"https:\/\/jornalbeirario.com.br\/portal\/wp-content\/uploads\/2023\/10\/logojbr1.jpg","caption":"Jornal BEIRA-RIO"},"url":"https:\/\/jornalbeirario.com.br\/portal\/?author=1"}]}},"_links":{"self":[{"href":"https:\/\/jornalbeirario.com.br\/portal\/index.php?rest_route=\/wp\/v2\/posts\/5490","targetHints":{"allow":["GET"]}}],"collection":[{"href":"https:\/\/jornalbeirario.com.br\/portal\/index.php?rest_route=\/wp\/v2\/posts"}],"about":[{"href":"https:\/\/jornalbeirario.com.br\/portal\/index.php?rest_route=\/wp\/v2\/types\/post"}],"author":[{"embeddable":true,"href":"https:\/\/jornalbeirario.com.br\/portal\/index.php?rest_route=\/wp\/v2\/users\/1"}],"replies":[{"embeddable":true,"href":"https:\/\/jornalbeirario.com.br\/portal\/index.php?rest_route=%2Fwp%2Fv2%2Fcomments&post=5490"}],"version-history":[{"count":7,"href":"https:\/\/jornalbeirario.com.br\/portal\/index.php?rest_route=\/wp\/v2\/posts\/5490\/revisions"}],"predecessor-version":[{"id":5497,"href":"https:\/\/jornalbeirario.com.br\/portal\/index.php?rest_route=\/wp\/v2\/posts\/5490\/revisions\/5497"}],"wp:featuredmedia":[{"embeddable":true,"href":"https:\/\/jornalbeirario.com.br\/portal\/index.php?rest_route=\/wp\/v2\/media\/5491"}],"wp:attachment":[{"href":"https:\/\/jornalbeirario.com.br\/portal\/index.php?rest_route=%2Fwp%2Fv2%2Fmedia&parent=5490"}],"wp:term":[{"taxonomy":"category","embeddable":true,"href":"https:\/\/jornalbeirario.com.br\/portal\/index.php?rest_route=%2Fwp%2Fv2%2Fcategories&post=5490"},{"taxonomy":"post_tag","embeddable":true,"href":"https:\/\/jornalbeirario.com.br\/portal\/index.php?rest_route=%2Fwp%2Fv2%2Ftags&post=5490"}],"curies":[{"name":"wp","href":"https:\/\/api.w.org\/{rel}","templated":true}]}}