
{"id":54417,"date":"2017-10-20T09:33:04","date_gmt":"2017-10-20T12:33:04","guid":{"rendered":"http:\/\/jornalbeirario.com.br\/portal\/?p=54417"},"modified":"2017-10-20T09:33:04","modified_gmt":"2017-10-20T12:33:04","slug":"projeto-buzum-volta-a-resende-com-o-espetaculo-mamulengo","status":"publish","type":"post","link":"https:\/\/jornalbeirario.com.br\/portal\/?p=54417","title":{"rendered":"Projeto BuZum! volta a Resende com o espet\u00e1culo &#8220;Mamulengo&#8221;"},"content":{"rendered":"<p style=\"text-align: justify;\">O espet\u00e1culo do projeto BuZum!, &#8220;Mamulengo&#8221;, chegou nesta sexta-feira, dia 20, e fica at\u00e9 segunda-feira, dia 23, em Resende. A itiner\u00e2ncia da companhia de teatro de bonecos sobre rodas que j\u00e1 percorreu mais de 300 mil quil\u00f4metros por todo o Brasil levando a magia do palco para alunos de escolas p\u00fablicas acontece entre 11 de setembro e 17 de novembro. Em Resende, o espet\u00e1culo acontece em frente \u00e0s EMs Dr. Jorge Miguel Jayme &#8211; onde os espeet\u00e1culos est\u00e3o sendo apresentados neste momento &#8211; e Augusto de Carvalho.<\/p>\n<p style=\"text-align: justify;\">O enredo de &#8220;Mamulengo&#8221; envolve uma aventura de dois amigos em pleno carnaval pernambucano e mostra as diversas vertentes tradicionais nordestinas. Jo\u00e3o cai num po\u00e7o e sua amiga Joana precisa salv\u00e1-lo. Para isso, ela conta com a ajuda de um papagaio e de diversos personagens t\u00edpicos da cultura popular presentes no carnaval nordestino, como caboclinho, maracatu, cavalo marinho e frevo. Os mais de 40 bonecos utilizados no espet\u00e1culo s\u00e3o mamulengos confeccionados por mamulengueiros de Gl\u00f3ria de Goit\u00e1 de Pernambuco, cidade da zona da mata de Pernambuco, conhecida como a &#8220;Capital do Mamulengo&#8221;. O texto \u00e9 assinado por Beto Andreetta e a dire\u00e7\u00e3o est\u00e1 a cargo de Wanderley Piras.<\/p>\n<p style=\"text-align: justify;\">SOBRE A COMPANHIA DE TEATRO<br \/>\nO repert\u00f3rio da companhia tem 10 pe\u00e7as criadas especialmente para o p\u00fablico infanto-juvenil, considerando as estreias de 2017. S\u00e3o elas: Darwin BR; sobre a passagem do naturalista ingl\u00eas Charles Darwin pelo Brasil; Filhotes do Brasil, obra ambientada na Amaz\u00f4nia que trata da rela\u00e7\u00e3o entre pais e filhos; Mundo Portugu\u00eas, uma bem humorada viagem pelo universo da l\u00edngua portuguesa pela \u00c1sia, \u00c1frica e Am\u00e9rica do Sul; O Mundo \u00e9 uma Bola, espet\u00e1culo criado \u00e0s v\u00e9speras da Copa do Mundo que conta a hist\u00f3ria do futebol desde sua origem; 13 Gotas, sobre um dos principais temas da atualidade: a import\u00e2ncia da \u00e1gua; M\u00e1quinas, sobre a hist\u00f3ria dos meios de transporte; Energia, sobre as diferentes fontes de energia. O BuZum! tamb\u00e9m tem um espet\u00e1culo para adolescentes chamado Intoler\u00e2ncia, que levanta quest\u00f5es sobre preconceitos no ambiente escolar, que t\u00eam se tornado rotineiros no cotidiano dos jovens. Em 2017, a companhia se apresenta com Mamulengo e Que lixo \u00e9 lixo?.<\/p>\n<p style=\"text-align: justify;\">FICHA T\u00c9CNICA \u201cMamulengo\u201d<br \/>\nConcep\u00e7\u00e3o e texto: Beto Andreetta<br \/>\nDire\u00e7\u00e3o: Wanderley Piras<br \/>\nElenco: Alessandra Siqueyra, Dinho Weller, Geovana Oliveira, J\u00falia Barnab\u00e9, Kelly Guidotti, Nilton Marques, Nina Rocha e Thiago Thalles<br \/>\nTrilha sonora: C\u00e9sar Maluf<br \/>\nCria\u00e7\u00e3o e confec\u00e7\u00e3o de bonecos e cen\u00e1rio: Genilda Felix, Joelma Felix, Dejane Maria, Mestre Bila, Mestre Z\u00e9 Lopes, Miro dos Bonecos, Bibio de Sa\u00faba, Neide.<br \/>\nDire\u00e7\u00e3o de produ\u00e7\u00e3o: Mari Gutierrez<br \/>\nCoordena\u00e7\u00e3o de produ\u00e7\u00e3o: Aldo Andreetta<br \/>\nProdu\u00e7\u00e3o executiva: Fab\u00edola Gon\u00e7ales e Juliana Christ\u00e3o<br \/>\nProdu\u00e7\u00e3o de campo: Leonardo Campos e Thiago Catelani<br \/>\nDesign gr\u00e1fico: Sato do Brasil&gt; casadalapa<br \/>\nFotos: Milene Milan<br \/>\nT\u00e9cnicos de som e luz: Roger Borges e Henrique Hertzel<br \/>\nMotoristas: Jos\u00e9 Val\u00e9rio e Renner Santos<br \/>\nDire\u00e7\u00e3o administrativa: Jackson Iris<br \/>\nAssistente financeiro: Glaucia Souza<br \/>\nAssessoria de imprensa: Buriti Comunica\u00e7\u00e3o<br \/>\nRealiza\u00e7\u00e3o: BuZum!<\/p>\n<p style=\"text-align: justify;\">RESENDE<br \/>\nDia 20 de outubro, sexta-feira<br \/>\nEM Dr. Jorge Miguel Jayme (CIEP 347)<br \/>\nS\u00edtio Bom Destino &#8211; s\/n &#8211; Bairro Vila Izabel<br \/>\nHor\u00e1rios das sess\u00f5es: 9h | 9h40 | 10h20 | 11h | 13h30 | 14h10 | 14h50<\/p>\n<p style=\"text-align: justify;\">Dia 23 de outubro, segunda-feira<br \/>\nEM Augusto de Carvalho<br \/>\nAv. das Cam\u00e9lias, s\/n &#8211; Eng. Passos<br \/>\nHor\u00e1rios das sess\u00f5es: 9h | 9h40 | 10h20 | 11h | 13h30 | 14h10 | 14h50<\/p>\n<p style=\"text-align: justify;\"><em>Foto: Pedro Andreetta\/Divulga\u00e7\u00e3o<\/em><\/p>\n<p style=\"text-align: justify;\"><em>Fonte: Assessoria de imprensa BuZum!<\/em><\/p>\n","protected":false},"excerpt":{"rendered":"<p>O espet\u00e1culo do projeto BuZum!, &#8220;Mamulengo&#8221;, chegou nesta sexta-feira, dia 20, e fica at\u00e9 segunda-feira, dia 23, em Resende. A itiner\u00e2ncia da companhia de<\/p>\n","protected":false},"author":1,"featured_media":54421,"comment_status":"open","ping_status":"open","sticky":false,"template":"","format":"standard","meta":{"pmpro_default_level":"","footnotes":""},"categories":[5],"tags":[155],"class_list":["post-54417","post","type-post","status-publish","format-standard","has-post-thumbnail","hentry","category-cultura","tag-dehoraemhora","pmpro-has-access"],"yoast_head":"<!-- This site is optimized with the Yoast SEO plugin v27.4 - https:\/\/yoast.com\/product\/yoast-seo-wordpress\/ -->\n<title>Projeto BuZum! volta a Resende com o espet\u00e1culo &quot;Mamulengo&quot; - JORNAL BEIRA RIO<\/title>\n<meta name=\"robots\" content=\"index, follow, max-snippet:-1, max-image-preview:large, max-video-preview:-1\" \/>\n<link rel=\"canonical\" href=\"https:\/\/jornalbeirario.com.br\/portal\/?p=54417\" \/>\n<meta property=\"og:locale\" content=\"pt_BR\" \/>\n<meta property=\"og:type\" content=\"article\" \/>\n<meta property=\"og:title\" content=\"Projeto BuZum! volta a Resende com o espet\u00e1culo &quot;Mamulengo&quot; - JORNAL BEIRA RIO\" \/>\n<meta property=\"og:description\" content=\"O espet\u00e1culo do projeto BuZum!, &#8220;Mamulengo&#8221;, chegou nesta sexta-feira, dia 20, e fica at\u00e9 segunda-feira, dia 23, em Resende. A itiner\u00e2ncia da companhia de\" \/>\n<meta property=\"og:url\" content=\"https:\/\/jornalbeirario.com.br\/portal\/?p=54417\" \/>\n<meta property=\"og:site_name\" content=\"JORNAL BEIRA RIO\" \/>\n<meta property=\"article:published_time\" content=\"2017-10-20T12:33:04+00:00\" \/>\n<meta property=\"og:image\" content=\"https:\/\/jornalbeirario.com.br\/portal\/wp-content\/uploads\/2017\/10\/BuZum.jpg\" \/>\n\t<meta property=\"og:image:width\" content=\"640\" \/>\n\t<meta property=\"og:image:height\" content=\"480\" \/>\n\t<meta property=\"og:image:type\" content=\"image\/jpeg\" \/>\n<meta name=\"author\" content=\"Jornal BEIRA-RIO\" \/>\n<meta name=\"twitter:card\" content=\"summary_large_image\" \/>\n<meta name=\"twitter:label1\" content=\"Escrito por\" \/>\n\t<meta name=\"twitter:data1\" content=\"Jornal BEIRA-RIO\" \/>\n\t<meta name=\"twitter:label2\" content=\"Est. tempo de leitura\" \/>\n\t<meta name=\"twitter:data2\" content=\"3 minutos\" \/>\n<script type=\"application\/ld+json\" class=\"yoast-schema-graph\">{\"@context\":\"https:\\\/\\\/schema.org\",\"@graph\":[{\"@type\":\"Article\",\"@id\":\"https:\\\/\\\/jornalbeirario.com.br\\\/portal\\\/?p=54417#article\",\"isPartOf\":{\"@id\":\"https:\\\/\\\/jornalbeirario.com.br\\\/portal\\\/?p=54417\"},\"author\":{\"name\":\"Jornal BEIRA-RIO\",\"@id\":\"https:\\\/\\\/jornalbeirario.com.br\\\/portal\\\/#\\\/schema\\\/person\\\/c6c423e4c2465d2a9233f6539173e7c1\"},\"headline\":\"Projeto BuZum! volta a Resende com o espet\u00e1culo &#8220;Mamulengo&#8221;\",\"datePublished\":\"2017-10-20T12:33:04+00:00\",\"mainEntityOfPage\":{\"@id\":\"https:\\\/\\\/jornalbeirario.com.br\\\/portal\\\/?p=54417\"},\"wordCount\":609,\"commentCount\":0,\"publisher\":{\"@id\":\"https:\\\/\\\/jornalbeirario.com.br\\\/portal\\\/#organization\"},\"image\":{\"@id\":\"https:\\\/\\\/jornalbeirario.com.br\\\/portal\\\/?p=54417#primaryimage\"},\"thumbnailUrl\":\"https:\\\/\\\/jornalbeirario.com.br\\\/portal\\\/wp-content\\\/uploads\\\/2017\\\/10\\\/BuZum.jpg\",\"keywords\":[\"dehoraemhora\"],\"articleSection\":[\"Cultura\"],\"inLanguage\":\"pt-BR\",\"potentialAction\":[{\"@type\":\"CommentAction\",\"name\":\"Comment\",\"target\":[\"https:\\\/\\\/jornalbeirario.com.br\\\/portal\\\/?p=54417#respond\"]}]},{\"@type\":\"WebPage\",\"@id\":\"https:\\\/\\\/jornalbeirario.com.br\\\/portal\\\/?p=54417\",\"url\":\"https:\\\/\\\/jornalbeirario.com.br\\\/portal\\\/?p=54417\",\"name\":\"Projeto BuZum! volta a Resende com o espet\u00e1culo \\\"Mamulengo\\\" - JORNAL BEIRA RIO\",\"isPartOf\":{\"@id\":\"https:\\\/\\\/jornalbeirario.com.br\\\/portal\\\/#website\"},\"primaryImageOfPage\":{\"@id\":\"https:\\\/\\\/jornalbeirario.com.br\\\/portal\\\/?p=54417#primaryimage\"},\"image\":{\"@id\":\"https:\\\/\\\/jornalbeirario.com.br\\\/portal\\\/?p=54417#primaryimage\"},\"thumbnailUrl\":\"https:\\\/\\\/jornalbeirario.com.br\\\/portal\\\/wp-content\\\/uploads\\\/2017\\\/10\\\/BuZum.jpg\",\"datePublished\":\"2017-10-20T12:33:04+00:00\",\"breadcrumb\":{\"@id\":\"https:\\\/\\\/jornalbeirario.com.br\\\/portal\\\/?p=54417#breadcrumb\"},\"inLanguage\":\"pt-BR\",\"potentialAction\":[{\"@type\":\"ReadAction\",\"target\":[\"https:\\\/\\\/jornalbeirario.com.br\\\/portal\\\/?p=54417\"]}]},{\"@type\":\"ImageObject\",\"inLanguage\":\"pt-BR\",\"@id\":\"https:\\\/\\\/jornalbeirario.com.br\\\/portal\\\/?p=54417#primaryimage\",\"url\":\"https:\\\/\\\/jornalbeirario.com.br\\\/portal\\\/wp-content\\\/uploads\\\/2017\\\/10\\\/BuZum.jpg\",\"contentUrl\":\"https:\\\/\\\/jornalbeirario.com.br\\\/portal\\\/wp-content\\\/uploads\\\/2017\\\/10\\\/BuZum.jpg\",\"width\":640,\"height\":480},{\"@type\":\"BreadcrumbList\",\"@id\":\"https:\\\/\\\/jornalbeirario.com.br\\\/portal\\\/?p=54417#breadcrumb\",\"itemListElement\":[{\"@type\":\"ListItem\",\"position\":1,\"name\":\"Home\",\"item\":\"https:\\\/\\\/jornalbeirario.com.br\\\/portal\"},{\"@type\":\"ListItem\",\"position\":2,\"name\":\"Projeto BuZum! volta a Resende com o espet\u00e1culo &#8220;Mamulengo&#8221;\"}]},{\"@type\":\"WebSite\",\"@id\":\"https:\\\/\\\/jornalbeirario.com.br\\\/portal\\\/#website\",\"url\":\"https:\\\/\\\/jornalbeirario.com.br\\\/portal\\\/\",\"name\":\"JORNAL BEIRA RIO\",\"description\":\"\",\"publisher\":{\"@id\":\"https:\\\/\\\/jornalbeirario.com.br\\\/portal\\\/#organization\"},\"potentialAction\":[{\"@type\":\"SearchAction\",\"target\":{\"@type\":\"EntryPoint\",\"urlTemplate\":\"https:\\\/\\\/jornalbeirario.com.br\\\/portal\\\/?s={search_term_string}\"},\"query-input\":{\"@type\":\"PropertyValueSpecification\",\"valueRequired\":true,\"valueName\":\"search_term_string\"}}],\"inLanguage\":\"pt-BR\"},{\"@type\":\"Organization\",\"@id\":\"https:\\\/\\\/jornalbeirario.com.br\\\/portal\\\/#organization\",\"name\":\"JORNAL BEIRA RIO\",\"url\":\"https:\\\/\\\/jornalbeirario.com.br\\\/portal\\\/\",\"logo\":{\"@type\":\"ImageObject\",\"inLanguage\":\"pt-BR\",\"@id\":\"https:\\\/\\\/jornalbeirario.com.br\\\/portal\\\/#\\\/schema\\\/logo\\\/image\\\/\",\"url\":\"https:\\\/\\\/jornalbeirario.com.br\\\/portal\\\/wp-content\\\/uploads\\\/2017\\\/09\\\/BEIRA-RIO_logo600.png\",\"contentUrl\":\"https:\\\/\\\/jornalbeirario.com.br\\\/portal\\\/wp-content\\\/uploads\\\/2017\\\/09\\\/BEIRA-RIO_logo600.png\",\"width\":650,\"height\":108,\"caption\":\"JORNAL BEIRA RIO\"},\"image\":{\"@id\":\"https:\\\/\\\/jornalbeirario.com.br\\\/portal\\\/#\\\/schema\\\/logo\\\/image\\\/\"}},{\"@type\":\"Person\",\"@id\":\"https:\\\/\\\/jornalbeirario.com.br\\\/portal\\\/#\\\/schema\\\/person\\\/c6c423e4c2465d2a9233f6539173e7c1\",\"name\":\"Jornal BEIRA-RIO\",\"image\":{\"@type\":\"ImageObject\",\"inLanguage\":\"pt-BR\",\"@id\":\"https:\\\/\\\/jornalbeirario.com.br\\\/portal\\\/wp-content\\\/uploads\\\/2023\\\/10\\\/logojbr1.jpg\",\"url\":\"https:\\\/\\\/jornalbeirario.com.br\\\/portal\\\/wp-content\\\/uploads\\\/2023\\\/10\\\/logojbr1.jpg\",\"contentUrl\":\"https:\\\/\\\/jornalbeirario.com.br\\\/portal\\\/wp-content\\\/uploads\\\/2023\\\/10\\\/logojbr1.jpg\",\"caption\":\"Jornal BEIRA-RIO\"},\"url\":\"https:\\\/\\\/jornalbeirario.com.br\\\/portal\\\/?author=1\"}]}<\/script>\n<!-- \/ Yoast SEO plugin. -->","yoast_head_json":{"title":"Projeto BuZum! volta a Resende com o espet\u00e1culo \"Mamulengo\" - JORNAL BEIRA RIO","robots":{"index":"index","follow":"follow","max-snippet":"max-snippet:-1","max-image-preview":"max-image-preview:large","max-video-preview":"max-video-preview:-1"},"canonical":"https:\/\/jornalbeirario.com.br\/portal\/?p=54417","og_locale":"pt_BR","og_type":"article","og_title":"Projeto BuZum! volta a Resende com o espet\u00e1culo \"Mamulengo\" - JORNAL BEIRA RIO","og_description":"O espet\u00e1culo do projeto BuZum!, &#8220;Mamulengo&#8221;, chegou nesta sexta-feira, dia 20, e fica at\u00e9 segunda-feira, dia 23, em Resende. A itiner\u00e2ncia da companhia de","og_url":"https:\/\/jornalbeirario.com.br\/portal\/?p=54417","og_site_name":"JORNAL BEIRA RIO","article_published_time":"2017-10-20T12:33:04+00:00","og_image":[{"width":640,"height":480,"url":"https:\/\/jornalbeirario.com.br\/portal\/wp-content\/uploads\/2017\/10\/BuZum.jpg","type":"image\/jpeg"}],"author":"Jornal BEIRA-RIO","twitter_card":"summary_large_image","twitter_misc":{"Escrito por":"Jornal BEIRA-RIO","Est. tempo de leitura":"3 minutos"},"schema":{"@context":"https:\/\/schema.org","@graph":[{"@type":"Article","@id":"https:\/\/jornalbeirario.com.br\/portal\/?p=54417#article","isPartOf":{"@id":"https:\/\/jornalbeirario.com.br\/portal\/?p=54417"},"author":{"name":"Jornal BEIRA-RIO","@id":"https:\/\/jornalbeirario.com.br\/portal\/#\/schema\/person\/c6c423e4c2465d2a9233f6539173e7c1"},"headline":"Projeto BuZum! volta a Resende com o espet\u00e1culo &#8220;Mamulengo&#8221;","datePublished":"2017-10-20T12:33:04+00:00","mainEntityOfPage":{"@id":"https:\/\/jornalbeirario.com.br\/portal\/?p=54417"},"wordCount":609,"commentCount":0,"publisher":{"@id":"https:\/\/jornalbeirario.com.br\/portal\/#organization"},"image":{"@id":"https:\/\/jornalbeirario.com.br\/portal\/?p=54417#primaryimage"},"thumbnailUrl":"https:\/\/jornalbeirario.com.br\/portal\/wp-content\/uploads\/2017\/10\/BuZum.jpg","keywords":["dehoraemhora"],"articleSection":["Cultura"],"inLanguage":"pt-BR","potentialAction":[{"@type":"CommentAction","name":"Comment","target":["https:\/\/jornalbeirario.com.br\/portal\/?p=54417#respond"]}]},{"@type":"WebPage","@id":"https:\/\/jornalbeirario.com.br\/portal\/?p=54417","url":"https:\/\/jornalbeirario.com.br\/portal\/?p=54417","name":"Projeto BuZum! volta a Resende com o espet\u00e1culo \"Mamulengo\" - JORNAL BEIRA RIO","isPartOf":{"@id":"https:\/\/jornalbeirario.com.br\/portal\/#website"},"primaryImageOfPage":{"@id":"https:\/\/jornalbeirario.com.br\/portal\/?p=54417#primaryimage"},"image":{"@id":"https:\/\/jornalbeirario.com.br\/portal\/?p=54417#primaryimage"},"thumbnailUrl":"https:\/\/jornalbeirario.com.br\/portal\/wp-content\/uploads\/2017\/10\/BuZum.jpg","datePublished":"2017-10-20T12:33:04+00:00","breadcrumb":{"@id":"https:\/\/jornalbeirario.com.br\/portal\/?p=54417#breadcrumb"},"inLanguage":"pt-BR","potentialAction":[{"@type":"ReadAction","target":["https:\/\/jornalbeirario.com.br\/portal\/?p=54417"]}]},{"@type":"ImageObject","inLanguage":"pt-BR","@id":"https:\/\/jornalbeirario.com.br\/portal\/?p=54417#primaryimage","url":"https:\/\/jornalbeirario.com.br\/portal\/wp-content\/uploads\/2017\/10\/BuZum.jpg","contentUrl":"https:\/\/jornalbeirario.com.br\/portal\/wp-content\/uploads\/2017\/10\/BuZum.jpg","width":640,"height":480},{"@type":"BreadcrumbList","@id":"https:\/\/jornalbeirario.com.br\/portal\/?p=54417#breadcrumb","itemListElement":[{"@type":"ListItem","position":1,"name":"Home","item":"https:\/\/jornalbeirario.com.br\/portal"},{"@type":"ListItem","position":2,"name":"Projeto BuZum! volta a Resende com o espet\u00e1culo &#8220;Mamulengo&#8221;"}]},{"@type":"WebSite","@id":"https:\/\/jornalbeirario.com.br\/portal\/#website","url":"https:\/\/jornalbeirario.com.br\/portal\/","name":"JORNAL BEIRA RIO","description":"","publisher":{"@id":"https:\/\/jornalbeirario.com.br\/portal\/#organization"},"potentialAction":[{"@type":"SearchAction","target":{"@type":"EntryPoint","urlTemplate":"https:\/\/jornalbeirario.com.br\/portal\/?s={search_term_string}"},"query-input":{"@type":"PropertyValueSpecification","valueRequired":true,"valueName":"search_term_string"}}],"inLanguage":"pt-BR"},{"@type":"Organization","@id":"https:\/\/jornalbeirario.com.br\/portal\/#organization","name":"JORNAL BEIRA RIO","url":"https:\/\/jornalbeirario.com.br\/portal\/","logo":{"@type":"ImageObject","inLanguage":"pt-BR","@id":"https:\/\/jornalbeirario.com.br\/portal\/#\/schema\/logo\/image\/","url":"https:\/\/jornalbeirario.com.br\/portal\/wp-content\/uploads\/2017\/09\/BEIRA-RIO_logo600.png","contentUrl":"https:\/\/jornalbeirario.com.br\/portal\/wp-content\/uploads\/2017\/09\/BEIRA-RIO_logo600.png","width":650,"height":108,"caption":"JORNAL BEIRA RIO"},"image":{"@id":"https:\/\/jornalbeirario.com.br\/portal\/#\/schema\/logo\/image\/"}},{"@type":"Person","@id":"https:\/\/jornalbeirario.com.br\/portal\/#\/schema\/person\/c6c423e4c2465d2a9233f6539173e7c1","name":"Jornal BEIRA-RIO","image":{"@type":"ImageObject","inLanguage":"pt-BR","@id":"https:\/\/jornalbeirario.com.br\/portal\/wp-content\/uploads\/2023\/10\/logojbr1.jpg","url":"https:\/\/jornalbeirario.com.br\/portal\/wp-content\/uploads\/2023\/10\/logojbr1.jpg","contentUrl":"https:\/\/jornalbeirario.com.br\/portal\/wp-content\/uploads\/2023\/10\/logojbr1.jpg","caption":"Jornal BEIRA-RIO"},"url":"https:\/\/jornalbeirario.com.br\/portal\/?author=1"}]}},"_links":{"self":[{"href":"https:\/\/jornalbeirario.com.br\/portal\/index.php?rest_route=\/wp\/v2\/posts\/54417","targetHints":{"allow":["GET"]}}],"collection":[{"href":"https:\/\/jornalbeirario.com.br\/portal\/index.php?rest_route=\/wp\/v2\/posts"}],"about":[{"href":"https:\/\/jornalbeirario.com.br\/portal\/index.php?rest_route=\/wp\/v2\/types\/post"}],"author":[{"embeddable":true,"href":"https:\/\/jornalbeirario.com.br\/portal\/index.php?rest_route=\/wp\/v2\/users\/1"}],"replies":[{"embeddable":true,"href":"https:\/\/jornalbeirario.com.br\/portal\/index.php?rest_route=%2Fwp%2Fv2%2Fcomments&post=54417"}],"version-history":[{"count":4,"href":"https:\/\/jornalbeirario.com.br\/portal\/index.php?rest_route=\/wp\/v2\/posts\/54417\/revisions"}],"predecessor-version":[{"id":54422,"href":"https:\/\/jornalbeirario.com.br\/portal\/index.php?rest_route=\/wp\/v2\/posts\/54417\/revisions\/54422"}],"wp:featuredmedia":[{"embeddable":true,"href":"https:\/\/jornalbeirario.com.br\/portal\/index.php?rest_route=\/wp\/v2\/media\/54421"}],"wp:attachment":[{"href":"https:\/\/jornalbeirario.com.br\/portal\/index.php?rest_route=%2Fwp%2Fv2%2Fmedia&parent=54417"}],"wp:term":[{"taxonomy":"category","embeddable":true,"href":"https:\/\/jornalbeirario.com.br\/portal\/index.php?rest_route=%2Fwp%2Fv2%2Fcategories&post=54417"},{"taxonomy":"post_tag","embeddable":true,"href":"https:\/\/jornalbeirario.com.br\/portal\/index.php?rest_route=%2Fwp%2Fv2%2Ftags&post=54417"}],"curies":[{"name":"wp","href":"https:\/\/api.w.org\/{rel}","templated":true}]}}