
{"id":54139,"date":"2017-10-09T15:29:54","date_gmt":"2017-10-09T18:29:54","guid":{"rendered":"http:\/\/jornalbeirario.com.br\/portal\/?p=54139"},"modified":"2017-10-09T15:29:54","modified_gmt":"2017-10-09T18:29:54","slug":"usuarios-tem-ate-30-de-outubro-pra-cadastrar-bolsa-familia","status":"publish","type":"post","link":"https:\/\/jornalbeirario.com.br\/portal\/?p=54139","title":{"rendered":"Usu\u00e1rios t\u00eam at\u00e9 30 de outubro pra cadastrar Bolsa Fam\u00edlia"},"content":{"rendered":"<p style=\"text-align: justify;\"><a href=\"https:\/\/jornalbeirario.com.br\/portal\/wp-content\/uploads\/2017\/10\/Bolsa-Familia2.jpg\"><img loading=\"lazy\" decoding=\"async\" class=\"alignright size-medium wp-image-54143\" src=\"https:\/\/jornalbeirario.com.br\/portal\/wp-content\/uploads\/2017\/10\/Bolsa-Familia2-300x225.jpg\" alt=\"\" width=\"300\" height=\"225\" srcset=\"https:\/\/jornalbeirario.com.br\/portal\/wp-content\/uploads\/2017\/10\/Bolsa-Familia2-300x225.jpg 300w, https:\/\/jornalbeirario.com.br\/portal\/wp-content\/uploads\/2017\/10\/Bolsa-Familia2.jpg 640w\" sizes=\"auto, (max-width: 300px) 100vw, 300px\" \/><\/a>At\u00e9 o pr\u00f3ximo dia 30, os benefici\u00e1rios cadastrados no Programa Bolsa Fam\u00edlia dever\u00e3o fazer o acompanhamento de sa\u00fade exigido pelo Governo Federal. As avalia\u00e7\u00f5es podem ser feitas nos postos de sa\u00fade da rede municipal. A secretaria de Assist\u00eancia Social e Direitos Humanos de Resende, respons\u00e1vel por este acompanhamento peri\u00f3dico, alertou que \u00e9 necess\u00e1rio levar tamb\u00e9m as crian\u00e7as, menores de sete anos de idade, para vacinar, pesar e serem medidas. No caso de gestantes, \u00e9 necess\u00e1rio estar com o pr\u00e9-natal em dia.<\/p>\n<p style=\"text-align: justify;\">Ap\u00f3s o comparecimento ao posto de sa\u00fade, o respons\u00e1vel familiar deve ir ao posto do CRAS &#8211; Centro de Refer\u00eancia em Assist\u00eancia Social de seu bairro, levando os cart\u00f5es do Bolsa Fam\u00edlia, de vacina\u00e7\u00e3o, al\u00e9m do registro de pr\u00e9-natal, caso haja gestante.<\/p>\n<p style=\"text-align: justify;\">Segundo a secretaria de Assist\u00eancia Social, os respons\u00e1veis familiares que n\u00e3o forem aos postos de sa\u00fade e nem comparecerem no CRAS para fazer o acompanhamento necess\u00e1rio poder\u00e3o ter seus benef\u00edcios bloqueados ou at\u00e9 mesmo suspensos. Em Resende h\u00e1 9.501 inscritas no cadastro \u00danico para Programas Sociais, dessas, 2.260 pessoas s\u00e3o beneficiadas pelo Programa Bolsa Fam\u00edlia.<\/p>\n<p style=\"text-align: justify;\">O Programa Bolsa Fam\u00edlia faz a transfer\u00eancia direta de renda que beneficia fam\u00edlias classificadas pelo Governo Federal como extremamente pobres (com renda mensal de at\u00e9 R$ 85 por pessoa); ou pobres (com renda mensal de R$ 85 a R$ 170 por pessoa). O acompanhamento das &#8220;condicionalidades de sa\u00fade&#8221; \u00e9 semestral. A primeira etapa foi encerrada em junho, e a segunda, at\u00e9 30 de outubro.<\/p>\n<p style=\"text-align: justify;\">Anualmente, o Minist\u00e9rio do Desenvolvimento Social e Agr\u00e1rio (MDSA) convoca as fam\u00edlias inscritas no Cadastro \u00danico, principalmente as benefici\u00e1rias do Bolsa Fam\u00edlia para atualizarem seus cadastros nos processos de Revis\u00e3o Cadastral e Averigua\u00e7\u00e3o Cadastral. Estes processos j\u00e1 come\u00e7aram e, todas as fam\u00edlias que est\u00e3o sem atualizar os dados, devem procurar o CRAS de refer\u00eancia do seu bairro. Resende tem seis CRAS &#8211; Centro de Refer\u00eancia da Assist\u00eancia Social (CRAS Toyota, Itapuca, Lavap\u00e9s, Para\u00edso e Jardim Esperan\u00e7a e o Itinerante).<\/p>\n<p style=\"text-align: justify;\"><em>Fotos: Divulga\u00e7\u00e3o\/PMR<\/em><\/p>\n<p style=\"text-align: justify;\"><em>Fonte: Assessoria de Comunica\u00e7\u00e3o (PMR)<\/em><\/p>\n","protected":false},"excerpt":{"rendered":"<p>At\u00e9 o pr\u00f3ximo dia 30, os benefici\u00e1rios cadastrados no Programa Bolsa Fam\u00edlia dever\u00e3o fazer o acompanhamento de sa\u00fade exigido pelo Governo Federal. As avalia\u00e7\u00f5es<\/p>\n","protected":false},"author":1,"featured_media":54142,"comment_status":"open","ping_status":"open","sticky":false,"template":"","format":"standard","meta":{"pmpro_default_level":"","footnotes":""},"categories":[1],"tags":[155],"class_list":["post-54139","post","type-post","status-publish","format-standard","has-post-thumbnail","hentry","category-cidade","tag-dehoraemhora","pmpro-has-access"],"yoast_head":"<!-- This site is optimized with the Yoast SEO plugin v27.4 - https:\/\/yoast.com\/product\/yoast-seo-wordpress\/ -->\n<title>Usu\u00e1rios t\u00eam at\u00e9 30 de outubro pra cadastrar Bolsa Fam\u00edlia - JORNAL BEIRA RIO<\/title>\n<meta name=\"robots\" content=\"index, follow, max-snippet:-1, max-image-preview:large, max-video-preview:-1\" \/>\n<link rel=\"canonical\" href=\"https:\/\/jornalbeirario.com.br\/portal\/?p=54139\" \/>\n<meta property=\"og:locale\" content=\"pt_BR\" \/>\n<meta property=\"og:type\" content=\"article\" \/>\n<meta property=\"og:title\" content=\"Usu\u00e1rios t\u00eam at\u00e9 30 de outubro pra cadastrar Bolsa Fam\u00edlia - JORNAL BEIRA RIO\" \/>\n<meta property=\"og:description\" content=\"At\u00e9 o pr\u00f3ximo dia 30, os benefici\u00e1rios cadastrados no Programa Bolsa Fam\u00edlia dever\u00e3o fazer o acompanhamento de sa\u00fade exigido pelo Governo Federal. As avalia\u00e7\u00f5es\" \/>\n<meta property=\"og:url\" content=\"https:\/\/jornalbeirario.com.br\/portal\/?p=54139\" \/>\n<meta property=\"og:site_name\" content=\"JORNAL BEIRA RIO\" \/>\n<meta property=\"article:published_time\" content=\"2017-10-09T18:29:54+00:00\" \/>\n<meta property=\"og:image\" content=\"https:\/\/jornalbeirario.com.br\/portal\/wp-content\/uploads\/2017\/10\/Bolsa-Familia1.jpg\" \/>\n\t<meta property=\"og:image:width\" content=\"640\" \/>\n\t<meta property=\"og:image:height\" content=\"480\" \/>\n\t<meta property=\"og:image:type\" content=\"image\/jpeg\" \/>\n<meta name=\"author\" content=\"Jornal BEIRA-RIO\" \/>\n<meta name=\"twitter:card\" content=\"summary_large_image\" \/>\n<meta name=\"twitter:label1\" content=\"Escrito por\" \/>\n\t<meta name=\"twitter:data1\" content=\"Jornal BEIRA-RIO\" \/>\n\t<meta name=\"twitter:label2\" content=\"Est. tempo de leitura\" \/>\n\t<meta name=\"twitter:data2\" content=\"2 minutos\" \/>\n<script type=\"application\/ld+json\" class=\"yoast-schema-graph\">{\"@context\":\"https:\\\/\\\/schema.org\",\"@graph\":[{\"@type\":\"Article\",\"@id\":\"https:\\\/\\\/jornalbeirario.com.br\\\/portal\\\/?p=54139#article\",\"isPartOf\":{\"@id\":\"https:\\\/\\\/jornalbeirario.com.br\\\/portal\\\/?p=54139\"},\"author\":{\"name\":\"Jornal BEIRA-RIO\",\"@id\":\"https:\\\/\\\/jornalbeirario.com.br\\\/portal\\\/#\\\/schema\\\/person\\\/c6c423e4c2465d2a9233f6539173e7c1\"},\"headline\":\"Usu\u00e1rios t\u00eam at\u00e9 30 de outubro pra cadastrar Bolsa Fam\u00edlia\",\"datePublished\":\"2017-10-09T18:29:54+00:00\",\"mainEntityOfPage\":{\"@id\":\"https:\\\/\\\/jornalbeirario.com.br\\\/portal\\\/?p=54139\"},\"wordCount\":387,\"commentCount\":0,\"publisher\":{\"@id\":\"https:\\\/\\\/jornalbeirario.com.br\\\/portal\\\/#organization\"},\"image\":{\"@id\":\"https:\\\/\\\/jornalbeirario.com.br\\\/portal\\\/?p=54139#primaryimage\"},\"thumbnailUrl\":\"https:\\\/\\\/jornalbeirario.com.br\\\/portal\\\/wp-content\\\/uploads\\\/2017\\\/10\\\/Bolsa-Familia1.jpg\",\"keywords\":[\"dehoraemhora\"],\"articleSection\":[\"Cidade\"],\"inLanguage\":\"pt-BR\",\"potentialAction\":[{\"@type\":\"CommentAction\",\"name\":\"Comment\",\"target\":[\"https:\\\/\\\/jornalbeirario.com.br\\\/portal\\\/?p=54139#respond\"]}]},{\"@type\":\"WebPage\",\"@id\":\"https:\\\/\\\/jornalbeirario.com.br\\\/portal\\\/?p=54139\",\"url\":\"https:\\\/\\\/jornalbeirario.com.br\\\/portal\\\/?p=54139\",\"name\":\"Usu\u00e1rios t\u00eam at\u00e9 30 de outubro pra cadastrar Bolsa Fam\u00edlia - JORNAL BEIRA RIO\",\"isPartOf\":{\"@id\":\"https:\\\/\\\/jornalbeirario.com.br\\\/portal\\\/#website\"},\"primaryImageOfPage\":{\"@id\":\"https:\\\/\\\/jornalbeirario.com.br\\\/portal\\\/?p=54139#primaryimage\"},\"image\":{\"@id\":\"https:\\\/\\\/jornalbeirario.com.br\\\/portal\\\/?p=54139#primaryimage\"},\"thumbnailUrl\":\"https:\\\/\\\/jornalbeirario.com.br\\\/portal\\\/wp-content\\\/uploads\\\/2017\\\/10\\\/Bolsa-Familia1.jpg\",\"datePublished\":\"2017-10-09T18:29:54+00:00\",\"breadcrumb\":{\"@id\":\"https:\\\/\\\/jornalbeirario.com.br\\\/portal\\\/?p=54139#breadcrumb\"},\"inLanguage\":\"pt-BR\",\"potentialAction\":[{\"@type\":\"ReadAction\",\"target\":[\"https:\\\/\\\/jornalbeirario.com.br\\\/portal\\\/?p=54139\"]}]},{\"@type\":\"ImageObject\",\"inLanguage\":\"pt-BR\",\"@id\":\"https:\\\/\\\/jornalbeirario.com.br\\\/portal\\\/?p=54139#primaryimage\",\"url\":\"https:\\\/\\\/jornalbeirario.com.br\\\/portal\\\/wp-content\\\/uploads\\\/2017\\\/10\\\/Bolsa-Familia1.jpg\",\"contentUrl\":\"https:\\\/\\\/jornalbeirario.com.br\\\/portal\\\/wp-content\\\/uploads\\\/2017\\\/10\\\/Bolsa-Familia1.jpg\",\"width\":640,\"height\":480},{\"@type\":\"BreadcrumbList\",\"@id\":\"https:\\\/\\\/jornalbeirario.com.br\\\/portal\\\/?p=54139#breadcrumb\",\"itemListElement\":[{\"@type\":\"ListItem\",\"position\":1,\"name\":\"Home\",\"item\":\"https:\\\/\\\/jornalbeirario.com.br\\\/portal\"},{\"@type\":\"ListItem\",\"position\":2,\"name\":\"Usu\u00e1rios t\u00eam at\u00e9 30 de outubro pra cadastrar Bolsa Fam\u00edlia\"}]},{\"@type\":\"WebSite\",\"@id\":\"https:\\\/\\\/jornalbeirario.com.br\\\/portal\\\/#website\",\"url\":\"https:\\\/\\\/jornalbeirario.com.br\\\/portal\\\/\",\"name\":\"JORNAL BEIRA RIO\",\"description\":\"\",\"publisher\":{\"@id\":\"https:\\\/\\\/jornalbeirario.com.br\\\/portal\\\/#organization\"},\"potentialAction\":[{\"@type\":\"SearchAction\",\"target\":{\"@type\":\"EntryPoint\",\"urlTemplate\":\"https:\\\/\\\/jornalbeirario.com.br\\\/portal\\\/?s={search_term_string}\"},\"query-input\":{\"@type\":\"PropertyValueSpecification\",\"valueRequired\":true,\"valueName\":\"search_term_string\"}}],\"inLanguage\":\"pt-BR\"},{\"@type\":\"Organization\",\"@id\":\"https:\\\/\\\/jornalbeirario.com.br\\\/portal\\\/#organization\",\"name\":\"JORNAL BEIRA RIO\",\"url\":\"https:\\\/\\\/jornalbeirario.com.br\\\/portal\\\/\",\"logo\":{\"@type\":\"ImageObject\",\"inLanguage\":\"pt-BR\",\"@id\":\"https:\\\/\\\/jornalbeirario.com.br\\\/portal\\\/#\\\/schema\\\/logo\\\/image\\\/\",\"url\":\"https:\\\/\\\/jornalbeirario.com.br\\\/portal\\\/wp-content\\\/uploads\\\/2017\\\/09\\\/BEIRA-RIO_logo600.png\",\"contentUrl\":\"https:\\\/\\\/jornalbeirario.com.br\\\/portal\\\/wp-content\\\/uploads\\\/2017\\\/09\\\/BEIRA-RIO_logo600.png\",\"width\":650,\"height\":108,\"caption\":\"JORNAL BEIRA RIO\"},\"image\":{\"@id\":\"https:\\\/\\\/jornalbeirario.com.br\\\/portal\\\/#\\\/schema\\\/logo\\\/image\\\/\"}},{\"@type\":\"Person\",\"@id\":\"https:\\\/\\\/jornalbeirario.com.br\\\/portal\\\/#\\\/schema\\\/person\\\/c6c423e4c2465d2a9233f6539173e7c1\",\"name\":\"Jornal BEIRA-RIO\",\"image\":{\"@type\":\"ImageObject\",\"inLanguage\":\"pt-BR\",\"@id\":\"https:\\\/\\\/jornalbeirario.com.br\\\/portal\\\/wp-content\\\/uploads\\\/2023\\\/10\\\/logojbr1.jpg\",\"url\":\"https:\\\/\\\/jornalbeirario.com.br\\\/portal\\\/wp-content\\\/uploads\\\/2023\\\/10\\\/logojbr1.jpg\",\"contentUrl\":\"https:\\\/\\\/jornalbeirario.com.br\\\/portal\\\/wp-content\\\/uploads\\\/2023\\\/10\\\/logojbr1.jpg\",\"caption\":\"Jornal BEIRA-RIO\"},\"url\":\"https:\\\/\\\/jornalbeirario.com.br\\\/portal\\\/?author=1\"}]}<\/script>\n<!-- \/ Yoast SEO plugin. -->","yoast_head_json":{"title":"Usu\u00e1rios t\u00eam at\u00e9 30 de outubro pra cadastrar Bolsa Fam\u00edlia - JORNAL BEIRA RIO","robots":{"index":"index","follow":"follow","max-snippet":"max-snippet:-1","max-image-preview":"max-image-preview:large","max-video-preview":"max-video-preview:-1"},"canonical":"https:\/\/jornalbeirario.com.br\/portal\/?p=54139","og_locale":"pt_BR","og_type":"article","og_title":"Usu\u00e1rios t\u00eam at\u00e9 30 de outubro pra cadastrar Bolsa Fam\u00edlia - JORNAL BEIRA RIO","og_description":"At\u00e9 o pr\u00f3ximo dia 30, os benefici\u00e1rios cadastrados no Programa Bolsa Fam\u00edlia dever\u00e3o fazer o acompanhamento de sa\u00fade exigido pelo Governo Federal. As avalia\u00e7\u00f5es","og_url":"https:\/\/jornalbeirario.com.br\/portal\/?p=54139","og_site_name":"JORNAL BEIRA RIO","article_published_time":"2017-10-09T18:29:54+00:00","og_image":[{"width":640,"height":480,"url":"https:\/\/jornalbeirario.com.br\/portal\/wp-content\/uploads\/2017\/10\/Bolsa-Familia1.jpg","type":"image\/jpeg"}],"author":"Jornal BEIRA-RIO","twitter_card":"summary_large_image","twitter_misc":{"Escrito por":"Jornal BEIRA-RIO","Est. tempo de leitura":"2 minutos"},"schema":{"@context":"https:\/\/schema.org","@graph":[{"@type":"Article","@id":"https:\/\/jornalbeirario.com.br\/portal\/?p=54139#article","isPartOf":{"@id":"https:\/\/jornalbeirario.com.br\/portal\/?p=54139"},"author":{"name":"Jornal BEIRA-RIO","@id":"https:\/\/jornalbeirario.com.br\/portal\/#\/schema\/person\/c6c423e4c2465d2a9233f6539173e7c1"},"headline":"Usu\u00e1rios t\u00eam at\u00e9 30 de outubro pra cadastrar Bolsa Fam\u00edlia","datePublished":"2017-10-09T18:29:54+00:00","mainEntityOfPage":{"@id":"https:\/\/jornalbeirario.com.br\/portal\/?p=54139"},"wordCount":387,"commentCount":0,"publisher":{"@id":"https:\/\/jornalbeirario.com.br\/portal\/#organization"},"image":{"@id":"https:\/\/jornalbeirario.com.br\/portal\/?p=54139#primaryimage"},"thumbnailUrl":"https:\/\/jornalbeirario.com.br\/portal\/wp-content\/uploads\/2017\/10\/Bolsa-Familia1.jpg","keywords":["dehoraemhora"],"articleSection":["Cidade"],"inLanguage":"pt-BR","potentialAction":[{"@type":"CommentAction","name":"Comment","target":["https:\/\/jornalbeirario.com.br\/portal\/?p=54139#respond"]}]},{"@type":"WebPage","@id":"https:\/\/jornalbeirario.com.br\/portal\/?p=54139","url":"https:\/\/jornalbeirario.com.br\/portal\/?p=54139","name":"Usu\u00e1rios t\u00eam at\u00e9 30 de outubro pra cadastrar Bolsa Fam\u00edlia - JORNAL BEIRA RIO","isPartOf":{"@id":"https:\/\/jornalbeirario.com.br\/portal\/#website"},"primaryImageOfPage":{"@id":"https:\/\/jornalbeirario.com.br\/portal\/?p=54139#primaryimage"},"image":{"@id":"https:\/\/jornalbeirario.com.br\/portal\/?p=54139#primaryimage"},"thumbnailUrl":"https:\/\/jornalbeirario.com.br\/portal\/wp-content\/uploads\/2017\/10\/Bolsa-Familia1.jpg","datePublished":"2017-10-09T18:29:54+00:00","breadcrumb":{"@id":"https:\/\/jornalbeirario.com.br\/portal\/?p=54139#breadcrumb"},"inLanguage":"pt-BR","potentialAction":[{"@type":"ReadAction","target":["https:\/\/jornalbeirario.com.br\/portal\/?p=54139"]}]},{"@type":"ImageObject","inLanguage":"pt-BR","@id":"https:\/\/jornalbeirario.com.br\/portal\/?p=54139#primaryimage","url":"https:\/\/jornalbeirario.com.br\/portal\/wp-content\/uploads\/2017\/10\/Bolsa-Familia1.jpg","contentUrl":"https:\/\/jornalbeirario.com.br\/portal\/wp-content\/uploads\/2017\/10\/Bolsa-Familia1.jpg","width":640,"height":480},{"@type":"BreadcrumbList","@id":"https:\/\/jornalbeirario.com.br\/portal\/?p=54139#breadcrumb","itemListElement":[{"@type":"ListItem","position":1,"name":"Home","item":"https:\/\/jornalbeirario.com.br\/portal"},{"@type":"ListItem","position":2,"name":"Usu\u00e1rios t\u00eam at\u00e9 30 de outubro pra cadastrar Bolsa Fam\u00edlia"}]},{"@type":"WebSite","@id":"https:\/\/jornalbeirario.com.br\/portal\/#website","url":"https:\/\/jornalbeirario.com.br\/portal\/","name":"JORNAL BEIRA RIO","description":"","publisher":{"@id":"https:\/\/jornalbeirario.com.br\/portal\/#organization"},"potentialAction":[{"@type":"SearchAction","target":{"@type":"EntryPoint","urlTemplate":"https:\/\/jornalbeirario.com.br\/portal\/?s={search_term_string}"},"query-input":{"@type":"PropertyValueSpecification","valueRequired":true,"valueName":"search_term_string"}}],"inLanguage":"pt-BR"},{"@type":"Organization","@id":"https:\/\/jornalbeirario.com.br\/portal\/#organization","name":"JORNAL BEIRA RIO","url":"https:\/\/jornalbeirario.com.br\/portal\/","logo":{"@type":"ImageObject","inLanguage":"pt-BR","@id":"https:\/\/jornalbeirario.com.br\/portal\/#\/schema\/logo\/image\/","url":"https:\/\/jornalbeirario.com.br\/portal\/wp-content\/uploads\/2017\/09\/BEIRA-RIO_logo600.png","contentUrl":"https:\/\/jornalbeirario.com.br\/portal\/wp-content\/uploads\/2017\/09\/BEIRA-RIO_logo600.png","width":650,"height":108,"caption":"JORNAL BEIRA RIO"},"image":{"@id":"https:\/\/jornalbeirario.com.br\/portal\/#\/schema\/logo\/image\/"}},{"@type":"Person","@id":"https:\/\/jornalbeirario.com.br\/portal\/#\/schema\/person\/c6c423e4c2465d2a9233f6539173e7c1","name":"Jornal BEIRA-RIO","image":{"@type":"ImageObject","inLanguage":"pt-BR","@id":"https:\/\/jornalbeirario.com.br\/portal\/wp-content\/uploads\/2023\/10\/logojbr1.jpg","url":"https:\/\/jornalbeirario.com.br\/portal\/wp-content\/uploads\/2023\/10\/logojbr1.jpg","contentUrl":"https:\/\/jornalbeirario.com.br\/portal\/wp-content\/uploads\/2023\/10\/logojbr1.jpg","caption":"Jornal BEIRA-RIO"},"url":"https:\/\/jornalbeirario.com.br\/portal\/?author=1"}]}},"_links":{"self":[{"href":"https:\/\/jornalbeirario.com.br\/portal\/index.php?rest_route=\/wp\/v2\/posts\/54139","targetHints":{"allow":["GET"]}}],"collection":[{"href":"https:\/\/jornalbeirario.com.br\/portal\/index.php?rest_route=\/wp\/v2\/posts"}],"about":[{"href":"https:\/\/jornalbeirario.com.br\/portal\/index.php?rest_route=\/wp\/v2\/types\/post"}],"author":[{"embeddable":true,"href":"https:\/\/jornalbeirario.com.br\/portal\/index.php?rest_route=\/wp\/v2\/users\/1"}],"replies":[{"embeddable":true,"href":"https:\/\/jornalbeirario.com.br\/portal\/index.php?rest_route=%2Fwp%2Fv2%2Fcomments&post=54139"}],"version-history":[{"count":3,"href":"https:\/\/jornalbeirario.com.br\/portal\/index.php?rest_route=\/wp\/v2\/posts\/54139\/revisions"}],"predecessor-version":[{"id":54144,"href":"https:\/\/jornalbeirario.com.br\/portal\/index.php?rest_route=\/wp\/v2\/posts\/54139\/revisions\/54144"}],"wp:featuredmedia":[{"embeddable":true,"href":"https:\/\/jornalbeirario.com.br\/portal\/index.php?rest_route=\/wp\/v2\/media\/54142"}],"wp:attachment":[{"href":"https:\/\/jornalbeirario.com.br\/portal\/index.php?rest_route=%2Fwp%2Fv2%2Fmedia&parent=54139"}],"wp:term":[{"taxonomy":"category","embeddable":true,"href":"https:\/\/jornalbeirario.com.br\/portal\/index.php?rest_route=%2Fwp%2Fv2%2Fcategories&post=54139"},{"taxonomy":"post_tag","embeddable":true,"href":"https:\/\/jornalbeirario.com.br\/portal\/index.php?rest_route=%2Fwp%2Fv2%2Ftags&post=54139"}],"curies":[{"name":"wp","href":"https:\/\/api.w.org\/{rel}","templated":true}]}}