
{"id":53997,"date":"2017-10-04T10:13:48","date_gmt":"2017-10-04T13:13:48","guid":{"rendered":"http:\/\/jornalbeirario.com.br\/portal\/?p=53997"},"modified":"2017-10-04T10:13:48","modified_gmt":"2017-10-04T13:13:48","slug":"ministerio-da-saude-se-preocupa-com-reaparecimento-do-sarampo-na-europa","status":"publish","type":"post","link":"https:\/\/jornalbeirario.com.br\/portal\/?p=53997","title":{"rendered":"Minist\u00e9rio da Sa\u00fade se preocupa com reaparecimento do sarampo na Europa"},"content":{"rendered":"<p style=\"text-align: justify;\">Com o reaparecimento de doen\u00e7as j\u00e1 eliminadas no mundo, o Minist\u00e9rio da Sa\u00fade reiterou nesta ter\u00e7a-feira, dia 3, a import\u00e2ncia de se vacinar no Brasil. O alerta dado pelo \u00f3rg\u00e3o p\u00fablico vem ap\u00f3s a divulga\u00e7\u00e3o de que pa\u00edses como a Fran\u00e7a, It\u00e1lia, Alemanha, B\u00e9lgica, B\u00f3snia, Ge\u00f3rgia, Cazaquist\u00e3o, Rom\u00eania, S\u00e9rvia, Dinamarca e Ucr\u00e2nia estariam sob risco de surtos de sarampo e\/ou rub\u00e9ola. Eliminado no Brasil desde 2001, o sarampo \u00e9 end\u00eamico em nove pa\u00edses da Europa, como aponta o boletim da Organiza\u00e7\u00e3o Mundial da Sa\u00fade (OMS). E a rub\u00e9ola, eliminada no Brasil desde 2010, \u00e9 considerada end\u00eamica em 14 pa\u00edses europeus.<\/p>\n<p style=\"text-align: justify;\">Com isso, segundo o MS, \u00e9 necess\u00e1rio que a caderneta de vacina\u00e7\u00e3o da popula\u00e7\u00e3o seja atualizada, uma vez que existe o risco do v\u00edrus voltar a circular no pa\u00eds.<\/p>\n<p style=\"text-align: justify;\">Dessa forma, o Sistema \u00danico de Sa\u00fade (SUS) disponibilizou a vacina tr\u00edplice viral (sarampo, caxumba e rub\u00e9ola) para evitar essas doen\u00e7as. Segundo o \u00f3rg\u00e3o, pessoas de 12 meses a 29 anos de idade devem receber a primeira dose aos 12 meses de idade da tr\u00edplice viral e aos 15 (quinze) meses, uma dose da vacina tetraviral (sarampo, caxumba, rub\u00e9ola e var\u00edola), que corresponde \u00e0 segunda dose da vacina tr\u00edplice viral e uma dose da vacina varicela.<\/p>\n<p style=\"text-align: justify;\">Caso haja atraso na vacina\u00e7\u00e3o, crian\u00e7as at\u00e9 quatro anos de idade ainda poder\u00e3o receber a vacina com o componente varicela. A partir de cinco at\u00e9 os 29 anos de idade, dever\u00e3o ser administradas duas doses com a vacina tr\u00edplice viral. Pessoas de 30 a 49 aos de idade devem receber uma dose da vacina tr\u00edplice viral.<\/p>\n<p style=\"text-align: justify;\">Em 2016, a taxa de cobertura da vacina tr\u00edplice viral, administrada em crian\u00e7as de um ano, atingiu 95,4% do p\u00fablico-alvo. O \u00edndice \u00e9 ideal, visto que a meta para esta vacina \u00e9 de atingir 95% do p\u00fablico, por\u00e9m, a segunda dose administrada aos 15 meses da vacina tetra viral teve menor ades\u00e3o, com 89,2% das crian\u00e7as vacinadas.<\/p>\n<p style=\"text-align: justify;\">ELIMINA\u00c7\u00c3O<br \/>\nO Brasil recebeu, no segundo semestre de 2016, o certificado de elimina\u00e7\u00e3o do sarampo da Organiza\u00e7\u00e3o Panamericana de Sa\u00fade (OPAS). Desde o ano 2001, n\u00e3o havia registro de casos aut\u00f3ctones da doen\u00e7a no Brasil. Entre 2013 e 2015, ocorreram surtos relacionados \u00e0 importa\u00e7\u00e3o, sendo que o maior n\u00famero de casos foi registrado nos estados de Pernambuco e Cear\u00e1. Ap\u00f3s a implementa\u00e7\u00e3o de medidas de preven\u00e7\u00e3o e controle, como intensifica\u00e7\u00e3o vacinal, campanhas de seguimento, bloqueio vacinal, varredura e monitoramento r\u00e1pido de cobertura vacinal, a transmiss\u00e3o foi interrompida.<\/p>\n<p style=\"text-align: justify;\">Para manter a elimina\u00e7\u00e3o do sarampo, a OPAS\/OMS e o Comit\u00ea Internacional de Peritos (CIE) para a Elimina\u00e7\u00e3o do Sarampo e da Rub\u00e9ola recomendam a todos os pa\u00edses das Am\u00e9ricas que fortale\u00e7am a vigil\u00e2ncia ativa e mantenham a imunidade de sua popula\u00e7\u00e3o por meio da vacina\u00e7\u00e3o.<\/p>\n<p style=\"text-align: justify;\">O Brasil alcan\u00e7ou a meta de elimina\u00e7\u00e3o da Rub\u00e9ola e da S\u00edndrome da Rub\u00e9ola Cong\u00eanita, at\u00e9 o ano de 2010. Desde ent\u00e3o, n\u00e3o h\u00e1 registro de casos no pa\u00eds. Em 2008, ocorreu a maior Campanha de Vacina\u00e7\u00e3o da Rub\u00e9ola no mundo, com 65,9 milh\u00f5es de pessoas na faixa et\u00e1ria de 19 a 39 anos de idade vacinadas, nos Estados do Rio de Janeiro, Minas Gerais, Rio Grande do Norte, Mato Grosso e Maranh\u00e3o. Nos demais estados, a faixa et\u00e1ria foi de 20 a 39 anos de idade. Nesse ano, a cobertura vacinal foi de 94%.<\/p>\n<p style=\"text-align: justify;\"><em>Foto: Arquivo<\/em><\/p>\n<p style=\"text-align: justify;\"><em>Fonte: Ag\u00eancia Sa\u00fade<\/em><\/p>\n","protected":false},"excerpt":{"rendered":"<p>Com o reaparecimento de doen\u00e7as j\u00e1 eliminadas no mundo, o Minist\u00e9rio da Sa\u00fade reiterou nesta ter\u00e7a-feira, dia 3, a import\u00e2ncia de se vacinar no<\/p>\n","protected":false},"author":1,"featured_media":49216,"comment_status":"open","ping_status":"open","sticky":false,"template":"","format":"standard","meta":{"pmpro_default_level":"","footnotes":""},"categories":[1],"tags":[155],"class_list":["post-53997","post","type-post","status-publish","format-standard","has-post-thumbnail","hentry","category-cidade","tag-dehoraemhora","pmpro-has-access"],"yoast_head":"<!-- This site is optimized with the Yoast SEO plugin v27.4 - https:\/\/yoast.com\/product\/yoast-seo-wordpress\/ -->\n<title>Minist\u00e9rio da Sa\u00fade se preocupa com reaparecimento do sarampo na Europa - JORNAL BEIRA RIO<\/title>\n<meta name=\"robots\" content=\"index, follow, max-snippet:-1, max-image-preview:large, max-video-preview:-1\" \/>\n<link rel=\"canonical\" href=\"https:\/\/jornalbeirario.com.br\/portal\/?p=53997\" \/>\n<meta property=\"og:locale\" content=\"pt_BR\" \/>\n<meta property=\"og:type\" content=\"article\" \/>\n<meta property=\"og:title\" content=\"Minist\u00e9rio da Sa\u00fade se preocupa com reaparecimento do sarampo na Europa - JORNAL BEIRA RIO\" \/>\n<meta property=\"og:description\" content=\"Com o reaparecimento de doen\u00e7as j\u00e1 eliminadas no mundo, o Minist\u00e9rio da Sa\u00fade reiterou nesta ter\u00e7a-feira, dia 3, a import\u00e2ncia de se vacinar no\" \/>\n<meta property=\"og:url\" content=\"https:\/\/jornalbeirario.com.br\/portal\/?p=53997\" \/>\n<meta property=\"og:site_name\" content=\"JORNAL BEIRA RIO\" \/>\n<meta property=\"article:published_time\" content=\"2017-10-04T13:13:48+00:00\" \/>\n<meta property=\"og:image\" content=\"https:\/\/jornalbeirario.com.br\/portal\/wp-content\/uploads\/2017\/04\/vacinacaoresende1.jpg\" \/>\n\t<meta property=\"og:image:width\" content=\"640\" \/>\n\t<meta property=\"og:image:height\" content=\"480\" \/>\n\t<meta property=\"og:image:type\" content=\"image\/jpeg\" \/>\n<meta name=\"author\" content=\"Jornal BEIRA-RIO\" \/>\n<meta name=\"twitter:card\" content=\"summary_large_image\" \/>\n<meta name=\"twitter:label1\" content=\"Escrito por\" \/>\n\t<meta name=\"twitter:data1\" content=\"Jornal BEIRA-RIO\" \/>\n\t<meta name=\"twitter:label2\" content=\"Est. tempo de leitura\" \/>\n\t<meta name=\"twitter:data2\" content=\"3 minutos\" \/>\n<script type=\"application\/ld+json\" class=\"yoast-schema-graph\">{\"@context\":\"https:\\\/\\\/schema.org\",\"@graph\":[{\"@type\":\"Article\",\"@id\":\"https:\\\/\\\/jornalbeirario.com.br\\\/portal\\\/?p=53997#article\",\"isPartOf\":{\"@id\":\"https:\\\/\\\/jornalbeirario.com.br\\\/portal\\\/?p=53997\"},\"author\":{\"name\":\"Jornal BEIRA-RIO\",\"@id\":\"https:\\\/\\\/jornalbeirario.com.br\\\/portal\\\/#\\\/schema\\\/person\\\/c6c423e4c2465d2a9233f6539173e7c1\"},\"headline\":\"Minist\u00e9rio da Sa\u00fade se preocupa com reaparecimento do sarampo na Europa\",\"datePublished\":\"2017-10-04T13:13:48+00:00\",\"mainEntityOfPage\":{\"@id\":\"https:\\\/\\\/jornalbeirario.com.br\\\/portal\\\/?p=53997\"},\"wordCount\":626,\"commentCount\":0,\"publisher\":{\"@id\":\"https:\\\/\\\/jornalbeirario.com.br\\\/portal\\\/#organization\"},\"image\":{\"@id\":\"https:\\\/\\\/jornalbeirario.com.br\\\/portal\\\/?p=53997#primaryimage\"},\"thumbnailUrl\":\"https:\\\/\\\/jornalbeirario.com.br\\\/portal\\\/wp-content\\\/uploads\\\/2017\\\/04\\\/vacinacaoresende1.jpg\",\"keywords\":[\"dehoraemhora\"],\"articleSection\":[\"Cidade\"],\"inLanguage\":\"pt-BR\",\"potentialAction\":[{\"@type\":\"CommentAction\",\"name\":\"Comment\",\"target\":[\"https:\\\/\\\/jornalbeirario.com.br\\\/portal\\\/?p=53997#respond\"]}]},{\"@type\":\"WebPage\",\"@id\":\"https:\\\/\\\/jornalbeirario.com.br\\\/portal\\\/?p=53997\",\"url\":\"https:\\\/\\\/jornalbeirario.com.br\\\/portal\\\/?p=53997\",\"name\":\"Minist\u00e9rio da Sa\u00fade se preocupa com reaparecimento do sarampo na Europa - JORNAL BEIRA RIO\",\"isPartOf\":{\"@id\":\"https:\\\/\\\/jornalbeirario.com.br\\\/portal\\\/#website\"},\"primaryImageOfPage\":{\"@id\":\"https:\\\/\\\/jornalbeirario.com.br\\\/portal\\\/?p=53997#primaryimage\"},\"image\":{\"@id\":\"https:\\\/\\\/jornalbeirario.com.br\\\/portal\\\/?p=53997#primaryimage\"},\"thumbnailUrl\":\"https:\\\/\\\/jornalbeirario.com.br\\\/portal\\\/wp-content\\\/uploads\\\/2017\\\/04\\\/vacinacaoresende1.jpg\",\"datePublished\":\"2017-10-04T13:13:48+00:00\",\"breadcrumb\":{\"@id\":\"https:\\\/\\\/jornalbeirario.com.br\\\/portal\\\/?p=53997#breadcrumb\"},\"inLanguage\":\"pt-BR\",\"potentialAction\":[{\"@type\":\"ReadAction\",\"target\":[\"https:\\\/\\\/jornalbeirario.com.br\\\/portal\\\/?p=53997\"]}]},{\"@type\":\"ImageObject\",\"inLanguage\":\"pt-BR\",\"@id\":\"https:\\\/\\\/jornalbeirario.com.br\\\/portal\\\/?p=53997#primaryimage\",\"url\":\"https:\\\/\\\/jornalbeirario.com.br\\\/portal\\\/wp-content\\\/uploads\\\/2017\\\/04\\\/vacinacaoresende1.jpg\",\"contentUrl\":\"https:\\\/\\\/jornalbeirario.com.br\\\/portal\\\/wp-content\\\/uploads\\\/2017\\\/04\\\/vacinacaoresende1.jpg\",\"width\":640,\"height\":480},{\"@type\":\"BreadcrumbList\",\"@id\":\"https:\\\/\\\/jornalbeirario.com.br\\\/portal\\\/?p=53997#breadcrumb\",\"itemListElement\":[{\"@type\":\"ListItem\",\"position\":1,\"name\":\"Home\",\"item\":\"https:\\\/\\\/jornalbeirario.com.br\\\/portal\"},{\"@type\":\"ListItem\",\"position\":2,\"name\":\"Minist\u00e9rio da Sa\u00fade se preocupa com reaparecimento do sarampo na Europa\"}]},{\"@type\":\"WebSite\",\"@id\":\"https:\\\/\\\/jornalbeirario.com.br\\\/portal\\\/#website\",\"url\":\"https:\\\/\\\/jornalbeirario.com.br\\\/portal\\\/\",\"name\":\"JORNAL BEIRA RIO\",\"description\":\"\",\"publisher\":{\"@id\":\"https:\\\/\\\/jornalbeirario.com.br\\\/portal\\\/#organization\"},\"potentialAction\":[{\"@type\":\"SearchAction\",\"target\":{\"@type\":\"EntryPoint\",\"urlTemplate\":\"https:\\\/\\\/jornalbeirario.com.br\\\/portal\\\/?s={search_term_string}\"},\"query-input\":{\"@type\":\"PropertyValueSpecification\",\"valueRequired\":true,\"valueName\":\"search_term_string\"}}],\"inLanguage\":\"pt-BR\"},{\"@type\":\"Organization\",\"@id\":\"https:\\\/\\\/jornalbeirario.com.br\\\/portal\\\/#organization\",\"name\":\"JORNAL BEIRA RIO\",\"url\":\"https:\\\/\\\/jornalbeirario.com.br\\\/portal\\\/\",\"logo\":{\"@type\":\"ImageObject\",\"inLanguage\":\"pt-BR\",\"@id\":\"https:\\\/\\\/jornalbeirario.com.br\\\/portal\\\/#\\\/schema\\\/logo\\\/image\\\/\",\"url\":\"https:\\\/\\\/jornalbeirario.com.br\\\/portal\\\/wp-content\\\/uploads\\\/2017\\\/09\\\/BEIRA-RIO_logo600.png\",\"contentUrl\":\"https:\\\/\\\/jornalbeirario.com.br\\\/portal\\\/wp-content\\\/uploads\\\/2017\\\/09\\\/BEIRA-RIO_logo600.png\",\"width\":650,\"height\":108,\"caption\":\"JORNAL BEIRA RIO\"},\"image\":{\"@id\":\"https:\\\/\\\/jornalbeirario.com.br\\\/portal\\\/#\\\/schema\\\/logo\\\/image\\\/\"}},{\"@type\":\"Person\",\"@id\":\"https:\\\/\\\/jornalbeirario.com.br\\\/portal\\\/#\\\/schema\\\/person\\\/c6c423e4c2465d2a9233f6539173e7c1\",\"name\":\"Jornal BEIRA-RIO\",\"image\":{\"@type\":\"ImageObject\",\"inLanguage\":\"pt-BR\",\"@id\":\"https:\\\/\\\/jornalbeirario.com.br\\\/portal\\\/wp-content\\\/uploads\\\/2023\\\/10\\\/logojbr1.jpg\",\"url\":\"https:\\\/\\\/jornalbeirario.com.br\\\/portal\\\/wp-content\\\/uploads\\\/2023\\\/10\\\/logojbr1.jpg\",\"contentUrl\":\"https:\\\/\\\/jornalbeirario.com.br\\\/portal\\\/wp-content\\\/uploads\\\/2023\\\/10\\\/logojbr1.jpg\",\"caption\":\"Jornal BEIRA-RIO\"},\"url\":\"https:\\\/\\\/jornalbeirario.com.br\\\/portal\\\/?author=1\"}]}<\/script>\n<!-- \/ Yoast SEO plugin. -->","yoast_head_json":{"title":"Minist\u00e9rio da Sa\u00fade se preocupa com reaparecimento do sarampo na Europa - JORNAL BEIRA RIO","robots":{"index":"index","follow":"follow","max-snippet":"max-snippet:-1","max-image-preview":"max-image-preview:large","max-video-preview":"max-video-preview:-1"},"canonical":"https:\/\/jornalbeirario.com.br\/portal\/?p=53997","og_locale":"pt_BR","og_type":"article","og_title":"Minist\u00e9rio da Sa\u00fade se preocupa com reaparecimento do sarampo na Europa - JORNAL BEIRA RIO","og_description":"Com o reaparecimento de doen\u00e7as j\u00e1 eliminadas no mundo, o Minist\u00e9rio da Sa\u00fade reiterou nesta ter\u00e7a-feira, dia 3, a import\u00e2ncia de se vacinar no","og_url":"https:\/\/jornalbeirario.com.br\/portal\/?p=53997","og_site_name":"JORNAL BEIRA RIO","article_published_time":"2017-10-04T13:13:48+00:00","og_image":[{"width":640,"height":480,"url":"https:\/\/jornalbeirario.com.br\/portal\/wp-content\/uploads\/2017\/04\/vacinacaoresende1.jpg","type":"image\/jpeg"}],"author":"Jornal BEIRA-RIO","twitter_card":"summary_large_image","twitter_misc":{"Escrito por":"Jornal BEIRA-RIO","Est. tempo de leitura":"3 minutos"},"schema":{"@context":"https:\/\/schema.org","@graph":[{"@type":"Article","@id":"https:\/\/jornalbeirario.com.br\/portal\/?p=53997#article","isPartOf":{"@id":"https:\/\/jornalbeirario.com.br\/portal\/?p=53997"},"author":{"name":"Jornal BEIRA-RIO","@id":"https:\/\/jornalbeirario.com.br\/portal\/#\/schema\/person\/c6c423e4c2465d2a9233f6539173e7c1"},"headline":"Minist\u00e9rio da Sa\u00fade se preocupa com reaparecimento do sarampo na Europa","datePublished":"2017-10-04T13:13:48+00:00","mainEntityOfPage":{"@id":"https:\/\/jornalbeirario.com.br\/portal\/?p=53997"},"wordCount":626,"commentCount":0,"publisher":{"@id":"https:\/\/jornalbeirario.com.br\/portal\/#organization"},"image":{"@id":"https:\/\/jornalbeirario.com.br\/portal\/?p=53997#primaryimage"},"thumbnailUrl":"https:\/\/jornalbeirario.com.br\/portal\/wp-content\/uploads\/2017\/04\/vacinacaoresende1.jpg","keywords":["dehoraemhora"],"articleSection":["Cidade"],"inLanguage":"pt-BR","potentialAction":[{"@type":"CommentAction","name":"Comment","target":["https:\/\/jornalbeirario.com.br\/portal\/?p=53997#respond"]}]},{"@type":"WebPage","@id":"https:\/\/jornalbeirario.com.br\/portal\/?p=53997","url":"https:\/\/jornalbeirario.com.br\/portal\/?p=53997","name":"Minist\u00e9rio da Sa\u00fade se preocupa com reaparecimento do sarampo na Europa - JORNAL BEIRA RIO","isPartOf":{"@id":"https:\/\/jornalbeirario.com.br\/portal\/#website"},"primaryImageOfPage":{"@id":"https:\/\/jornalbeirario.com.br\/portal\/?p=53997#primaryimage"},"image":{"@id":"https:\/\/jornalbeirario.com.br\/portal\/?p=53997#primaryimage"},"thumbnailUrl":"https:\/\/jornalbeirario.com.br\/portal\/wp-content\/uploads\/2017\/04\/vacinacaoresende1.jpg","datePublished":"2017-10-04T13:13:48+00:00","breadcrumb":{"@id":"https:\/\/jornalbeirario.com.br\/portal\/?p=53997#breadcrumb"},"inLanguage":"pt-BR","potentialAction":[{"@type":"ReadAction","target":["https:\/\/jornalbeirario.com.br\/portal\/?p=53997"]}]},{"@type":"ImageObject","inLanguage":"pt-BR","@id":"https:\/\/jornalbeirario.com.br\/portal\/?p=53997#primaryimage","url":"https:\/\/jornalbeirario.com.br\/portal\/wp-content\/uploads\/2017\/04\/vacinacaoresende1.jpg","contentUrl":"https:\/\/jornalbeirario.com.br\/portal\/wp-content\/uploads\/2017\/04\/vacinacaoresende1.jpg","width":640,"height":480},{"@type":"BreadcrumbList","@id":"https:\/\/jornalbeirario.com.br\/portal\/?p=53997#breadcrumb","itemListElement":[{"@type":"ListItem","position":1,"name":"Home","item":"https:\/\/jornalbeirario.com.br\/portal"},{"@type":"ListItem","position":2,"name":"Minist\u00e9rio da Sa\u00fade se preocupa com reaparecimento do sarampo na Europa"}]},{"@type":"WebSite","@id":"https:\/\/jornalbeirario.com.br\/portal\/#website","url":"https:\/\/jornalbeirario.com.br\/portal\/","name":"JORNAL BEIRA RIO","description":"","publisher":{"@id":"https:\/\/jornalbeirario.com.br\/portal\/#organization"},"potentialAction":[{"@type":"SearchAction","target":{"@type":"EntryPoint","urlTemplate":"https:\/\/jornalbeirario.com.br\/portal\/?s={search_term_string}"},"query-input":{"@type":"PropertyValueSpecification","valueRequired":true,"valueName":"search_term_string"}}],"inLanguage":"pt-BR"},{"@type":"Organization","@id":"https:\/\/jornalbeirario.com.br\/portal\/#organization","name":"JORNAL BEIRA RIO","url":"https:\/\/jornalbeirario.com.br\/portal\/","logo":{"@type":"ImageObject","inLanguage":"pt-BR","@id":"https:\/\/jornalbeirario.com.br\/portal\/#\/schema\/logo\/image\/","url":"https:\/\/jornalbeirario.com.br\/portal\/wp-content\/uploads\/2017\/09\/BEIRA-RIO_logo600.png","contentUrl":"https:\/\/jornalbeirario.com.br\/portal\/wp-content\/uploads\/2017\/09\/BEIRA-RIO_logo600.png","width":650,"height":108,"caption":"JORNAL BEIRA RIO"},"image":{"@id":"https:\/\/jornalbeirario.com.br\/portal\/#\/schema\/logo\/image\/"}},{"@type":"Person","@id":"https:\/\/jornalbeirario.com.br\/portal\/#\/schema\/person\/c6c423e4c2465d2a9233f6539173e7c1","name":"Jornal BEIRA-RIO","image":{"@type":"ImageObject","inLanguage":"pt-BR","@id":"https:\/\/jornalbeirario.com.br\/portal\/wp-content\/uploads\/2023\/10\/logojbr1.jpg","url":"https:\/\/jornalbeirario.com.br\/portal\/wp-content\/uploads\/2023\/10\/logojbr1.jpg","contentUrl":"https:\/\/jornalbeirario.com.br\/portal\/wp-content\/uploads\/2023\/10\/logojbr1.jpg","caption":"Jornal BEIRA-RIO"},"url":"https:\/\/jornalbeirario.com.br\/portal\/?author=1"}]}},"_links":{"self":[{"href":"https:\/\/jornalbeirario.com.br\/portal\/index.php?rest_route=\/wp\/v2\/posts\/53997","targetHints":{"allow":["GET"]}}],"collection":[{"href":"https:\/\/jornalbeirario.com.br\/portal\/index.php?rest_route=\/wp\/v2\/posts"}],"about":[{"href":"https:\/\/jornalbeirario.com.br\/portal\/index.php?rest_route=\/wp\/v2\/types\/post"}],"author":[{"embeddable":true,"href":"https:\/\/jornalbeirario.com.br\/portal\/index.php?rest_route=\/wp\/v2\/users\/1"}],"replies":[{"embeddable":true,"href":"https:\/\/jornalbeirario.com.br\/portal\/index.php?rest_route=%2Fwp%2Fv2%2Fcomments&post=53997"}],"version-history":[{"count":2,"href":"https:\/\/jornalbeirario.com.br\/portal\/index.php?rest_route=\/wp\/v2\/posts\/53997\/revisions"}],"predecessor-version":[{"id":53999,"href":"https:\/\/jornalbeirario.com.br\/portal\/index.php?rest_route=\/wp\/v2\/posts\/53997\/revisions\/53999"}],"wp:featuredmedia":[{"embeddable":true,"href":"https:\/\/jornalbeirario.com.br\/portal\/index.php?rest_route=\/wp\/v2\/media\/49216"}],"wp:attachment":[{"href":"https:\/\/jornalbeirario.com.br\/portal\/index.php?rest_route=%2Fwp%2Fv2%2Fmedia&parent=53997"}],"wp:term":[{"taxonomy":"category","embeddable":true,"href":"https:\/\/jornalbeirario.com.br\/portal\/index.php?rest_route=%2Fwp%2Fv2%2Fcategories&post=53997"},{"taxonomy":"post_tag","embeddable":true,"href":"https:\/\/jornalbeirario.com.br\/portal\/index.php?rest_route=%2Fwp%2Fv2%2Ftags&post=53997"}],"curies":[{"name":"wp","href":"https:\/\/api.w.org\/{rel}","templated":true}]}}