
{"id":53914,"date":"2017-09-30T16:42:14","date_gmt":"2017-09-30T19:42:14","guid":{"rendered":"http:\/\/jornalbeirario.com.br\/portal\/?p=53914"},"modified":"2017-10-09T11:38:16","modified_gmt":"2017-10-09T14:38:16","slug":"chuva-reduz-participacao-de-moradores-em-manifestacao-contra-falta-de-agua","status":"publish","type":"post","link":"https:\/\/jornalbeirario.com.br\/portal\/?p=53914","title":{"rendered":"Mesmo com pouca presen\u00e7a, moradores protestam contra falta de \u00e1gua em Penedo"},"content":{"rendered":"<figure id=\"attachment_53913\" aria-describedby=\"caption-attachment-53913\" style=\"width: 300px\" class=\"wp-caption alignleft\"><a href=\"https:\/\/jornalbeirario.com.br\/portal\/wp-content\/uploads\/2017\/09\/protesto-penedo2.jpg\"><img loading=\"lazy\" decoding=\"async\" class=\"wp-image-53913 size-medium\" src=\"https:\/\/jornalbeirario.com.br\/portal\/wp-content\/uploads\/2017\/09\/protesto-penedo2-300x225.jpg\" alt=\"\" width=\"300\" height=\"225\" srcset=\"https:\/\/jornalbeirario.com.br\/portal\/wp-content\/uploads\/2017\/09\/protesto-penedo2-300x225.jpg 300w, https:\/\/jornalbeirario.com.br\/portal\/wp-content\/uploads\/2017\/09\/protesto-penedo2.jpg 640w\" sizes=\"auto, (max-width: 300px) 100vw, 300px\" \/><\/a><figcaption id=\"caption-attachment-53913\" class=\"wp-caption-text\">Mesmo com pouca gente, moradores marcaram presen\u00e7a no local combinado<\/figcaption><\/figure>\n<p style=\"text-align: justify;\">Foi remarcada para o pr\u00f3ximo dia 7 a manifesta\u00e7\u00e3o que aconteceria em frente a Casa do Papai Noel, em Penedo. De acordo com um dos organizadores do protesto, a chuva que caiu nas \u00faltimas horas fez com que muitos n\u00e3o comparecessem neste s\u00e1bado, dia 30, o que motivou o grupo a agendar a manifesta\u00e7\u00e3o para a pr\u00f3xima semana.<\/p>\n<p style=\"text-align: justify;\">&#8211; Muita gente que queria participar desistiu na \u00faltima hora porque choveu e iria trazer crian\u00e7as para a manifesta\u00e7\u00e3o. E a\u00ed o pessoal pediu que a gente voltasse a realizar o protesto na pr\u00f3xima semana &#8211; disse um dos organizadores.<\/p>\n<p style=\"text-align: justify;\">Mesmo assim, um pequeno grupo marcou presen\u00e7a, levando cartazes que reivindicam solu\u00e7\u00f5es para a falta de \u00e1gua na localidade. De acordo com a organiza\u00e7\u00e3o, os moradores vem sofrendo com a falta de \u00e1gua desde o in\u00edcio de setembro.<\/p>\n<p style=\"text-align: justify;\">Os moradores ainda revelam que t\u00eam recebido informa\u00e7\u00f5es de que os caminh\u00f5es-pipa n\u00e3o t\u00eam chegado nas casas, apesar do moradores solicitarem o servi\u00e7o. E que muitos est\u00e3o pagando por ela. &#8220;Tem gente pedindo caminh\u00e3o-pipa em casa e n\u00e3o recebem a \u00e1gua, por outro lado tamb\u00e9m tem gente que est\u00e1 comercializando a \u00e1gua&#8221;, diz uma moradora que esteve presente ao evento.<\/p>\n<p style=\"text-align: justify;\">Os moradores contam que tentaram fazer contato diversas vezes com as autoridades, por\u00e9m sem sucesso.<\/p>\n<p style=\"text-align: justify;\">O movimento ganhou o apoio da artista pl\u00e1stica Creuza Mascarenhas, que mora em Penedo, e passava pelo local. Ela aproveitou o momento para apresentar ao grupo uma poesia sobre a \u00e1gua, e comentou sobre a iniciativa.<\/p>\n<p style=\"text-align: justify;\">&#8211; Acho um movimento v\u00e1lido, muito esperado do povo, de quem sofre com esse problema. Aqui em Penedo nunca vi essa mobiliza\u00e7\u00e3o. Fa\u00e7o aqui uma sugest\u00e3o para que as pessoas se manifestem na c\u00e2mara e na prefeitura, de prefer\u00eancia levando baldes vazios como forma de mostrar a situa\u00e7\u00e3o pela qual est\u00e3o passando &#8211; conclui.<\/p>\n<p><em>Foto de destaque: Reprodu\u00e7\u00e3o do Facebook<\/em><\/p>\n","protected":false},"excerpt":{"rendered":"<p>Foi remarcada para o pr\u00f3ximo dia 7 a manifesta\u00e7\u00e3o que aconteceria em frente a Casa do Papai Noel, em Penedo. De acordo com um<\/p>\n","protected":false},"author":1,"featured_media":53927,"comment_status":"open","ping_status":"open","sticky":false,"template":"","format":"standard","meta":{"pmpro_default_level":"","footnotes":""},"categories":[1,11],"tags":[155,153],"class_list":["post-53914","post","type-post","status-publish","format-standard","has-post-thumbnail","hentry","category-cidade","category-politica","tag-dehoraemhora","tag-manchete","pmpro-has-access"],"yoast_head":"<!-- This site is optimized with the Yoast SEO plugin v27.4 - https:\/\/yoast.com\/product\/yoast-seo-wordpress\/ -->\n<title>Mesmo com pouca presen\u00e7a, moradores protestam contra falta de \u00e1gua em Penedo - JORNAL BEIRA RIO<\/title>\n<meta name=\"robots\" content=\"index, follow, max-snippet:-1, max-image-preview:large, max-video-preview:-1\" \/>\n<link rel=\"canonical\" href=\"https:\/\/jornalbeirario.com.br\/portal\/?p=53914\" \/>\n<meta property=\"og:locale\" content=\"pt_BR\" \/>\n<meta property=\"og:type\" content=\"article\" \/>\n<meta property=\"og:title\" content=\"Mesmo com pouca presen\u00e7a, moradores protestam contra falta de \u00e1gua em Penedo - JORNAL BEIRA RIO\" \/>\n<meta property=\"og:description\" content=\"Foi remarcada para o pr\u00f3ximo dia 7 a manifesta\u00e7\u00e3o que aconteceria em frente a Casa do Papai Noel, em Penedo. De acordo com um\" \/>\n<meta property=\"og:url\" content=\"https:\/\/jornalbeirario.com.br\/portal\/?p=53914\" \/>\n<meta property=\"og:site_name\" content=\"JORNAL BEIRA RIO\" \/>\n<meta property=\"article:published_time\" content=\"2017-09-30T19:42:14+00:00\" \/>\n<meta property=\"article:modified_time\" content=\"2017-10-09T14:38:16+00:00\" \/>\n<meta property=\"og:image\" content=\"https:\/\/jornalbeirario.com.br\/portal\/wp-content\/uploads\/2017\/09\/protesto-penedo5.jpg\" \/>\n\t<meta property=\"og:image:width\" content=\"1100\" \/>\n\t<meta property=\"og:image:height\" content=\"470\" \/>\n\t<meta property=\"og:image:type\" content=\"image\/jpeg\" \/>\n<meta name=\"author\" content=\"Jornal BEIRA-RIO\" \/>\n<meta name=\"twitter:card\" content=\"summary_large_image\" \/>\n<meta name=\"twitter:label1\" content=\"Escrito por\" \/>\n\t<meta name=\"twitter:data1\" content=\"Jornal BEIRA-RIO\" \/>\n\t<meta name=\"twitter:label2\" content=\"Est. tempo de leitura\" \/>\n\t<meta name=\"twitter:data2\" content=\"2 minutos\" \/>\n<script type=\"application\/ld+json\" class=\"yoast-schema-graph\">{\"@context\":\"https:\\\/\\\/schema.org\",\"@graph\":[{\"@type\":\"Article\",\"@id\":\"https:\\\/\\\/jornalbeirario.com.br\\\/portal\\\/?p=53914#article\",\"isPartOf\":{\"@id\":\"https:\\\/\\\/jornalbeirario.com.br\\\/portal\\\/?p=53914\"},\"author\":{\"name\":\"Jornal BEIRA-RIO\",\"@id\":\"https:\\\/\\\/jornalbeirario.com.br\\\/portal\\\/#\\\/schema\\\/person\\\/c6c423e4c2465d2a9233f6539173e7c1\"},\"headline\":\"Mesmo com pouca presen\u00e7a, moradores protestam contra falta de \u00e1gua em Penedo\",\"datePublished\":\"2017-09-30T19:42:14+00:00\",\"dateModified\":\"2017-10-09T14:38:16+00:00\",\"mainEntityOfPage\":{\"@id\":\"https:\\\/\\\/jornalbeirario.com.br\\\/portal\\\/?p=53914\"},\"wordCount\":370,\"commentCount\":0,\"publisher\":{\"@id\":\"https:\\\/\\\/jornalbeirario.com.br\\\/portal\\\/#organization\"},\"image\":{\"@id\":\"https:\\\/\\\/jornalbeirario.com.br\\\/portal\\\/?p=53914#primaryimage\"},\"thumbnailUrl\":\"https:\\\/\\\/jornalbeirario.com.br\\\/portal\\\/wp-content\\\/uploads\\\/2017\\\/09\\\/protesto-penedo5.jpg\",\"keywords\":[\"dehoraemhora\",\"manchete\"],\"articleSection\":[\"Cidade\",\"Pol\u00edtica\"],\"inLanguage\":\"pt-BR\",\"potentialAction\":[{\"@type\":\"CommentAction\",\"name\":\"Comment\",\"target\":[\"https:\\\/\\\/jornalbeirario.com.br\\\/portal\\\/?p=53914#respond\"]}]},{\"@type\":\"WebPage\",\"@id\":\"https:\\\/\\\/jornalbeirario.com.br\\\/portal\\\/?p=53914\",\"url\":\"https:\\\/\\\/jornalbeirario.com.br\\\/portal\\\/?p=53914\",\"name\":\"Mesmo com pouca presen\u00e7a, moradores protestam contra falta de \u00e1gua em Penedo - JORNAL BEIRA RIO\",\"isPartOf\":{\"@id\":\"https:\\\/\\\/jornalbeirario.com.br\\\/portal\\\/#website\"},\"primaryImageOfPage\":{\"@id\":\"https:\\\/\\\/jornalbeirario.com.br\\\/portal\\\/?p=53914#primaryimage\"},\"image\":{\"@id\":\"https:\\\/\\\/jornalbeirario.com.br\\\/portal\\\/?p=53914#primaryimage\"},\"thumbnailUrl\":\"https:\\\/\\\/jornalbeirario.com.br\\\/portal\\\/wp-content\\\/uploads\\\/2017\\\/09\\\/protesto-penedo5.jpg\",\"datePublished\":\"2017-09-30T19:42:14+00:00\",\"dateModified\":\"2017-10-09T14:38:16+00:00\",\"breadcrumb\":{\"@id\":\"https:\\\/\\\/jornalbeirario.com.br\\\/portal\\\/?p=53914#breadcrumb\"},\"inLanguage\":\"pt-BR\",\"potentialAction\":[{\"@type\":\"ReadAction\",\"target\":[\"https:\\\/\\\/jornalbeirario.com.br\\\/portal\\\/?p=53914\"]}]},{\"@type\":\"ImageObject\",\"inLanguage\":\"pt-BR\",\"@id\":\"https:\\\/\\\/jornalbeirario.com.br\\\/portal\\\/?p=53914#primaryimage\",\"url\":\"https:\\\/\\\/jornalbeirario.com.br\\\/portal\\\/wp-content\\\/uploads\\\/2017\\\/09\\\/protesto-penedo5.jpg\",\"contentUrl\":\"https:\\\/\\\/jornalbeirario.com.br\\\/portal\\\/wp-content\\\/uploads\\\/2017\\\/09\\\/protesto-penedo5.jpg\",\"width\":1100,\"height\":470},{\"@type\":\"BreadcrumbList\",\"@id\":\"https:\\\/\\\/jornalbeirario.com.br\\\/portal\\\/?p=53914#breadcrumb\",\"itemListElement\":[{\"@type\":\"ListItem\",\"position\":1,\"name\":\"Home\",\"item\":\"https:\\\/\\\/jornalbeirario.com.br\\\/portal\"},{\"@type\":\"ListItem\",\"position\":2,\"name\":\"Mesmo com pouca presen\u00e7a, moradores protestam contra falta de \u00e1gua em Penedo\"}]},{\"@type\":\"WebSite\",\"@id\":\"https:\\\/\\\/jornalbeirario.com.br\\\/portal\\\/#website\",\"url\":\"https:\\\/\\\/jornalbeirario.com.br\\\/portal\\\/\",\"name\":\"JORNAL BEIRA RIO\",\"description\":\"\",\"publisher\":{\"@id\":\"https:\\\/\\\/jornalbeirario.com.br\\\/portal\\\/#organization\"},\"potentialAction\":[{\"@type\":\"SearchAction\",\"target\":{\"@type\":\"EntryPoint\",\"urlTemplate\":\"https:\\\/\\\/jornalbeirario.com.br\\\/portal\\\/?s={search_term_string}\"},\"query-input\":{\"@type\":\"PropertyValueSpecification\",\"valueRequired\":true,\"valueName\":\"search_term_string\"}}],\"inLanguage\":\"pt-BR\"},{\"@type\":\"Organization\",\"@id\":\"https:\\\/\\\/jornalbeirario.com.br\\\/portal\\\/#organization\",\"name\":\"JORNAL BEIRA RIO\",\"url\":\"https:\\\/\\\/jornalbeirario.com.br\\\/portal\\\/\",\"logo\":{\"@type\":\"ImageObject\",\"inLanguage\":\"pt-BR\",\"@id\":\"https:\\\/\\\/jornalbeirario.com.br\\\/portal\\\/#\\\/schema\\\/logo\\\/image\\\/\",\"url\":\"https:\\\/\\\/jornalbeirario.com.br\\\/portal\\\/wp-content\\\/uploads\\\/2017\\\/09\\\/BEIRA-RIO_logo600.png\",\"contentUrl\":\"https:\\\/\\\/jornalbeirario.com.br\\\/portal\\\/wp-content\\\/uploads\\\/2017\\\/09\\\/BEIRA-RIO_logo600.png\",\"width\":650,\"height\":108,\"caption\":\"JORNAL BEIRA RIO\"},\"image\":{\"@id\":\"https:\\\/\\\/jornalbeirario.com.br\\\/portal\\\/#\\\/schema\\\/logo\\\/image\\\/\"}},{\"@type\":\"Person\",\"@id\":\"https:\\\/\\\/jornalbeirario.com.br\\\/portal\\\/#\\\/schema\\\/person\\\/c6c423e4c2465d2a9233f6539173e7c1\",\"name\":\"Jornal BEIRA-RIO\",\"image\":{\"@type\":\"ImageObject\",\"inLanguage\":\"pt-BR\",\"@id\":\"https:\\\/\\\/jornalbeirario.com.br\\\/portal\\\/wp-content\\\/uploads\\\/2023\\\/10\\\/logojbr1.jpg\",\"url\":\"https:\\\/\\\/jornalbeirario.com.br\\\/portal\\\/wp-content\\\/uploads\\\/2023\\\/10\\\/logojbr1.jpg\",\"contentUrl\":\"https:\\\/\\\/jornalbeirario.com.br\\\/portal\\\/wp-content\\\/uploads\\\/2023\\\/10\\\/logojbr1.jpg\",\"caption\":\"Jornal BEIRA-RIO\"},\"url\":\"https:\\\/\\\/jornalbeirario.com.br\\\/portal\\\/?author=1\"}]}<\/script>\n<!-- \/ Yoast SEO plugin. -->","yoast_head_json":{"title":"Mesmo com pouca presen\u00e7a, moradores protestam contra falta de \u00e1gua em Penedo - JORNAL BEIRA RIO","robots":{"index":"index","follow":"follow","max-snippet":"max-snippet:-1","max-image-preview":"max-image-preview:large","max-video-preview":"max-video-preview:-1"},"canonical":"https:\/\/jornalbeirario.com.br\/portal\/?p=53914","og_locale":"pt_BR","og_type":"article","og_title":"Mesmo com pouca presen\u00e7a, moradores protestam contra falta de \u00e1gua em Penedo - JORNAL BEIRA RIO","og_description":"Foi remarcada para o pr\u00f3ximo dia 7 a manifesta\u00e7\u00e3o que aconteceria em frente a Casa do Papai Noel, em Penedo. De acordo com um","og_url":"https:\/\/jornalbeirario.com.br\/portal\/?p=53914","og_site_name":"JORNAL BEIRA RIO","article_published_time":"2017-09-30T19:42:14+00:00","article_modified_time":"2017-10-09T14:38:16+00:00","og_image":[{"width":1100,"height":470,"url":"https:\/\/jornalbeirario.com.br\/portal\/wp-content\/uploads\/2017\/09\/protesto-penedo5.jpg","type":"image\/jpeg"}],"author":"Jornal BEIRA-RIO","twitter_card":"summary_large_image","twitter_misc":{"Escrito por":"Jornal BEIRA-RIO","Est. tempo de leitura":"2 minutos"},"schema":{"@context":"https:\/\/schema.org","@graph":[{"@type":"Article","@id":"https:\/\/jornalbeirario.com.br\/portal\/?p=53914#article","isPartOf":{"@id":"https:\/\/jornalbeirario.com.br\/portal\/?p=53914"},"author":{"name":"Jornal BEIRA-RIO","@id":"https:\/\/jornalbeirario.com.br\/portal\/#\/schema\/person\/c6c423e4c2465d2a9233f6539173e7c1"},"headline":"Mesmo com pouca presen\u00e7a, moradores protestam contra falta de \u00e1gua em Penedo","datePublished":"2017-09-30T19:42:14+00:00","dateModified":"2017-10-09T14:38:16+00:00","mainEntityOfPage":{"@id":"https:\/\/jornalbeirario.com.br\/portal\/?p=53914"},"wordCount":370,"commentCount":0,"publisher":{"@id":"https:\/\/jornalbeirario.com.br\/portal\/#organization"},"image":{"@id":"https:\/\/jornalbeirario.com.br\/portal\/?p=53914#primaryimage"},"thumbnailUrl":"https:\/\/jornalbeirario.com.br\/portal\/wp-content\/uploads\/2017\/09\/protesto-penedo5.jpg","keywords":["dehoraemhora","manchete"],"articleSection":["Cidade","Pol\u00edtica"],"inLanguage":"pt-BR","potentialAction":[{"@type":"CommentAction","name":"Comment","target":["https:\/\/jornalbeirario.com.br\/portal\/?p=53914#respond"]}]},{"@type":"WebPage","@id":"https:\/\/jornalbeirario.com.br\/portal\/?p=53914","url":"https:\/\/jornalbeirario.com.br\/portal\/?p=53914","name":"Mesmo com pouca presen\u00e7a, moradores protestam contra falta de \u00e1gua em Penedo - JORNAL BEIRA RIO","isPartOf":{"@id":"https:\/\/jornalbeirario.com.br\/portal\/#website"},"primaryImageOfPage":{"@id":"https:\/\/jornalbeirario.com.br\/portal\/?p=53914#primaryimage"},"image":{"@id":"https:\/\/jornalbeirario.com.br\/portal\/?p=53914#primaryimage"},"thumbnailUrl":"https:\/\/jornalbeirario.com.br\/portal\/wp-content\/uploads\/2017\/09\/protesto-penedo5.jpg","datePublished":"2017-09-30T19:42:14+00:00","dateModified":"2017-10-09T14:38:16+00:00","breadcrumb":{"@id":"https:\/\/jornalbeirario.com.br\/portal\/?p=53914#breadcrumb"},"inLanguage":"pt-BR","potentialAction":[{"@type":"ReadAction","target":["https:\/\/jornalbeirario.com.br\/portal\/?p=53914"]}]},{"@type":"ImageObject","inLanguage":"pt-BR","@id":"https:\/\/jornalbeirario.com.br\/portal\/?p=53914#primaryimage","url":"https:\/\/jornalbeirario.com.br\/portal\/wp-content\/uploads\/2017\/09\/protesto-penedo5.jpg","contentUrl":"https:\/\/jornalbeirario.com.br\/portal\/wp-content\/uploads\/2017\/09\/protesto-penedo5.jpg","width":1100,"height":470},{"@type":"BreadcrumbList","@id":"https:\/\/jornalbeirario.com.br\/portal\/?p=53914#breadcrumb","itemListElement":[{"@type":"ListItem","position":1,"name":"Home","item":"https:\/\/jornalbeirario.com.br\/portal"},{"@type":"ListItem","position":2,"name":"Mesmo com pouca presen\u00e7a, moradores protestam contra falta de \u00e1gua em Penedo"}]},{"@type":"WebSite","@id":"https:\/\/jornalbeirario.com.br\/portal\/#website","url":"https:\/\/jornalbeirario.com.br\/portal\/","name":"JORNAL BEIRA RIO","description":"","publisher":{"@id":"https:\/\/jornalbeirario.com.br\/portal\/#organization"},"potentialAction":[{"@type":"SearchAction","target":{"@type":"EntryPoint","urlTemplate":"https:\/\/jornalbeirario.com.br\/portal\/?s={search_term_string}"},"query-input":{"@type":"PropertyValueSpecification","valueRequired":true,"valueName":"search_term_string"}}],"inLanguage":"pt-BR"},{"@type":"Organization","@id":"https:\/\/jornalbeirario.com.br\/portal\/#organization","name":"JORNAL BEIRA RIO","url":"https:\/\/jornalbeirario.com.br\/portal\/","logo":{"@type":"ImageObject","inLanguage":"pt-BR","@id":"https:\/\/jornalbeirario.com.br\/portal\/#\/schema\/logo\/image\/","url":"https:\/\/jornalbeirario.com.br\/portal\/wp-content\/uploads\/2017\/09\/BEIRA-RIO_logo600.png","contentUrl":"https:\/\/jornalbeirario.com.br\/portal\/wp-content\/uploads\/2017\/09\/BEIRA-RIO_logo600.png","width":650,"height":108,"caption":"JORNAL BEIRA RIO"},"image":{"@id":"https:\/\/jornalbeirario.com.br\/portal\/#\/schema\/logo\/image\/"}},{"@type":"Person","@id":"https:\/\/jornalbeirario.com.br\/portal\/#\/schema\/person\/c6c423e4c2465d2a9233f6539173e7c1","name":"Jornal BEIRA-RIO","image":{"@type":"ImageObject","inLanguage":"pt-BR","@id":"https:\/\/jornalbeirario.com.br\/portal\/wp-content\/uploads\/2023\/10\/logojbr1.jpg","url":"https:\/\/jornalbeirario.com.br\/portal\/wp-content\/uploads\/2023\/10\/logojbr1.jpg","contentUrl":"https:\/\/jornalbeirario.com.br\/portal\/wp-content\/uploads\/2023\/10\/logojbr1.jpg","caption":"Jornal BEIRA-RIO"},"url":"https:\/\/jornalbeirario.com.br\/portal\/?author=1"}]}},"_links":{"self":[{"href":"https:\/\/jornalbeirario.com.br\/portal\/index.php?rest_route=\/wp\/v2\/posts\/53914","targetHints":{"allow":["GET"]}}],"collection":[{"href":"https:\/\/jornalbeirario.com.br\/portal\/index.php?rest_route=\/wp\/v2\/posts"}],"about":[{"href":"https:\/\/jornalbeirario.com.br\/portal\/index.php?rest_route=\/wp\/v2\/types\/post"}],"author":[{"embeddable":true,"href":"https:\/\/jornalbeirario.com.br\/portal\/index.php?rest_route=\/wp\/v2\/users\/1"}],"replies":[{"embeddable":true,"href":"https:\/\/jornalbeirario.com.br\/portal\/index.php?rest_route=%2Fwp%2Fv2%2Fcomments&post=53914"}],"version-history":[{"count":24,"href":"https:\/\/jornalbeirario.com.br\/portal\/index.php?rest_route=\/wp\/v2\/posts\/53914\/revisions"}],"predecessor-version":[{"id":54023,"href":"https:\/\/jornalbeirario.com.br\/portal\/index.php?rest_route=\/wp\/v2\/posts\/53914\/revisions\/54023"}],"wp:featuredmedia":[{"embeddable":true,"href":"https:\/\/jornalbeirario.com.br\/portal\/index.php?rest_route=\/wp\/v2\/media\/53927"}],"wp:attachment":[{"href":"https:\/\/jornalbeirario.com.br\/portal\/index.php?rest_route=%2Fwp%2Fv2%2Fmedia&parent=53914"}],"wp:term":[{"taxonomy":"category","embeddable":true,"href":"https:\/\/jornalbeirario.com.br\/portal\/index.php?rest_route=%2Fwp%2Fv2%2Fcategories&post=53914"},{"taxonomy":"post_tag","embeddable":true,"href":"https:\/\/jornalbeirario.com.br\/portal\/index.php?rest_route=%2Fwp%2Fv2%2Ftags&post=53914"}],"curies":[{"name":"wp","href":"https:\/\/api.w.org\/{rel}","templated":true}]}}