
{"id":53797,"date":"2017-09-21T13:17:50","date_gmt":"2017-09-21T16:17:50","guid":{"rendered":"http:\/\/jornalbeirario.com.br\/?p=53516"},"modified":"2017-09-21T13:17:50","modified_gmt":"2017-09-21T16:17:50","slug":"quatis-registra-queimadas-em-areas-de-protecao-ambiental","status":"publish","type":"post","link":"https:\/\/jornalbeirario.com.br\/portal\/?p=53797","title":{"rendered":"Quatis registra queimadas em \u00e1reas de prote\u00e7\u00e3o ambiental"},"content":{"rendered":"<p style=\"text-align: justify;\"><a href=\"http:\/\/jornalbeirario.com.br\/wp-content\/uploads\/2017\/09\/queimada2.jpg\"><img loading=\"lazy\" decoding=\"async\" class=\"alignright size-medium wp-image-53521\" src=\"http:\/\/jornalbeirario.com.br\/wp-content\/uploads\/2017\/09\/queimada2-300x225.jpg\" alt=\"\" width=\"300\" height=\"225\" \/><\/a>Entre a tarde desta ter\u00e7a-feira, dia 19 de setembro, e a noite de quarta-feira, dia 20, a Secretaria Municipal de Meio Ambiente registrou tr\u00eas ocorr\u00eancias de queimadas em \u00e1reas localizadas na zona rural de Quatis. Um dos epis\u00f3dios aconteceu na regi\u00e3o onde est\u00e1 situado o Parque Municipal natural Horto dos Quatis, que \u00e9 uma \u00e1rea de prote\u00e7\u00e3o ambiental. T\u00e9cnicos da prefeitura est\u00e3o apurando os fatos visando \u00e0 elabora\u00e7\u00e3o de um relat\u00f3rio, que posteriormente ser\u00e1 encaminhado \u00e0 Pol\u00edcia Civil.<\/p>\n<p style=\"text-align: justify;\">Os tr\u00eas epis\u00f3dios foram controlados por agentes da Defesa Civil do Munic\u00edpio e da Guarda Municipal, que tiveram o apoio de produtores rurais no combate \u00e0s chamas. S\u00f3 numa das \u00e1reas afetadas, na regi\u00e3o do Glic\u00e9rio, o trecho atingido pelo fogo chegou a cem hectares, afetando pastos, nascentes e a mata ciliar.<\/p>\n<p style=\"text-align: justify;\">J\u00e1 a queimada registrada nas proximidades do Loteamento Bela Vista, em cuja regi\u00e3o fica o Parque Municipal, a \u00e1rea atingida foi de dois mil metros quadrados. A reserva ambiental n\u00e3o chegou a ser afetada. Por sua vez, no terceiro epis\u00f3dio, registrado nas imedia\u00e7\u00f5es dos antigos galp\u00f5es da CBPO (Companhia Brasileira de Projetos e Obras), \u00e0s margens da estrada que liga Quatis a S\u00e3o Joaquim, o tamanho da \u00e1rea atingida ainda sendo calculado. Na manh\u00e3 desta quinta-feira, a titular da pasta, \u00c9dna Azevedo, informou que os tr\u00eas locais de ocorr\u00eancia das queimadas continuam sendo monitoradas pelos t\u00e9cnicos da prefeitura.<\/p>\n<p style=\"text-align: justify;\">&#8211; Recebemos informa\u00e7\u00f5es segundo as quais ainda existem focos de queimadas em alguns trechos dessas \u00e1reas, da\u00ed o nosso estado de alerta para combater poss\u00edveis novas ocorr\u00eancias. Estamos apurando todos os dados relacionados aos casos desta semana para encaminh\u00e1-los \u00e0s autoridades estaduais respons\u00e1veis pela apura\u00e7\u00e3o dos crimes ambientais e adotar as medidas administrativas previstas na legisla\u00e7\u00e3o municipal. As leis do nosso munic\u00edpio estabelecem a aplica\u00e7\u00e3o de multas, mas para isso \u00e9 extremamente necess\u00e1rio provar a autoria das pessoas que provocaram o fogo na mata \u2013 disse \u00c9dna.<\/p>\n<p style=\"text-align: justify;\">Segundo ainda a secret\u00e1ria de Meio Ambiente do Munic\u00edpio, a prefeitura vai intensificar a campanha educativa contra as queimadas iniciada em maio deste ano, atrav\u00e9s da divulga\u00e7\u00e3o de reportagens pela imprensa e os meios de comunica\u00e7\u00e3o digital da administra\u00e7\u00e3o municipal. Em breve, os t\u00e9cnicos da pasta estar\u00e3o indo \u00e0s escolas municipais com o objetivo de conscientizar os estudantes sobre os malef\u00edcios causados pelas queimadas, \u201ctornando-os agentes multiplicadores das orienta\u00e7\u00f5es junto aos seus familiares e vizinhos\u201d.<\/p>\n<p style=\"text-align: justify;\">Em junho passado, a prefeitura j\u00e1 tinha registrado queimadas em \u00e1reas situadas \u00e0s margens da estrada que liga Quatis ao distrito de Falc\u00e3o, a partir do bairro Pilotos, na \u00e1rea urbana. Naquele epis\u00f3dio, o fogo destruiu uma \u00e1rea de 500 metros quadrados e foi controlado por agentes da Defesa Civil do Munic\u00edpio com o apoio de produtores rurais da regi\u00e3o. Segundo a legisla\u00e7\u00e3o da Prefeitura de Quatis, quem for flagrado ateando fogo na mata pode receber uma multa no valor de at\u00e9 R$ 75,32. Este montante corresponde a tr\u00eas UFIQS (Unidade Fiscal de Quatis). No caso da legisla\u00e7\u00e3o federal, a multa pode chegar a R$ 6 mil e o autor das queimadas ser condenado at\u00e9 seis anos de pris\u00e3o.<\/p>\n<p style=\"text-align: justify;\">&#8211; Apelamos novamente para a consci\u00eancia das pessoas, pois as queimadas acarretam numa s\u00e9rie de transtornos \u00e0 popula\u00e7\u00e3o de uma maneira geral, al\u00e9m de destruir o meio ambiente. As queimadas diminuem a fertilidade do solo, prejudicam a produ\u00e7\u00e3o agropecu\u00e1ria, comprometem a qualidade da \u00e1gua; e destroem as matas ciliares, que protegem os rios, ribeir\u00f5es e riachos, al\u00e9m de provocarem v\u00e1rias doen\u00e7as, asma al\u00e9rgica, renite, bronquite e pneumonia, sendo que a fuma\u00e7a proveniente delas possui tamb\u00e9m diversos agentes cancer\u00edgenos \u2013 concluiu Edna Azevedo.<\/p>\n<p><em>Fotos: Divulga\u00e7\u00e3o<\/em><\/p>\n<p style=\"text-align: justify;\"><em>Fonte: Assessoria de Comunica\u00e7\u00e3o (PMQ)<\/em><\/p>\n","protected":false},"excerpt":{"rendered":"<p>Entre a tarde desta ter\u00e7a-feira, dia 19 de setembro, e a noite de quarta-feira, dia 20, a Secretaria Municipal de Meio Ambiente registrou tr\u00eas<\/p>\n","protected":false},"author":1,"featured_media":53519,"comment_status":"open","ping_status":"open","sticky":false,"template":"","format":"standard","meta":{"pmpro_default_level":"","footnotes":""},"categories":[27],"tags":[155,153],"class_list":["post-53797","post","type-post","status-publish","format-standard","has-post-thumbnail","hentry","category-meioambiente","tag-dehoraemhora","tag-manchete","pmpro-has-access"],"yoast_head":"<!-- This site is optimized with the Yoast SEO plugin v27.4 - https:\/\/yoast.com\/product\/yoast-seo-wordpress\/ -->\n<title>Quatis registra queimadas em \u00e1reas de prote\u00e7\u00e3o ambiental - JORNAL BEIRA RIO<\/title>\n<meta name=\"robots\" content=\"index, follow, max-snippet:-1, max-image-preview:large, max-video-preview:-1\" \/>\n<link rel=\"canonical\" href=\"https:\/\/jornalbeirario.com.br\/portal\/?p=53797\" \/>\n<meta property=\"og:locale\" content=\"pt_BR\" \/>\n<meta property=\"og:type\" content=\"article\" \/>\n<meta property=\"og:title\" content=\"Quatis registra queimadas em \u00e1reas de prote\u00e7\u00e3o ambiental - JORNAL BEIRA RIO\" \/>\n<meta property=\"og:description\" content=\"Entre a tarde desta ter\u00e7a-feira, dia 19 de setembro, e a noite de quarta-feira, dia 20, a Secretaria Municipal de Meio Ambiente registrou tr\u00eas\" \/>\n<meta property=\"og:url\" content=\"https:\/\/jornalbeirario.com.br\/portal\/?p=53797\" \/>\n<meta property=\"og:site_name\" content=\"JORNAL BEIRA RIO\" \/>\n<meta property=\"article:published_time\" content=\"2017-09-21T16:17:50+00:00\" \/>\n<meta name=\"author\" content=\"Jornal BEIRA-RIO\" \/>\n<meta name=\"twitter:card\" content=\"summary_large_image\" \/>\n<meta name=\"twitter:label1\" content=\"Escrito por\" \/>\n\t<meta name=\"twitter:data1\" content=\"Jornal BEIRA-RIO\" \/>\n\t<meta name=\"twitter:label2\" content=\"Est. tempo de leitura\" \/>\n\t<meta name=\"twitter:data2\" content=\"3 minutos\" \/>\n<script type=\"application\/ld+json\" class=\"yoast-schema-graph\">{\"@context\":\"https:\\\/\\\/schema.org\",\"@graph\":[{\"@type\":\"Article\",\"@id\":\"https:\\\/\\\/jornalbeirario.com.br\\\/portal\\\/?p=53797#article\",\"isPartOf\":{\"@id\":\"https:\\\/\\\/jornalbeirario.com.br\\\/portal\\\/?p=53797\"},\"author\":{\"name\":\"Jornal BEIRA-RIO\",\"@id\":\"https:\\\/\\\/jornalbeirario.com.br\\\/portal\\\/#\\\/schema\\\/person\\\/c6c423e4c2465d2a9233f6539173e7c1\"},\"headline\":\"Quatis registra queimadas em \u00e1reas de prote\u00e7\u00e3o ambiental\",\"datePublished\":\"2017-09-21T16:17:50+00:00\",\"mainEntityOfPage\":{\"@id\":\"https:\\\/\\\/jornalbeirario.com.br\\\/portal\\\/?p=53797\"},\"wordCount\":664,\"commentCount\":0,\"publisher\":{\"@id\":\"https:\\\/\\\/jornalbeirario.com.br\\\/portal\\\/#organization\"},\"image\":{\"@id\":\"https:\\\/\\\/jornalbeirario.com.br\\\/portal\\\/?p=53797#primaryimage\"},\"thumbnailUrl\":\"\",\"keywords\":[\"dehoraemhora\",\"manchete\"],\"articleSection\":[\"Meio Ambiente\"],\"inLanguage\":\"pt-BR\",\"potentialAction\":[{\"@type\":\"CommentAction\",\"name\":\"Comment\",\"target\":[\"https:\\\/\\\/jornalbeirario.com.br\\\/portal\\\/?p=53797#respond\"]}]},{\"@type\":\"WebPage\",\"@id\":\"https:\\\/\\\/jornalbeirario.com.br\\\/portal\\\/?p=53797\",\"url\":\"https:\\\/\\\/jornalbeirario.com.br\\\/portal\\\/?p=53797\",\"name\":\"Quatis registra queimadas em \u00e1reas de prote\u00e7\u00e3o ambiental - JORNAL BEIRA RIO\",\"isPartOf\":{\"@id\":\"https:\\\/\\\/jornalbeirario.com.br\\\/portal\\\/#website\"},\"primaryImageOfPage\":{\"@id\":\"https:\\\/\\\/jornalbeirario.com.br\\\/portal\\\/?p=53797#primaryimage\"},\"image\":{\"@id\":\"https:\\\/\\\/jornalbeirario.com.br\\\/portal\\\/?p=53797#primaryimage\"},\"thumbnailUrl\":\"\",\"datePublished\":\"2017-09-21T16:17:50+00:00\",\"breadcrumb\":{\"@id\":\"https:\\\/\\\/jornalbeirario.com.br\\\/portal\\\/?p=53797#breadcrumb\"},\"inLanguage\":\"pt-BR\",\"potentialAction\":[{\"@type\":\"ReadAction\",\"target\":[\"https:\\\/\\\/jornalbeirario.com.br\\\/portal\\\/?p=53797\"]}]},{\"@type\":\"ImageObject\",\"inLanguage\":\"pt-BR\",\"@id\":\"https:\\\/\\\/jornalbeirario.com.br\\\/portal\\\/?p=53797#primaryimage\",\"url\":\"\",\"contentUrl\":\"\"},{\"@type\":\"BreadcrumbList\",\"@id\":\"https:\\\/\\\/jornalbeirario.com.br\\\/portal\\\/?p=53797#breadcrumb\",\"itemListElement\":[{\"@type\":\"ListItem\",\"position\":1,\"name\":\"Home\",\"item\":\"https:\\\/\\\/jornalbeirario.com.br\\\/portal\"},{\"@type\":\"ListItem\",\"position\":2,\"name\":\"Quatis registra queimadas em \u00e1reas de prote\u00e7\u00e3o ambiental\"}]},{\"@type\":\"WebSite\",\"@id\":\"https:\\\/\\\/jornalbeirario.com.br\\\/portal\\\/#website\",\"url\":\"https:\\\/\\\/jornalbeirario.com.br\\\/portal\\\/\",\"name\":\"JORNAL BEIRA RIO\",\"description\":\"\",\"publisher\":{\"@id\":\"https:\\\/\\\/jornalbeirario.com.br\\\/portal\\\/#organization\"},\"potentialAction\":[{\"@type\":\"SearchAction\",\"target\":{\"@type\":\"EntryPoint\",\"urlTemplate\":\"https:\\\/\\\/jornalbeirario.com.br\\\/portal\\\/?s={search_term_string}\"},\"query-input\":{\"@type\":\"PropertyValueSpecification\",\"valueRequired\":true,\"valueName\":\"search_term_string\"}}],\"inLanguage\":\"pt-BR\"},{\"@type\":\"Organization\",\"@id\":\"https:\\\/\\\/jornalbeirario.com.br\\\/portal\\\/#organization\",\"name\":\"JORNAL BEIRA RIO\",\"url\":\"https:\\\/\\\/jornalbeirario.com.br\\\/portal\\\/\",\"logo\":{\"@type\":\"ImageObject\",\"inLanguage\":\"pt-BR\",\"@id\":\"https:\\\/\\\/jornalbeirario.com.br\\\/portal\\\/#\\\/schema\\\/logo\\\/image\\\/\",\"url\":\"https:\\\/\\\/jornalbeirario.com.br\\\/portal\\\/wp-content\\\/uploads\\\/2017\\\/09\\\/BEIRA-RIO_logo600.png\",\"contentUrl\":\"https:\\\/\\\/jornalbeirario.com.br\\\/portal\\\/wp-content\\\/uploads\\\/2017\\\/09\\\/BEIRA-RIO_logo600.png\",\"width\":650,\"height\":108,\"caption\":\"JORNAL BEIRA RIO\"},\"image\":{\"@id\":\"https:\\\/\\\/jornalbeirario.com.br\\\/portal\\\/#\\\/schema\\\/logo\\\/image\\\/\"}},{\"@type\":\"Person\",\"@id\":\"https:\\\/\\\/jornalbeirario.com.br\\\/portal\\\/#\\\/schema\\\/person\\\/c6c423e4c2465d2a9233f6539173e7c1\",\"name\":\"Jornal BEIRA-RIO\",\"image\":{\"@type\":\"ImageObject\",\"inLanguage\":\"pt-BR\",\"@id\":\"https:\\\/\\\/jornalbeirario.com.br\\\/portal\\\/wp-content\\\/uploads\\\/2023\\\/10\\\/logojbr1.jpg\",\"url\":\"https:\\\/\\\/jornalbeirario.com.br\\\/portal\\\/wp-content\\\/uploads\\\/2023\\\/10\\\/logojbr1.jpg\",\"contentUrl\":\"https:\\\/\\\/jornalbeirario.com.br\\\/portal\\\/wp-content\\\/uploads\\\/2023\\\/10\\\/logojbr1.jpg\",\"caption\":\"Jornal BEIRA-RIO\"},\"url\":\"https:\\\/\\\/jornalbeirario.com.br\\\/portal\\\/?author=1\"}]}<\/script>\n<!-- \/ Yoast SEO plugin. -->","yoast_head_json":{"title":"Quatis registra queimadas em \u00e1reas de prote\u00e7\u00e3o ambiental - JORNAL BEIRA RIO","robots":{"index":"index","follow":"follow","max-snippet":"max-snippet:-1","max-image-preview":"max-image-preview:large","max-video-preview":"max-video-preview:-1"},"canonical":"https:\/\/jornalbeirario.com.br\/portal\/?p=53797","og_locale":"pt_BR","og_type":"article","og_title":"Quatis registra queimadas em \u00e1reas de prote\u00e7\u00e3o ambiental - JORNAL BEIRA RIO","og_description":"Entre a tarde desta ter\u00e7a-feira, dia 19 de setembro, e a noite de quarta-feira, dia 20, a Secretaria Municipal de Meio Ambiente registrou tr\u00eas","og_url":"https:\/\/jornalbeirario.com.br\/portal\/?p=53797","og_site_name":"JORNAL BEIRA RIO","article_published_time":"2017-09-21T16:17:50+00:00","author":"Jornal BEIRA-RIO","twitter_card":"summary_large_image","twitter_misc":{"Escrito por":"Jornal BEIRA-RIO","Est. tempo de leitura":"3 minutos"},"schema":{"@context":"https:\/\/schema.org","@graph":[{"@type":"Article","@id":"https:\/\/jornalbeirario.com.br\/portal\/?p=53797#article","isPartOf":{"@id":"https:\/\/jornalbeirario.com.br\/portal\/?p=53797"},"author":{"name":"Jornal BEIRA-RIO","@id":"https:\/\/jornalbeirario.com.br\/portal\/#\/schema\/person\/c6c423e4c2465d2a9233f6539173e7c1"},"headline":"Quatis registra queimadas em \u00e1reas de prote\u00e7\u00e3o ambiental","datePublished":"2017-09-21T16:17:50+00:00","mainEntityOfPage":{"@id":"https:\/\/jornalbeirario.com.br\/portal\/?p=53797"},"wordCount":664,"commentCount":0,"publisher":{"@id":"https:\/\/jornalbeirario.com.br\/portal\/#organization"},"image":{"@id":"https:\/\/jornalbeirario.com.br\/portal\/?p=53797#primaryimage"},"thumbnailUrl":"","keywords":["dehoraemhora","manchete"],"articleSection":["Meio Ambiente"],"inLanguage":"pt-BR","potentialAction":[{"@type":"CommentAction","name":"Comment","target":["https:\/\/jornalbeirario.com.br\/portal\/?p=53797#respond"]}]},{"@type":"WebPage","@id":"https:\/\/jornalbeirario.com.br\/portal\/?p=53797","url":"https:\/\/jornalbeirario.com.br\/portal\/?p=53797","name":"Quatis registra queimadas em \u00e1reas de prote\u00e7\u00e3o ambiental - JORNAL BEIRA RIO","isPartOf":{"@id":"https:\/\/jornalbeirario.com.br\/portal\/#website"},"primaryImageOfPage":{"@id":"https:\/\/jornalbeirario.com.br\/portal\/?p=53797#primaryimage"},"image":{"@id":"https:\/\/jornalbeirario.com.br\/portal\/?p=53797#primaryimage"},"thumbnailUrl":"","datePublished":"2017-09-21T16:17:50+00:00","breadcrumb":{"@id":"https:\/\/jornalbeirario.com.br\/portal\/?p=53797#breadcrumb"},"inLanguage":"pt-BR","potentialAction":[{"@type":"ReadAction","target":["https:\/\/jornalbeirario.com.br\/portal\/?p=53797"]}]},{"@type":"ImageObject","inLanguage":"pt-BR","@id":"https:\/\/jornalbeirario.com.br\/portal\/?p=53797#primaryimage","url":"","contentUrl":""},{"@type":"BreadcrumbList","@id":"https:\/\/jornalbeirario.com.br\/portal\/?p=53797#breadcrumb","itemListElement":[{"@type":"ListItem","position":1,"name":"Home","item":"https:\/\/jornalbeirario.com.br\/portal"},{"@type":"ListItem","position":2,"name":"Quatis registra queimadas em \u00e1reas de prote\u00e7\u00e3o ambiental"}]},{"@type":"WebSite","@id":"https:\/\/jornalbeirario.com.br\/portal\/#website","url":"https:\/\/jornalbeirario.com.br\/portal\/","name":"JORNAL BEIRA RIO","description":"","publisher":{"@id":"https:\/\/jornalbeirario.com.br\/portal\/#organization"},"potentialAction":[{"@type":"SearchAction","target":{"@type":"EntryPoint","urlTemplate":"https:\/\/jornalbeirario.com.br\/portal\/?s={search_term_string}"},"query-input":{"@type":"PropertyValueSpecification","valueRequired":true,"valueName":"search_term_string"}}],"inLanguage":"pt-BR"},{"@type":"Organization","@id":"https:\/\/jornalbeirario.com.br\/portal\/#organization","name":"JORNAL BEIRA RIO","url":"https:\/\/jornalbeirario.com.br\/portal\/","logo":{"@type":"ImageObject","inLanguage":"pt-BR","@id":"https:\/\/jornalbeirario.com.br\/portal\/#\/schema\/logo\/image\/","url":"https:\/\/jornalbeirario.com.br\/portal\/wp-content\/uploads\/2017\/09\/BEIRA-RIO_logo600.png","contentUrl":"https:\/\/jornalbeirario.com.br\/portal\/wp-content\/uploads\/2017\/09\/BEIRA-RIO_logo600.png","width":650,"height":108,"caption":"JORNAL BEIRA RIO"},"image":{"@id":"https:\/\/jornalbeirario.com.br\/portal\/#\/schema\/logo\/image\/"}},{"@type":"Person","@id":"https:\/\/jornalbeirario.com.br\/portal\/#\/schema\/person\/c6c423e4c2465d2a9233f6539173e7c1","name":"Jornal BEIRA-RIO","image":{"@type":"ImageObject","inLanguage":"pt-BR","@id":"https:\/\/jornalbeirario.com.br\/portal\/wp-content\/uploads\/2023\/10\/logojbr1.jpg","url":"https:\/\/jornalbeirario.com.br\/portal\/wp-content\/uploads\/2023\/10\/logojbr1.jpg","contentUrl":"https:\/\/jornalbeirario.com.br\/portal\/wp-content\/uploads\/2023\/10\/logojbr1.jpg","caption":"Jornal BEIRA-RIO"},"url":"https:\/\/jornalbeirario.com.br\/portal\/?author=1"}]}},"_links":{"self":[{"href":"https:\/\/jornalbeirario.com.br\/portal\/index.php?rest_route=\/wp\/v2\/posts\/53797","targetHints":{"allow":["GET"]}}],"collection":[{"href":"https:\/\/jornalbeirario.com.br\/portal\/index.php?rest_route=\/wp\/v2\/posts"}],"about":[{"href":"https:\/\/jornalbeirario.com.br\/portal\/index.php?rest_route=\/wp\/v2\/types\/post"}],"author":[{"embeddable":true,"href":"https:\/\/jornalbeirario.com.br\/portal\/index.php?rest_route=\/wp\/v2\/users\/1"}],"replies":[{"embeddable":true,"href":"https:\/\/jornalbeirario.com.br\/portal\/index.php?rest_route=%2Fwp%2Fv2%2Fcomments&post=53797"}],"version-history":[{"count":0,"href":"https:\/\/jornalbeirario.com.br\/portal\/index.php?rest_route=\/wp\/v2\/posts\/53797\/revisions"}],"wp:featuredmedia":[{"embeddable":true,"href":"https:\/\/jornalbeirario.com.br\/portal\/index.php?rest_route=\/wp\/v2\/posts\/53519"}],"wp:attachment":[{"href":"https:\/\/jornalbeirario.com.br\/portal\/index.php?rest_route=%2Fwp%2Fv2%2Fmedia&parent=53797"}],"wp:term":[{"taxonomy":"category","embeddable":true,"href":"https:\/\/jornalbeirario.com.br\/portal\/index.php?rest_route=%2Fwp%2Fv2%2Fcategories&post=53797"},{"taxonomy":"post_tag","embeddable":true,"href":"https:\/\/jornalbeirario.com.br\/portal\/index.php?rest_route=%2Fwp%2Fv2%2Ftags&post=53797"}],"curies":[{"name":"wp","href":"https:\/\/api.w.org\/{rel}","templated":true}]}}