
{"id":53558,"date":"2017-09-15T10:37:33","date_gmt":"2017-09-15T13:37:33","guid":{"rendered":"http:\/\/jornalbeirario.com.br\/?p=53330"},"modified":"2017-09-29T12:43:12","modified_gmt":"2017-09-29T15:43:12","slug":"resende-esta-em-luto-morre-ex-prefeito-noel-de-oliveira-2","status":"publish","type":"post","link":"https:\/\/jornalbeirario.com.br\/portal\/?p=53558","title":{"rendered":"Resende est\u00e1 em luto: morre ex-prefeito Noel de Oliveira!"},"content":{"rendered":"<p style=\"text-align: justify;\"><a href=\"http:\/\/jornalbeirario.com.br\/?attachment_id=53361\" rel=\"attachment wp-att-53361\"><img loading=\"lazy\" decoding=\"async\" class=\"size-medium wp-image-53361 alignleft\" src=\"http:\/\/jornalbeirario.com.br\/wp-content\/uploads\/2017\/09\/velorio-300x225.jpg\" alt=\"\" width=\"300\" height=\"225\" srcset=\"https:\/\/jornalbeirario.com.br\/portal\/wp-content\/uploads\/2017\/09\/velorio-300x225.jpg 300w, https:\/\/jornalbeirario.com.br\/portal\/wp-content\/uploads\/2017\/09\/velorio.jpg 640w\" sizes=\"auto, (max-width: 300px) 100vw, 300px\" \/><\/a>O sepultamento do corpo do ex-prefeito de Resende, Noel de Oliveira, 88, que morreu na madrugada de sexta-feira, dia 15, ser\u00e1 no cemit\u00e9rio municipal Alto dos Passos, e est\u00e1 previsto para acontecer s\u00e1bado \u00e0s 9h. O corpo est\u00e1 sendo velado no gin\u00e1sio do Col\u00e9gio Santa Angela, em frente ao Parque Zumbi, no Centro e \u00e0s 17h30 ser\u00e1 celebrada uma missa em inten\u00e7\u00e3o ao ex-prefeito.<\/p>\n<p style=\"text-align: justify;\">Noel de Oliveira estava internado desde o dia 4 quando caiu e fraturou o f\u00eamur. Depois de atendido no Hospital de Emerg\u00eancia foi transferido para o Hospital Samer. Na ocasi\u00e3o, uma das filhas de Oliveira, Claudia Oliveira, fez pedido por ora\u00e7\u00f5es ao pai nas redes sociais: &#8220;Meu pai caiu em casa fraturou o f\u00eamur na altura da bacia, na segunda-feira, e est\u00e1 no Samer em estado muito grave. Com a dor muito forte ele ficou inconsciente e entrou em choque devido a idade e a todos os procedimentos anteriores que ele j\u00e1 passou. O socorro foi feito no HE e l\u00e1 foi diagnosticado e medicado, fomos muito bem atendidos e sa\u00edmos de l\u00e1 com a certeza que tudo iria se resolver com a cirurgia o mais r\u00e1pido poss\u00edvel. Por\u00e9m, n\u00e3o foi do jeito que imagin\u00e1vamos. Pe\u00e7o a todos que orem por ele e por todos n\u00f3s&#8221;.<\/p>\n<figure id=\"attachment_53332\" aria-describedby=\"caption-attachment-53332\" style=\"width: 300px\" class=\"wp-caption alignright\"><a href=\"http:\/\/jornalbeirario.com.br\/?attachment_id=53332\" rel=\"attachment wp-att-53332\"><img loading=\"lazy\" decoding=\"async\" class=\"size-medium wp-image-53332\" src=\"http:\/\/jornalbeirario.com.br\/wp-content\/uploads\/2017\/09\/noeloliveira-1-300x168.jpg\" alt=\"\" width=\"300\" height=\"168\" \/><\/a><figcaption id=\"caption-attachment-53332\" class=\"wp-caption-text\">Foto recente de Noel de Oliveira com parte da fam\u00edlia<\/figcaption><\/figure>\n<p style=\"text-align: justify;\">Noel de Oliveira estava vi\u00favo desde janeiro deste ano, <a href=\"http:\/\/jornalbeirario.com.br\/?p=46856\">quando sua mulher, Ruth Jesus de Oliveira, morreu v\u00edtima de c\u00e2ncer de mama<\/a>.\u00a0E deixa quatro filhos e seis netos. Oliveira que atualmente estava filiado ao PDT foi prefeito de Resende entre 1983 e 1988, vereador, deputado estadual e deputado federal em 1995. Foi duas vezes vice-prefeito de Jos\u00e9 Rechuan Junior e se candidatou a vereador em 2016, mas desistiu da candidatura durante o processo eleitoral.<\/p>\n<p>&nbsp;<\/p>\n<p style=\"text-align: justify;\"><a href=\"http:\/\/jornalbeirario.com.br\/?attachment_id=53354\" rel=\"attachment wp-att-53354\"><img loading=\"lazy\" decoding=\"async\" class=\"size-medium wp-image-53354 alignleft\" src=\"http:\/\/jornalbeirario.com.br\/wp-content\/uploads\/2017\/09\/Noel-de-Oliveira-148x300.jpg\" alt=\"\" width=\"148\" height=\"300\" \/><\/a>Oliveira deixa a vida em meio aos muitos questionamentos de compet\u00eancia e honestidade nos governos, sejam municipais, estaduais e federal. O ex-prefeito foi respons\u00e1vel pela constru\u00e7\u00e3o de boa parte das unidades de sa\u00fade no munic\u00edpio e era tido como um dos pol\u00edticos mais corretos que protagonizaram a pol\u00edtica de Resende. Sua simplicidade tamb\u00e9m marcou sua vida na pol\u00edtica e como resendense nascido numa fam\u00edlia de comerciantes, onde ficou conhecido como &#8220;Noelzinho&#8221;.<\/p>\n<p style=\"text-align: justify;\">O governo municipal declarou luto oficial de tr\u00eas dias em Resende. O prefeito Diogo Balieiro Diniz tamb\u00e9m determinou que o expediente se encerre \u00e0s 16h30 na sexta-feira, dia 15, para que os servidores possam comparecer ao vel\u00f3rio.<\/p>\n<p>ATUALIZA\u00c7\u00c3O \u00e0s 12h:<\/p>\n<p class=\"western\" style=\"text-align: justify;\">O vel\u00f3rio do ex-prefeito come\u00e7ou \u00e0s 10h30, no Gin\u00e1sio do Col\u00e9gio Santa \u00c2ngela, onde familiares, amigos e algumas autoridades se encontram presentes. O vereador Caio Sampaio (Rede) citou a import\u00e2ncia que Noel tinha para a pol\u00edtica em Resende.<\/p>\n<p class=\"western\" style=\"text-align: justify;\">\u2014 Pra mim, ele \u00e9 um \u00edcone da pol\u00edtica resendense do qual me espelho desde o come\u00e7o. Sempre foi um homem honesto, digno e que passou pela pol\u00edtica por d\u00e9cadas sem nada que arranhasse sua conduta. A fam\u00edlia perde, mas Resende ganha com seus ensinamentos.<\/p>\n<p class=\"western\" style=\"text-align: justify;\">O vice-presidente da Academia Resendense de Hist\u00f3ria, J\u00falio Fid\u00e9lis, relembra os legados que Noel deixou para o munic\u00edpio. &#8220;O legado dele \u00e9 um legado do prefeito que mais se aproximou da popula\u00e7\u00e3o, \u00e9 uma quest\u00e3o importante para os dias de hoje, j\u00e1 que o pol\u00edtico tem ficado distante da popula\u00e7\u00e3o. Era um conhecedor nato da cidade, tamb\u00e9m deixou um legado em termos administrativos. Do ponto de vista econ\u00f4mico a gest\u00e3o dele deixou Resende na \u00e9poca de sua administra\u00e7\u00e3o entre as cidades de maior super\u00e1vit, isso em um tempo de crise econ\u00f4mica e hiperinfla\u00e7\u00e3o (nos anos de 1980). Ele conhecia cada funcion\u00e1rio pelo nome. Como deputado estadual e federal, tamb\u00e9m fez muito por Resende&#8221;, acrescenta.<\/p>\n<p style=\"text-align: justify;\">A editora do jornal BEIRA-RIO, Ana Lucia comentou nas redes sociais a morte de Noel de Oliveira: &#8220;Tive a oportunidade de fazer algumas entrevistas com o ex-prefeito e n\u00e3o tenho d\u00favida em afirmar que sua simplicidade e espontaneidade marcaram sua trajet\u00f3ria. N\u00e3o temos, h\u00e1 muito tempo, esse tipo de ser humano, que por acaso, escolheu a pol\u00edtica para contribuir com a cidade de Resende. E contribuiu!\u00a0A fam\u00edlia de Noel de Oliveira tem que se orgulhar da retid\u00e3o e posicionamentos que sempre mostraram a coer\u00eancia pol\u00edtica que tanto faltam aos homens e mulheres de hoje. Meus sentimentos \u00e0 fam\u00edlia pela aus\u00eancia f\u00edsica, mas meus\u00a0<span id=\"u_bc_3\" class=\"_ezo\">parab\u00e9ns<\/span>\u00a0pela fonte de cidadania e compromisso p\u00fablico que tiveram oportunidade de ter t\u00e3o pr\u00f3xima de voc\u00eas&#8221;.<\/p>\n<p>Fotos: redes sociais<\/p>\n<p style=\"text-align: justify;\">\n","protected":false},"excerpt":{"rendered":"<p>O sepultamento do corpo do ex-prefeito de Resende, Noel de Oliveira, 88, que morreu na madrugada de sexta-feira, dia 15, ser\u00e1 no cemit\u00e9rio municipal<\/p>\n","protected":false},"author":1,"featured_media":53711,"comment_status":"open","ping_status":"open","sticky":false,"template":"","format":"standard","meta":{"pmpro_default_level":"","footnotes":""},"categories":[164,11],"tags":[155,153],"class_list":["post-53558","post","type-post","status-publish","format-standard","has-post-thumbnail","hentry","category-obituario","category-politica","tag-dehoraemhora","tag-manchete","pmpro-has-access"],"yoast_head":"<!-- This site is optimized with the Yoast SEO plugin v27.4 - https:\/\/yoast.com\/product\/yoast-seo-wordpress\/ -->\n<title>Resende est\u00e1 em luto: morre ex-prefeito Noel de Oliveira! - JORNAL BEIRA RIO<\/title>\n<meta name=\"robots\" content=\"index, follow, max-snippet:-1, max-image-preview:large, max-video-preview:-1\" \/>\n<link rel=\"canonical\" href=\"https:\/\/jornalbeirario.com.br\/portal\/?p=53558\" \/>\n<meta property=\"og:locale\" content=\"pt_BR\" \/>\n<meta property=\"og:type\" content=\"article\" \/>\n<meta property=\"og:title\" content=\"Resende est\u00e1 em luto: morre ex-prefeito Noel de Oliveira! - JORNAL BEIRA RIO\" \/>\n<meta property=\"og:description\" content=\"O sepultamento do corpo do ex-prefeito de Resende, Noel de Oliveira, 88, que morreu na madrugada de sexta-feira, dia 15, ser\u00e1 no cemit\u00e9rio municipal\" \/>\n<meta property=\"og:url\" content=\"https:\/\/jornalbeirario.com.br\/portal\/?p=53558\" \/>\n<meta property=\"og:site_name\" content=\"JORNAL BEIRA RIO\" \/>\n<meta property=\"article:published_time\" content=\"2017-09-15T13:37:33+00:00\" \/>\n<meta property=\"article:modified_time\" content=\"2017-09-29T15:43:12+00:00\" \/>\n<meta property=\"og:image\" content=\"https:\/\/jornalbeirario.com.br\/portal\/wp-content\/uploads\/2017\/09\/img4.png\" \/>\n\t<meta property=\"og:image:width\" content=\"1110\" \/>\n\t<meta property=\"og:image:height\" content=\"470\" \/>\n\t<meta property=\"og:image:type\" content=\"image\/png\" \/>\n<meta name=\"author\" content=\"Jornal BEIRA-RIO\" \/>\n<meta name=\"twitter:card\" content=\"summary_large_image\" \/>\n<meta name=\"twitter:label1\" content=\"Escrito por\" \/>\n\t<meta name=\"twitter:data1\" content=\"Jornal BEIRA-RIO\" \/>\n\t<meta name=\"twitter:label2\" content=\"Est. tempo de leitura\" \/>\n\t<meta name=\"twitter:data2\" content=\"4 minutos\" \/>\n<script type=\"application\/ld+json\" class=\"yoast-schema-graph\">{\"@context\":\"https:\\\/\\\/schema.org\",\"@graph\":[{\"@type\":\"Article\",\"@id\":\"https:\\\/\\\/jornalbeirario.com.br\\\/portal\\\/?p=53558#article\",\"isPartOf\":{\"@id\":\"https:\\\/\\\/jornalbeirario.com.br\\\/portal\\\/?p=53558\"},\"author\":{\"name\":\"Jornal BEIRA-RIO\",\"@id\":\"https:\\\/\\\/jornalbeirario.com.br\\\/portal\\\/#\\\/schema\\\/person\\\/c6c423e4c2465d2a9233f6539173e7c1\"},\"headline\":\"Resende est\u00e1 em luto: morre ex-prefeito Noel de Oliveira!\",\"datePublished\":\"2017-09-15T13:37:33+00:00\",\"dateModified\":\"2017-09-29T15:43:12+00:00\",\"mainEntityOfPage\":{\"@id\":\"https:\\\/\\\/jornalbeirario.com.br\\\/portal\\\/?p=53558\"},\"wordCount\":811,\"commentCount\":2,\"publisher\":{\"@id\":\"https:\\\/\\\/jornalbeirario.com.br\\\/portal\\\/#organization\"},\"image\":{\"@id\":\"https:\\\/\\\/jornalbeirario.com.br\\\/portal\\\/?p=53558#primaryimage\"},\"thumbnailUrl\":\"https:\\\/\\\/jornalbeirario.com.br\\\/portal\\\/wp-content\\\/uploads\\\/2017\\\/09\\\/img4.png\",\"keywords\":[\"dehoraemhora\",\"manchete\"],\"articleSection\":[\"Obitu\u00e1rio\",\"Pol\u00edtica\"],\"inLanguage\":\"pt-BR\",\"potentialAction\":[{\"@type\":\"CommentAction\",\"name\":\"Comment\",\"target\":[\"https:\\\/\\\/jornalbeirario.com.br\\\/portal\\\/?p=53558#respond\"]}]},{\"@type\":\"WebPage\",\"@id\":\"https:\\\/\\\/jornalbeirario.com.br\\\/portal\\\/?p=53558\",\"url\":\"https:\\\/\\\/jornalbeirario.com.br\\\/portal\\\/?p=53558\",\"name\":\"Resende est\u00e1 em luto: morre ex-prefeito Noel de Oliveira! - JORNAL BEIRA RIO\",\"isPartOf\":{\"@id\":\"https:\\\/\\\/jornalbeirario.com.br\\\/portal\\\/#website\"},\"primaryImageOfPage\":{\"@id\":\"https:\\\/\\\/jornalbeirario.com.br\\\/portal\\\/?p=53558#primaryimage\"},\"image\":{\"@id\":\"https:\\\/\\\/jornalbeirario.com.br\\\/portal\\\/?p=53558#primaryimage\"},\"thumbnailUrl\":\"https:\\\/\\\/jornalbeirario.com.br\\\/portal\\\/wp-content\\\/uploads\\\/2017\\\/09\\\/img4.png\",\"datePublished\":\"2017-09-15T13:37:33+00:00\",\"dateModified\":\"2017-09-29T15:43:12+00:00\",\"breadcrumb\":{\"@id\":\"https:\\\/\\\/jornalbeirario.com.br\\\/portal\\\/?p=53558#breadcrumb\"},\"inLanguage\":\"pt-BR\",\"potentialAction\":[{\"@type\":\"ReadAction\",\"target\":[\"https:\\\/\\\/jornalbeirario.com.br\\\/portal\\\/?p=53558\"]}]},{\"@type\":\"ImageObject\",\"inLanguage\":\"pt-BR\",\"@id\":\"https:\\\/\\\/jornalbeirario.com.br\\\/portal\\\/?p=53558#primaryimage\",\"url\":\"https:\\\/\\\/jornalbeirario.com.br\\\/portal\\\/wp-content\\\/uploads\\\/2017\\\/09\\\/img4.png\",\"contentUrl\":\"https:\\\/\\\/jornalbeirario.com.br\\\/portal\\\/wp-content\\\/uploads\\\/2017\\\/09\\\/img4.png\",\"width\":1110,\"height\":470},{\"@type\":\"BreadcrumbList\",\"@id\":\"https:\\\/\\\/jornalbeirario.com.br\\\/portal\\\/?p=53558#breadcrumb\",\"itemListElement\":[{\"@type\":\"ListItem\",\"position\":1,\"name\":\"Home\",\"item\":\"https:\\\/\\\/jornalbeirario.com.br\\\/portal\"},{\"@type\":\"ListItem\",\"position\":2,\"name\":\"Resende est\u00e1 em luto: morre ex-prefeito Noel de Oliveira!\"}]},{\"@type\":\"WebSite\",\"@id\":\"https:\\\/\\\/jornalbeirario.com.br\\\/portal\\\/#website\",\"url\":\"https:\\\/\\\/jornalbeirario.com.br\\\/portal\\\/\",\"name\":\"JORNAL BEIRA RIO\",\"description\":\"\",\"publisher\":{\"@id\":\"https:\\\/\\\/jornalbeirario.com.br\\\/portal\\\/#organization\"},\"potentialAction\":[{\"@type\":\"SearchAction\",\"target\":{\"@type\":\"EntryPoint\",\"urlTemplate\":\"https:\\\/\\\/jornalbeirario.com.br\\\/portal\\\/?s={search_term_string}\"},\"query-input\":{\"@type\":\"PropertyValueSpecification\",\"valueRequired\":true,\"valueName\":\"search_term_string\"}}],\"inLanguage\":\"pt-BR\"},{\"@type\":\"Organization\",\"@id\":\"https:\\\/\\\/jornalbeirario.com.br\\\/portal\\\/#organization\",\"name\":\"JORNAL BEIRA RIO\",\"url\":\"https:\\\/\\\/jornalbeirario.com.br\\\/portal\\\/\",\"logo\":{\"@type\":\"ImageObject\",\"inLanguage\":\"pt-BR\",\"@id\":\"https:\\\/\\\/jornalbeirario.com.br\\\/portal\\\/#\\\/schema\\\/logo\\\/image\\\/\",\"url\":\"https:\\\/\\\/jornalbeirario.com.br\\\/portal\\\/wp-content\\\/uploads\\\/2017\\\/09\\\/BEIRA-RIO_logo600.png\",\"contentUrl\":\"https:\\\/\\\/jornalbeirario.com.br\\\/portal\\\/wp-content\\\/uploads\\\/2017\\\/09\\\/BEIRA-RIO_logo600.png\",\"width\":650,\"height\":108,\"caption\":\"JORNAL BEIRA RIO\"},\"image\":{\"@id\":\"https:\\\/\\\/jornalbeirario.com.br\\\/portal\\\/#\\\/schema\\\/logo\\\/image\\\/\"}},{\"@type\":\"Person\",\"@id\":\"https:\\\/\\\/jornalbeirario.com.br\\\/portal\\\/#\\\/schema\\\/person\\\/c6c423e4c2465d2a9233f6539173e7c1\",\"name\":\"Jornal BEIRA-RIO\",\"image\":{\"@type\":\"ImageObject\",\"inLanguage\":\"pt-BR\",\"@id\":\"https:\\\/\\\/jornalbeirario.com.br\\\/portal\\\/wp-content\\\/uploads\\\/2023\\\/10\\\/logojbr1.jpg\",\"url\":\"https:\\\/\\\/jornalbeirario.com.br\\\/portal\\\/wp-content\\\/uploads\\\/2023\\\/10\\\/logojbr1.jpg\",\"contentUrl\":\"https:\\\/\\\/jornalbeirario.com.br\\\/portal\\\/wp-content\\\/uploads\\\/2023\\\/10\\\/logojbr1.jpg\",\"caption\":\"Jornal BEIRA-RIO\"},\"url\":\"https:\\\/\\\/jornalbeirario.com.br\\\/portal\\\/?author=1\"}]}<\/script>\n<!-- \/ Yoast SEO plugin. -->","yoast_head_json":{"title":"Resende est\u00e1 em luto: morre ex-prefeito Noel de Oliveira! - JORNAL BEIRA RIO","robots":{"index":"index","follow":"follow","max-snippet":"max-snippet:-1","max-image-preview":"max-image-preview:large","max-video-preview":"max-video-preview:-1"},"canonical":"https:\/\/jornalbeirario.com.br\/portal\/?p=53558","og_locale":"pt_BR","og_type":"article","og_title":"Resende est\u00e1 em luto: morre ex-prefeito Noel de Oliveira! - JORNAL BEIRA RIO","og_description":"O sepultamento do corpo do ex-prefeito de Resende, Noel de Oliveira, 88, que morreu na madrugada de sexta-feira, dia 15, ser\u00e1 no cemit\u00e9rio municipal","og_url":"https:\/\/jornalbeirario.com.br\/portal\/?p=53558","og_site_name":"JORNAL BEIRA RIO","article_published_time":"2017-09-15T13:37:33+00:00","article_modified_time":"2017-09-29T15:43:12+00:00","og_image":[{"width":1110,"height":470,"url":"https:\/\/jornalbeirario.com.br\/portal\/wp-content\/uploads\/2017\/09\/img4.png","type":"image\/png"}],"author":"Jornal BEIRA-RIO","twitter_card":"summary_large_image","twitter_misc":{"Escrito por":"Jornal BEIRA-RIO","Est. tempo de leitura":"4 minutos"},"schema":{"@context":"https:\/\/schema.org","@graph":[{"@type":"Article","@id":"https:\/\/jornalbeirario.com.br\/portal\/?p=53558#article","isPartOf":{"@id":"https:\/\/jornalbeirario.com.br\/portal\/?p=53558"},"author":{"name":"Jornal BEIRA-RIO","@id":"https:\/\/jornalbeirario.com.br\/portal\/#\/schema\/person\/c6c423e4c2465d2a9233f6539173e7c1"},"headline":"Resende est\u00e1 em luto: morre ex-prefeito Noel de Oliveira!","datePublished":"2017-09-15T13:37:33+00:00","dateModified":"2017-09-29T15:43:12+00:00","mainEntityOfPage":{"@id":"https:\/\/jornalbeirario.com.br\/portal\/?p=53558"},"wordCount":811,"commentCount":2,"publisher":{"@id":"https:\/\/jornalbeirario.com.br\/portal\/#organization"},"image":{"@id":"https:\/\/jornalbeirario.com.br\/portal\/?p=53558#primaryimage"},"thumbnailUrl":"https:\/\/jornalbeirario.com.br\/portal\/wp-content\/uploads\/2017\/09\/img4.png","keywords":["dehoraemhora","manchete"],"articleSection":["Obitu\u00e1rio","Pol\u00edtica"],"inLanguage":"pt-BR","potentialAction":[{"@type":"CommentAction","name":"Comment","target":["https:\/\/jornalbeirario.com.br\/portal\/?p=53558#respond"]}]},{"@type":"WebPage","@id":"https:\/\/jornalbeirario.com.br\/portal\/?p=53558","url":"https:\/\/jornalbeirario.com.br\/portal\/?p=53558","name":"Resende est\u00e1 em luto: morre ex-prefeito Noel de Oliveira! - JORNAL BEIRA RIO","isPartOf":{"@id":"https:\/\/jornalbeirario.com.br\/portal\/#website"},"primaryImageOfPage":{"@id":"https:\/\/jornalbeirario.com.br\/portal\/?p=53558#primaryimage"},"image":{"@id":"https:\/\/jornalbeirario.com.br\/portal\/?p=53558#primaryimage"},"thumbnailUrl":"https:\/\/jornalbeirario.com.br\/portal\/wp-content\/uploads\/2017\/09\/img4.png","datePublished":"2017-09-15T13:37:33+00:00","dateModified":"2017-09-29T15:43:12+00:00","breadcrumb":{"@id":"https:\/\/jornalbeirario.com.br\/portal\/?p=53558#breadcrumb"},"inLanguage":"pt-BR","potentialAction":[{"@type":"ReadAction","target":["https:\/\/jornalbeirario.com.br\/portal\/?p=53558"]}]},{"@type":"ImageObject","inLanguage":"pt-BR","@id":"https:\/\/jornalbeirario.com.br\/portal\/?p=53558#primaryimage","url":"https:\/\/jornalbeirario.com.br\/portal\/wp-content\/uploads\/2017\/09\/img4.png","contentUrl":"https:\/\/jornalbeirario.com.br\/portal\/wp-content\/uploads\/2017\/09\/img4.png","width":1110,"height":470},{"@type":"BreadcrumbList","@id":"https:\/\/jornalbeirario.com.br\/portal\/?p=53558#breadcrumb","itemListElement":[{"@type":"ListItem","position":1,"name":"Home","item":"https:\/\/jornalbeirario.com.br\/portal"},{"@type":"ListItem","position":2,"name":"Resende est\u00e1 em luto: morre ex-prefeito Noel de Oliveira!"}]},{"@type":"WebSite","@id":"https:\/\/jornalbeirario.com.br\/portal\/#website","url":"https:\/\/jornalbeirario.com.br\/portal\/","name":"JORNAL BEIRA RIO","description":"","publisher":{"@id":"https:\/\/jornalbeirario.com.br\/portal\/#organization"},"potentialAction":[{"@type":"SearchAction","target":{"@type":"EntryPoint","urlTemplate":"https:\/\/jornalbeirario.com.br\/portal\/?s={search_term_string}"},"query-input":{"@type":"PropertyValueSpecification","valueRequired":true,"valueName":"search_term_string"}}],"inLanguage":"pt-BR"},{"@type":"Organization","@id":"https:\/\/jornalbeirario.com.br\/portal\/#organization","name":"JORNAL BEIRA RIO","url":"https:\/\/jornalbeirario.com.br\/portal\/","logo":{"@type":"ImageObject","inLanguage":"pt-BR","@id":"https:\/\/jornalbeirario.com.br\/portal\/#\/schema\/logo\/image\/","url":"https:\/\/jornalbeirario.com.br\/portal\/wp-content\/uploads\/2017\/09\/BEIRA-RIO_logo600.png","contentUrl":"https:\/\/jornalbeirario.com.br\/portal\/wp-content\/uploads\/2017\/09\/BEIRA-RIO_logo600.png","width":650,"height":108,"caption":"JORNAL BEIRA RIO"},"image":{"@id":"https:\/\/jornalbeirario.com.br\/portal\/#\/schema\/logo\/image\/"}},{"@type":"Person","@id":"https:\/\/jornalbeirario.com.br\/portal\/#\/schema\/person\/c6c423e4c2465d2a9233f6539173e7c1","name":"Jornal BEIRA-RIO","image":{"@type":"ImageObject","inLanguage":"pt-BR","@id":"https:\/\/jornalbeirario.com.br\/portal\/wp-content\/uploads\/2023\/10\/logojbr1.jpg","url":"https:\/\/jornalbeirario.com.br\/portal\/wp-content\/uploads\/2023\/10\/logojbr1.jpg","contentUrl":"https:\/\/jornalbeirario.com.br\/portal\/wp-content\/uploads\/2023\/10\/logojbr1.jpg","caption":"Jornal BEIRA-RIO"},"url":"https:\/\/jornalbeirario.com.br\/portal\/?author=1"}]}},"_links":{"self":[{"href":"https:\/\/jornalbeirario.com.br\/portal\/index.php?rest_route=\/wp\/v2\/posts\/53558","targetHints":{"allow":["GET"]}}],"collection":[{"href":"https:\/\/jornalbeirario.com.br\/portal\/index.php?rest_route=\/wp\/v2\/posts"}],"about":[{"href":"https:\/\/jornalbeirario.com.br\/portal\/index.php?rest_route=\/wp\/v2\/types\/post"}],"author":[{"embeddable":true,"href":"https:\/\/jornalbeirario.com.br\/portal\/index.php?rest_route=\/wp\/v2\/users\/1"}],"replies":[{"embeddable":true,"href":"https:\/\/jornalbeirario.com.br\/portal\/index.php?rest_route=%2Fwp%2Fv2%2Fcomments&post=53558"}],"version-history":[{"count":1,"href":"https:\/\/jornalbeirario.com.br\/portal\/index.php?rest_route=\/wp\/v2\/posts\/53558\/revisions"}],"predecessor-version":[{"id":53617,"href":"https:\/\/jornalbeirario.com.br\/portal\/index.php?rest_route=\/wp\/v2\/posts\/53558\/revisions\/53617"}],"wp:featuredmedia":[{"embeddable":true,"href":"https:\/\/jornalbeirario.com.br\/portal\/index.php?rest_route=\/wp\/v2\/media\/53711"}],"wp:attachment":[{"href":"https:\/\/jornalbeirario.com.br\/portal\/index.php?rest_route=%2Fwp%2Fv2%2Fmedia&parent=53558"}],"wp:term":[{"taxonomy":"category","embeddable":true,"href":"https:\/\/jornalbeirario.com.br\/portal\/index.php?rest_route=%2Fwp%2Fv2%2Fcategories&post=53558"},{"taxonomy":"post_tag","embeddable":true,"href":"https:\/\/jornalbeirario.com.br\/portal\/index.php?rest_route=%2Fwp%2Fv2%2Ftags&post=53558"}],"curies":[{"name":"wp","href":"https:\/\/api.w.org\/{rel}","templated":true}]}}