
{"id":53557,"date":"2017-09-15T05:50:02","date_gmt":"2017-09-15T08:50:02","guid":{"rendered":"http:\/\/jornalbeirario.com.br\/?p=53325"},"modified":"2017-09-15T05:50:02","modified_gmt":"2017-09-15T08:50:02","slug":"resende-tem-dia-d-de-vacinacao-neste-sabado-2","status":"publish","type":"post","link":"https:\/\/jornalbeirario.com.br\/portal\/?p=53557","title":{"rendered":"Resende tem Dia D de Vacina\u00e7\u00e3o neste s\u00e1bado"},"content":{"rendered":"<p style=\"text-align: justify;\">Resende realiza neste s\u00e1bado, dia 16, o Dia D de Multivacina\u00e7\u00e3o para que crian\u00e7as e adolescentes fiquem com a vacina\u00e7\u00e3o em dia. A campanha, que ser\u00e1 realizada das 8 \u00e0s 16h30, ser\u00e1 destinada, tamb\u00e9m, para a atualiza\u00e7\u00e3o de vacinas em adultos. O slogan da campanha, que espera imunizar em todo o Brasil cerca de 47 milh\u00f5es de crian\u00e7as e adolescentes menores de 15 anos, \u00e9 \u201cTodo mundo unido fica mais protegido\u201d.<\/p>\n<p style=\"text-align: justify;\">De acordo com a Secretaria Municipal de Sa\u00fade, entre as doses que ser\u00e3o disponibilizadas \u00e0 popula\u00e7\u00e3o no Centro Municipal de Imuniza\u00e7\u00e3o, na Pra\u00e7a Oliveira Botelho, no Centro, e em todos os Postos de Sa\u00fade do munic\u00edpio, est\u00e3o as vacinas contra o HPV, meningite meningoc\u00f3cica C, hepatite B, dupla adulto (contra difteria e t\u00e9tano), e tr\u00edplice viral SCR (contra sarampo, caxumba e rub\u00e9ola).<\/p>\n<p style=\"text-align: justify;\">Com rela\u00e7\u00e3o \u00e0 vacina\u00e7\u00e3o contra o HPV, o Minist\u00e9rio da Sa\u00fade anunciou recentemente a amplia\u00e7\u00e3o da faixa et\u00e1ria para a multivacina\u00e7\u00e3o de meninos e meninas. A indica\u00e7\u00e3o agora \u00e9 para que os meninos sejam vacinados a partir dos 11 anos, at\u00e9 os 15 anos incompletos. J\u00e1 as meninas podem ser imunizadas mais cedo, a partir dos 9 anos, at\u00e9 os 15 anos incompletos. A vacina deve ser tomada em duas doses, com intervalo m\u00ednimo de seis meses e m\u00e1ximo de um ano entre elas.<\/p>\n<p style=\"text-align: justify;\">A Coordenadora do Centro Municipal de Imuniza\u00e7\u00e3o de Resende, Maria Regina de Paula, ressaltou que haver\u00e1 doses suficientes para atender toda a popula\u00e7\u00e3o. &#8220;A imuniza\u00e7\u00e3o \u00e9 importante para a sa\u00fade de toda a sociedade e n\u00e3o apenas para a prote\u00e7\u00e3o individual. Por isso \u00e9 t\u00e3o importante que a popula\u00e7\u00e3o aproveite este s\u00e1bado para colocar sua imuniza\u00e7\u00e3o em dia. A multivacina\u00e7\u00e3o \u00e9 segura e eficiente e haver\u00e1 doses suficientes para atender a todos&#8221;, explicou Maria Regina.<\/p>\n<p style=\"text-align: justify;\"><em>Fonte e foto: Assessoria de Comunica\u00e7\u00e3o (PMR)<\/em><\/p>\n","protected":false},"excerpt":{"rendered":"<p>Resende realiza neste s\u00e1bado, dia 16, o Dia D de Multivacina\u00e7\u00e3o para que crian\u00e7as e adolescentes fiquem com a vacina\u00e7\u00e3o em dia. A campanha,<\/p>\n","protected":false},"author":1,"featured_media":53327,"comment_status":"open","ping_status":"open","sticky":false,"template":"","format":"standard","meta":{"pmpro_default_level":"","footnotes":""},"categories":[1,18],"tags":[155,153],"class_list":["post-53557","post","type-post","status-publish","format-standard","has-post-thumbnail","hentry","category-cidade","category-saude","tag-dehoraemhora","tag-manchete","pmpro-has-access"],"yoast_head":"<!-- This site is optimized with the Yoast SEO plugin v27.4 - https:\/\/yoast.com\/product\/yoast-seo-wordpress\/ -->\n<title>Resende tem Dia D de Vacina\u00e7\u00e3o neste s\u00e1bado - JORNAL BEIRA RIO<\/title>\n<meta name=\"robots\" content=\"index, follow, max-snippet:-1, max-image-preview:large, max-video-preview:-1\" \/>\n<link rel=\"canonical\" href=\"https:\/\/jornalbeirario.com.br\/portal\/?p=53557\" \/>\n<meta property=\"og:locale\" content=\"pt_BR\" \/>\n<meta property=\"og:type\" content=\"article\" \/>\n<meta property=\"og:title\" content=\"Resende tem Dia D de Vacina\u00e7\u00e3o neste s\u00e1bado - JORNAL BEIRA RIO\" \/>\n<meta property=\"og:description\" content=\"Resende realiza neste s\u00e1bado, dia 16, o Dia D de Multivacina\u00e7\u00e3o para que crian\u00e7as e adolescentes fiquem com a vacina\u00e7\u00e3o em dia. A campanha,\" \/>\n<meta property=\"og:url\" content=\"https:\/\/jornalbeirario.com.br\/portal\/?p=53557\" \/>\n<meta property=\"og:site_name\" content=\"JORNAL BEIRA RIO\" \/>\n<meta property=\"article:published_time\" content=\"2017-09-15T08:50:02+00:00\" \/>\n<meta property=\"og:image\" content=\"https:\/\/jornalbeirario.com.br\/portal\/wp-content\/uploads\/2017\/09\/vacinacao1.jpg\" \/>\n\t<meta property=\"og:image:width\" content=\"930\" \/>\n\t<meta property=\"og:image:height\" content=\"350\" \/>\n\t<meta property=\"og:image:type\" content=\"image\/jpeg\" \/>\n<meta name=\"author\" content=\"Jornal BEIRA-RIO\" \/>\n<meta name=\"twitter:card\" content=\"summary_large_image\" \/>\n<meta name=\"twitter:label1\" content=\"Escrito por\" \/>\n\t<meta name=\"twitter:data1\" content=\"Jornal BEIRA-RIO\" \/>\n\t<meta name=\"twitter:label2\" content=\"Est. tempo de leitura\" \/>\n\t<meta name=\"twitter:data2\" content=\"2 minutos\" \/>\n<script type=\"application\/ld+json\" class=\"yoast-schema-graph\">{\"@context\":\"https:\\\/\\\/schema.org\",\"@graph\":[{\"@type\":\"Article\",\"@id\":\"https:\\\/\\\/jornalbeirario.com.br\\\/portal\\\/?p=53557#article\",\"isPartOf\":{\"@id\":\"https:\\\/\\\/jornalbeirario.com.br\\\/portal\\\/?p=53557\"},\"author\":{\"name\":\"Jornal BEIRA-RIO\",\"@id\":\"https:\\\/\\\/jornalbeirario.com.br\\\/portal\\\/#\\\/schema\\\/person\\\/c6c423e4c2465d2a9233f6539173e7c1\"},\"headline\":\"Resende tem Dia D de Vacina\u00e7\u00e3o neste s\u00e1bado\",\"datePublished\":\"2017-09-15T08:50:02+00:00\",\"mainEntityOfPage\":{\"@id\":\"https:\\\/\\\/jornalbeirario.com.br\\\/portal\\\/?p=53557\"},\"wordCount\":336,\"commentCount\":0,\"publisher\":{\"@id\":\"https:\\\/\\\/jornalbeirario.com.br\\\/portal\\\/#organization\"},\"image\":{\"@id\":\"https:\\\/\\\/jornalbeirario.com.br\\\/portal\\\/?p=53557#primaryimage\"},\"thumbnailUrl\":\"https:\\\/\\\/jornalbeirario.com.br\\\/portal\\\/wp-content\\\/uploads\\\/2017\\\/09\\\/vacinacao1.jpg\",\"keywords\":[\"dehoraemhora\",\"manchete\"],\"articleSection\":[\"Cidade\",\"Sa\u00fade\"],\"inLanguage\":\"pt-BR\",\"potentialAction\":[{\"@type\":\"CommentAction\",\"name\":\"Comment\",\"target\":[\"https:\\\/\\\/jornalbeirario.com.br\\\/portal\\\/?p=53557#respond\"]}]},{\"@type\":\"WebPage\",\"@id\":\"https:\\\/\\\/jornalbeirario.com.br\\\/portal\\\/?p=53557\",\"url\":\"https:\\\/\\\/jornalbeirario.com.br\\\/portal\\\/?p=53557\",\"name\":\"Resende tem Dia D de Vacina\u00e7\u00e3o neste s\u00e1bado - JORNAL BEIRA RIO\",\"isPartOf\":{\"@id\":\"https:\\\/\\\/jornalbeirario.com.br\\\/portal\\\/#website\"},\"primaryImageOfPage\":{\"@id\":\"https:\\\/\\\/jornalbeirario.com.br\\\/portal\\\/?p=53557#primaryimage\"},\"image\":{\"@id\":\"https:\\\/\\\/jornalbeirario.com.br\\\/portal\\\/?p=53557#primaryimage\"},\"thumbnailUrl\":\"https:\\\/\\\/jornalbeirario.com.br\\\/portal\\\/wp-content\\\/uploads\\\/2017\\\/09\\\/vacinacao1.jpg\",\"datePublished\":\"2017-09-15T08:50:02+00:00\",\"breadcrumb\":{\"@id\":\"https:\\\/\\\/jornalbeirario.com.br\\\/portal\\\/?p=53557#breadcrumb\"},\"inLanguage\":\"pt-BR\",\"potentialAction\":[{\"@type\":\"ReadAction\",\"target\":[\"https:\\\/\\\/jornalbeirario.com.br\\\/portal\\\/?p=53557\"]}]},{\"@type\":\"ImageObject\",\"inLanguage\":\"pt-BR\",\"@id\":\"https:\\\/\\\/jornalbeirario.com.br\\\/portal\\\/?p=53557#primaryimage\",\"url\":\"https:\\\/\\\/jornalbeirario.com.br\\\/portal\\\/wp-content\\\/uploads\\\/2017\\\/09\\\/vacinacao1.jpg\",\"contentUrl\":\"https:\\\/\\\/jornalbeirario.com.br\\\/portal\\\/wp-content\\\/uploads\\\/2017\\\/09\\\/vacinacao1.jpg\",\"width\":930,\"height\":350},{\"@type\":\"BreadcrumbList\",\"@id\":\"https:\\\/\\\/jornalbeirario.com.br\\\/portal\\\/?p=53557#breadcrumb\",\"itemListElement\":[{\"@type\":\"ListItem\",\"position\":1,\"name\":\"Home\",\"item\":\"https:\\\/\\\/jornalbeirario.com.br\\\/portal\"},{\"@type\":\"ListItem\",\"position\":2,\"name\":\"Resende tem Dia D de Vacina\u00e7\u00e3o neste s\u00e1bado\"}]},{\"@type\":\"WebSite\",\"@id\":\"https:\\\/\\\/jornalbeirario.com.br\\\/portal\\\/#website\",\"url\":\"https:\\\/\\\/jornalbeirario.com.br\\\/portal\\\/\",\"name\":\"JORNAL BEIRA RIO\",\"description\":\"\",\"publisher\":{\"@id\":\"https:\\\/\\\/jornalbeirario.com.br\\\/portal\\\/#organization\"},\"potentialAction\":[{\"@type\":\"SearchAction\",\"target\":{\"@type\":\"EntryPoint\",\"urlTemplate\":\"https:\\\/\\\/jornalbeirario.com.br\\\/portal\\\/?s={search_term_string}\"},\"query-input\":{\"@type\":\"PropertyValueSpecification\",\"valueRequired\":true,\"valueName\":\"search_term_string\"}}],\"inLanguage\":\"pt-BR\"},{\"@type\":\"Organization\",\"@id\":\"https:\\\/\\\/jornalbeirario.com.br\\\/portal\\\/#organization\",\"name\":\"JORNAL BEIRA RIO\",\"url\":\"https:\\\/\\\/jornalbeirario.com.br\\\/portal\\\/\",\"logo\":{\"@type\":\"ImageObject\",\"inLanguage\":\"pt-BR\",\"@id\":\"https:\\\/\\\/jornalbeirario.com.br\\\/portal\\\/#\\\/schema\\\/logo\\\/image\\\/\",\"url\":\"https:\\\/\\\/jornalbeirario.com.br\\\/portal\\\/wp-content\\\/uploads\\\/2017\\\/09\\\/BEIRA-RIO_logo600.png\",\"contentUrl\":\"https:\\\/\\\/jornalbeirario.com.br\\\/portal\\\/wp-content\\\/uploads\\\/2017\\\/09\\\/BEIRA-RIO_logo600.png\",\"width\":650,\"height\":108,\"caption\":\"JORNAL BEIRA RIO\"},\"image\":{\"@id\":\"https:\\\/\\\/jornalbeirario.com.br\\\/portal\\\/#\\\/schema\\\/logo\\\/image\\\/\"}},{\"@type\":\"Person\",\"@id\":\"https:\\\/\\\/jornalbeirario.com.br\\\/portal\\\/#\\\/schema\\\/person\\\/c6c423e4c2465d2a9233f6539173e7c1\",\"name\":\"Jornal BEIRA-RIO\",\"image\":{\"@type\":\"ImageObject\",\"inLanguage\":\"pt-BR\",\"@id\":\"https:\\\/\\\/jornalbeirario.com.br\\\/portal\\\/wp-content\\\/uploads\\\/2023\\\/10\\\/logojbr1.jpg\",\"url\":\"https:\\\/\\\/jornalbeirario.com.br\\\/portal\\\/wp-content\\\/uploads\\\/2023\\\/10\\\/logojbr1.jpg\",\"contentUrl\":\"https:\\\/\\\/jornalbeirario.com.br\\\/portal\\\/wp-content\\\/uploads\\\/2023\\\/10\\\/logojbr1.jpg\",\"caption\":\"Jornal BEIRA-RIO\"},\"url\":\"https:\\\/\\\/jornalbeirario.com.br\\\/portal\\\/?author=1\"}]}<\/script>\n<!-- \/ Yoast SEO plugin. -->","yoast_head_json":{"title":"Resende tem Dia D de Vacina\u00e7\u00e3o neste s\u00e1bado - JORNAL BEIRA RIO","robots":{"index":"index","follow":"follow","max-snippet":"max-snippet:-1","max-image-preview":"max-image-preview:large","max-video-preview":"max-video-preview:-1"},"canonical":"https:\/\/jornalbeirario.com.br\/portal\/?p=53557","og_locale":"pt_BR","og_type":"article","og_title":"Resende tem Dia D de Vacina\u00e7\u00e3o neste s\u00e1bado - JORNAL BEIRA RIO","og_description":"Resende realiza neste s\u00e1bado, dia 16, o Dia D de Multivacina\u00e7\u00e3o para que crian\u00e7as e adolescentes fiquem com a vacina\u00e7\u00e3o em dia. A campanha,","og_url":"https:\/\/jornalbeirario.com.br\/portal\/?p=53557","og_site_name":"JORNAL BEIRA RIO","article_published_time":"2017-09-15T08:50:02+00:00","og_image":[{"width":930,"height":350,"url":"https:\/\/jornalbeirario.com.br\/portal\/wp-content\/uploads\/2017\/09\/vacinacao1.jpg","type":"image\/jpeg"}],"author":"Jornal BEIRA-RIO","twitter_card":"summary_large_image","twitter_misc":{"Escrito por":"Jornal BEIRA-RIO","Est. tempo de leitura":"2 minutos"},"schema":{"@context":"https:\/\/schema.org","@graph":[{"@type":"Article","@id":"https:\/\/jornalbeirario.com.br\/portal\/?p=53557#article","isPartOf":{"@id":"https:\/\/jornalbeirario.com.br\/portal\/?p=53557"},"author":{"name":"Jornal BEIRA-RIO","@id":"https:\/\/jornalbeirario.com.br\/portal\/#\/schema\/person\/c6c423e4c2465d2a9233f6539173e7c1"},"headline":"Resende tem Dia D de Vacina\u00e7\u00e3o neste s\u00e1bado","datePublished":"2017-09-15T08:50:02+00:00","mainEntityOfPage":{"@id":"https:\/\/jornalbeirario.com.br\/portal\/?p=53557"},"wordCount":336,"commentCount":0,"publisher":{"@id":"https:\/\/jornalbeirario.com.br\/portal\/#organization"},"image":{"@id":"https:\/\/jornalbeirario.com.br\/portal\/?p=53557#primaryimage"},"thumbnailUrl":"https:\/\/jornalbeirario.com.br\/portal\/wp-content\/uploads\/2017\/09\/vacinacao1.jpg","keywords":["dehoraemhora","manchete"],"articleSection":["Cidade","Sa\u00fade"],"inLanguage":"pt-BR","potentialAction":[{"@type":"CommentAction","name":"Comment","target":["https:\/\/jornalbeirario.com.br\/portal\/?p=53557#respond"]}]},{"@type":"WebPage","@id":"https:\/\/jornalbeirario.com.br\/portal\/?p=53557","url":"https:\/\/jornalbeirario.com.br\/portal\/?p=53557","name":"Resende tem Dia D de Vacina\u00e7\u00e3o neste s\u00e1bado - JORNAL BEIRA RIO","isPartOf":{"@id":"https:\/\/jornalbeirario.com.br\/portal\/#website"},"primaryImageOfPage":{"@id":"https:\/\/jornalbeirario.com.br\/portal\/?p=53557#primaryimage"},"image":{"@id":"https:\/\/jornalbeirario.com.br\/portal\/?p=53557#primaryimage"},"thumbnailUrl":"https:\/\/jornalbeirario.com.br\/portal\/wp-content\/uploads\/2017\/09\/vacinacao1.jpg","datePublished":"2017-09-15T08:50:02+00:00","breadcrumb":{"@id":"https:\/\/jornalbeirario.com.br\/portal\/?p=53557#breadcrumb"},"inLanguage":"pt-BR","potentialAction":[{"@type":"ReadAction","target":["https:\/\/jornalbeirario.com.br\/portal\/?p=53557"]}]},{"@type":"ImageObject","inLanguage":"pt-BR","@id":"https:\/\/jornalbeirario.com.br\/portal\/?p=53557#primaryimage","url":"https:\/\/jornalbeirario.com.br\/portal\/wp-content\/uploads\/2017\/09\/vacinacao1.jpg","contentUrl":"https:\/\/jornalbeirario.com.br\/portal\/wp-content\/uploads\/2017\/09\/vacinacao1.jpg","width":930,"height":350},{"@type":"BreadcrumbList","@id":"https:\/\/jornalbeirario.com.br\/portal\/?p=53557#breadcrumb","itemListElement":[{"@type":"ListItem","position":1,"name":"Home","item":"https:\/\/jornalbeirario.com.br\/portal"},{"@type":"ListItem","position":2,"name":"Resende tem Dia D de Vacina\u00e7\u00e3o neste s\u00e1bado"}]},{"@type":"WebSite","@id":"https:\/\/jornalbeirario.com.br\/portal\/#website","url":"https:\/\/jornalbeirario.com.br\/portal\/","name":"JORNAL BEIRA RIO","description":"","publisher":{"@id":"https:\/\/jornalbeirario.com.br\/portal\/#organization"},"potentialAction":[{"@type":"SearchAction","target":{"@type":"EntryPoint","urlTemplate":"https:\/\/jornalbeirario.com.br\/portal\/?s={search_term_string}"},"query-input":{"@type":"PropertyValueSpecification","valueRequired":true,"valueName":"search_term_string"}}],"inLanguage":"pt-BR"},{"@type":"Organization","@id":"https:\/\/jornalbeirario.com.br\/portal\/#organization","name":"JORNAL BEIRA RIO","url":"https:\/\/jornalbeirario.com.br\/portal\/","logo":{"@type":"ImageObject","inLanguage":"pt-BR","@id":"https:\/\/jornalbeirario.com.br\/portal\/#\/schema\/logo\/image\/","url":"https:\/\/jornalbeirario.com.br\/portal\/wp-content\/uploads\/2017\/09\/BEIRA-RIO_logo600.png","contentUrl":"https:\/\/jornalbeirario.com.br\/portal\/wp-content\/uploads\/2017\/09\/BEIRA-RIO_logo600.png","width":650,"height":108,"caption":"JORNAL BEIRA RIO"},"image":{"@id":"https:\/\/jornalbeirario.com.br\/portal\/#\/schema\/logo\/image\/"}},{"@type":"Person","@id":"https:\/\/jornalbeirario.com.br\/portal\/#\/schema\/person\/c6c423e4c2465d2a9233f6539173e7c1","name":"Jornal BEIRA-RIO","image":{"@type":"ImageObject","inLanguage":"pt-BR","@id":"https:\/\/jornalbeirario.com.br\/portal\/wp-content\/uploads\/2023\/10\/logojbr1.jpg","url":"https:\/\/jornalbeirario.com.br\/portal\/wp-content\/uploads\/2023\/10\/logojbr1.jpg","contentUrl":"https:\/\/jornalbeirario.com.br\/portal\/wp-content\/uploads\/2023\/10\/logojbr1.jpg","caption":"Jornal BEIRA-RIO"},"url":"https:\/\/jornalbeirario.com.br\/portal\/?author=1"}]}},"_links":{"self":[{"href":"https:\/\/jornalbeirario.com.br\/portal\/index.php?rest_route=\/wp\/v2\/posts\/53557","targetHints":{"allow":["GET"]}}],"collection":[{"href":"https:\/\/jornalbeirario.com.br\/portal\/index.php?rest_route=\/wp\/v2\/posts"}],"about":[{"href":"https:\/\/jornalbeirario.com.br\/portal\/index.php?rest_route=\/wp\/v2\/types\/post"}],"author":[{"embeddable":true,"href":"https:\/\/jornalbeirario.com.br\/portal\/index.php?rest_route=\/wp\/v2\/users\/1"}],"replies":[{"embeddable":true,"href":"https:\/\/jornalbeirario.com.br\/portal\/index.php?rest_route=%2Fwp%2Fv2%2Fcomments&post=53557"}],"version-history":[{"count":0,"href":"https:\/\/jornalbeirario.com.br\/portal\/index.php?rest_route=\/wp\/v2\/posts\/53557\/revisions"}],"wp:featuredmedia":[{"embeddable":true,"href":"https:\/\/jornalbeirario.com.br\/portal\/index.php?rest_route=\/wp\/v2\/media\/53327"}],"wp:attachment":[{"href":"https:\/\/jornalbeirario.com.br\/portal\/index.php?rest_route=%2Fwp%2Fv2%2Fmedia&parent=53557"}],"wp:term":[{"taxonomy":"category","embeddable":true,"href":"https:\/\/jornalbeirario.com.br\/portal\/index.php?rest_route=%2Fwp%2Fv2%2Fcategories&post=53557"},{"taxonomy":"post_tag","embeddable":true,"href":"https:\/\/jornalbeirario.com.br\/portal\/index.php?rest_route=%2Fwp%2Fv2%2Ftags&post=53557"}],"curies":[{"name":"wp","href":"https:\/\/api.w.org\/{rel}","templated":true}]}}