
{"id":53532,"date":"2017-08-29T17:08:13","date_gmt":"2017-08-29T20:08:13","guid":{"rendered":"http:\/\/jornalbeirario.com.br\/?p=52957"},"modified":"2017-08-29T17:08:13","modified_gmt":"2017-08-29T20:08:13","slug":"prefeitura-de-itatiaia-inicia-implantacao-do-alvara-online","status":"publish","type":"post","link":"https:\/\/jornalbeirario.com.br\/portal\/?p=53532","title":{"rendered":"Prefeitura de Itatiaia inicia implanta\u00e7\u00e3o do Alvar\u00e1 Online"},"content":{"rendered":"<p style=\"text-align: justify;\">Os empreendedores interessados em obter o alvar\u00e1 para atividades na cidade em breve poder\u00e3o solicitar o documento direto pela internet. A Prefeitura de Itatiaia, em parceria com o Sebrae realizou no final da tarde desta segunda-feira, dia 28, a primeira reuni\u00e3o para a implanta\u00e7\u00e3o do Alvar\u00e1 Online.<\/p>\n<p style=\"text-align: justify;\">De acordo com o Sebrae, todo o procedimento ser\u00e1 realizado por meio do Sistema de Registro Integrado (Regin), da Junta Comercial do Estado do Rio de Janeiro (Jucerja), que tem a finalidade de desburocratizar o processo de abertura e altera\u00e7\u00e3o de empresas, integrando os \u00f3rg\u00e3os p\u00fablicos envolvidos, dentre eles, a pr\u00f3pria Junta Comercial, o Corpo de Bombeiros, a Secretaria de Fazenda Estadual e a Prefeitura.<\/p>\n<p style=\"text-align: justify;\">Para a implanta\u00e7\u00e3o do Alvar\u00e1 Online ser\u00e1 realizada uma s\u00e9rie de oito reuni\u00f5es para a capacita\u00e7\u00e3o dos gestores e estrutura\u00e7\u00e3o do munic\u00edpio. Nas reuni\u00f5es, que acontecer\u00e3o uma vez por semana, ser\u00e1 repassado todo o passo a passo do processo para dar in\u00edcio ao trabalho de desburocratiza\u00e7\u00e3o. De acordo com o consultor de Pol\u00edticas P\u00fablicas do Sebrae, Carlos Magno, a implanta\u00e7\u00e3o representar\u00e1 uma grande facilidade para o cidad\u00e3o que n\u00e3o precisar\u00e1 se deslocar at\u00e9 a Prefeitura para solicitar ou acompanhar o seu pedido. Tudo poder\u00e1 ser feito pela internet, a qualquer momento e de onde estiver.<\/p>\n<p style=\"text-align: justify;\">&#8211; Com a implanta\u00e7\u00e3o, as atividades de baixo risco, por exemplo, ter\u00e3o um andamento r\u00e1pido, pois n\u00e3o ser\u00e1 mais necess\u00e1rio tramitar em todas as secretarias, a an\u00e1lise ser\u00e1 realizada diretamente pela Secretaria de Fazenda &#8211; disse o consultor. Segundo dados do Sebrae, atualmente o munic\u00edpio conta com 1549 empresas cadastradas.<\/p>\n<p style=\"text-align: justify;\">Por meio do Alvar\u00e1 online, os interessados poder\u00e3o solicitar a abertura\u00a0 de uma nova empresa preenchendo todos os dados direto no site da Prefeitura no endere\u00e7o\u00a0<a href=\"http:\/\/www.itatiaia.rj.gov.br\/\">www.itatiaia.rj.gov.br<\/a>. Para isso \u00e9 necess\u00e1rio que o interessado re\u00fana todos os documentos necess\u00e1rios e envie de forma digital \u00a0e dentro do prazo.<\/p>\n<p style=\"text-align: justify;\"><em>Foto: Reprodu\u00e7\u00e3o<\/em><\/p>\n<p style=\"text-align: justify;\"><em>Fonte: Assessoria Especial de Comunica\u00e7\u00e3o (PMI)<\/em><\/p>\n","protected":false},"excerpt":{"rendered":"<p>Os empreendedores interessados em obter o alvar\u00e1 para atividades na cidade em breve poder\u00e3o solicitar o documento direto pela internet. A Prefeitura de Itatiaia,<\/p>\n","protected":false},"author":1,"featured_media":52962,"comment_status":"open","ping_status":"open","sticky":false,"template":"","format":"standard","meta":{"pmpro_default_level":"","footnotes":""},"categories":[1],"tags":[155,153],"class_list":["post-53532","post","type-post","status-publish","format-standard","has-post-thumbnail","hentry","category-cidade","tag-dehoraemhora","tag-manchete","pmpro-has-access"],"yoast_head":"<!-- This site is optimized with the Yoast SEO plugin v27.4 - https:\/\/yoast.com\/product\/yoast-seo-wordpress\/ -->\n<title>Prefeitura de Itatiaia inicia implanta\u00e7\u00e3o do Alvar\u00e1 Online - JORNAL BEIRA RIO<\/title>\n<meta name=\"robots\" content=\"index, follow, max-snippet:-1, max-image-preview:large, max-video-preview:-1\" \/>\n<link rel=\"canonical\" href=\"https:\/\/jornalbeirario.com.br\/portal\/?p=53532\" \/>\n<meta property=\"og:locale\" content=\"pt_BR\" \/>\n<meta property=\"og:type\" content=\"article\" \/>\n<meta property=\"og:title\" content=\"Prefeitura de Itatiaia inicia implanta\u00e7\u00e3o do Alvar\u00e1 Online - JORNAL BEIRA RIO\" \/>\n<meta property=\"og:description\" content=\"Os empreendedores interessados em obter o alvar\u00e1 para atividades na cidade em breve poder\u00e3o solicitar o documento direto pela internet. A Prefeitura de Itatiaia,\" \/>\n<meta property=\"og:url\" content=\"https:\/\/jornalbeirario.com.br\/portal\/?p=53532\" \/>\n<meta property=\"og:site_name\" content=\"JORNAL BEIRA RIO\" \/>\n<meta property=\"article:published_time\" content=\"2017-08-29T20:08:13+00:00\" \/>\n<meta property=\"og:image\" content=\"https:\/\/jornalbeirario.com.br\/portal\/wp-content\/uploads\/2017\/08\/alvaraonline1.jpg\" \/>\n\t<meta property=\"og:image:width\" content=\"930\" \/>\n\t<meta property=\"og:image:height\" content=\"350\" \/>\n\t<meta property=\"og:image:type\" content=\"image\/jpeg\" \/>\n<meta name=\"author\" content=\"Jornal BEIRA-RIO\" \/>\n<meta name=\"twitter:card\" content=\"summary_large_image\" \/>\n<meta name=\"twitter:label1\" content=\"Escrito por\" \/>\n\t<meta name=\"twitter:data1\" content=\"Jornal BEIRA-RIO\" \/>\n\t<meta name=\"twitter:label2\" content=\"Est. tempo de leitura\" \/>\n\t<meta name=\"twitter:data2\" content=\"2 minutos\" \/>\n<script type=\"application\/ld+json\" class=\"yoast-schema-graph\">{\"@context\":\"https:\\\/\\\/schema.org\",\"@graph\":[{\"@type\":\"Article\",\"@id\":\"https:\\\/\\\/jornalbeirario.com.br\\\/portal\\\/?p=53532#article\",\"isPartOf\":{\"@id\":\"https:\\\/\\\/jornalbeirario.com.br\\\/portal\\\/?p=53532\"},\"author\":{\"name\":\"Jornal BEIRA-RIO\",\"@id\":\"https:\\\/\\\/jornalbeirario.com.br\\\/portal\\\/#\\\/schema\\\/person\\\/c6c423e4c2465d2a9233f6539173e7c1\"},\"headline\":\"Prefeitura de Itatiaia inicia implanta\u00e7\u00e3o do Alvar\u00e1 Online\",\"datePublished\":\"2017-08-29T20:08:13+00:00\",\"mainEntityOfPage\":{\"@id\":\"https:\\\/\\\/jornalbeirario.com.br\\\/portal\\\/?p=53532\"},\"wordCount\":359,\"commentCount\":0,\"publisher\":{\"@id\":\"https:\\\/\\\/jornalbeirario.com.br\\\/portal\\\/#organization\"},\"image\":{\"@id\":\"https:\\\/\\\/jornalbeirario.com.br\\\/portal\\\/?p=53532#primaryimage\"},\"thumbnailUrl\":\"https:\\\/\\\/jornalbeirario.com.br\\\/portal\\\/wp-content\\\/uploads\\\/2017\\\/08\\\/alvaraonline1.jpg\",\"keywords\":[\"dehoraemhora\",\"manchete\"],\"articleSection\":[\"Cidade\"],\"inLanguage\":\"pt-BR\",\"potentialAction\":[{\"@type\":\"CommentAction\",\"name\":\"Comment\",\"target\":[\"https:\\\/\\\/jornalbeirario.com.br\\\/portal\\\/?p=53532#respond\"]}]},{\"@type\":\"WebPage\",\"@id\":\"https:\\\/\\\/jornalbeirario.com.br\\\/portal\\\/?p=53532\",\"url\":\"https:\\\/\\\/jornalbeirario.com.br\\\/portal\\\/?p=53532\",\"name\":\"Prefeitura de Itatiaia inicia implanta\u00e7\u00e3o do Alvar\u00e1 Online - JORNAL BEIRA RIO\",\"isPartOf\":{\"@id\":\"https:\\\/\\\/jornalbeirario.com.br\\\/portal\\\/#website\"},\"primaryImageOfPage\":{\"@id\":\"https:\\\/\\\/jornalbeirario.com.br\\\/portal\\\/?p=53532#primaryimage\"},\"image\":{\"@id\":\"https:\\\/\\\/jornalbeirario.com.br\\\/portal\\\/?p=53532#primaryimage\"},\"thumbnailUrl\":\"https:\\\/\\\/jornalbeirario.com.br\\\/portal\\\/wp-content\\\/uploads\\\/2017\\\/08\\\/alvaraonline1.jpg\",\"datePublished\":\"2017-08-29T20:08:13+00:00\",\"breadcrumb\":{\"@id\":\"https:\\\/\\\/jornalbeirario.com.br\\\/portal\\\/?p=53532#breadcrumb\"},\"inLanguage\":\"pt-BR\",\"potentialAction\":[{\"@type\":\"ReadAction\",\"target\":[\"https:\\\/\\\/jornalbeirario.com.br\\\/portal\\\/?p=53532\"]}]},{\"@type\":\"ImageObject\",\"inLanguage\":\"pt-BR\",\"@id\":\"https:\\\/\\\/jornalbeirario.com.br\\\/portal\\\/?p=53532#primaryimage\",\"url\":\"https:\\\/\\\/jornalbeirario.com.br\\\/portal\\\/wp-content\\\/uploads\\\/2017\\\/08\\\/alvaraonline1.jpg\",\"contentUrl\":\"https:\\\/\\\/jornalbeirario.com.br\\\/portal\\\/wp-content\\\/uploads\\\/2017\\\/08\\\/alvaraonline1.jpg\",\"width\":930,\"height\":350},{\"@type\":\"BreadcrumbList\",\"@id\":\"https:\\\/\\\/jornalbeirario.com.br\\\/portal\\\/?p=53532#breadcrumb\",\"itemListElement\":[{\"@type\":\"ListItem\",\"position\":1,\"name\":\"Home\",\"item\":\"https:\\\/\\\/jornalbeirario.com.br\\\/portal\"},{\"@type\":\"ListItem\",\"position\":2,\"name\":\"Prefeitura de Itatiaia inicia implanta\u00e7\u00e3o do Alvar\u00e1 Online\"}]},{\"@type\":\"WebSite\",\"@id\":\"https:\\\/\\\/jornalbeirario.com.br\\\/portal\\\/#website\",\"url\":\"https:\\\/\\\/jornalbeirario.com.br\\\/portal\\\/\",\"name\":\"JORNAL BEIRA RIO\",\"description\":\"\",\"publisher\":{\"@id\":\"https:\\\/\\\/jornalbeirario.com.br\\\/portal\\\/#organization\"},\"potentialAction\":[{\"@type\":\"SearchAction\",\"target\":{\"@type\":\"EntryPoint\",\"urlTemplate\":\"https:\\\/\\\/jornalbeirario.com.br\\\/portal\\\/?s={search_term_string}\"},\"query-input\":{\"@type\":\"PropertyValueSpecification\",\"valueRequired\":true,\"valueName\":\"search_term_string\"}}],\"inLanguage\":\"pt-BR\"},{\"@type\":\"Organization\",\"@id\":\"https:\\\/\\\/jornalbeirario.com.br\\\/portal\\\/#organization\",\"name\":\"JORNAL BEIRA RIO\",\"url\":\"https:\\\/\\\/jornalbeirario.com.br\\\/portal\\\/\",\"logo\":{\"@type\":\"ImageObject\",\"inLanguage\":\"pt-BR\",\"@id\":\"https:\\\/\\\/jornalbeirario.com.br\\\/portal\\\/#\\\/schema\\\/logo\\\/image\\\/\",\"url\":\"https:\\\/\\\/jornalbeirario.com.br\\\/portal\\\/wp-content\\\/uploads\\\/2017\\\/09\\\/BEIRA-RIO_logo600.png\",\"contentUrl\":\"https:\\\/\\\/jornalbeirario.com.br\\\/portal\\\/wp-content\\\/uploads\\\/2017\\\/09\\\/BEIRA-RIO_logo600.png\",\"width\":650,\"height\":108,\"caption\":\"JORNAL BEIRA RIO\"},\"image\":{\"@id\":\"https:\\\/\\\/jornalbeirario.com.br\\\/portal\\\/#\\\/schema\\\/logo\\\/image\\\/\"}},{\"@type\":\"Person\",\"@id\":\"https:\\\/\\\/jornalbeirario.com.br\\\/portal\\\/#\\\/schema\\\/person\\\/c6c423e4c2465d2a9233f6539173e7c1\",\"name\":\"Jornal BEIRA-RIO\",\"image\":{\"@type\":\"ImageObject\",\"inLanguage\":\"pt-BR\",\"@id\":\"https:\\\/\\\/jornalbeirario.com.br\\\/portal\\\/wp-content\\\/uploads\\\/2023\\\/10\\\/logojbr1.jpg\",\"url\":\"https:\\\/\\\/jornalbeirario.com.br\\\/portal\\\/wp-content\\\/uploads\\\/2023\\\/10\\\/logojbr1.jpg\",\"contentUrl\":\"https:\\\/\\\/jornalbeirario.com.br\\\/portal\\\/wp-content\\\/uploads\\\/2023\\\/10\\\/logojbr1.jpg\",\"caption\":\"Jornal BEIRA-RIO\"},\"url\":\"https:\\\/\\\/jornalbeirario.com.br\\\/portal\\\/?author=1\"}]}<\/script>\n<!-- \/ Yoast SEO plugin. -->","yoast_head_json":{"title":"Prefeitura de Itatiaia inicia implanta\u00e7\u00e3o do Alvar\u00e1 Online - JORNAL BEIRA RIO","robots":{"index":"index","follow":"follow","max-snippet":"max-snippet:-1","max-image-preview":"max-image-preview:large","max-video-preview":"max-video-preview:-1"},"canonical":"https:\/\/jornalbeirario.com.br\/portal\/?p=53532","og_locale":"pt_BR","og_type":"article","og_title":"Prefeitura de Itatiaia inicia implanta\u00e7\u00e3o do Alvar\u00e1 Online - JORNAL BEIRA RIO","og_description":"Os empreendedores interessados em obter o alvar\u00e1 para atividades na cidade em breve poder\u00e3o solicitar o documento direto pela internet. A Prefeitura de Itatiaia,","og_url":"https:\/\/jornalbeirario.com.br\/portal\/?p=53532","og_site_name":"JORNAL BEIRA RIO","article_published_time":"2017-08-29T20:08:13+00:00","og_image":[{"width":930,"height":350,"url":"https:\/\/jornalbeirario.com.br\/portal\/wp-content\/uploads\/2017\/08\/alvaraonline1.jpg","type":"image\/jpeg"}],"author":"Jornal BEIRA-RIO","twitter_card":"summary_large_image","twitter_misc":{"Escrito por":"Jornal BEIRA-RIO","Est. tempo de leitura":"2 minutos"},"schema":{"@context":"https:\/\/schema.org","@graph":[{"@type":"Article","@id":"https:\/\/jornalbeirario.com.br\/portal\/?p=53532#article","isPartOf":{"@id":"https:\/\/jornalbeirario.com.br\/portal\/?p=53532"},"author":{"name":"Jornal BEIRA-RIO","@id":"https:\/\/jornalbeirario.com.br\/portal\/#\/schema\/person\/c6c423e4c2465d2a9233f6539173e7c1"},"headline":"Prefeitura de Itatiaia inicia implanta\u00e7\u00e3o do Alvar\u00e1 Online","datePublished":"2017-08-29T20:08:13+00:00","mainEntityOfPage":{"@id":"https:\/\/jornalbeirario.com.br\/portal\/?p=53532"},"wordCount":359,"commentCount":0,"publisher":{"@id":"https:\/\/jornalbeirario.com.br\/portal\/#organization"},"image":{"@id":"https:\/\/jornalbeirario.com.br\/portal\/?p=53532#primaryimage"},"thumbnailUrl":"https:\/\/jornalbeirario.com.br\/portal\/wp-content\/uploads\/2017\/08\/alvaraonline1.jpg","keywords":["dehoraemhora","manchete"],"articleSection":["Cidade"],"inLanguage":"pt-BR","potentialAction":[{"@type":"CommentAction","name":"Comment","target":["https:\/\/jornalbeirario.com.br\/portal\/?p=53532#respond"]}]},{"@type":"WebPage","@id":"https:\/\/jornalbeirario.com.br\/portal\/?p=53532","url":"https:\/\/jornalbeirario.com.br\/portal\/?p=53532","name":"Prefeitura de Itatiaia inicia implanta\u00e7\u00e3o do Alvar\u00e1 Online - JORNAL BEIRA RIO","isPartOf":{"@id":"https:\/\/jornalbeirario.com.br\/portal\/#website"},"primaryImageOfPage":{"@id":"https:\/\/jornalbeirario.com.br\/portal\/?p=53532#primaryimage"},"image":{"@id":"https:\/\/jornalbeirario.com.br\/portal\/?p=53532#primaryimage"},"thumbnailUrl":"https:\/\/jornalbeirario.com.br\/portal\/wp-content\/uploads\/2017\/08\/alvaraonline1.jpg","datePublished":"2017-08-29T20:08:13+00:00","breadcrumb":{"@id":"https:\/\/jornalbeirario.com.br\/portal\/?p=53532#breadcrumb"},"inLanguage":"pt-BR","potentialAction":[{"@type":"ReadAction","target":["https:\/\/jornalbeirario.com.br\/portal\/?p=53532"]}]},{"@type":"ImageObject","inLanguage":"pt-BR","@id":"https:\/\/jornalbeirario.com.br\/portal\/?p=53532#primaryimage","url":"https:\/\/jornalbeirario.com.br\/portal\/wp-content\/uploads\/2017\/08\/alvaraonline1.jpg","contentUrl":"https:\/\/jornalbeirario.com.br\/portal\/wp-content\/uploads\/2017\/08\/alvaraonline1.jpg","width":930,"height":350},{"@type":"BreadcrumbList","@id":"https:\/\/jornalbeirario.com.br\/portal\/?p=53532#breadcrumb","itemListElement":[{"@type":"ListItem","position":1,"name":"Home","item":"https:\/\/jornalbeirario.com.br\/portal"},{"@type":"ListItem","position":2,"name":"Prefeitura de Itatiaia inicia implanta\u00e7\u00e3o do Alvar\u00e1 Online"}]},{"@type":"WebSite","@id":"https:\/\/jornalbeirario.com.br\/portal\/#website","url":"https:\/\/jornalbeirario.com.br\/portal\/","name":"JORNAL BEIRA RIO","description":"","publisher":{"@id":"https:\/\/jornalbeirario.com.br\/portal\/#organization"},"potentialAction":[{"@type":"SearchAction","target":{"@type":"EntryPoint","urlTemplate":"https:\/\/jornalbeirario.com.br\/portal\/?s={search_term_string}"},"query-input":{"@type":"PropertyValueSpecification","valueRequired":true,"valueName":"search_term_string"}}],"inLanguage":"pt-BR"},{"@type":"Organization","@id":"https:\/\/jornalbeirario.com.br\/portal\/#organization","name":"JORNAL BEIRA RIO","url":"https:\/\/jornalbeirario.com.br\/portal\/","logo":{"@type":"ImageObject","inLanguage":"pt-BR","@id":"https:\/\/jornalbeirario.com.br\/portal\/#\/schema\/logo\/image\/","url":"https:\/\/jornalbeirario.com.br\/portal\/wp-content\/uploads\/2017\/09\/BEIRA-RIO_logo600.png","contentUrl":"https:\/\/jornalbeirario.com.br\/portal\/wp-content\/uploads\/2017\/09\/BEIRA-RIO_logo600.png","width":650,"height":108,"caption":"JORNAL BEIRA RIO"},"image":{"@id":"https:\/\/jornalbeirario.com.br\/portal\/#\/schema\/logo\/image\/"}},{"@type":"Person","@id":"https:\/\/jornalbeirario.com.br\/portal\/#\/schema\/person\/c6c423e4c2465d2a9233f6539173e7c1","name":"Jornal BEIRA-RIO","image":{"@type":"ImageObject","inLanguage":"pt-BR","@id":"https:\/\/jornalbeirario.com.br\/portal\/wp-content\/uploads\/2023\/10\/logojbr1.jpg","url":"https:\/\/jornalbeirario.com.br\/portal\/wp-content\/uploads\/2023\/10\/logojbr1.jpg","contentUrl":"https:\/\/jornalbeirario.com.br\/portal\/wp-content\/uploads\/2023\/10\/logojbr1.jpg","caption":"Jornal BEIRA-RIO"},"url":"https:\/\/jornalbeirario.com.br\/portal\/?author=1"}]}},"_links":{"self":[{"href":"https:\/\/jornalbeirario.com.br\/portal\/index.php?rest_route=\/wp\/v2\/posts\/53532","targetHints":{"allow":["GET"]}}],"collection":[{"href":"https:\/\/jornalbeirario.com.br\/portal\/index.php?rest_route=\/wp\/v2\/posts"}],"about":[{"href":"https:\/\/jornalbeirario.com.br\/portal\/index.php?rest_route=\/wp\/v2\/types\/post"}],"author":[{"embeddable":true,"href":"https:\/\/jornalbeirario.com.br\/portal\/index.php?rest_route=\/wp\/v2\/users\/1"}],"replies":[{"embeddable":true,"href":"https:\/\/jornalbeirario.com.br\/portal\/index.php?rest_route=%2Fwp%2Fv2%2Fcomments&post=53532"}],"version-history":[{"count":0,"href":"https:\/\/jornalbeirario.com.br\/portal\/index.php?rest_route=\/wp\/v2\/posts\/53532\/revisions"}],"wp:featuredmedia":[{"embeddable":true,"href":"https:\/\/jornalbeirario.com.br\/portal\/index.php?rest_route=\/wp\/v2\/media\/52962"}],"wp:attachment":[{"href":"https:\/\/jornalbeirario.com.br\/portal\/index.php?rest_route=%2Fwp%2Fv2%2Fmedia&parent=53532"}],"wp:term":[{"taxonomy":"category","embeddable":true,"href":"https:\/\/jornalbeirario.com.br\/portal\/index.php?rest_route=%2Fwp%2Fv2%2Fcategories&post=53532"},{"taxonomy":"post_tag","embeddable":true,"href":"https:\/\/jornalbeirario.com.br\/portal\/index.php?rest_route=%2Fwp%2Fv2%2Ftags&post=53532"}],"curies":[{"name":"wp","href":"https:\/\/api.w.org\/{rel}","templated":true}]}}