
{"id":53509,"date":"2017-08-14T13:46:03","date_gmt":"2017-08-14T16:46:03","guid":{"rendered":"http:\/\/jornalbeirario.com.br\/?p=52496"},"modified":"2017-08-14T13:46:03","modified_gmt":"2017-08-14T16:46:03","slug":"inscricoes-para-a-obfep-ja-estao-abertas","status":"publish","type":"post","link":"https:\/\/jornalbeirario.com.br\/portal\/?p=53509","title":{"rendered":"Inscri\u00e7\u00f5es para a Obfep j\u00e1 est\u00e3o abertas"},"content":{"rendered":"<figure id=\"attachment_52498\" aria-describedby=\"caption-attachment-52498\" style=\"width: 300px\" class=\"wp-caption alignleft\"><a href=\"http:\/\/jornalbeirario.com.br\/?attachment_id=52498\" rel=\"attachment wp-att-52498\"><img loading=\"lazy\" decoding=\"async\" class=\"size-medium wp-image-52498\" src=\"http:\/\/jornalbeirario.com.br\/wp-content\/uploads\/2017\/08\/454877-300x225.jpg\" alt=\"\" width=\"300\" height=\"225\" \/><\/a><figcaption id=\"caption-attachment-52498\" class=\"wp-caption-text\">Arthur Barreto, estudante do Campus Palmas, do Instituto Federal do Tocantins (Ifto), que conquistou a medalha de prata na Obfep de 2014.<\/figcaption><\/figure>\n<p style=\"text-align: justify;\">As inscri\u00e7\u00f5es para a Obfep (Olimp\u00edada Brasileira de F\u00edsica das Escolas P\u00fablicas) est\u00e3o abertas para estudantes da 1\u00aa e da 2\u00aa s\u00e9rie do Ensino M\u00e9dio e tamb\u00e9m para alunos do 9\u00b0 ano do Ensino Fundamental de escolas municipais, estaduais e federais at\u00e9 dia 17 de agosto. Para realiza\u00e7\u00e3o da inscri\u00e7\u00e3o, cada escola deve inscrever um professor respons\u00e1vel at\u00e9 a data estipulada pelo <a href=\"http:\/\/www.sbfisica.org.br\/~obfep\/\">site<\/a>.<\/p>\n<p style=\"text-align: justify;\">Na edi\u00e7\u00e3o passada (2016), oito alunos da Seeduc (Secretaria de Estado de Educa\u00e7\u00e3o) do Rio de Janeiro faturaram medalhas no evento. Da regi\u00e3o, o Col\u00e9gio Estadual Arnor Silvestre Vieira, em Valen\u00e7a, recebeu duas medalhas de ouro, tr\u00eas de prata e duas de bronze. Ainda, cinco alunos foram premiados nas etapas nacional e estadual. O Col\u00e9gio Estadual Sol Nascente, em Cachoeiras de Macacu, obteve duas medalhas de ouro. J\u00e1 os col\u00e9gios estaduais Doutor Guilherme Milward, tamb\u00e9m de Valen\u00e7a, e Matem\u00e1tico Joaquim Gomes de Sousa \u2013 Intercultural Brasil-China, em Niter\u00f3i, conquistaram uma medalha de ouro cada.<\/p>\n<p style=\"text-align: justify;\">Para as provas dessa primeira 1\u00aa fase, as quest\u00f5es ser\u00e3o de m\u00faltipla escolha, com realiza\u00e7\u00e3o dia 24 de agosto. As avalia\u00e7\u00f5es te\u00f3ricas da 2\u00aa fase acontecer\u00e3o dia 21 de outubro.<\/p>\n<p style=\"text-align: justify;\">A proposta desenvolvida pela Olimp\u00edada \u00e9 a valoriza\u00e7\u00e3o da escola p\u00fablica e a melhoria do ensino e estudo das ci\u00eancias, possibilitando aos estudantes uma forma de avaliar sua aptid\u00e3o e interesse pela Ci\u00eancia e pela F\u00edsica, em particular.<\/p>\n<p><em>Fonte: Assessoria de Imprensa (Secretaria de Estado de Educa\u00e7\u00e3o)<\/em><\/p>\n<p><em>Foto: The Picta\/<span class=\"irc_ho\" dir=\"ltr\">Campus Palmas &#8211; Instituto Federal do Tocantins<\/span><\/em><\/p>\n<p><span style=\"border-radius: 2px; text-indent: 20px; width: auto; padding: 0px 4px 0px 0px; text-align: center; font: bold 11px\/20px 'Helvetica Neue',Helvetica,sans-serif; color: #ffffff; background: #bd081c  no-repeat scroll 3px 50% \/ 14px 14px; position: absolute; opacity: 1; z-index: 8675309; display: none; cursor: pointer;\">Salvar<\/span><\/p>\n","protected":false},"excerpt":{"rendered":"<p>As inscri\u00e7\u00f5es para a Obfep (Olimp\u00edada Brasileira de F\u00edsica das Escolas P\u00fablicas) est\u00e3o abertas para estudantes da 1\u00aa e da 2\u00aa s\u00e9rie do Ensino<\/p>\n","protected":false},"author":1,"featured_media":52497,"comment_status":"open","ping_status":"open","sticky":false,"template":"","format":"standard","meta":{"pmpro_default_level":"","footnotes":""},"categories":[28,166],"tags":[155],"class_list":["post-53509","post","type-post","status-publish","format-standard","has-post-thumbnail","hentry","category-educacao","category-evento","tag-dehoraemhora","pmpro-has-access"],"yoast_head":"<!-- This site is optimized with the Yoast SEO plugin v27.4 - https:\/\/yoast.com\/product\/yoast-seo-wordpress\/ -->\n<title>Inscri\u00e7\u00f5es para a Obfep j\u00e1 est\u00e3o abertas - JORNAL BEIRA RIO<\/title>\n<meta name=\"robots\" content=\"index, follow, max-snippet:-1, max-image-preview:large, max-video-preview:-1\" \/>\n<link rel=\"canonical\" href=\"https:\/\/jornalbeirario.com.br\/portal\/?p=53509\" \/>\n<meta property=\"og:locale\" content=\"pt_BR\" \/>\n<meta property=\"og:type\" content=\"article\" \/>\n<meta property=\"og:title\" content=\"Inscri\u00e7\u00f5es para a Obfep j\u00e1 est\u00e3o abertas - JORNAL BEIRA RIO\" \/>\n<meta property=\"og:description\" content=\"As inscri\u00e7\u00f5es para a Obfep (Olimp\u00edada Brasileira de F\u00edsica das Escolas P\u00fablicas) est\u00e3o abertas para estudantes da 1\u00aa e da 2\u00aa s\u00e9rie do Ensino\" \/>\n<meta property=\"og:url\" content=\"https:\/\/jornalbeirario.com.br\/portal\/?p=53509\" \/>\n<meta property=\"og:site_name\" content=\"JORNAL BEIRA RIO\" \/>\n<meta property=\"article:published_time\" content=\"2017-08-14T16:46:03+00:00\" \/>\n<meta name=\"author\" content=\"Jornal BEIRA-RIO\" \/>\n<meta name=\"twitter:card\" content=\"summary_large_image\" \/>\n<meta name=\"twitter:label1\" content=\"Escrito por\" \/>\n\t<meta name=\"twitter:data1\" content=\"Jornal BEIRA-RIO\" \/>\n\t<meta name=\"twitter:label2\" content=\"Est. tempo de leitura\" \/>\n\t<meta name=\"twitter:data2\" content=\"2 minutos\" \/>\n<script type=\"application\/ld+json\" class=\"yoast-schema-graph\">{\"@context\":\"https:\\\/\\\/schema.org\",\"@graph\":[{\"@type\":\"Article\",\"@id\":\"https:\\\/\\\/jornalbeirario.com.br\\\/portal\\\/?p=53509#article\",\"isPartOf\":{\"@id\":\"https:\\\/\\\/jornalbeirario.com.br\\\/portal\\\/?p=53509\"},\"author\":{\"name\":\"Jornal BEIRA-RIO\",\"@id\":\"https:\\\/\\\/jornalbeirario.com.br\\\/portal\\\/#\\\/schema\\\/person\\\/c6c423e4c2465d2a9233f6539173e7c1\"},\"headline\":\"Inscri\u00e7\u00f5es para a Obfep j\u00e1 est\u00e3o abertas\",\"datePublished\":\"2017-08-14T16:46:03+00:00\",\"mainEntityOfPage\":{\"@id\":\"https:\\\/\\\/jornalbeirario.com.br\\\/portal\\\/?p=53509\"},\"wordCount\":309,\"commentCount\":0,\"publisher\":{\"@id\":\"https:\\\/\\\/jornalbeirario.com.br\\\/portal\\\/#organization\"},\"image\":{\"@id\":\"https:\\\/\\\/jornalbeirario.com.br\\\/portal\\\/?p=53509#primaryimage\"},\"thumbnailUrl\":\"\",\"keywords\":[\"dehoraemhora\"],\"articleSection\":[\"Educa\u00e7\u00e3o\",\"Evento\"],\"inLanguage\":\"pt-BR\",\"potentialAction\":[{\"@type\":\"CommentAction\",\"name\":\"Comment\",\"target\":[\"https:\\\/\\\/jornalbeirario.com.br\\\/portal\\\/?p=53509#respond\"]}]},{\"@type\":\"WebPage\",\"@id\":\"https:\\\/\\\/jornalbeirario.com.br\\\/portal\\\/?p=53509\",\"url\":\"https:\\\/\\\/jornalbeirario.com.br\\\/portal\\\/?p=53509\",\"name\":\"Inscri\u00e7\u00f5es para a Obfep j\u00e1 est\u00e3o abertas - JORNAL BEIRA RIO\",\"isPartOf\":{\"@id\":\"https:\\\/\\\/jornalbeirario.com.br\\\/portal\\\/#website\"},\"primaryImageOfPage\":{\"@id\":\"https:\\\/\\\/jornalbeirario.com.br\\\/portal\\\/?p=53509#primaryimage\"},\"image\":{\"@id\":\"https:\\\/\\\/jornalbeirario.com.br\\\/portal\\\/?p=53509#primaryimage\"},\"thumbnailUrl\":\"\",\"datePublished\":\"2017-08-14T16:46:03+00:00\",\"breadcrumb\":{\"@id\":\"https:\\\/\\\/jornalbeirario.com.br\\\/portal\\\/?p=53509#breadcrumb\"},\"inLanguage\":\"pt-BR\",\"potentialAction\":[{\"@type\":\"ReadAction\",\"target\":[\"https:\\\/\\\/jornalbeirario.com.br\\\/portal\\\/?p=53509\"]}]},{\"@type\":\"ImageObject\",\"inLanguage\":\"pt-BR\",\"@id\":\"https:\\\/\\\/jornalbeirario.com.br\\\/portal\\\/?p=53509#primaryimage\",\"url\":\"\",\"contentUrl\":\"\"},{\"@type\":\"BreadcrumbList\",\"@id\":\"https:\\\/\\\/jornalbeirario.com.br\\\/portal\\\/?p=53509#breadcrumb\",\"itemListElement\":[{\"@type\":\"ListItem\",\"position\":1,\"name\":\"Home\",\"item\":\"https:\\\/\\\/jornalbeirario.com.br\\\/portal\"},{\"@type\":\"ListItem\",\"position\":2,\"name\":\"Inscri\u00e7\u00f5es para a Obfep j\u00e1 est\u00e3o abertas\"}]},{\"@type\":\"WebSite\",\"@id\":\"https:\\\/\\\/jornalbeirario.com.br\\\/portal\\\/#website\",\"url\":\"https:\\\/\\\/jornalbeirario.com.br\\\/portal\\\/\",\"name\":\"JORNAL BEIRA RIO\",\"description\":\"\",\"publisher\":{\"@id\":\"https:\\\/\\\/jornalbeirario.com.br\\\/portal\\\/#organization\"},\"potentialAction\":[{\"@type\":\"SearchAction\",\"target\":{\"@type\":\"EntryPoint\",\"urlTemplate\":\"https:\\\/\\\/jornalbeirario.com.br\\\/portal\\\/?s={search_term_string}\"},\"query-input\":{\"@type\":\"PropertyValueSpecification\",\"valueRequired\":true,\"valueName\":\"search_term_string\"}}],\"inLanguage\":\"pt-BR\"},{\"@type\":\"Organization\",\"@id\":\"https:\\\/\\\/jornalbeirario.com.br\\\/portal\\\/#organization\",\"name\":\"JORNAL BEIRA RIO\",\"url\":\"https:\\\/\\\/jornalbeirario.com.br\\\/portal\\\/\",\"logo\":{\"@type\":\"ImageObject\",\"inLanguage\":\"pt-BR\",\"@id\":\"https:\\\/\\\/jornalbeirario.com.br\\\/portal\\\/#\\\/schema\\\/logo\\\/image\\\/\",\"url\":\"https:\\\/\\\/jornalbeirario.com.br\\\/portal\\\/wp-content\\\/uploads\\\/2017\\\/09\\\/BEIRA-RIO_logo600.png\",\"contentUrl\":\"https:\\\/\\\/jornalbeirario.com.br\\\/portal\\\/wp-content\\\/uploads\\\/2017\\\/09\\\/BEIRA-RIO_logo600.png\",\"width\":650,\"height\":108,\"caption\":\"JORNAL BEIRA RIO\"},\"image\":{\"@id\":\"https:\\\/\\\/jornalbeirario.com.br\\\/portal\\\/#\\\/schema\\\/logo\\\/image\\\/\"}},{\"@type\":\"Person\",\"@id\":\"https:\\\/\\\/jornalbeirario.com.br\\\/portal\\\/#\\\/schema\\\/person\\\/c6c423e4c2465d2a9233f6539173e7c1\",\"name\":\"Jornal BEIRA-RIO\",\"image\":{\"@type\":\"ImageObject\",\"inLanguage\":\"pt-BR\",\"@id\":\"https:\\\/\\\/jornalbeirario.com.br\\\/portal\\\/wp-content\\\/uploads\\\/2023\\\/10\\\/logojbr1.jpg\",\"url\":\"https:\\\/\\\/jornalbeirario.com.br\\\/portal\\\/wp-content\\\/uploads\\\/2023\\\/10\\\/logojbr1.jpg\",\"contentUrl\":\"https:\\\/\\\/jornalbeirario.com.br\\\/portal\\\/wp-content\\\/uploads\\\/2023\\\/10\\\/logojbr1.jpg\",\"caption\":\"Jornal BEIRA-RIO\"},\"url\":\"https:\\\/\\\/jornalbeirario.com.br\\\/portal\\\/?author=1\"}]}<\/script>\n<!-- \/ Yoast SEO plugin. -->","yoast_head_json":{"title":"Inscri\u00e7\u00f5es para a Obfep j\u00e1 est\u00e3o abertas - JORNAL BEIRA RIO","robots":{"index":"index","follow":"follow","max-snippet":"max-snippet:-1","max-image-preview":"max-image-preview:large","max-video-preview":"max-video-preview:-1"},"canonical":"https:\/\/jornalbeirario.com.br\/portal\/?p=53509","og_locale":"pt_BR","og_type":"article","og_title":"Inscri\u00e7\u00f5es para a Obfep j\u00e1 est\u00e3o abertas - JORNAL BEIRA RIO","og_description":"As inscri\u00e7\u00f5es para a Obfep (Olimp\u00edada Brasileira de F\u00edsica das Escolas P\u00fablicas) est\u00e3o abertas para estudantes da 1\u00aa e da 2\u00aa s\u00e9rie do Ensino","og_url":"https:\/\/jornalbeirario.com.br\/portal\/?p=53509","og_site_name":"JORNAL BEIRA RIO","article_published_time":"2017-08-14T16:46:03+00:00","author":"Jornal BEIRA-RIO","twitter_card":"summary_large_image","twitter_misc":{"Escrito por":"Jornal BEIRA-RIO","Est. tempo de leitura":"2 minutos"},"schema":{"@context":"https:\/\/schema.org","@graph":[{"@type":"Article","@id":"https:\/\/jornalbeirario.com.br\/portal\/?p=53509#article","isPartOf":{"@id":"https:\/\/jornalbeirario.com.br\/portal\/?p=53509"},"author":{"name":"Jornal BEIRA-RIO","@id":"https:\/\/jornalbeirario.com.br\/portal\/#\/schema\/person\/c6c423e4c2465d2a9233f6539173e7c1"},"headline":"Inscri\u00e7\u00f5es para a Obfep j\u00e1 est\u00e3o abertas","datePublished":"2017-08-14T16:46:03+00:00","mainEntityOfPage":{"@id":"https:\/\/jornalbeirario.com.br\/portal\/?p=53509"},"wordCount":309,"commentCount":0,"publisher":{"@id":"https:\/\/jornalbeirario.com.br\/portal\/#organization"},"image":{"@id":"https:\/\/jornalbeirario.com.br\/portal\/?p=53509#primaryimage"},"thumbnailUrl":"","keywords":["dehoraemhora"],"articleSection":["Educa\u00e7\u00e3o","Evento"],"inLanguage":"pt-BR","potentialAction":[{"@type":"CommentAction","name":"Comment","target":["https:\/\/jornalbeirario.com.br\/portal\/?p=53509#respond"]}]},{"@type":"WebPage","@id":"https:\/\/jornalbeirario.com.br\/portal\/?p=53509","url":"https:\/\/jornalbeirario.com.br\/portal\/?p=53509","name":"Inscri\u00e7\u00f5es para a Obfep j\u00e1 est\u00e3o abertas - JORNAL BEIRA RIO","isPartOf":{"@id":"https:\/\/jornalbeirario.com.br\/portal\/#website"},"primaryImageOfPage":{"@id":"https:\/\/jornalbeirario.com.br\/portal\/?p=53509#primaryimage"},"image":{"@id":"https:\/\/jornalbeirario.com.br\/portal\/?p=53509#primaryimage"},"thumbnailUrl":"","datePublished":"2017-08-14T16:46:03+00:00","breadcrumb":{"@id":"https:\/\/jornalbeirario.com.br\/portal\/?p=53509#breadcrumb"},"inLanguage":"pt-BR","potentialAction":[{"@type":"ReadAction","target":["https:\/\/jornalbeirario.com.br\/portal\/?p=53509"]}]},{"@type":"ImageObject","inLanguage":"pt-BR","@id":"https:\/\/jornalbeirario.com.br\/portal\/?p=53509#primaryimage","url":"","contentUrl":""},{"@type":"BreadcrumbList","@id":"https:\/\/jornalbeirario.com.br\/portal\/?p=53509#breadcrumb","itemListElement":[{"@type":"ListItem","position":1,"name":"Home","item":"https:\/\/jornalbeirario.com.br\/portal"},{"@type":"ListItem","position":2,"name":"Inscri\u00e7\u00f5es para a Obfep j\u00e1 est\u00e3o abertas"}]},{"@type":"WebSite","@id":"https:\/\/jornalbeirario.com.br\/portal\/#website","url":"https:\/\/jornalbeirario.com.br\/portal\/","name":"JORNAL BEIRA RIO","description":"","publisher":{"@id":"https:\/\/jornalbeirario.com.br\/portal\/#organization"},"potentialAction":[{"@type":"SearchAction","target":{"@type":"EntryPoint","urlTemplate":"https:\/\/jornalbeirario.com.br\/portal\/?s={search_term_string}"},"query-input":{"@type":"PropertyValueSpecification","valueRequired":true,"valueName":"search_term_string"}}],"inLanguage":"pt-BR"},{"@type":"Organization","@id":"https:\/\/jornalbeirario.com.br\/portal\/#organization","name":"JORNAL BEIRA RIO","url":"https:\/\/jornalbeirario.com.br\/portal\/","logo":{"@type":"ImageObject","inLanguage":"pt-BR","@id":"https:\/\/jornalbeirario.com.br\/portal\/#\/schema\/logo\/image\/","url":"https:\/\/jornalbeirario.com.br\/portal\/wp-content\/uploads\/2017\/09\/BEIRA-RIO_logo600.png","contentUrl":"https:\/\/jornalbeirario.com.br\/portal\/wp-content\/uploads\/2017\/09\/BEIRA-RIO_logo600.png","width":650,"height":108,"caption":"JORNAL BEIRA RIO"},"image":{"@id":"https:\/\/jornalbeirario.com.br\/portal\/#\/schema\/logo\/image\/"}},{"@type":"Person","@id":"https:\/\/jornalbeirario.com.br\/portal\/#\/schema\/person\/c6c423e4c2465d2a9233f6539173e7c1","name":"Jornal BEIRA-RIO","image":{"@type":"ImageObject","inLanguage":"pt-BR","@id":"https:\/\/jornalbeirario.com.br\/portal\/wp-content\/uploads\/2023\/10\/logojbr1.jpg","url":"https:\/\/jornalbeirario.com.br\/portal\/wp-content\/uploads\/2023\/10\/logojbr1.jpg","contentUrl":"https:\/\/jornalbeirario.com.br\/portal\/wp-content\/uploads\/2023\/10\/logojbr1.jpg","caption":"Jornal BEIRA-RIO"},"url":"https:\/\/jornalbeirario.com.br\/portal\/?author=1"}]}},"_links":{"self":[{"href":"https:\/\/jornalbeirario.com.br\/portal\/index.php?rest_route=\/wp\/v2\/posts\/53509","targetHints":{"allow":["GET"]}}],"collection":[{"href":"https:\/\/jornalbeirario.com.br\/portal\/index.php?rest_route=\/wp\/v2\/posts"}],"about":[{"href":"https:\/\/jornalbeirario.com.br\/portal\/index.php?rest_route=\/wp\/v2\/types\/post"}],"author":[{"embeddable":true,"href":"https:\/\/jornalbeirario.com.br\/portal\/index.php?rest_route=\/wp\/v2\/users\/1"}],"replies":[{"embeddable":true,"href":"https:\/\/jornalbeirario.com.br\/portal\/index.php?rest_route=%2Fwp%2Fv2%2Fcomments&post=53509"}],"version-history":[{"count":0,"href":"https:\/\/jornalbeirario.com.br\/portal\/index.php?rest_route=\/wp\/v2\/posts\/53509\/revisions"}],"wp:featuredmedia":[{"embeddable":true,"href":"https:\/\/jornalbeirario.com.br\/portal\/index.php?rest_route=\/"}],"wp:attachment":[{"href":"https:\/\/jornalbeirario.com.br\/portal\/index.php?rest_route=%2Fwp%2Fv2%2Fmedia&parent=53509"}],"wp:term":[{"taxonomy":"category","embeddable":true,"href":"https:\/\/jornalbeirario.com.br\/portal\/index.php?rest_route=%2Fwp%2Fv2%2Fcategories&post=53509"},{"taxonomy":"post_tag","embeddable":true,"href":"https:\/\/jornalbeirario.com.br\/portal\/index.php?rest_route=%2Fwp%2Fv2%2Ftags&post=53509"}],"curies":[{"name":"wp","href":"https:\/\/api.w.org\/{rel}","templated":true}]}}