
{"id":53303,"date":"2017-09-14T10:27:34","date_gmt":"2017-09-14T13:27:34","guid":{"rendered":"http:\/\/jornalbeirario.com.br\/?p=53303"},"modified":"2017-09-14T10:27:34","modified_gmt":"2017-09-14T13:27:34","slug":"dia-d-da-campanha-de-vacinacao-acontece-no-proximo-sabado","status":"publish","type":"post","link":"https:\/\/jornalbeirario.com.br\/portal\/?p=53303","title":{"rendered":"Dia D da Campanha de vacina\u00e7\u00e3o acontece no pr\u00f3ximo s\u00e1bado"},"content":{"rendered":"<p style=\"text-align: justify;\">At\u00e9 o pr\u00f3ximo dia 22 (sexta-feira), acontece a Campanha de Multivacina\u00e7\u00e3o promovida pelo Minist\u00e9rio da Sa\u00fade. Lan\u00e7ada nesta quarta-feira, dia 13, em Bras\u00edlia, ter\u00e1 como p\u00fablico-alvo crian\u00e7as e adolescentes. Ao todo, mais de 47 milh\u00f5es de crian\u00e7as menores de cinco anos, crian\u00e7as de nove anos e tamb\u00e9m adolescentes de 10 a 15 anos do pa\u00eds dever\u00e3o atualizar o calend\u00e1rio vacinal. Mais da metade (53%) desse p\u00fablico j\u00e1 deveria ter sido estar com o seu calend\u00e1rio de vacina\u00e7\u00e3o completo.<\/p>\n<p style=\"text-align: justify;\">Ao todo, 13 vacinas para crian\u00e7as e oito para adolescentes estar\u00e3o \u00e0 disposi\u00e7\u00e3o da popula\u00e7\u00e3o. A campanha envolver\u00e1 36 mil postos fixos de vacina\u00e7\u00e3o e 350 mil profissionais de sa\u00fade. Al\u00e9m do envio de 143,9 milh\u00f5es de doses de vacina de rotina, o Minist\u00e9rio da Sa\u00fade ainda distribuiu aos postos de sa\u00fade 14,8 milh\u00f5es de doses extras de 15 vacinas para a campanha.<\/p>\n<p style=\"text-align: justify;\">No pr\u00f3ximo s\u00e1bado, dia 16, ser\u00e1 o dia D da vacina\u00e7\u00e3o, quando postos de sa\u00fade em todo pa\u00eds estar\u00e3o de portas abertas para imunizar crian\u00e7as e adolescentes de doen\u00e7as que ainda n\u00e3o est\u00e3o eliminadas e, portanto, representam riscos para quem n\u00e3o estiver vacinado.<\/p>\n<p style=\"text-align: justify;\">Al\u00e9m disso, em complemento \u00e0 campanha de Multivacina\u00e7\u00e3o, o Minist\u00e9rio da Sa\u00fade planeja instituir um dia nacional de vacina\u00e7\u00e3o nas escolas. \u201cPretendemos avan\u00e7ar ainda mais na conscientiza\u00e7\u00e3o dos pais para a import\u00e2ncia da vacina\u00e7\u00e3o de crian\u00e7as e adolescentes. A campanha que lan\u00e7amos hoje refor\u00e7a que todos os dias s\u00e3o dias de vacina. S\u00f3 com essa conscientiza\u00e7\u00e3o \u00e9 que a popula\u00e7\u00e3o brasileira estar\u00e1 protegida de uma s\u00e9rie de doen\u00e7as que s\u00e3o facilmente preven\u00edeis apenas com vacina\u00e7\u00e3o,\u201d enfatiza Ricardo Barros.<\/p>\n<p style=\"text-align: justify;\">CRIAN\u00c7AS N\u00c3O VACINADAS<br \/>\nAs crian\u00e7as somente estar\u00e3o protegidas com calend\u00e1rio de vacina\u00e7\u00e3o em dia. Por isso, o Minist\u00e9rio quer, com a mobiliza\u00e7\u00e3o, refor\u00e7ar o acesso \u00e0s vacinas, alertando estados e munic\u00edpios da import\u00e2ncia de manter elevadas coberturas vacinais, evitando o reaparecimento de doen\u00e7as j\u00e1 controladas ou mesmo eliminadas no pa\u00eds. Embora, de uma forma geral, tenha altas coberturas vacinais com alcance de meta de v\u00e1rias vacinas, ainda h\u00e1 uma heterogeneidade regional nas coberturas vacinais. \u201cAo desagregar os dados, vemos bols\u00f5es, locais, com baixas coberturas. Se, ao longo dos anos isso persistir, corremos o risco de ver de volta doen\u00e7as que j\u00e1 n\u00e3o existem mais no Brasil\u201d, alertou a<span class=\"st\"> coordenadora do Programa Nacional de Imuniza\u00e7\u00f5es (PNI) do Minist\u00e9rio da Sa\u00fade, <\/span>Carla Domingues.<\/p>\n<p style=\"text-align: justify;\"><em>Foto: Reprodu\u00e7\u00e3o\/Internet<\/em><\/p>\n<p style=\"text-align: justify;\"><em>Fonte: Ag\u00eancia Sa\u00fade<\/em><\/p>\n","protected":false},"excerpt":{"rendered":"<p>At\u00e9 o pr\u00f3ximo dia 22 (sexta-feira), acontece a Campanha de Multivacina\u00e7\u00e3o promovida pelo Minist\u00e9rio da Sa\u00fade. Lan\u00e7ada nesta quarta-feira, dia 13, em Bras\u00edlia, ter\u00e1<\/p>\n","protected":false},"author":1,"featured_media":53308,"comment_status":"open","ping_status":"open","sticky":false,"template":"","format":"standard","meta":{"pmpro_default_level":"","footnotes":""},"categories":[35,18],"tags":[155,153],"class_list":["post-53303","post","type-post","status-publish","format-standard","has-post-thumbnail","hentry","category-nacional","category-saude","tag-dehoraemhora","tag-manchete","pmpro-has-access"],"yoast_head":"<!-- This site is optimized with the Yoast SEO plugin v27.4 - https:\/\/yoast.com\/product\/yoast-seo-wordpress\/ -->\n<title>Dia D da Campanha de vacina\u00e7\u00e3o acontece no pr\u00f3ximo s\u00e1bado - JORNAL BEIRA RIO<\/title>\n<meta name=\"robots\" content=\"index, follow, max-snippet:-1, max-image-preview:large, max-video-preview:-1\" \/>\n<link rel=\"canonical\" href=\"https:\/\/jornalbeirario.com.br\/portal\/?p=53303\" \/>\n<meta property=\"og:locale\" content=\"pt_BR\" \/>\n<meta property=\"og:type\" content=\"article\" \/>\n<meta property=\"og:title\" content=\"Dia D da Campanha de vacina\u00e7\u00e3o acontece no pr\u00f3ximo s\u00e1bado - JORNAL BEIRA RIO\" \/>\n<meta property=\"og:description\" content=\"At\u00e9 o pr\u00f3ximo dia 22 (sexta-feira), acontece a Campanha de Multivacina\u00e7\u00e3o promovida pelo Minist\u00e9rio da Sa\u00fade. Lan\u00e7ada nesta quarta-feira, dia 13, em Bras\u00edlia, ter\u00e1\" \/>\n<meta property=\"og:url\" content=\"https:\/\/jornalbeirario.com.br\/portal\/?p=53303\" \/>\n<meta property=\"og:site_name\" content=\"JORNAL BEIRA RIO\" \/>\n<meta property=\"article:published_time\" content=\"2017-09-14T13:27:34+00:00\" \/>\n<meta property=\"og:image\" content=\"https:\/\/jornalbeirario.com.br\/portal\/wp-content\/uploads\/2017\/09\/CDL-2.jpg\" \/>\n\t<meta property=\"og:image:width\" content=\"640\" \/>\n\t<meta property=\"og:image:height\" content=\"480\" \/>\n\t<meta property=\"og:image:type\" content=\"image\/jpeg\" \/>\n<meta name=\"author\" content=\"Jornal BEIRA-RIO\" \/>\n<meta name=\"twitter:card\" content=\"summary_large_image\" \/>\n<meta name=\"twitter:label1\" content=\"Escrito por\" \/>\n\t<meta name=\"twitter:data1\" content=\"Jornal BEIRA-RIO\" \/>\n\t<meta name=\"twitter:label2\" content=\"Est. tempo de leitura\" \/>\n\t<meta name=\"twitter:data2\" content=\"2 minutos\" \/>\n<script type=\"application\/ld+json\" class=\"yoast-schema-graph\">{\"@context\":\"https:\\\/\\\/schema.org\",\"@graph\":[{\"@type\":\"Article\",\"@id\":\"https:\\\/\\\/jornalbeirario.com.br\\\/portal\\\/?p=53303#article\",\"isPartOf\":{\"@id\":\"https:\\\/\\\/jornalbeirario.com.br\\\/portal\\\/?p=53303\"},\"author\":{\"name\":\"Jornal BEIRA-RIO\",\"@id\":\"https:\\\/\\\/jornalbeirario.com.br\\\/portal\\\/#\\\/schema\\\/person\\\/c6c423e4c2465d2a9233f6539173e7c1\"},\"headline\":\"Dia D da Campanha de vacina\u00e7\u00e3o acontece no pr\u00f3ximo s\u00e1bado\",\"datePublished\":\"2017-09-14T13:27:34+00:00\",\"mainEntityOfPage\":{\"@id\":\"https:\\\/\\\/jornalbeirario.com.br\\\/portal\\\/?p=53303\"},\"wordCount\":470,\"commentCount\":0,\"publisher\":{\"@id\":\"https:\\\/\\\/jornalbeirario.com.br\\\/portal\\\/#organization\"},\"image\":{\"@id\":\"https:\\\/\\\/jornalbeirario.com.br\\\/portal\\\/?p=53303#primaryimage\"},\"thumbnailUrl\":\"https:\\\/\\\/jornalbeirario.com.br\\\/portal\\\/wp-content\\\/uploads\\\/2017\\\/09\\\/CDL-2.jpg\",\"keywords\":[\"dehoraemhora\",\"manchete\"],\"articleSection\":[\"Nacional\",\"Sa\u00fade\"],\"inLanguage\":\"pt-BR\",\"potentialAction\":[{\"@type\":\"CommentAction\",\"name\":\"Comment\",\"target\":[\"https:\\\/\\\/jornalbeirario.com.br\\\/portal\\\/?p=53303#respond\"]}]},{\"@type\":\"WebPage\",\"@id\":\"https:\\\/\\\/jornalbeirario.com.br\\\/portal\\\/?p=53303\",\"url\":\"https:\\\/\\\/jornalbeirario.com.br\\\/portal\\\/?p=53303\",\"name\":\"Dia D da Campanha de vacina\u00e7\u00e3o acontece no pr\u00f3ximo s\u00e1bado - JORNAL BEIRA RIO\",\"isPartOf\":{\"@id\":\"https:\\\/\\\/jornalbeirario.com.br\\\/portal\\\/#website\"},\"primaryImageOfPage\":{\"@id\":\"https:\\\/\\\/jornalbeirario.com.br\\\/portal\\\/?p=53303#primaryimage\"},\"image\":{\"@id\":\"https:\\\/\\\/jornalbeirario.com.br\\\/portal\\\/?p=53303#primaryimage\"},\"thumbnailUrl\":\"https:\\\/\\\/jornalbeirario.com.br\\\/portal\\\/wp-content\\\/uploads\\\/2017\\\/09\\\/CDL-2.jpg\",\"datePublished\":\"2017-09-14T13:27:34+00:00\",\"breadcrumb\":{\"@id\":\"https:\\\/\\\/jornalbeirario.com.br\\\/portal\\\/?p=53303#breadcrumb\"},\"inLanguage\":\"pt-BR\",\"potentialAction\":[{\"@type\":\"ReadAction\",\"target\":[\"https:\\\/\\\/jornalbeirario.com.br\\\/portal\\\/?p=53303\"]}]},{\"@type\":\"ImageObject\",\"inLanguage\":\"pt-BR\",\"@id\":\"https:\\\/\\\/jornalbeirario.com.br\\\/portal\\\/?p=53303#primaryimage\",\"url\":\"https:\\\/\\\/jornalbeirario.com.br\\\/portal\\\/wp-content\\\/uploads\\\/2017\\\/09\\\/CDL-2.jpg\",\"contentUrl\":\"https:\\\/\\\/jornalbeirario.com.br\\\/portal\\\/wp-content\\\/uploads\\\/2017\\\/09\\\/CDL-2.jpg\",\"width\":640,\"height\":480},{\"@type\":\"BreadcrumbList\",\"@id\":\"https:\\\/\\\/jornalbeirario.com.br\\\/portal\\\/?p=53303#breadcrumb\",\"itemListElement\":[{\"@type\":\"ListItem\",\"position\":1,\"name\":\"Home\",\"item\":\"https:\\\/\\\/jornalbeirario.com.br\\\/portal\"},{\"@type\":\"ListItem\",\"position\":2,\"name\":\"Dia D da Campanha de vacina\u00e7\u00e3o acontece no pr\u00f3ximo s\u00e1bado\"}]},{\"@type\":\"WebSite\",\"@id\":\"https:\\\/\\\/jornalbeirario.com.br\\\/portal\\\/#website\",\"url\":\"https:\\\/\\\/jornalbeirario.com.br\\\/portal\\\/\",\"name\":\"JORNAL BEIRA RIO\",\"description\":\"\",\"publisher\":{\"@id\":\"https:\\\/\\\/jornalbeirario.com.br\\\/portal\\\/#organization\"},\"potentialAction\":[{\"@type\":\"SearchAction\",\"target\":{\"@type\":\"EntryPoint\",\"urlTemplate\":\"https:\\\/\\\/jornalbeirario.com.br\\\/portal\\\/?s={search_term_string}\"},\"query-input\":{\"@type\":\"PropertyValueSpecification\",\"valueRequired\":true,\"valueName\":\"search_term_string\"}}],\"inLanguage\":\"pt-BR\"},{\"@type\":\"Organization\",\"@id\":\"https:\\\/\\\/jornalbeirario.com.br\\\/portal\\\/#organization\",\"name\":\"JORNAL BEIRA RIO\",\"url\":\"https:\\\/\\\/jornalbeirario.com.br\\\/portal\\\/\",\"logo\":{\"@type\":\"ImageObject\",\"inLanguage\":\"pt-BR\",\"@id\":\"https:\\\/\\\/jornalbeirario.com.br\\\/portal\\\/#\\\/schema\\\/logo\\\/image\\\/\",\"url\":\"https:\\\/\\\/jornalbeirario.com.br\\\/portal\\\/wp-content\\\/uploads\\\/2017\\\/09\\\/BEIRA-RIO_logo600.png\",\"contentUrl\":\"https:\\\/\\\/jornalbeirario.com.br\\\/portal\\\/wp-content\\\/uploads\\\/2017\\\/09\\\/BEIRA-RIO_logo600.png\",\"width\":650,\"height\":108,\"caption\":\"JORNAL BEIRA RIO\"},\"image\":{\"@id\":\"https:\\\/\\\/jornalbeirario.com.br\\\/portal\\\/#\\\/schema\\\/logo\\\/image\\\/\"}},{\"@type\":\"Person\",\"@id\":\"https:\\\/\\\/jornalbeirario.com.br\\\/portal\\\/#\\\/schema\\\/person\\\/c6c423e4c2465d2a9233f6539173e7c1\",\"name\":\"Jornal BEIRA-RIO\",\"image\":{\"@type\":\"ImageObject\",\"inLanguage\":\"pt-BR\",\"@id\":\"https:\\\/\\\/jornalbeirario.com.br\\\/portal\\\/wp-content\\\/uploads\\\/2023\\\/10\\\/logojbr1.jpg\",\"url\":\"https:\\\/\\\/jornalbeirario.com.br\\\/portal\\\/wp-content\\\/uploads\\\/2023\\\/10\\\/logojbr1.jpg\",\"contentUrl\":\"https:\\\/\\\/jornalbeirario.com.br\\\/portal\\\/wp-content\\\/uploads\\\/2023\\\/10\\\/logojbr1.jpg\",\"caption\":\"Jornal BEIRA-RIO\"},\"url\":\"https:\\\/\\\/jornalbeirario.com.br\\\/portal\\\/?author=1\"}]}<\/script>\n<!-- \/ Yoast SEO plugin. -->","yoast_head_json":{"title":"Dia D da Campanha de vacina\u00e7\u00e3o acontece no pr\u00f3ximo s\u00e1bado - JORNAL BEIRA RIO","robots":{"index":"index","follow":"follow","max-snippet":"max-snippet:-1","max-image-preview":"max-image-preview:large","max-video-preview":"max-video-preview:-1"},"canonical":"https:\/\/jornalbeirario.com.br\/portal\/?p=53303","og_locale":"pt_BR","og_type":"article","og_title":"Dia D da Campanha de vacina\u00e7\u00e3o acontece no pr\u00f3ximo s\u00e1bado - JORNAL BEIRA RIO","og_description":"At\u00e9 o pr\u00f3ximo dia 22 (sexta-feira), acontece a Campanha de Multivacina\u00e7\u00e3o promovida pelo Minist\u00e9rio da Sa\u00fade. Lan\u00e7ada nesta quarta-feira, dia 13, em Bras\u00edlia, ter\u00e1","og_url":"https:\/\/jornalbeirario.com.br\/portal\/?p=53303","og_site_name":"JORNAL BEIRA RIO","article_published_time":"2017-09-14T13:27:34+00:00","og_image":[{"width":640,"height":480,"url":"https:\/\/jornalbeirario.com.br\/portal\/wp-content\/uploads\/2017\/09\/CDL-2.jpg","type":"image\/jpeg"}],"author":"Jornal BEIRA-RIO","twitter_card":"summary_large_image","twitter_misc":{"Escrito por":"Jornal BEIRA-RIO","Est. tempo de leitura":"2 minutos"},"schema":{"@context":"https:\/\/schema.org","@graph":[{"@type":"Article","@id":"https:\/\/jornalbeirario.com.br\/portal\/?p=53303#article","isPartOf":{"@id":"https:\/\/jornalbeirario.com.br\/portal\/?p=53303"},"author":{"name":"Jornal BEIRA-RIO","@id":"https:\/\/jornalbeirario.com.br\/portal\/#\/schema\/person\/c6c423e4c2465d2a9233f6539173e7c1"},"headline":"Dia D da Campanha de vacina\u00e7\u00e3o acontece no pr\u00f3ximo s\u00e1bado","datePublished":"2017-09-14T13:27:34+00:00","mainEntityOfPage":{"@id":"https:\/\/jornalbeirario.com.br\/portal\/?p=53303"},"wordCount":470,"commentCount":0,"publisher":{"@id":"https:\/\/jornalbeirario.com.br\/portal\/#organization"},"image":{"@id":"https:\/\/jornalbeirario.com.br\/portal\/?p=53303#primaryimage"},"thumbnailUrl":"https:\/\/jornalbeirario.com.br\/portal\/wp-content\/uploads\/2017\/09\/CDL-2.jpg","keywords":["dehoraemhora","manchete"],"articleSection":["Nacional","Sa\u00fade"],"inLanguage":"pt-BR","potentialAction":[{"@type":"CommentAction","name":"Comment","target":["https:\/\/jornalbeirario.com.br\/portal\/?p=53303#respond"]}]},{"@type":"WebPage","@id":"https:\/\/jornalbeirario.com.br\/portal\/?p=53303","url":"https:\/\/jornalbeirario.com.br\/portal\/?p=53303","name":"Dia D da Campanha de vacina\u00e7\u00e3o acontece no pr\u00f3ximo s\u00e1bado - JORNAL BEIRA RIO","isPartOf":{"@id":"https:\/\/jornalbeirario.com.br\/portal\/#website"},"primaryImageOfPage":{"@id":"https:\/\/jornalbeirario.com.br\/portal\/?p=53303#primaryimage"},"image":{"@id":"https:\/\/jornalbeirario.com.br\/portal\/?p=53303#primaryimage"},"thumbnailUrl":"https:\/\/jornalbeirario.com.br\/portal\/wp-content\/uploads\/2017\/09\/CDL-2.jpg","datePublished":"2017-09-14T13:27:34+00:00","breadcrumb":{"@id":"https:\/\/jornalbeirario.com.br\/portal\/?p=53303#breadcrumb"},"inLanguage":"pt-BR","potentialAction":[{"@type":"ReadAction","target":["https:\/\/jornalbeirario.com.br\/portal\/?p=53303"]}]},{"@type":"ImageObject","inLanguage":"pt-BR","@id":"https:\/\/jornalbeirario.com.br\/portal\/?p=53303#primaryimage","url":"https:\/\/jornalbeirario.com.br\/portal\/wp-content\/uploads\/2017\/09\/CDL-2.jpg","contentUrl":"https:\/\/jornalbeirario.com.br\/portal\/wp-content\/uploads\/2017\/09\/CDL-2.jpg","width":640,"height":480},{"@type":"BreadcrumbList","@id":"https:\/\/jornalbeirario.com.br\/portal\/?p=53303#breadcrumb","itemListElement":[{"@type":"ListItem","position":1,"name":"Home","item":"https:\/\/jornalbeirario.com.br\/portal"},{"@type":"ListItem","position":2,"name":"Dia D da Campanha de vacina\u00e7\u00e3o acontece no pr\u00f3ximo s\u00e1bado"}]},{"@type":"WebSite","@id":"https:\/\/jornalbeirario.com.br\/portal\/#website","url":"https:\/\/jornalbeirario.com.br\/portal\/","name":"JORNAL BEIRA RIO","description":"","publisher":{"@id":"https:\/\/jornalbeirario.com.br\/portal\/#organization"},"potentialAction":[{"@type":"SearchAction","target":{"@type":"EntryPoint","urlTemplate":"https:\/\/jornalbeirario.com.br\/portal\/?s={search_term_string}"},"query-input":{"@type":"PropertyValueSpecification","valueRequired":true,"valueName":"search_term_string"}}],"inLanguage":"pt-BR"},{"@type":"Organization","@id":"https:\/\/jornalbeirario.com.br\/portal\/#organization","name":"JORNAL BEIRA RIO","url":"https:\/\/jornalbeirario.com.br\/portal\/","logo":{"@type":"ImageObject","inLanguage":"pt-BR","@id":"https:\/\/jornalbeirario.com.br\/portal\/#\/schema\/logo\/image\/","url":"https:\/\/jornalbeirario.com.br\/portal\/wp-content\/uploads\/2017\/09\/BEIRA-RIO_logo600.png","contentUrl":"https:\/\/jornalbeirario.com.br\/portal\/wp-content\/uploads\/2017\/09\/BEIRA-RIO_logo600.png","width":650,"height":108,"caption":"JORNAL BEIRA RIO"},"image":{"@id":"https:\/\/jornalbeirario.com.br\/portal\/#\/schema\/logo\/image\/"}},{"@type":"Person","@id":"https:\/\/jornalbeirario.com.br\/portal\/#\/schema\/person\/c6c423e4c2465d2a9233f6539173e7c1","name":"Jornal BEIRA-RIO","image":{"@type":"ImageObject","inLanguage":"pt-BR","@id":"https:\/\/jornalbeirario.com.br\/portal\/wp-content\/uploads\/2023\/10\/logojbr1.jpg","url":"https:\/\/jornalbeirario.com.br\/portal\/wp-content\/uploads\/2023\/10\/logojbr1.jpg","contentUrl":"https:\/\/jornalbeirario.com.br\/portal\/wp-content\/uploads\/2023\/10\/logojbr1.jpg","caption":"Jornal BEIRA-RIO"},"url":"https:\/\/jornalbeirario.com.br\/portal\/?author=1"}]}},"_links":{"self":[{"href":"https:\/\/jornalbeirario.com.br\/portal\/index.php?rest_route=\/wp\/v2\/posts\/53303","targetHints":{"allow":["GET"]}}],"collection":[{"href":"https:\/\/jornalbeirario.com.br\/portal\/index.php?rest_route=\/wp\/v2\/posts"}],"about":[{"href":"https:\/\/jornalbeirario.com.br\/portal\/index.php?rest_route=\/wp\/v2\/types\/post"}],"author":[{"embeddable":true,"href":"https:\/\/jornalbeirario.com.br\/portal\/index.php?rest_route=\/wp\/v2\/users\/1"}],"replies":[{"embeddable":true,"href":"https:\/\/jornalbeirario.com.br\/portal\/index.php?rest_route=%2Fwp%2Fv2%2Fcomments&post=53303"}],"version-history":[{"count":0,"href":"https:\/\/jornalbeirario.com.br\/portal\/index.php?rest_route=\/wp\/v2\/posts\/53303\/revisions"}],"wp:featuredmedia":[{"embeddable":true,"href":"https:\/\/jornalbeirario.com.br\/portal\/index.php?rest_route=\/wp\/v2\/media\/53308"}],"wp:attachment":[{"href":"https:\/\/jornalbeirario.com.br\/portal\/index.php?rest_route=%2Fwp%2Fv2%2Fmedia&parent=53303"}],"wp:term":[{"taxonomy":"category","embeddable":true,"href":"https:\/\/jornalbeirario.com.br\/portal\/index.php?rest_route=%2Fwp%2Fv2%2Fcategories&post=53303"},{"taxonomy":"post_tag","embeddable":true,"href":"https:\/\/jornalbeirario.com.br\/portal\/index.php?rest_route=%2Fwp%2Fv2%2Ftags&post=53303"}],"curies":[{"name":"wp","href":"https:\/\/api.w.org\/{rel}","templated":true}]}}