
{"id":52868,"date":"2017-08-25T16:06:11","date_gmt":"2017-08-25T19:06:11","guid":{"rendered":"http:\/\/jornalbeirario.com.br\/?p=52868"},"modified":"2017-08-25T16:06:11","modified_gmt":"2017-08-25T19:06:11","slug":"inseguranca-faz-vereadores-mudarem-horario-das-sessoes-legislativas","status":"publish","type":"post","link":"https:\/\/jornalbeirario.com.br\/portal\/?p=52868","title":{"rendered":"Inseguran\u00e7a faz vereadores mudarem hor\u00e1rio das sess\u00f5es legislativas"},"content":{"rendered":"<p style=\"text-align: justify;\"><a href=\"http:\/\/jornalbeirario.com.br\/?attachment_id=52891\" rel=\"attachment wp-att-52891\"><img loading=\"lazy\" decoding=\"async\" class=\"alignleft wp-image-52891\" src=\"http:\/\/jornalbeirario.com.br\/wp-content\/uploads\/2017\/08\/camara_sessao.jpg\" alt=\"\" width=\"361\" height=\"565\" srcset=\"https:\/\/jornalbeirario.com.br\/portal\/wp-content\/uploads\/2017\/08\/camara_sessao.jpg 610w, https:\/\/jornalbeirario.com.br\/portal\/wp-content\/uploads\/2017\/08\/camara_sessao-192x300.jpg 192w\" sizes=\"auto, (max-width: 361px) 100vw, 361px\" \/><\/a>Vereadores de Resende sem qualquer consulta \u00e0 popula\u00e7\u00e3o ou aviso pr\u00e9vio aprovam mudan\u00e7a dos dias e hor\u00e1rios das sess\u00f5es legislativas. a Resolu\u00e7\u00e3o de n\u00ba 5216 de 22\/08\/2017 foi publicada dia 24 e causou surpresa. Segundo o presidente da C\u00e2mara, vereador Roque Cerqueira s\u00e3o duas as principais raz\u00f5es para mudan\u00e7a: a primeira \u00e9 a inseguran\u00e7a. Os vereadores alegam que a terminar 22h est\u00e1 muito perigoso porque o Centro da cidade est\u00e1 com muitos assaltos: &#8220;roubaram um carro que estava em frente \u00e0 C\u00e2mara. Muita inseguran\u00e7a e isso afasta as pessoas&#8221;, disse Cerqueira. A outra raz\u00e3o \u00e9 para ver se aumenta o n\u00famero de pessoas nas sess\u00f5es, mas quando perguntado se ouviu a popula\u00e7\u00e3o sobre a mudan\u00e7a o presidente respondeu: &#8220;ouvir a popula\u00e7\u00e3o? A popula\u00e7\u00e3o n\u00e3o vai \u00e0 C\u00e2mara&#8221;. O vereador diz ainda que acredita que o novo hor\u00e1rio vai estimular a presen\u00e7a de estudantes, comerci\u00e1rios, entre outro segmentos.<\/p>\n<p style=\"text-align: justify;\">\u2014 Isso \u00e9 piada n\u00e9? O com\u00e9rcio onde trabalho s\u00f3 fecha \u00e0s 19h, \u00e0s vezes eu ia assistir, agora n\u00e3o vou mais, diz a comerci\u00e1ria Let\u00edcia Souza. Para o presidente da C\u00e2mara, vai facilitar para quem depende de \u00f4nibus: &#8220;\u00c9 um teste. Vamos ver se fica melhor. As sess\u00f5es andam vazias, porque as pessoas est\u00e3o com medo de sair muito tarde e \u00e0s vezes perder os \u00faltimos hor\u00e1rios de \u00f4nibus&#8221;, comenta o vereador.<\/p>\n<p style=\"text-align: justify;\">Para Ricardo Paiva, propriet\u00e1rio de um com\u00e9rcio local o argumento da falta de seguran\u00e7a deveria ser motivo de a\u00e7\u00e3o contr\u00e1ria dos vereadores: &#8220;O movimento tinha que ser o contr\u00e1rio. N\u00e3o altera nada ser mais cedo se tem inseguran\u00e7a. Se tem \u00e0s 19h, tem tamb\u00e9m mais cedo. Estamos aqui h\u00e1 dois anos e meio e temos notado maior ocupa\u00e7\u00e3o do espa\u00e7o, mais gente circulando. Discordo totalmente, a C\u00e2mara tem poder pol\u00edtico para ter mais pol\u00edcia circulando e ocupar o local.<\/p>\n<p style=\"text-align: justify;\">A Resolu\u00e7\u00e3o foi uma proposta da Mesa Diretora para mudar o Regimento Interno e aprovada por todos os demais vereadores. O <strong>BEIRA-RIO<\/strong> montou uma pesquisa para saber a opini\u00e3o da popula\u00e7\u00e3o e em especial, das pessoas que frequentam ou pretendem frequentar as sess\u00f5es da C\u00e2mara Municipal.<\/p>\n<p>S\u00f3 levar\u00e1 um minuto. <a href=\"https:\/\/form.jotformz.com\/72365157853665\">Responda clicando aqui.<\/a><\/p>\n<p>&nbsp;<\/p>\n","protected":false},"excerpt":{"rendered":"<p>Vereadores de Resende sem qualquer consulta \u00e0 popula\u00e7\u00e3o ou aviso pr\u00e9vio aprovam mudan\u00e7a dos dias e hor\u00e1rios das sess\u00f5es legislativas. a Resolu\u00e7\u00e3o de n\u00ba<\/p>\n","protected":false},"author":1,"featured_media":52893,"comment_status":"open","ping_status":"open","sticky":false,"template":"","format":"standard","meta":{"pmpro_default_level":"","footnotes":""},"categories":[11],"tags":[155,153],"class_list":["post-52868","post","type-post","status-publish","format-standard","has-post-thumbnail","hentry","category-politica","tag-dehoraemhora","tag-manchete","pmpro-has-access"],"yoast_head":"<!-- This site is optimized with the Yoast SEO plugin v27.4 - https:\/\/yoast.com\/product\/yoast-seo-wordpress\/ -->\n<title>Inseguran\u00e7a faz vereadores mudarem hor\u00e1rio das sess\u00f5es legislativas - JORNAL BEIRA RIO<\/title>\n<meta name=\"robots\" content=\"index, follow, max-snippet:-1, max-image-preview:large, max-video-preview:-1\" \/>\n<link rel=\"canonical\" href=\"https:\/\/jornalbeirario.com.br\/portal\/?p=52868\" \/>\n<meta property=\"og:locale\" content=\"pt_BR\" \/>\n<meta property=\"og:type\" content=\"article\" \/>\n<meta property=\"og:title\" content=\"Inseguran\u00e7a faz vereadores mudarem hor\u00e1rio das sess\u00f5es legislativas - JORNAL BEIRA RIO\" \/>\n<meta property=\"og:description\" content=\"Vereadores de Resende sem qualquer consulta \u00e0 popula\u00e7\u00e3o ou aviso pr\u00e9vio aprovam mudan\u00e7a dos dias e hor\u00e1rios das sess\u00f5es legislativas. a Resolu\u00e7\u00e3o de n\u00ba\" \/>\n<meta property=\"og:url\" content=\"https:\/\/jornalbeirario.com.br\/portal\/?p=52868\" \/>\n<meta property=\"og:site_name\" content=\"JORNAL BEIRA RIO\" \/>\n<meta property=\"article:published_time\" content=\"2017-08-25T19:06:11+00:00\" \/>\n<meta property=\"og:image\" content=\"https:\/\/jornalbeirario.com.br\/portal\/wp-content\/uploads\/2017\/08\/roquemesa1.jpg\" \/>\n\t<meta property=\"og:image:width\" content=\"930\" \/>\n\t<meta property=\"og:image:height\" content=\"350\" \/>\n\t<meta property=\"og:image:type\" content=\"image\/jpeg\" \/>\n<meta name=\"author\" content=\"Jornal BEIRA-RIO\" \/>\n<meta name=\"twitter:card\" content=\"summary_large_image\" \/>\n<meta name=\"twitter:label1\" content=\"Escrito por\" \/>\n\t<meta name=\"twitter:data1\" content=\"Jornal BEIRA-RIO\" \/>\n\t<meta name=\"twitter:label2\" content=\"Est. tempo de leitura\" \/>\n\t<meta name=\"twitter:data2\" content=\"2 minutos\" \/>\n<script type=\"application\/ld+json\" class=\"yoast-schema-graph\">{\"@context\":\"https:\\\/\\\/schema.org\",\"@graph\":[{\"@type\":\"Article\",\"@id\":\"https:\\\/\\\/jornalbeirario.com.br\\\/portal\\\/?p=52868#article\",\"isPartOf\":{\"@id\":\"https:\\\/\\\/jornalbeirario.com.br\\\/portal\\\/?p=52868\"},\"author\":{\"name\":\"Jornal BEIRA-RIO\",\"@id\":\"https:\\\/\\\/jornalbeirario.com.br\\\/portal\\\/#\\\/schema\\\/person\\\/c6c423e4c2465d2a9233f6539173e7c1\"},\"headline\":\"Inseguran\u00e7a faz vereadores mudarem hor\u00e1rio das sess\u00f5es legislativas\",\"datePublished\":\"2017-08-25T19:06:11+00:00\",\"mainEntityOfPage\":{\"@id\":\"https:\\\/\\\/jornalbeirario.com.br\\\/portal\\\/?p=52868\"},\"wordCount\":405,\"commentCount\":0,\"publisher\":{\"@id\":\"https:\\\/\\\/jornalbeirario.com.br\\\/portal\\\/#organization\"},\"image\":{\"@id\":\"https:\\\/\\\/jornalbeirario.com.br\\\/portal\\\/?p=52868#primaryimage\"},\"thumbnailUrl\":\"https:\\\/\\\/jornalbeirario.com.br\\\/portal\\\/wp-content\\\/uploads\\\/2017\\\/08\\\/roquemesa1.jpg\",\"keywords\":[\"dehoraemhora\",\"manchete\"],\"articleSection\":[\"Pol\u00edtica\"],\"inLanguage\":\"pt-BR\",\"potentialAction\":[{\"@type\":\"CommentAction\",\"name\":\"Comment\",\"target\":[\"https:\\\/\\\/jornalbeirario.com.br\\\/portal\\\/?p=52868#respond\"]}]},{\"@type\":\"WebPage\",\"@id\":\"https:\\\/\\\/jornalbeirario.com.br\\\/portal\\\/?p=52868\",\"url\":\"https:\\\/\\\/jornalbeirario.com.br\\\/portal\\\/?p=52868\",\"name\":\"Inseguran\u00e7a faz vereadores mudarem hor\u00e1rio das sess\u00f5es legislativas - JORNAL BEIRA RIO\",\"isPartOf\":{\"@id\":\"https:\\\/\\\/jornalbeirario.com.br\\\/portal\\\/#website\"},\"primaryImageOfPage\":{\"@id\":\"https:\\\/\\\/jornalbeirario.com.br\\\/portal\\\/?p=52868#primaryimage\"},\"image\":{\"@id\":\"https:\\\/\\\/jornalbeirario.com.br\\\/portal\\\/?p=52868#primaryimage\"},\"thumbnailUrl\":\"https:\\\/\\\/jornalbeirario.com.br\\\/portal\\\/wp-content\\\/uploads\\\/2017\\\/08\\\/roquemesa1.jpg\",\"datePublished\":\"2017-08-25T19:06:11+00:00\",\"breadcrumb\":{\"@id\":\"https:\\\/\\\/jornalbeirario.com.br\\\/portal\\\/?p=52868#breadcrumb\"},\"inLanguage\":\"pt-BR\",\"potentialAction\":[{\"@type\":\"ReadAction\",\"target\":[\"https:\\\/\\\/jornalbeirario.com.br\\\/portal\\\/?p=52868\"]}]},{\"@type\":\"ImageObject\",\"inLanguage\":\"pt-BR\",\"@id\":\"https:\\\/\\\/jornalbeirario.com.br\\\/portal\\\/?p=52868#primaryimage\",\"url\":\"https:\\\/\\\/jornalbeirario.com.br\\\/portal\\\/wp-content\\\/uploads\\\/2017\\\/08\\\/roquemesa1.jpg\",\"contentUrl\":\"https:\\\/\\\/jornalbeirario.com.br\\\/portal\\\/wp-content\\\/uploads\\\/2017\\\/08\\\/roquemesa1.jpg\",\"width\":930,\"height\":350},{\"@type\":\"BreadcrumbList\",\"@id\":\"https:\\\/\\\/jornalbeirario.com.br\\\/portal\\\/?p=52868#breadcrumb\",\"itemListElement\":[{\"@type\":\"ListItem\",\"position\":1,\"name\":\"Home\",\"item\":\"https:\\\/\\\/jornalbeirario.com.br\\\/portal\"},{\"@type\":\"ListItem\",\"position\":2,\"name\":\"Inseguran\u00e7a faz vereadores mudarem hor\u00e1rio das sess\u00f5es legislativas\"}]},{\"@type\":\"WebSite\",\"@id\":\"https:\\\/\\\/jornalbeirario.com.br\\\/portal\\\/#website\",\"url\":\"https:\\\/\\\/jornalbeirario.com.br\\\/portal\\\/\",\"name\":\"JORNAL BEIRA RIO\",\"description\":\"\",\"publisher\":{\"@id\":\"https:\\\/\\\/jornalbeirario.com.br\\\/portal\\\/#organization\"},\"potentialAction\":[{\"@type\":\"SearchAction\",\"target\":{\"@type\":\"EntryPoint\",\"urlTemplate\":\"https:\\\/\\\/jornalbeirario.com.br\\\/portal\\\/?s={search_term_string}\"},\"query-input\":{\"@type\":\"PropertyValueSpecification\",\"valueRequired\":true,\"valueName\":\"search_term_string\"}}],\"inLanguage\":\"pt-BR\"},{\"@type\":\"Organization\",\"@id\":\"https:\\\/\\\/jornalbeirario.com.br\\\/portal\\\/#organization\",\"name\":\"JORNAL BEIRA RIO\",\"url\":\"https:\\\/\\\/jornalbeirario.com.br\\\/portal\\\/\",\"logo\":{\"@type\":\"ImageObject\",\"inLanguage\":\"pt-BR\",\"@id\":\"https:\\\/\\\/jornalbeirario.com.br\\\/portal\\\/#\\\/schema\\\/logo\\\/image\\\/\",\"url\":\"https:\\\/\\\/jornalbeirario.com.br\\\/portal\\\/wp-content\\\/uploads\\\/2017\\\/09\\\/BEIRA-RIO_logo600.png\",\"contentUrl\":\"https:\\\/\\\/jornalbeirario.com.br\\\/portal\\\/wp-content\\\/uploads\\\/2017\\\/09\\\/BEIRA-RIO_logo600.png\",\"width\":650,\"height\":108,\"caption\":\"JORNAL BEIRA RIO\"},\"image\":{\"@id\":\"https:\\\/\\\/jornalbeirario.com.br\\\/portal\\\/#\\\/schema\\\/logo\\\/image\\\/\"}},{\"@type\":\"Person\",\"@id\":\"https:\\\/\\\/jornalbeirario.com.br\\\/portal\\\/#\\\/schema\\\/person\\\/c6c423e4c2465d2a9233f6539173e7c1\",\"name\":\"Jornal BEIRA-RIO\",\"image\":{\"@type\":\"ImageObject\",\"inLanguage\":\"pt-BR\",\"@id\":\"https:\\\/\\\/jornalbeirario.com.br\\\/portal\\\/wp-content\\\/uploads\\\/2023\\\/10\\\/logojbr1.jpg\",\"url\":\"https:\\\/\\\/jornalbeirario.com.br\\\/portal\\\/wp-content\\\/uploads\\\/2023\\\/10\\\/logojbr1.jpg\",\"contentUrl\":\"https:\\\/\\\/jornalbeirario.com.br\\\/portal\\\/wp-content\\\/uploads\\\/2023\\\/10\\\/logojbr1.jpg\",\"caption\":\"Jornal BEIRA-RIO\"},\"url\":\"https:\\\/\\\/jornalbeirario.com.br\\\/portal\\\/?author=1\"}]}<\/script>\n<!-- \/ Yoast SEO plugin. -->","yoast_head_json":{"title":"Inseguran\u00e7a faz vereadores mudarem hor\u00e1rio das sess\u00f5es legislativas - JORNAL BEIRA RIO","robots":{"index":"index","follow":"follow","max-snippet":"max-snippet:-1","max-image-preview":"max-image-preview:large","max-video-preview":"max-video-preview:-1"},"canonical":"https:\/\/jornalbeirario.com.br\/portal\/?p=52868","og_locale":"pt_BR","og_type":"article","og_title":"Inseguran\u00e7a faz vereadores mudarem hor\u00e1rio das sess\u00f5es legislativas - JORNAL BEIRA RIO","og_description":"Vereadores de Resende sem qualquer consulta \u00e0 popula\u00e7\u00e3o ou aviso pr\u00e9vio aprovam mudan\u00e7a dos dias e hor\u00e1rios das sess\u00f5es legislativas. a Resolu\u00e7\u00e3o de n\u00ba","og_url":"https:\/\/jornalbeirario.com.br\/portal\/?p=52868","og_site_name":"JORNAL BEIRA RIO","article_published_time":"2017-08-25T19:06:11+00:00","og_image":[{"width":930,"height":350,"url":"https:\/\/jornalbeirario.com.br\/portal\/wp-content\/uploads\/2017\/08\/roquemesa1.jpg","type":"image\/jpeg"}],"author":"Jornal BEIRA-RIO","twitter_card":"summary_large_image","twitter_misc":{"Escrito por":"Jornal BEIRA-RIO","Est. tempo de leitura":"2 minutos"},"schema":{"@context":"https:\/\/schema.org","@graph":[{"@type":"Article","@id":"https:\/\/jornalbeirario.com.br\/portal\/?p=52868#article","isPartOf":{"@id":"https:\/\/jornalbeirario.com.br\/portal\/?p=52868"},"author":{"name":"Jornal BEIRA-RIO","@id":"https:\/\/jornalbeirario.com.br\/portal\/#\/schema\/person\/c6c423e4c2465d2a9233f6539173e7c1"},"headline":"Inseguran\u00e7a faz vereadores mudarem hor\u00e1rio das sess\u00f5es legislativas","datePublished":"2017-08-25T19:06:11+00:00","mainEntityOfPage":{"@id":"https:\/\/jornalbeirario.com.br\/portal\/?p=52868"},"wordCount":405,"commentCount":0,"publisher":{"@id":"https:\/\/jornalbeirario.com.br\/portal\/#organization"},"image":{"@id":"https:\/\/jornalbeirario.com.br\/portal\/?p=52868#primaryimage"},"thumbnailUrl":"https:\/\/jornalbeirario.com.br\/portal\/wp-content\/uploads\/2017\/08\/roquemesa1.jpg","keywords":["dehoraemhora","manchete"],"articleSection":["Pol\u00edtica"],"inLanguage":"pt-BR","potentialAction":[{"@type":"CommentAction","name":"Comment","target":["https:\/\/jornalbeirario.com.br\/portal\/?p=52868#respond"]}]},{"@type":"WebPage","@id":"https:\/\/jornalbeirario.com.br\/portal\/?p=52868","url":"https:\/\/jornalbeirario.com.br\/portal\/?p=52868","name":"Inseguran\u00e7a faz vereadores mudarem hor\u00e1rio das sess\u00f5es legislativas - JORNAL BEIRA RIO","isPartOf":{"@id":"https:\/\/jornalbeirario.com.br\/portal\/#website"},"primaryImageOfPage":{"@id":"https:\/\/jornalbeirario.com.br\/portal\/?p=52868#primaryimage"},"image":{"@id":"https:\/\/jornalbeirario.com.br\/portal\/?p=52868#primaryimage"},"thumbnailUrl":"https:\/\/jornalbeirario.com.br\/portal\/wp-content\/uploads\/2017\/08\/roquemesa1.jpg","datePublished":"2017-08-25T19:06:11+00:00","breadcrumb":{"@id":"https:\/\/jornalbeirario.com.br\/portal\/?p=52868#breadcrumb"},"inLanguage":"pt-BR","potentialAction":[{"@type":"ReadAction","target":["https:\/\/jornalbeirario.com.br\/portal\/?p=52868"]}]},{"@type":"ImageObject","inLanguage":"pt-BR","@id":"https:\/\/jornalbeirario.com.br\/portal\/?p=52868#primaryimage","url":"https:\/\/jornalbeirario.com.br\/portal\/wp-content\/uploads\/2017\/08\/roquemesa1.jpg","contentUrl":"https:\/\/jornalbeirario.com.br\/portal\/wp-content\/uploads\/2017\/08\/roquemesa1.jpg","width":930,"height":350},{"@type":"BreadcrumbList","@id":"https:\/\/jornalbeirario.com.br\/portal\/?p=52868#breadcrumb","itemListElement":[{"@type":"ListItem","position":1,"name":"Home","item":"https:\/\/jornalbeirario.com.br\/portal"},{"@type":"ListItem","position":2,"name":"Inseguran\u00e7a faz vereadores mudarem hor\u00e1rio das sess\u00f5es legislativas"}]},{"@type":"WebSite","@id":"https:\/\/jornalbeirario.com.br\/portal\/#website","url":"https:\/\/jornalbeirario.com.br\/portal\/","name":"JORNAL BEIRA RIO","description":"","publisher":{"@id":"https:\/\/jornalbeirario.com.br\/portal\/#organization"},"potentialAction":[{"@type":"SearchAction","target":{"@type":"EntryPoint","urlTemplate":"https:\/\/jornalbeirario.com.br\/portal\/?s={search_term_string}"},"query-input":{"@type":"PropertyValueSpecification","valueRequired":true,"valueName":"search_term_string"}}],"inLanguage":"pt-BR"},{"@type":"Organization","@id":"https:\/\/jornalbeirario.com.br\/portal\/#organization","name":"JORNAL BEIRA RIO","url":"https:\/\/jornalbeirario.com.br\/portal\/","logo":{"@type":"ImageObject","inLanguage":"pt-BR","@id":"https:\/\/jornalbeirario.com.br\/portal\/#\/schema\/logo\/image\/","url":"https:\/\/jornalbeirario.com.br\/portal\/wp-content\/uploads\/2017\/09\/BEIRA-RIO_logo600.png","contentUrl":"https:\/\/jornalbeirario.com.br\/portal\/wp-content\/uploads\/2017\/09\/BEIRA-RIO_logo600.png","width":650,"height":108,"caption":"JORNAL BEIRA RIO"},"image":{"@id":"https:\/\/jornalbeirario.com.br\/portal\/#\/schema\/logo\/image\/"}},{"@type":"Person","@id":"https:\/\/jornalbeirario.com.br\/portal\/#\/schema\/person\/c6c423e4c2465d2a9233f6539173e7c1","name":"Jornal BEIRA-RIO","image":{"@type":"ImageObject","inLanguage":"pt-BR","@id":"https:\/\/jornalbeirario.com.br\/portal\/wp-content\/uploads\/2023\/10\/logojbr1.jpg","url":"https:\/\/jornalbeirario.com.br\/portal\/wp-content\/uploads\/2023\/10\/logojbr1.jpg","contentUrl":"https:\/\/jornalbeirario.com.br\/portal\/wp-content\/uploads\/2023\/10\/logojbr1.jpg","caption":"Jornal BEIRA-RIO"},"url":"https:\/\/jornalbeirario.com.br\/portal\/?author=1"}]}},"_links":{"self":[{"href":"https:\/\/jornalbeirario.com.br\/portal\/index.php?rest_route=\/wp\/v2\/posts\/52868","targetHints":{"allow":["GET"]}}],"collection":[{"href":"https:\/\/jornalbeirario.com.br\/portal\/index.php?rest_route=\/wp\/v2\/posts"}],"about":[{"href":"https:\/\/jornalbeirario.com.br\/portal\/index.php?rest_route=\/wp\/v2\/types\/post"}],"author":[{"embeddable":true,"href":"https:\/\/jornalbeirario.com.br\/portal\/index.php?rest_route=\/wp\/v2\/users\/1"}],"replies":[{"embeddable":true,"href":"https:\/\/jornalbeirario.com.br\/portal\/index.php?rest_route=%2Fwp%2Fv2%2Fcomments&post=52868"}],"version-history":[{"count":0,"href":"https:\/\/jornalbeirario.com.br\/portal\/index.php?rest_route=\/wp\/v2\/posts\/52868\/revisions"}],"wp:featuredmedia":[{"embeddable":true,"href":"https:\/\/jornalbeirario.com.br\/portal\/index.php?rest_route=\/wp\/v2\/media\/52893"}],"wp:attachment":[{"href":"https:\/\/jornalbeirario.com.br\/portal\/index.php?rest_route=%2Fwp%2Fv2%2Fmedia&parent=52868"}],"wp:term":[{"taxonomy":"category","embeddable":true,"href":"https:\/\/jornalbeirario.com.br\/portal\/index.php?rest_route=%2Fwp%2Fv2%2Fcategories&post=52868"},{"taxonomy":"post_tag","embeddable":true,"href":"https:\/\/jornalbeirario.com.br\/portal\/index.php?rest_route=%2Fwp%2Fv2%2Ftags&post=52868"}],"curies":[{"name":"wp","href":"https:\/\/api.w.org\/{rel}","templated":true}]}}