
{"id":52853,"date":"2017-08-24T14:48:31","date_gmt":"2017-08-24T17:48:31","guid":{"rendered":"http:\/\/jornalbeirario.com.br\/?p=52853"},"modified":"2017-08-24T14:48:31","modified_gmt":"2017-08-24T17:48:31","slug":"pagamentos-de-aposentados-e-pensionistas-do-inss-comecam-nesta-sexta","status":"publish","type":"post","link":"https:\/\/jornalbeirario.com.br\/portal\/?p=52853","title":{"rendered":"Pagamentos de aposentados e pensionistas do INSS come\u00e7am nesta sexta"},"content":{"rendered":"<p style=\"text-align: justify;\"><a href=\"http:\/\/jornalbeirario.com.br\/?attachment_id=52858\" rel=\"attachment wp-att-52858\"><img loading=\"lazy\" decoding=\"async\" class=\"alignleft size-medium wp-image-52858\" src=\"http:\/\/jornalbeirario.com.br\/wp-content\/uploads\/2017\/08\/INSS-bandeira-300x225.jpg\" alt=\"\" width=\"300\" height=\"225\" srcset=\"https:\/\/jornalbeirario.com.br\/portal\/wp-content\/uploads\/2017\/08\/INSS-bandeira-300x225.jpg 300w, https:\/\/jornalbeirario.com.br\/portal\/wp-content\/uploads\/2017\/08\/INSS-bandeira.jpg 640w\" sizes=\"auto, (max-width: 300px) 100vw, 300px\" \/><\/a>Os aposentados e pensionista do INSS poder\u00e3o sacar, a partir desta sexta-feira, dia 25, as antecipa\u00e7\u00f5es da primeira parcela do 13\u00ba sal\u00e1rio, com prazo at\u00e9 8 de setembro para pegar esse dinheiro.<\/p>\n<p style=\"text-align: justify;\">De acordo com a Previd\u00eancia Social, mais de 29,2 milh\u00f5es de benefici\u00e1rios receber\u00e3o a primeira parcela do abono anual, que corresponde a 50% do valor do 13\u00ba e representa uma inje\u00e7\u00e3o extra na economia de pelo menos R$ 19,8 bilh\u00f5es nos meses de agosto e setembro.<\/p>\n<p style=\"text-align: justify;\">Para aqueles que ganham at\u00e9 um sal\u00e1rio m\u00ednimo (R$ 937), os pagamentos ser\u00e3o realizados entre os dias 25 de agosto e 8 de setembro, j\u00e1 os que ganham acima desse valor, o pagamento come\u00e7ar\u00e1 entre os dias 1\u00ba e 8 de setembro.N\u00e3o haver\u00e1 desconto de Imposto de Renda nesta primeira parcela.<\/p>\n<p style=\"text-align: justify;\">Os aposentados e pensionistas, em sua maioria, receber\u00e3o 50% do valor do benef\u00edcio, com exce\u00e7\u00e3o dos que passaram a receber o benef\u00edcio depois de janeiro que, nesse caso, o valor ter\u00e1 seu calculo proporcional.<\/p>\n<p style=\"text-align: justify;\">Ainda, os segurados que est\u00e3o em aux\u00edlio-doen\u00e7a tamb\u00e9m recebem uma parcela menor que os 50%, pois, como esse benef\u00edcio \u00e9 tempor\u00e1rio, o INSS calcula a antecipa\u00e7\u00e3o proporcional ao per\u00edodo, portanto, metade desse valor. Caso, em dezembro, ainda esteja afastado, o segurado ir\u00e1 receber o restante. Se tiver alta antes, o valor ser\u00e1 calculado at\u00e9 o m\u00eas em que o benef\u00edcio vigorar e acrescido ao \u00faltimo pagamento do benef\u00edcio.<\/p>\n<p style=\"text-align: justify;\"><a href=\"http:\/\/jornalbeirario.com.br\/?attachment_id=52859\" rel=\"attachment wp-att-52859\"><img loading=\"lazy\" decoding=\"async\" class=\"size-medium wp-image-52859 alignright\" src=\"http:\/\/jornalbeirario.com.br\/wp-content\/uploads\/2017\/08\/INSS--300x225.jpg\" alt=\"\" width=\"300\" height=\"225\" srcset=\"https:\/\/jornalbeirario.com.br\/portal\/wp-content\/uploads\/2017\/08\/INSS--300x225.jpg 300w, https:\/\/jornalbeirario.com.br\/portal\/wp-content\/uploads\/2017\/08\/INSS-.jpg 640w\" sizes=\"auto, (max-width: 300px) 100vw, 300px\" \/><\/a>Jo\u00e3o Badari, advogado de direito previdenci\u00e1rio, analisa que a segunda parcela ser\u00e1 a diferen\u00e7a entre o valor total do abono anual e o valor da parcela antecipada, e essa ser\u00e1 paga juntamente com os benef\u00edcios relativos ao m\u00eas de novembro.<\/p>\n<p style=\"text-align: justify;\">Os segurados que n\u00e3o t\u00eam direito ao 13\u00ba sal\u00e1rio s\u00e3o os que recebem os seguintes benef\u00edcios: Amparo previdenci\u00e1rio do trabalhador rural; Benef\u00edcio de Presta\u00e7\u00e3o Continuada da Lei Org\u00e2nica da Assist\u00eancia Social (BPC\/LOAS) e Renda Mensal Vital\u00edcia (RMV); amparo assistencial ao idoso e ao deficiente; aux\u00edlio-suplementar por acidente de trabalho; pens\u00e3o mensal vital\u00edcia; abono de perman\u00eancia em servi\u00e7o e sal\u00e1rio-fam\u00edlia.<\/p>\n<p style=\"text-align: justify;\">O advogado ainda diz que poder\u00e1 haver uma diferen\u00e7a de valor entre a primeira e segunda parcelas da gratifica\u00e7\u00e3o, j\u00e1 que as dedu\u00e7\u00f5es relativas ao Imposto de Renda s\u00e3o realizadas apenas na segunda parcela, no entanto, somente para os benef\u00edcios tribut\u00e1veis.<\/p>\n<p>Dicas sobre a aplica\u00e7\u00e3o desse recurso<\/p>\n<p style=\"text-align: justify;\"><a href=\"http:\/\/jornalbeirario.com.br\/?attachment_id=52861\" rel=\"attachment wp-att-52861\"><img loading=\"lazy\" decoding=\"async\" class=\"alignleft size-medium wp-image-52861\" src=\"http:\/\/jornalbeirario.com.br\/wp-content\/uploads\/2017\/08\/INSS-Dicas-2-300x188.jpg\" alt=\"\" width=\"300\" height=\"188\" srcset=\"https:\/\/jornalbeirario.com.br\/portal\/wp-content\/uploads\/2017\/08\/INSS-Dicas-2-300x188.jpg 300w, https:\/\/jornalbeirario.com.br\/portal\/wp-content\/uploads\/2017\/08\/INSS-Dicas-2-115x73.jpg 115w, https:\/\/jornalbeirario.com.br\/portal\/wp-content\/uploads\/2017\/08\/INSS-Dicas-2.jpg 764w\" sizes=\"auto, (max-width: 300px) 100vw, 300px\" \/><\/a>Com esse dinheiro em m\u00e3os, muitos acabam n\u00e3o sabendo o que fazer, por isso, com o intuito de dar orienta\u00e7\u00f5es sobre as melhores aplica\u00e7\u00f5es desse recurso, Reinaldo Domingos, presidente da Abefin (Associa\u00e7\u00e3o Brasileira de Educadores Financeiros), traz algumas dicas.<\/p>\n<p style=\"text-align: justify;\">\u201cQuem pensa em usar o valor para quitar d\u00edvidas, deve antes analisar a sua situa\u00e7\u00e3o financeira. Se n\u00e3o estiver conseguindo honrar seus compromissos com sua renda mensal, voc\u00ea est\u00e1 em desequil\u00edbrio financeiro. \u00c9 preciso, dessa forma, tra\u00e7ar um planejamento, para que assim possa sair dessa situa\u00e7\u00e3o de maneira definitiva.\u201d, diz Domingos.<\/p>\n<p style=\"text-align: justify;\">Confira com maiores detalhes:<\/p>\n<ul>\n<li style=\"text-align: justify;\">Endividamento ou inadimpl\u00eancia: \u00c9 preciso conhecer seus ganhos e gastos e, assim, elencar todas as d\u00edvidas. Com isso, poder\u00e1 estabelecer prioridades no pagamento. Pague o que for suficiente, caso contr\u00e1rio, poupe o valor e procure pagar uma quantia mensal ou mesmo renegociar a d\u00edvida, com parcelas que caibam no seu bolso.<\/li>\n<li style=\"text-align: justify;\">Equil\u00edbrio financeiro: Cuidado! Muitos que se encontra sem d\u00edvidas acabam por gastar os recursos sem a realiza\u00e7\u00e3o de uma reserva, entretanto, imprevistos podem acontecer. \u201c\u00c9 preciso desenvolver o h\u00e1bito de poupar, tanto a primeira parcela do 13\u00ba quanto uma quantia mensal. Indo na dire\u00e7\u00e3o oposta ao consumismo exacerbado, voc\u00ea pode conquistar seus sonhos de curto, m\u00e9dio e at\u00e9 aqueles de longo prazos.\u201d, orienta o especialista.<\/li>\n<li style=\"text-align: justify;\">Investimentos: Para os que j\u00e1 s\u00e3o empreendedores, o conselho \u00e9 usar parte desse valor em seus investimentos, al\u00e9m de direcionar a outra parcela para a realiza\u00e7\u00e3o de um novo sonho. &#8220;Todo dinheiro poupado precisa ter objetivos claros e correspondentes, como uma reserva para emerg\u00eancias, por exemplo, ou uma viagem dos sonhos, at\u00e9 mesmo a t\u00e3o esperada reforma da casa.\u201d, explica Domingos. O valor poupado deve ser investido de acordo com o prazo do sonho. Para os de curto prazo, a poupan\u00e7a \u00e9 bastante indicada. Para os de m\u00e9dio prazo, CDB, LCI e LCA s\u00e3o interessantes, segundo Domingos. J\u00e1 para os sonhos de longo prazo, \u00e9 v\u00e1lido considerar t\u00edtulos do tesouro e at\u00e9 mesmo a previd\u00eancia privada.<\/li>\n<\/ul>\n<p style=\"text-align: justify;\"><em>Fonte:\u00a0Assessoria de Imprensa (DSOP Educa\u00e7\u00e3o Financeira)\/O Sul<\/em><\/p>\n<p style=\"text-align: justify;\"><em>Foto: Rede GPN\/Sindicato Nacional dos Aposentados\/Contec\/Finan\u00e7as Forever<\/em><\/p>\n<p><span style=\"border-radius: 2px; text-indent: 20px; width: auto; padding: 0px 4px 0px 0px; text-align: center; font: bold 11px\/20px 'Helvetica Neue',Helvetica,sans-serif; color: #ffffff; background: #bd081c  no-repeat scroll 3px 50% \/ 14px 14px; position: absolute; opacity: 1; z-index: 8675309; display: none; cursor: pointer;\">Salvar<\/span><\/p>\n","protected":false},"excerpt":{"rendered":"<p>Os aposentados e pensionista do INSS poder\u00e3o sacar, a partir desta sexta-feira, dia 25, as antecipa\u00e7\u00f5es da primeira parcela do 13\u00ba sal\u00e1rio, com prazo<\/p>\n","protected":false},"author":1,"featured_media":52857,"comment_status":"open","ping_status":"open","sticky":false,"template":"","format":"standard","meta":{"pmpro_default_level":"","footnotes":""},"categories":[6,35,13],"tags":[155,153],"class_list":["post-52853","post","type-post","status-publish","format-standard","has-post-thumbnail","hentry","category-economia","category-nacional","category-social","tag-dehoraemhora","tag-manchete","pmpro-has-access"],"yoast_head":"<!-- This site is optimized with the Yoast SEO plugin v27.4 - https:\/\/yoast.com\/product\/yoast-seo-wordpress\/ -->\n<title>Pagamentos de aposentados e pensionistas do INSS come\u00e7am nesta sexta - JORNAL BEIRA RIO<\/title>\n<meta name=\"robots\" content=\"index, follow, max-snippet:-1, max-image-preview:large, max-video-preview:-1\" \/>\n<link rel=\"canonical\" href=\"https:\/\/jornalbeirario.com.br\/portal\/?p=52853\" \/>\n<meta property=\"og:locale\" content=\"pt_BR\" \/>\n<meta property=\"og:type\" content=\"article\" \/>\n<meta property=\"og:title\" content=\"Pagamentos de aposentados e pensionistas do INSS come\u00e7am nesta sexta - JORNAL BEIRA RIO\" \/>\n<meta property=\"og:description\" content=\"Os aposentados e pensionista do INSS poder\u00e3o sacar, a partir desta sexta-feira, dia 25, as antecipa\u00e7\u00f5es da primeira parcela do 13\u00ba sal\u00e1rio, com prazo\" \/>\n<meta property=\"og:url\" content=\"https:\/\/jornalbeirario.com.br\/portal\/?p=52853\" \/>\n<meta property=\"og:site_name\" content=\"JORNAL BEIRA RIO\" \/>\n<meta property=\"article:published_time\" content=\"2017-08-24T17:48:31+00:00\" \/>\n<meta property=\"og:image\" content=\"https:\/\/jornalbeirario.com.br\/portal\/wp-content\/uploads\/2017\/08\/pagamento-1.jpg\" \/>\n\t<meta property=\"og:image:width\" content=\"930\" \/>\n\t<meta property=\"og:image:height\" content=\"350\" \/>\n\t<meta property=\"og:image:type\" content=\"image\/jpeg\" \/>\n<meta name=\"author\" content=\"Jornal BEIRA-RIO\" \/>\n<meta name=\"twitter:card\" content=\"summary_large_image\" \/>\n<meta name=\"twitter:label1\" content=\"Escrito por\" \/>\n\t<meta name=\"twitter:data1\" content=\"Jornal BEIRA-RIO\" \/>\n\t<meta name=\"twitter:label2\" content=\"Est. tempo de leitura\" \/>\n\t<meta name=\"twitter:data2\" content=\"4 minutos\" \/>\n<script type=\"application\/ld+json\" class=\"yoast-schema-graph\">{\"@context\":\"https:\\\/\\\/schema.org\",\"@graph\":[{\"@type\":\"Article\",\"@id\":\"https:\\\/\\\/jornalbeirario.com.br\\\/portal\\\/?p=52853#article\",\"isPartOf\":{\"@id\":\"https:\\\/\\\/jornalbeirario.com.br\\\/portal\\\/?p=52853\"},\"author\":{\"name\":\"Jornal BEIRA-RIO\",\"@id\":\"https:\\\/\\\/jornalbeirario.com.br\\\/portal\\\/#\\\/schema\\\/person\\\/c6c423e4c2465d2a9233f6539173e7c1\"},\"headline\":\"Pagamentos de aposentados e pensionistas do INSS come\u00e7am nesta sexta\",\"datePublished\":\"2017-08-24T17:48:31+00:00\",\"mainEntityOfPage\":{\"@id\":\"https:\\\/\\\/jornalbeirario.com.br\\\/portal\\\/?p=52853\"},\"wordCount\":806,\"commentCount\":0,\"publisher\":{\"@id\":\"https:\\\/\\\/jornalbeirario.com.br\\\/portal\\\/#organization\"},\"image\":{\"@id\":\"https:\\\/\\\/jornalbeirario.com.br\\\/portal\\\/?p=52853#primaryimage\"},\"thumbnailUrl\":\"https:\\\/\\\/jornalbeirario.com.br\\\/portal\\\/wp-content\\\/uploads\\\/2017\\\/08\\\/pagamento-1.jpg\",\"keywords\":[\"dehoraemhora\",\"manchete\"],\"articleSection\":[\"Economia\",\"Nacional\",\"Social\"],\"inLanguage\":\"pt-BR\",\"potentialAction\":[{\"@type\":\"CommentAction\",\"name\":\"Comment\",\"target\":[\"https:\\\/\\\/jornalbeirario.com.br\\\/portal\\\/?p=52853#respond\"]}]},{\"@type\":\"WebPage\",\"@id\":\"https:\\\/\\\/jornalbeirario.com.br\\\/portal\\\/?p=52853\",\"url\":\"https:\\\/\\\/jornalbeirario.com.br\\\/portal\\\/?p=52853\",\"name\":\"Pagamentos de aposentados e pensionistas do INSS come\u00e7am nesta sexta - JORNAL BEIRA RIO\",\"isPartOf\":{\"@id\":\"https:\\\/\\\/jornalbeirario.com.br\\\/portal\\\/#website\"},\"primaryImageOfPage\":{\"@id\":\"https:\\\/\\\/jornalbeirario.com.br\\\/portal\\\/?p=52853#primaryimage\"},\"image\":{\"@id\":\"https:\\\/\\\/jornalbeirario.com.br\\\/portal\\\/?p=52853#primaryimage\"},\"thumbnailUrl\":\"https:\\\/\\\/jornalbeirario.com.br\\\/portal\\\/wp-content\\\/uploads\\\/2017\\\/08\\\/pagamento-1.jpg\",\"datePublished\":\"2017-08-24T17:48:31+00:00\",\"breadcrumb\":{\"@id\":\"https:\\\/\\\/jornalbeirario.com.br\\\/portal\\\/?p=52853#breadcrumb\"},\"inLanguage\":\"pt-BR\",\"potentialAction\":[{\"@type\":\"ReadAction\",\"target\":[\"https:\\\/\\\/jornalbeirario.com.br\\\/portal\\\/?p=52853\"]}]},{\"@type\":\"ImageObject\",\"inLanguage\":\"pt-BR\",\"@id\":\"https:\\\/\\\/jornalbeirario.com.br\\\/portal\\\/?p=52853#primaryimage\",\"url\":\"https:\\\/\\\/jornalbeirario.com.br\\\/portal\\\/wp-content\\\/uploads\\\/2017\\\/08\\\/pagamento-1.jpg\",\"contentUrl\":\"https:\\\/\\\/jornalbeirario.com.br\\\/portal\\\/wp-content\\\/uploads\\\/2017\\\/08\\\/pagamento-1.jpg\",\"width\":930,\"height\":350},{\"@type\":\"BreadcrumbList\",\"@id\":\"https:\\\/\\\/jornalbeirario.com.br\\\/portal\\\/?p=52853#breadcrumb\",\"itemListElement\":[{\"@type\":\"ListItem\",\"position\":1,\"name\":\"Home\",\"item\":\"https:\\\/\\\/jornalbeirario.com.br\\\/portal\"},{\"@type\":\"ListItem\",\"position\":2,\"name\":\"Pagamentos de aposentados e pensionistas do INSS come\u00e7am nesta sexta\"}]},{\"@type\":\"WebSite\",\"@id\":\"https:\\\/\\\/jornalbeirario.com.br\\\/portal\\\/#website\",\"url\":\"https:\\\/\\\/jornalbeirario.com.br\\\/portal\\\/\",\"name\":\"JORNAL BEIRA RIO\",\"description\":\"\",\"publisher\":{\"@id\":\"https:\\\/\\\/jornalbeirario.com.br\\\/portal\\\/#organization\"},\"potentialAction\":[{\"@type\":\"SearchAction\",\"target\":{\"@type\":\"EntryPoint\",\"urlTemplate\":\"https:\\\/\\\/jornalbeirario.com.br\\\/portal\\\/?s={search_term_string}\"},\"query-input\":{\"@type\":\"PropertyValueSpecification\",\"valueRequired\":true,\"valueName\":\"search_term_string\"}}],\"inLanguage\":\"pt-BR\"},{\"@type\":\"Organization\",\"@id\":\"https:\\\/\\\/jornalbeirario.com.br\\\/portal\\\/#organization\",\"name\":\"JORNAL BEIRA RIO\",\"url\":\"https:\\\/\\\/jornalbeirario.com.br\\\/portal\\\/\",\"logo\":{\"@type\":\"ImageObject\",\"inLanguage\":\"pt-BR\",\"@id\":\"https:\\\/\\\/jornalbeirario.com.br\\\/portal\\\/#\\\/schema\\\/logo\\\/image\\\/\",\"url\":\"https:\\\/\\\/jornalbeirario.com.br\\\/portal\\\/wp-content\\\/uploads\\\/2017\\\/09\\\/BEIRA-RIO_logo600.png\",\"contentUrl\":\"https:\\\/\\\/jornalbeirario.com.br\\\/portal\\\/wp-content\\\/uploads\\\/2017\\\/09\\\/BEIRA-RIO_logo600.png\",\"width\":650,\"height\":108,\"caption\":\"JORNAL BEIRA RIO\"},\"image\":{\"@id\":\"https:\\\/\\\/jornalbeirario.com.br\\\/portal\\\/#\\\/schema\\\/logo\\\/image\\\/\"}},{\"@type\":\"Person\",\"@id\":\"https:\\\/\\\/jornalbeirario.com.br\\\/portal\\\/#\\\/schema\\\/person\\\/c6c423e4c2465d2a9233f6539173e7c1\",\"name\":\"Jornal BEIRA-RIO\",\"image\":{\"@type\":\"ImageObject\",\"inLanguage\":\"pt-BR\",\"@id\":\"https:\\\/\\\/jornalbeirario.com.br\\\/portal\\\/wp-content\\\/uploads\\\/2023\\\/10\\\/logojbr1.jpg\",\"url\":\"https:\\\/\\\/jornalbeirario.com.br\\\/portal\\\/wp-content\\\/uploads\\\/2023\\\/10\\\/logojbr1.jpg\",\"contentUrl\":\"https:\\\/\\\/jornalbeirario.com.br\\\/portal\\\/wp-content\\\/uploads\\\/2023\\\/10\\\/logojbr1.jpg\",\"caption\":\"Jornal BEIRA-RIO\"},\"url\":\"https:\\\/\\\/jornalbeirario.com.br\\\/portal\\\/?author=1\"}]}<\/script>\n<!-- \/ Yoast SEO plugin. -->","yoast_head_json":{"title":"Pagamentos de aposentados e pensionistas do INSS come\u00e7am nesta sexta - JORNAL BEIRA RIO","robots":{"index":"index","follow":"follow","max-snippet":"max-snippet:-1","max-image-preview":"max-image-preview:large","max-video-preview":"max-video-preview:-1"},"canonical":"https:\/\/jornalbeirario.com.br\/portal\/?p=52853","og_locale":"pt_BR","og_type":"article","og_title":"Pagamentos de aposentados e pensionistas do INSS come\u00e7am nesta sexta - JORNAL BEIRA RIO","og_description":"Os aposentados e pensionista do INSS poder\u00e3o sacar, a partir desta sexta-feira, dia 25, as antecipa\u00e7\u00f5es da primeira parcela do 13\u00ba sal\u00e1rio, com prazo","og_url":"https:\/\/jornalbeirario.com.br\/portal\/?p=52853","og_site_name":"JORNAL BEIRA RIO","article_published_time":"2017-08-24T17:48:31+00:00","og_image":[{"width":930,"height":350,"url":"https:\/\/jornalbeirario.com.br\/portal\/wp-content\/uploads\/2017\/08\/pagamento-1.jpg","type":"image\/jpeg"}],"author":"Jornal BEIRA-RIO","twitter_card":"summary_large_image","twitter_misc":{"Escrito por":"Jornal BEIRA-RIO","Est. tempo de leitura":"4 minutos"},"schema":{"@context":"https:\/\/schema.org","@graph":[{"@type":"Article","@id":"https:\/\/jornalbeirario.com.br\/portal\/?p=52853#article","isPartOf":{"@id":"https:\/\/jornalbeirario.com.br\/portal\/?p=52853"},"author":{"name":"Jornal BEIRA-RIO","@id":"https:\/\/jornalbeirario.com.br\/portal\/#\/schema\/person\/c6c423e4c2465d2a9233f6539173e7c1"},"headline":"Pagamentos de aposentados e pensionistas do INSS come\u00e7am nesta sexta","datePublished":"2017-08-24T17:48:31+00:00","mainEntityOfPage":{"@id":"https:\/\/jornalbeirario.com.br\/portal\/?p=52853"},"wordCount":806,"commentCount":0,"publisher":{"@id":"https:\/\/jornalbeirario.com.br\/portal\/#organization"},"image":{"@id":"https:\/\/jornalbeirario.com.br\/portal\/?p=52853#primaryimage"},"thumbnailUrl":"https:\/\/jornalbeirario.com.br\/portal\/wp-content\/uploads\/2017\/08\/pagamento-1.jpg","keywords":["dehoraemhora","manchete"],"articleSection":["Economia","Nacional","Social"],"inLanguage":"pt-BR","potentialAction":[{"@type":"CommentAction","name":"Comment","target":["https:\/\/jornalbeirario.com.br\/portal\/?p=52853#respond"]}]},{"@type":"WebPage","@id":"https:\/\/jornalbeirario.com.br\/portal\/?p=52853","url":"https:\/\/jornalbeirario.com.br\/portal\/?p=52853","name":"Pagamentos de aposentados e pensionistas do INSS come\u00e7am nesta sexta - JORNAL BEIRA RIO","isPartOf":{"@id":"https:\/\/jornalbeirario.com.br\/portal\/#website"},"primaryImageOfPage":{"@id":"https:\/\/jornalbeirario.com.br\/portal\/?p=52853#primaryimage"},"image":{"@id":"https:\/\/jornalbeirario.com.br\/portal\/?p=52853#primaryimage"},"thumbnailUrl":"https:\/\/jornalbeirario.com.br\/portal\/wp-content\/uploads\/2017\/08\/pagamento-1.jpg","datePublished":"2017-08-24T17:48:31+00:00","breadcrumb":{"@id":"https:\/\/jornalbeirario.com.br\/portal\/?p=52853#breadcrumb"},"inLanguage":"pt-BR","potentialAction":[{"@type":"ReadAction","target":["https:\/\/jornalbeirario.com.br\/portal\/?p=52853"]}]},{"@type":"ImageObject","inLanguage":"pt-BR","@id":"https:\/\/jornalbeirario.com.br\/portal\/?p=52853#primaryimage","url":"https:\/\/jornalbeirario.com.br\/portal\/wp-content\/uploads\/2017\/08\/pagamento-1.jpg","contentUrl":"https:\/\/jornalbeirario.com.br\/portal\/wp-content\/uploads\/2017\/08\/pagamento-1.jpg","width":930,"height":350},{"@type":"BreadcrumbList","@id":"https:\/\/jornalbeirario.com.br\/portal\/?p=52853#breadcrumb","itemListElement":[{"@type":"ListItem","position":1,"name":"Home","item":"https:\/\/jornalbeirario.com.br\/portal"},{"@type":"ListItem","position":2,"name":"Pagamentos de aposentados e pensionistas do INSS come\u00e7am nesta sexta"}]},{"@type":"WebSite","@id":"https:\/\/jornalbeirario.com.br\/portal\/#website","url":"https:\/\/jornalbeirario.com.br\/portal\/","name":"JORNAL BEIRA RIO","description":"","publisher":{"@id":"https:\/\/jornalbeirario.com.br\/portal\/#organization"},"potentialAction":[{"@type":"SearchAction","target":{"@type":"EntryPoint","urlTemplate":"https:\/\/jornalbeirario.com.br\/portal\/?s={search_term_string}"},"query-input":{"@type":"PropertyValueSpecification","valueRequired":true,"valueName":"search_term_string"}}],"inLanguage":"pt-BR"},{"@type":"Organization","@id":"https:\/\/jornalbeirario.com.br\/portal\/#organization","name":"JORNAL BEIRA RIO","url":"https:\/\/jornalbeirario.com.br\/portal\/","logo":{"@type":"ImageObject","inLanguage":"pt-BR","@id":"https:\/\/jornalbeirario.com.br\/portal\/#\/schema\/logo\/image\/","url":"https:\/\/jornalbeirario.com.br\/portal\/wp-content\/uploads\/2017\/09\/BEIRA-RIO_logo600.png","contentUrl":"https:\/\/jornalbeirario.com.br\/portal\/wp-content\/uploads\/2017\/09\/BEIRA-RIO_logo600.png","width":650,"height":108,"caption":"JORNAL BEIRA RIO"},"image":{"@id":"https:\/\/jornalbeirario.com.br\/portal\/#\/schema\/logo\/image\/"}},{"@type":"Person","@id":"https:\/\/jornalbeirario.com.br\/portal\/#\/schema\/person\/c6c423e4c2465d2a9233f6539173e7c1","name":"Jornal BEIRA-RIO","image":{"@type":"ImageObject","inLanguage":"pt-BR","@id":"https:\/\/jornalbeirario.com.br\/portal\/wp-content\/uploads\/2023\/10\/logojbr1.jpg","url":"https:\/\/jornalbeirario.com.br\/portal\/wp-content\/uploads\/2023\/10\/logojbr1.jpg","contentUrl":"https:\/\/jornalbeirario.com.br\/portal\/wp-content\/uploads\/2023\/10\/logojbr1.jpg","caption":"Jornal BEIRA-RIO"},"url":"https:\/\/jornalbeirario.com.br\/portal\/?author=1"}]}},"_links":{"self":[{"href":"https:\/\/jornalbeirario.com.br\/portal\/index.php?rest_route=\/wp\/v2\/posts\/52853","targetHints":{"allow":["GET"]}}],"collection":[{"href":"https:\/\/jornalbeirario.com.br\/portal\/index.php?rest_route=\/wp\/v2\/posts"}],"about":[{"href":"https:\/\/jornalbeirario.com.br\/portal\/index.php?rest_route=\/wp\/v2\/types\/post"}],"author":[{"embeddable":true,"href":"https:\/\/jornalbeirario.com.br\/portal\/index.php?rest_route=\/wp\/v2\/users\/1"}],"replies":[{"embeddable":true,"href":"https:\/\/jornalbeirario.com.br\/portal\/index.php?rest_route=%2Fwp%2Fv2%2Fcomments&post=52853"}],"version-history":[{"count":0,"href":"https:\/\/jornalbeirario.com.br\/portal\/index.php?rest_route=\/wp\/v2\/posts\/52853\/revisions"}],"wp:featuredmedia":[{"embeddable":true,"href":"https:\/\/jornalbeirario.com.br\/portal\/index.php?rest_route=\/wp\/v2\/media\/52857"}],"wp:attachment":[{"href":"https:\/\/jornalbeirario.com.br\/portal\/index.php?rest_route=%2Fwp%2Fv2%2Fmedia&parent=52853"}],"wp:term":[{"taxonomy":"category","embeddable":true,"href":"https:\/\/jornalbeirario.com.br\/portal\/index.php?rest_route=%2Fwp%2Fv2%2Fcategories&post=52853"},{"taxonomy":"post_tag","embeddable":true,"href":"https:\/\/jornalbeirario.com.br\/portal\/index.php?rest_route=%2Fwp%2Fv2%2Ftags&post=52853"}],"curies":[{"name":"wp","href":"https:\/\/api.w.org\/{rel}","templated":true}]}}