
{"id":52492,"date":"2017-08-14T09:08:55","date_gmt":"2017-08-14T12:08:55","guid":{"rendered":"http:\/\/jornalbeirario.com.br\/?p=52492"},"modified":"2017-08-14T09:08:55","modified_gmt":"2017-08-14T12:08:55","slug":"segundo-economistas-cenario-politico-e-economico-inviabilizou-meta-fiscal-no-brasil","status":"publish","type":"post","link":"https:\/\/jornalbeirario.com.br\/portal\/?p=52492","title":{"rendered":"Segundo economistas, cen\u00e1rio pol\u00edtico e econ\u00f4mico inviabilizou meta fiscal no Brasil"},"content":{"rendered":"<p style=\"text-align: justify;\">Nesta segunda-feira, dia 14, o governo ter\u00e1 a reuni\u00e3o final para definir em quanto vai aumentar a meta de d\u00e9ficit prim\u00e1rio para este ano e para 2018. Em nota conjunta enviada na \u00faltima quinta-feira, dia 10, os Minist\u00e9rios da Fazenda e do Planejamento informaram que qualquer decis\u00e3o ser\u00e1 anunciada imediatamente depois de tomada.<\/p>\n<p style=\"text-align: justify;\">O d\u00e9ficit prim\u00e1rio \u00e9 o resultado negativo nas contas do governo desconsiderando os juros da d\u00edvida p\u00fablica. Originalmente, a meta de d\u00e9ficit estava fixada em R$ 139 bilh\u00f5es para este ano e em R$ 129 bilh\u00f5es para o pr\u00f3ximo. No entanto, a arrecada\u00e7\u00e3o ainda em queda e uma s\u00e9rie de dificuldades pol\u00edticas tornaram o cumprimento dessa meta praticamente imposs\u00edvel, na opini\u00e3o de economistas.<\/p>\n<p style=\"text-align: justify;\">Para a professora de economia Virene Matesco, da Funda\u00e7\u00e3o Getulio Vargas no Rio de Janeiro, as atuais condi\u00e7\u00f5es n\u00e3o permitem o cumprimento de uma meta considerada ambiciosa. \u201cA crise fiscal que se iniciou no governo Dilma [Rousseff] agora se acentuou com a incapacidade do governo atual de cortar gastos e com a libera\u00e7\u00e3o de emendas parlamentares nos \u00faltimos meses\u201d, diz. \u201cEra uma quest\u00e3o de tempo para chegar \u00e0 conclus\u00e3o de que a meta atual n\u00e3o pode ser alcan\u00e7ada.\u201d<\/p>\n<p style=\"text-align: justify;\">Segundo Virene, aumentos de tributos como os dos combust\u00edveis s\u00e3o paliativos e n\u00e3o combatem a sangria nas contas p\u00fablicas. \u201cN\u00e3o adianta ficar nesse vaiv\u00e9m. N\u00e3o \u00e9 aumento de receita, mas a coragem pol\u00edtica para cortar gastos que vai resolver essa crise. O Estado brasileiro envergou de tanto peso. A capacidade de sustenta\u00e7\u00e3o via aumento de receitas se esgotou\u201d, critica.<\/p>\n<p style=\"text-align: justify;\">A economista considera a atual equipe econ\u00f4mica competente e qualificada, mas ressalta que o ministro da Fazenda, Henrique Meirelles, depende das vota\u00e7\u00f5es do Congresso para mostrar resultado. \u201cSe o governo passasse pelo menos a reforma da Previd\u00eancia, seria um alento para o futuro\u201d, acrescenta.<\/p>\n<p style=\"text-align: justify;\">DETERIORA\u00c7\u00c3O<br \/>\nP\u00f3s-doutorado em macroeconomia pela Universidade Federal do Rio de Janeiro, o professor do Instituto Federal do Amazonas Luciano D\u2019Agostini diz que a principal crise \u00e9 do sistema pol\u00edtico. Para ele, a altera\u00e7\u00e3o da meta fiscal representa um desdobramento da deteriora\u00e7\u00e3o nas rela\u00e7\u00f5es entre o Executivo e o Legislativo, que deu origem \u00e0 pior recess\u00e3o econ\u00f4mica da hist\u00f3ria do pa\u00eds.<\/p>\n<p style=\"text-align: justify;\">\u201cA mudan\u00e7a do d\u00e9ficit \u00e9 mais uma consequ\u00eancia da crise pol\u00edtica que se iniciou no fim de 2014. O governo anterior reconheceu que errou e tentou corrigir os rumos num momento onde n\u00e3o tinha mais base pol\u00edtica para fazer isso. O atual governo enfrenta a mesma dificuldade, embora ainda tenha algum poder de barganha\u201d, comenta.<\/p>\n<p style=\"text-align: justify;\">Para D\u2019Agostini, as principais reformas que precisam ser feitas para garantir a retomada do crescimento n\u00e3o s\u00e3o econ\u00f4micas, mas pol\u00edticas. Segundo ele, somente ap\u00f3s reformas que aumentem a transpar\u00eancia e a responsabiliza\u00e7\u00e3o dos pol\u00edticos, garantam a independ\u00eancia do Poder Judici\u00e1rio e do Minist\u00e9rio P\u00fablico e reduzam a burocracia, a economia do pa\u00eds voltar\u00e1 a avan\u00e7ar.<\/p>\n<p style=\"text-align: justify;\">\u201cOs problemas pol\u00edticos e microecon\u00f4micos precisam ser resolvidos primeiro. Caso contr\u00e1rio, a economia continuar\u00e1 se desindustrializando, a popula\u00e7\u00e3o continuar\u00e1 migrando para o emprego informal, que n\u00e3o paga impostos, e as receitas do governo federal continuar\u00e3o a cair\u201d, afirma.<\/p>\n<p style=\"text-align: justify;\">D\u00cdVIDA P\u00daBLICA<br \/>\nAs metas fiscais t\u00eam como objetivo conter a expans\u00e3o do endividamento do governo. Pelos c\u00e1lculos do economista, a d\u00edvida p\u00fablica bruta brasileira, atualmente em 73,6% do Produto Interno Bruto (PIB, soma das riquezas produzidas) tem crescimento vegetativo de 6 pontos percentuais ao ano. Segundo D&#8221;Agostini, caso ela continue a aumentar, e o governo n\u00e3o fa\u00e7a nada, o pa\u00eds poder\u00e1 enfrentar um calote da d\u00edvida p\u00fablica a partir de 2020.<\/p>\n<p style=\"text-align: justify;\">\u201cEsse \u00e9 o pior cen\u00e1rio, porque o governo ter\u00e1 de imprimir dinheiro para pagar as d\u00edvidas, o que ressuscitaria a infla\u00e7\u00e3o e poderia levar a uma crise semelhante, ou at\u00e9 pior que a dos anos 80. Ao todo, 60 milh\u00f5es de brasileiros podem voltar para a pobreza se nada for feito nos pr\u00f3ximos anos\u201d, alerta o professor.<\/p>\n<p style=\"text-align: justify;\">Para Virene Matesco, uma d\u00edvida p\u00fablica bruta ao redor de 80% do PIB \u00e9 considerada excessiva para um pa\u00eds emergente como o Brasil. \u201cA d\u00edvida p\u00fablica tem din\u00e2mica pr\u00f3pria. Chegando a 80% em um pa\u00eds emergente, \u00e9 uma bomba rel\u00f3gio. O Brasil est\u00e1 quebrado e \u00e9 preciso que este ou o pr\u00f3ximo governo tenham coragem pol\u00edtica para n\u00e3o prorrogar um problema que s\u00f3 tende a ficar mais dif\u00edcil\u201d, adverte.<\/p>\n<p style=\"text-align: justify;\">Foto: Reprodu\u00e7\u00e3o\/Ag\u00eancia Brasil<\/p>\n<p style=\"text-align: justify;\">Fonte: Ag\u00eancia Brasil<\/p>\n","protected":false},"excerpt":{"rendered":"<p>Nesta segunda-feira, dia 14, o governo ter\u00e1 a reuni\u00e3o final para definir em quanto vai aumentar a meta de d\u00e9ficit prim\u00e1rio para este ano<\/p>\n","protected":false},"author":1,"featured_media":52495,"comment_status":"open","ping_status":"open","sticky":false,"template":"","format":"standard","meta":{"pmpro_default_level":"","footnotes":""},"categories":[6],"tags":[155,153],"class_list":["post-52492","post","type-post","status-publish","format-standard","has-post-thumbnail","hentry","category-economia","tag-dehoraemhora","tag-manchete","pmpro-has-access"],"yoast_head":"<!-- This site is optimized with the Yoast SEO plugin v27.4 - https:\/\/yoast.com\/product\/yoast-seo-wordpress\/ -->\n<title>Segundo economistas, cen\u00e1rio pol\u00edtico e econ\u00f4mico inviabilizou meta fiscal no Brasil - JORNAL BEIRA RIO<\/title>\n<meta name=\"robots\" content=\"index, follow, max-snippet:-1, max-image-preview:large, max-video-preview:-1\" \/>\n<link rel=\"canonical\" href=\"https:\/\/jornalbeirario.com.br\/portal\/?p=52492\" \/>\n<meta property=\"og:locale\" content=\"pt_BR\" \/>\n<meta property=\"og:type\" content=\"article\" \/>\n<meta property=\"og:title\" content=\"Segundo economistas, cen\u00e1rio pol\u00edtico e econ\u00f4mico inviabilizou meta fiscal no Brasil - JORNAL BEIRA RIO\" \/>\n<meta property=\"og:description\" content=\"Nesta segunda-feira, dia 14, o governo ter\u00e1 a reuni\u00e3o final para definir em quanto vai aumentar a meta de d\u00e9ficit prim\u00e1rio para este ano\" \/>\n<meta property=\"og:url\" content=\"https:\/\/jornalbeirario.com.br\/portal\/?p=52492\" \/>\n<meta property=\"og:site_name\" content=\"JORNAL BEIRA RIO\" \/>\n<meta property=\"article:published_time\" content=\"2017-08-14T12:08:55+00:00\" \/>\n<meta property=\"og:image\" content=\"https:\/\/jornalbeirario.com.br\/portal\/wp-content\/uploads\/2017\/08\/economia_ilustracao-1.jpg\" \/>\n\t<meta property=\"og:image:width\" content=\"930\" \/>\n\t<meta property=\"og:image:height\" content=\"350\" \/>\n\t<meta property=\"og:image:type\" content=\"image\/jpeg\" \/>\n<meta name=\"author\" content=\"Jornal BEIRA-RIO\" \/>\n<meta name=\"twitter:card\" content=\"summary_large_image\" \/>\n<meta name=\"twitter:label1\" content=\"Escrito por\" \/>\n\t<meta name=\"twitter:data1\" content=\"Jornal BEIRA-RIO\" \/>\n\t<meta name=\"twitter:label2\" content=\"Est. tempo de leitura\" \/>\n\t<meta name=\"twitter:data2\" content=\"4 minutos\" \/>\n<script type=\"application\/ld+json\" class=\"yoast-schema-graph\">{\"@context\":\"https:\\\/\\\/schema.org\",\"@graph\":[{\"@type\":\"Article\",\"@id\":\"https:\\\/\\\/jornalbeirario.com.br\\\/portal\\\/?p=52492#article\",\"isPartOf\":{\"@id\":\"https:\\\/\\\/jornalbeirario.com.br\\\/portal\\\/?p=52492\"},\"author\":{\"name\":\"Jornal BEIRA-RIO\",\"@id\":\"https:\\\/\\\/jornalbeirario.com.br\\\/portal\\\/#\\\/schema\\\/person\\\/c6c423e4c2465d2a9233f6539173e7c1\"},\"headline\":\"Segundo economistas, cen\u00e1rio pol\u00edtico e econ\u00f4mico inviabilizou meta fiscal no Brasil\",\"datePublished\":\"2017-08-14T12:08:55+00:00\",\"mainEntityOfPage\":{\"@id\":\"https:\\\/\\\/jornalbeirario.com.br\\\/portal\\\/?p=52492\"},\"wordCount\":810,\"commentCount\":0,\"publisher\":{\"@id\":\"https:\\\/\\\/jornalbeirario.com.br\\\/portal\\\/#organization\"},\"image\":{\"@id\":\"https:\\\/\\\/jornalbeirario.com.br\\\/portal\\\/?p=52492#primaryimage\"},\"thumbnailUrl\":\"https:\\\/\\\/jornalbeirario.com.br\\\/portal\\\/wp-content\\\/uploads\\\/2017\\\/08\\\/economia_ilustracao-1.jpg\",\"keywords\":[\"dehoraemhora\",\"manchete\"],\"articleSection\":[\"Economia\"],\"inLanguage\":\"pt-BR\",\"potentialAction\":[{\"@type\":\"CommentAction\",\"name\":\"Comment\",\"target\":[\"https:\\\/\\\/jornalbeirario.com.br\\\/portal\\\/?p=52492#respond\"]}]},{\"@type\":\"WebPage\",\"@id\":\"https:\\\/\\\/jornalbeirario.com.br\\\/portal\\\/?p=52492\",\"url\":\"https:\\\/\\\/jornalbeirario.com.br\\\/portal\\\/?p=52492\",\"name\":\"Segundo economistas, cen\u00e1rio pol\u00edtico e econ\u00f4mico inviabilizou meta fiscal no Brasil - JORNAL BEIRA RIO\",\"isPartOf\":{\"@id\":\"https:\\\/\\\/jornalbeirario.com.br\\\/portal\\\/#website\"},\"primaryImageOfPage\":{\"@id\":\"https:\\\/\\\/jornalbeirario.com.br\\\/portal\\\/?p=52492#primaryimage\"},\"image\":{\"@id\":\"https:\\\/\\\/jornalbeirario.com.br\\\/portal\\\/?p=52492#primaryimage\"},\"thumbnailUrl\":\"https:\\\/\\\/jornalbeirario.com.br\\\/portal\\\/wp-content\\\/uploads\\\/2017\\\/08\\\/economia_ilustracao-1.jpg\",\"datePublished\":\"2017-08-14T12:08:55+00:00\",\"breadcrumb\":{\"@id\":\"https:\\\/\\\/jornalbeirario.com.br\\\/portal\\\/?p=52492#breadcrumb\"},\"inLanguage\":\"pt-BR\",\"potentialAction\":[{\"@type\":\"ReadAction\",\"target\":[\"https:\\\/\\\/jornalbeirario.com.br\\\/portal\\\/?p=52492\"]}]},{\"@type\":\"ImageObject\",\"inLanguage\":\"pt-BR\",\"@id\":\"https:\\\/\\\/jornalbeirario.com.br\\\/portal\\\/?p=52492#primaryimage\",\"url\":\"https:\\\/\\\/jornalbeirario.com.br\\\/portal\\\/wp-content\\\/uploads\\\/2017\\\/08\\\/economia_ilustracao-1.jpg\",\"contentUrl\":\"https:\\\/\\\/jornalbeirario.com.br\\\/portal\\\/wp-content\\\/uploads\\\/2017\\\/08\\\/economia_ilustracao-1.jpg\",\"width\":930,\"height\":350},{\"@type\":\"BreadcrumbList\",\"@id\":\"https:\\\/\\\/jornalbeirario.com.br\\\/portal\\\/?p=52492#breadcrumb\",\"itemListElement\":[{\"@type\":\"ListItem\",\"position\":1,\"name\":\"Home\",\"item\":\"https:\\\/\\\/jornalbeirario.com.br\\\/portal\"},{\"@type\":\"ListItem\",\"position\":2,\"name\":\"Segundo economistas, cen\u00e1rio pol\u00edtico e econ\u00f4mico inviabilizou meta fiscal no Brasil\"}]},{\"@type\":\"WebSite\",\"@id\":\"https:\\\/\\\/jornalbeirario.com.br\\\/portal\\\/#website\",\"url\":\"https:\\\/\\\/jornalbeirario.com.br\\\/portal\\\/\",\"name\":\"JORNAL BEIRA RIO\",\"description\":\"\",\"publisher\":{\"@id\":\"https:\\\/\\\/jornalbeirario.com.br\\\/portal\\\/#organization\"},\"potentialAction\":[{\"@type\":\"SearchAction\",\"target\":{\"@type\":\"EntryPoint\",\"urlTemplate\":\"https:\\\/\\\/jornalbeirario.com.br\\\/portal\\\/?s={search_term_string}\"},\"query-input\":{\"@type\":\"PropertyValueSpecification\",\"valueRequired\":true,\"valueName\":\"search_term_string\"}}],\"inLanguage\":\"pt-BR\"},{\"@type\":\"Organization\",\"@id\":\"https:\\\/\\\/jornalbeirario.com.br\\\/portal\\\/#organization\",\"name\":\"JORNAL BEIRA RIO\",\"url\":\"https:\\\/\\\/jornalbeirario.com.br\\\/portal\\\/\",\"logo\":{\"@type\":\"ImageObject\",\"inLanguage\":\"pt-BR\",\"@id\":\"https:\\\/\\\/jornalbeirario.com.br\\\/portal\\\/#\\\/schema\\\/logo\\\/image\\\/\",\"url\":\"https:\\\/\\\/jornalbeirario.com.br\\\/portal\\\/wp-content\\\/uploads\\\/2017\\\/09\\\/BEIRA-RIO_logo600.png\",\"contentUrl\":\"https:\\\/\\\/jornalbeirario.com.br\\\/portal\\\/wp-content\\\/uploads\\\/2017\\\/09\\\/BEIRA-RIO_logo600.png\",\"width\":650,\"height\":108,\"caption\":\"JORNAL BEIRA RIO\"},\"image\":{\"@id\":\"https:\\\/\\\/jornalbeirario.com.br\\\/portal\\\/#\\\/schema\\\/logo\\\/image\\\/\"}},{\"@type\":\"Person\",\"@id\":\"https:\\\/\\\/jornalbeirario.com.br\\\/portal\\\/#\\\/schema\\\/person\\\/c6c423e4c2465d2a9233f6539173e7c1\",\"name\":\"Jornal BEIRA-RIO\",\"image\":{\"@type\":\"ImageObject\",\"inLanguage\":\"pt-BR\",\"@id\":\"https:\\\/\\\/jornalbeirario.com.br\\\/portal\\\/wp-content\\\/uploads\\\/2023\\\/10\\\/logojbr1.jpg\",\"url\":\"https:\\\/\\\/jornalbeirario.com.br\\\/portal\\\/wp-content\\\/uploads\\\/2023\\\/10\\\/logojbr1.jpg\",\"contentUrl\":\"https:\\\/\\\/jornalbeirario.com.br\\\/portal\\\/wp-content\\\/uploads\\\/2023\\\/10\\\/logojbr1.jpg\",\"caption\":\"Jornal BEIRA-RIO\"},\"url\":\"https:\\\/\\\/jornalbeirario.com.br\\\/portal\\\/?author=1\"}]}<\/script>\n<!-- \/ Yoast SEO plugin. -->","yoast_head_json":{"title":"Segundo economistas, cen\u00e1rio pol\u00edtico e econ\u00f4mico inviabilizou meta fiscal no Brasil - JORNAL BEIRA RIO","robots":{"index":"index","follow":"follow","max-snippet":"max-snippet:-1","max-image-preview":"max-image-preview:large","max-video-preview":"max-video-preview:-1"},"canonical":"https:\/\/jornalbeirario.com.br\/portal\/?p=52492","og_locale":"pt_BR","og_type":"article","og_title":"Segundo economistas, cen\u00e1rio pol\u00edtico e econ\u00f4mico inviabilizou meta fiscal no Brasil - JORNAL BEIRA RIO","og_description":"Nesta segunda-feira, dia 14, o governo ter\u00e1 a reuni\u00e3o final para definir em quanto vai aumentar a meta de d\u00e9ficit prim\u00e1rio para este ano","og_url":"https:\/\/jornalbeirario.com.br\/portal\/?p=52492","og_site_name":"JORNAL BEIRA RIO","article_published_time":"2017-08-14T12:08:55+00:00","og_image":[{"width":930,"height":350,"url":"https:\/\/jornalbeirario.com.br\/portal\/wp-content\/uploads\/2017\/08\/economia_ilustracao-1.jpg","type":"image\/jpeg"}],"author":"Jornal BEIRA-RIO","twitter_card":"summary_large_image","twitter_misc":{"Escrito por":"Jornal BEIRA-RIO","Est. tempo de leitura":"4 minutos"},"schema":{"@context":"https:\/\/schema.org","@graph":[{"@type":"Article","@id":"https:\/\/jornalbeirario.com.br\/portal\/?p=52492#article","isPartOf":{"@id":"https:\/\/jornalbeirario.com.br\/portal\/?p=52492"},"author":{"name":"Jornal BEIRA-RIO","@id":"https:\/\/jornalbeirario.com.br\/portal\/#\/schema\/person\/c6c423e4c2465d2a9233f6539173e7c1"},"headline":"Segundo economistas, cen\u00e1rio pol\u00edtico e econ\u00f4mico inviabilizou meta fiscal no Brasil","datePublished":"2017-08-14T12:08:55+00:00","mainEntityOfPage":{"@id":"https:\/\/jornalbeirario.com.br\/portal\/?p=52492"},"wordCount":810,"commentCount":0,"publisher":{"@id":"https:\/\/jornalbeirario.com.br\/portal\/#organization"},"image":{"@id":"https:\/\/jornalbeirario.com.br\/portal\/?p=52492#primaryimage"},"thumbnailUrl":"https:\/\/jornalbeirario.com.br\/portal\/wp-content\/uploads\/2017\/08\/economia_ilustracao-1.jpg","keywords":["dehoraemhora","manchete"],"articleSection":["Economia"],"inLanguage":"pt-BR","potentialAction":[{"@type":"CommentAction","name":"Comment","target":["https:\/\/jornalbeirario.com.br\/portal\/?p=52492#respond"]}]},{"@type":"WebPage","@id":"https:\/\/jornalbeirario.com.br\/portal\/?p=52492","url":"https:\/\/jornalbeirario.com.br\/portal\/?p=52492","name":"Segundo economistas, cen\u00e1rio pol\u00edtico e econ\u00f4mico inviabilizou meta fiscal no Brasil - JORNAL BEIRA RIO","isPartOf":{"@id":"https:\/\/jornalbeirario.com.br\/portal\/#website"},"primaryImageOfPage":{"@id":"https:\/\/jornalbeirario.com.br\/portal\/?p=52492#primaryimage"},"image":{"@id":"https:\/\/jornalbeirario.com.br\/portal\/?p=52492#primaryimage"},"thumbnailUrl":"https:\/\/jornalbeirario.com.br\/portal\/wp-content\/uploads\/2017\/08\/economia_ilustracao-1.jpg","datePublished":"2017-08-14T12:08:55+00:00","breadcrumb":{"@id":"https:\/\/jornalbeirario.com.br\/portal\/?p=52492#breadcrumb"},"inLanguage":"pt-BR","potentialAction":[{"@type":"ReadAction","target":["https:\/\/jornalbeirario.com.br\/portal\/?p=52492"]}]},{"@type":"ImageObject","inLanguage":"pt-BR","@id":"https:\/\/jornalbeirario.com.br\/portal\/?p=52492#primaryimage","url":"https:\/\/jornalbeirario.com.br\/portal\/wp-content\/uploads\/2017\/08\/economia_ilustracao-1.jpg","contentUrl":"https:\/\/jornalbeirario.com.br\/portal\/wp-content\/uploads\/2017\/08\/economia_ilustracao-1.jpg","width":930,"height":350},{"@type":"BreadcrumbList","@id":"https:\/\/jornalbeirario.com.br\/portal\/?p=52492#breadcrumb","itemListElement":[{"@type":"ListItem","position":1,"name":"Home","item":"https:\/\/jornalbeirario.com.br\/portal"},{"@type":"ListItem","position":2,"name":"Segundo economistas, cen\u00e1rio pol\u00edtico e econ\u00f4mico inviabilizou meta fiscal no Brasil"}]},{"@type":"WebSite","@id":"https:\/\/jornalbeirario.com.br\/portal\/#website","url":"https:\/\/jornalbeirario.com.br\/portal\/","name":"JORNAL BEIRA RIO","description":"","publisher":{"@id":"https:\/\/jornalbeirario.com.br\/portal\/#organization"},"potentialAction":[{"@type":"SearchAction","target":{"@type":"EntryPoint","urlTemplate":"https:\/\/jornalbeirario.com.br\/portal\/?s={search_term_string}"},"query-input":{"@type":"PropertyValueSpecification","valueRequired":true,"valueName":"search_term_string"}}],"inLanguage":"pt-BR"},{"@type":"Organization","@id":"https:\/\/jornalbeirario.com.br\/portal\/#organization","name":"JORNAL BEIRA RIO","url":"https:\/\/jornalbeirario.com.br\/portal\/","logo":{"@type":"ImageObject","inLanguage":"pt-BR","@id":"https:\/\/jornalbeirario.com.br\/portal\/#\/schema\/logo\/image\/","url":"https:\/\/jornalbeirario.com.br\/portal\/wp-content\/uploads\/2017\/09\/BEIRA-RIO_logo600.png","contentUrl":"https:\/\/jornalbeirario.com.br\/portal\/wp-content\/uploads\/2017\/09\/BEIRA-RIO_logo600.png","width":650,"height":108,"caption":"JORNAL BEIRA RIO"},"image":{"@id":"https:\/\/jornalbeirario.com.br\/portal\/#\/schema\/logo\/image\/"}},{"@type":"Person","@id":"https:\/\/jornalbeirario.com.br\/portal\/#\/schema\/person\/c6c423e4c2465d2a9233f6539173e7c1","name":"Jornal BEIRA-RIO","image":{"@type":"ImageObject","inLanguage":"pt-BR","@id":"https:\/\/jornalbeirario.com.br\/portal\/wp-content\/uploads\/2023\/10\/logojbr1.jpg","url":"https:\/\/jornalbeirario.com.br\/portal\/wp-content\/uploads\/2023\/10\/logojbr1.jpg","contentUrl":"https:\/\/jornalbeirario.com.br\/portal\/wp-content\/uploads\/2023\/10\/logojbr1.jpg","caption":"Jornal BEIRA-RIO"},"url":"https:\/\/jornalbeirario.com.br\/portal\/?author=1"}]}},"_links":{"self":[{"href":"https:\/\/jornalbeirario.com.br\/portal\/index.php?rest_route=\/wp\/v2\/posts\/52492","targetHints":{"allow":["GET"]}}],"collection":[{"href":"https:\/\/jornalbeirario.com.br\/portal\/index.php?rest_route=\/wp\/v2\/posts"}],"about":[{"href":"https:\/\/jornalbeirario.com.br\/portal\/index.php?rest_route=\/wp\/v2\/types\/post"}],"author":[{"embeddable":true,"href":"https:\/\/jornalbeirario.com.br\/portal\/index.php?rest_route=\/wp\/v2\/users\/1"}],"replies":[{"embeddable":true,"href":"https:\/\/jornalbeirario.com.br\/portal\/index.php?rest_route=%2Fwp%2Fv2%2Fcomments&post=52492"}],"version-history":[{"count":0,"href":"https:\/\/jornalbeirario.com.br\/portal\/index.php?rest_route=\/wp\/v2\/posts\/52492\/revisions"}],"wp:featuredmedia":[{"embeddable":true,"href":"https:\/\/jornalbeirario.com.br\/portal\/index.php?rest_route=\/wp\/v2\/media\/52495"}],"wp:attachment":[{"href":"https:\/\/jornalbeirario.com.br\/portal\/index.php?rest_route=%2Fwp%2Fv2%2Fmedia&parent=52492"}],"wp:term":[{"taxonomy":"category","embeddable":true,"href":"https:\/\/jornalbeirario.com.br\/portal\/index.php?rest_route=%2Fwp%2Fv2%2Fcategories&post=52492"},{"taxonomy":"post_tag","embeddable":true,"href":"https:\/\/jornalbeirario.com.br\/portal\/index.php?rest_route=%2Fwp%2Fv2%2Ftags&post=52492"}],"curies":[{"name":"wp","href":"https:\/\/api.w.org\/{rel}","templated":true}]}}