
{"id":52226,"date":"2017-08-04T09:45:01","date_gmt":"2017-08-04T12:45:01","guid":{"rendered":"http:\/\/jornalbeirario.com.br\/portal\/?p=52226"},"modified":"2017-08-04T14:08:20","modified_gmt":"2017-08-04T17:08:20","slug":"o-que-realmente-precisamos-para-resolver-os-problemas-de-transporte-sao-miguel-na-cidade-de-resende","status":"publish","type":"post","link":"https:\/\/jornalbeirario.com.br\/portal\/?p=52226","title":{"rendered":"O que realmente precisamos para resolver os problemas de transporte (S\u00e3o Miguel) na cidade de Resende?"},"content":{"rendered":"<p style=\"text-align: justify;\">O sil\u00eancio e a coniv\u00eancia dos vereadores de Resende com as a\u00e7\u00f5es histri\u00f4nicas do prefeito Diogo Balieiro Diniz demonstram a fal\u00e1cia da palavra &#8220;representantes&#8221; do povo. Eles debocham da cara e das necessidades da popula\u00e7\u00e3o. Fazem audi\u00eancias p\u00fablicas para elogiar o executivo e n\u00e3o tomam quaisquer decis\u00f5es que favore\u00e7am de fato a popula\u00e7\u00e3o e os trabalhadores. Fingem o tempo todo. A quest\u00e3o mais recente foi em regime de urg\u00eancia aprovar quest\u00e3o trabalhista que n\u00e3o \u00e9 de compet\u00eancia do munic\u00edpio. Se estivesse realmente interessados que a S\u00e3o Miguel n\u00e3o explore seus motoristas fariam cumprir o contrato que fala em presta\u00e7\u00e3o de servi\u00e7o com comodidade para o usu\u00e1rio. Isso representa ter mais \u00f4nibus na rua, mais hor\u00e1rios e portanto, menos press\u00e3o sobre os motoristas.<\/p>\n<p style=\"text-align: justify;\">N\u00e3o ter cobrador \u00e9 uma tend\u00eancia mundial, infelizmente, assim como sumiram os sapateiros, os que arrumavam guarda-chuvas, os datil\u00f3grafos, os calceteiros e tantos outros profissionais. \u00c9 o \u00f4nus da tecnologia. Quando aprovaram bilhete e catraca eletr\u00f4nicos estavam tamb\u00e9m aprovando o fim dos cobradores. Isso n\u00e3o \u00e9 aqui em Resende e infelizmente o munic\u00edpio, ao contr\u00e1rio do que quer fazer parecer o prefeito e os vereadores, N\u00c3O PODE FAZER NADA. Porque quest\u00f5es trabalhistas s\u00e3o resolvidas no \u00e2mbito federal, na Justi\u00e7a do Trabalho. O Sindicato da categoria tem que tentar minimizar os preju\u00edzos e o munic\u00edpio pode se solidarizar sim, mas jamais tentar enganar a popula\u00e7\u00e3o toda com essa hist\u00f3ria de que vai proibir a dupla fun\u00e7\u00e3o. Por quanto tempo? At\u00e9 uma liminar da Justi\u00e7a favorecer a empresa, como fez com LEI IGUAL do ent\u00e3o vereador Mirim? Pois \u00e9, a nossa mem\u00f3ria curta n\u00e3o deixa lembrar que Resende j\u00e1 teve uma lei dessa e foi considerada INCONSTITUCIONAL. Em outras palavras, s\u00e3o executivo e legislativo fazendo merdas, fazendo o que n\u00e3o lhes compete. Uma forma de enrolar o povo. S\u00f3 isso! Ganham tempo e ainda saem de bonzinhos. V\u00e3o dizer amanh\u00e3: &#8220;N\u00f3s tentamos viu? Fizemos lei, mas a Justi\u00e7a entendeu que a empresa pode colocar o motorista para fazer os dois servi\u00e7os&#8221;. Isso chega ser cruel. Tripudiar do leigo e ainda dar esperan\u00e7a ao trabalhador que est\u00e1 ali na linha de frente todos os dias.<\/p>\n<p style=\"text-align: justify;\">Me espanto ao ver as pessoas aplaudindo dizendo que isso sim \u00e9 fazer alguma coisa contra a S\u00e3o Miguel. N\u00e3o n\u00e3o \u00e9. Pergunte onde est\u00e1 o balan\u00e7o financeiro da empresa. Porque nenhum governo abre essa caixa trancada, com sabe-se l\u00e1 quantos cadeados? O munic\u00edpio n\u00e3o tem controle sobre passagens, gratuidades e muito menos consegue fazer uma planilha para contrapor a da empresa. Os vereadores fazem cena, mas vivem pedindo \u00f4nibus de gra\u00e7a para levar a popula\u00e7\u00e3o aqui e ali. Que tipos de fiscaliza\u00e7\u00e3o e atitudes s\u00e3o essas? Pergunte porque o governo at\u00e9 agora apesar de fazer v\u00eddeos para dizer que est\u00e1 multando, n\u00e3o elaborou documento sobre irregularidades no servi\u00e7o prestado da concess\u00e3o e protocolou na C\u00e2mara e no Minist\u00e9rio P\u00fablico? Formas de quem realmente quer que o servi\u00e7o seja bem prestado? Onde est\u00e3o os 10 novos \u00f4nibus anunciados no in\u00edcio do governo? Por que todos os dias os usu\u00e1rios CONTINUAM ENFRENTANDO \u00f4nibus quebrados, atrasos ou n\u00e3o cumprimento dos hor\u00e1rios?<\/p>\n<p style=\"text-align: justify;\">Qual a parte da conversa com a empresa n\u00e3o deu certo? E quais as raz\u00f5es? Nada disso est\u00e1 transparente.<\/p>\n<p style=\"text-align: justify;\">Outra coisa muito importante: se o governo Balieiro Diniz quer de fato mostrar servi\u00e7o, mostre os termos de aditamento de todos os itiner\u00e1rios e extens\u00e3o dos servi\u00e7os realizados pela S\u00e3o Miguel. Se eles n\u00e3o existem, regularize isso. Enfim, tem muito mais coisas que nem prefeito e\/ou vereadores parecem muito interessados. E pelo jeito, vamos seguir assistindo os v\u00eddeos do prefeito, as risadas dos vereadores ou suas indigna\u00e7\u00f5es de plen\u00e1rio e os aplausos dos que ganham pra isso, dos que n\u00e3o andam de \u00f4nibus ou daqueles que ainda acreditam que o prefeito pode acordar e de fato, quem sabe, resolver um dos maiores problemas do munic\u00edpio. S\u00f3 uma dica. Resolve primeiro, depois faz a propaganda. Deixa o povo falar nos pontos, nas ruas, nas pr\u00f3ximas pesquisas sobre o servi\u00e7o e a\u00ed sim, quando o improv\u00e1vel acontecer, fa\u00e7a o marketing institucional, porque pessoal tamb\u00e9m \u00e9 inconstitucional, n\u00e9?<\/p>\n<p><em>Ana L\u00facia<br \/>\n<\/em>editora do jornal <strong>BEIRA-RIO<\/strong><br \/>\n<em>analucia@jornalbeirario.com.br<\/em><\/p>\n","protected":false},"excerpt":{"rendered":"<p>O sil\u00eancio e a coniv\u00eancia dos vereadores de Resende com as a\u00e7\u00f5es histri\u00f4nicas do prefeito Diogo Balieiro Diniz demonstram a fal\u00e1cia da palavra &#8220;representantes&#8221;<\/p>\n","protected":false},"author":191,"featured_media":0,"comment_status":"open","ping_status":"open","sticky":false,"template":"","format":"standard","meta":{"pmpro_default_level":"","footnotes":""},"categories":[181],"tags":[],"class_list":["post-52226","post","type-post","status-publish","format-standard","hentry","category-colunistas","pmpro-has-access"],"yoast_head":"<!-- This site is optimized with the Yoast SEO plugin v27.4 - https:\/\/yoast.com\/product\/yoast-seo-wordpress\/ -->\n<title>O que realmente precisamos para resolver os problemas de transporte (S\u00e3o Miguel) na cidade de Resende? - JORNAL BEIRA RIO<\/title>\n<meta name=\"robots\" content=\"index, follow, max-snippet:-1, max-image-preview:large, max-video-preview:-1\" \/>\n<link rel=\"canonical\" href=\"https:\/\/jornalbeirario.com.br\/portal\/?p=52226\" \/>\n<meta property=\"og:locale\" content=\"pt_BR\" \/>\n<meta property=\"og:type\" content=\"article\" \/>\n<meta property=\"og:title\" content=\"O que realmente precisamos para resolver os problemas de transporte (S\u00e3o Miguel) na cidade de Resende? - JORNAL BEIRA RIO\" \/>\n<meta property=\"og:description\" content=\"O sil\u00eancio e a coniv\u00eancia dos vereadores de Resende com as a\u00e7\u00f5es histri\u00f4nicas do prefeito Diogo Balieiro Diniz demonstram a fal\u00e1cia da palavra &#8220;representantes&#8221;\" \/>\n<meta property=\"og:url\" content=\"https:\/\/jornalbeirario.com.br\/portal\/?p=52226\" \/>\n<meta property=\"og:site_name\" content=\"JORNAL BEIRA RIO\" \/>\n<meta property=\"article:published_time\" content=\"2017-08-04T12:45:01+00:00\" \/>\n<meta property=\"article:modified_time\" content=\"2017-08-04T17:08:20+00:00\" \/>\n<meta name=\"author\" content=\"Ana L\u00facia\" \/>\n<meta name=\"twitter:card\" content=\"summary_large_image\" \/>\n<meta name=\"twitter:label1\" content=\"Escrito por\" \/>\n\t<meta name=\"twitter:data1\" content=\"Ana L\u00facia\" \/>\n\t<meta name=\"twitter:label2\" content=\"Est. tempo de leitura\" \/>\n\t<meta name=\"twitter:data2\" content=\"4 minutos\" \/>\n<script type=\"application\/ld+json\" class=\"yoast-schema-graph\">{\"@context\":\"https:\\\/\\\/schema.org\",\"@graph\":[{\"@type\":\"Article\",\"@id\":\"https:\\\/\\\/jornalbeirario.com.br\\\/portal\\\/?p=52226#article\",\"isPartOf\":{\"@id\":\"https:\\\/\\\/jornalbeirario.com.br\\\/portal\\\/?p=52226\"},\"author\":{\"name\":\"Ana L\u00facia\",\"@id\":\"https:\\\/\\\/jornalbeirario.com.br\\\/portal\\\/#\\\/schema\\\/person\\\/3d11883a3e35d9ee1dbdeaa18c900bd1\"},\"headline\":\"O que realmente precisamos para resolver os problemas de transporte (S\u00e3o Miguel) na cidade de Resende?\",\"datePublished\":\"2017-08-04T12:45:01+00:00\",\"dateModified\":\"2017-08-04T17:08:20+00:00\",\"mainEntityOfPage\":{\"@id\":\"https:\\\/\\\/jornalbeirario.com.br\\\/portal\\\/?p=52226\"},\"wordCount\":791,\"commentCount\":0,\"publisher\":{\"@id\":\"https:\\\/\\\/jornalbeirario.com.br\\\/portal\\\/#organization\"},\"articleSection\":[\"Colunistas\"],\"inLanguage\":\"pt-BR\",\"potentialAction\":[{\"@type\":\"CommentAction\",\"name\":\"Comment\",\"target\":[\"https:\\\/\\\/jornalbeirario.com.br\\\/portal\\\/?p=52226#respond\"]}]},{\"@type\":\"WebPage\",\"@id\":\"https:\\\/\\\/jornalbeirario.com.br\\\/portal\\\/?p=52226\",\"url\":\"https:\\\/\\\/jornalbeirario.com.br\\\/portal\\\/?p=52226\",\"name\":\"O que realmente precisamos para resolver os problemas de transporte (S\u00e3o Miguel) na cidade de Resende? - JORNAL BEIRA RIO\",\"isPartOf\":{\"@id\":\"https:\\\/\\\/jornalbeirario.com.br\\\/portal\\\/#website\"},\"datePublished\":\"2017-08-04T12:45:01+00:00\",\"dateModified\":\"2017-08-04T17:08:20+00:00\",\"breadcrumb\":{\"@id\":\"https:\\\/\\\/jornalbeirario.com.br\\\/portal\\\/?p=52226#breadcrumb\"},\"inLanguage\":\"pt-BR\",\"potentialAction\":[{\"@type\":\"ReadAction\",\"target\":[\"https:\\\/\\\/jornalbeirario.com.br\\\/portal\\\/?p=52226\"]}]},{\"@type\":\"BreadcrumbList\",\"@id\":\"https:\\\/\\\/jornalbeirario.com.br\\\/portal\\\/?p=52226#breadcrumb\",\"itemListElement\":[{\"@type\":\"ListItem\",\"position\":1,\"name\":\"Home\",\"item\":\"https:\\\/\\\/jornalbeirario.com.br\\\/portal\"},{\"@type\":\"ListItem\",\"position\":2,\"name\":\"O que realmente precisamos para resolver os problemas de transporte (S\u00e3o Miguel) na cidade de Resende?\"}]},{\"@type\":\"WebSite\",\"@id\":\"https:\\\/\\\/jornalbeirario.com.br\\\/portal\\\/#website\",\"url\":\"https:\\\/\\\/jornalbeirario.com.br\\\/portal\\\/\",\"name\":\"JORNAL BEIRA RIO\",\"description\":\"\",\"publisher\":{\"@id\":\"https:\\\/\\\/jornalbeirario.com.br\\\/portal\\\/#organization\"},\"potentialAction\":[{\"@type\":\"SearchAction\",\"target\":{\"@type\":\"EntryPoint\",\"urlTemplate\":\"https:\\\/\\\/jornalbeirario.com.br\\\/portal\\\/?s={search_term_string}\"},\"query-input\":{\"@type\":\"PropertyValueSpecification\",\"valueRequired\":true,\"valueName\":\"search_term_string\"}}],\"inLanguage\":\"pt-BR\"},{\"@type\":\"Organization\",\"@id\":\"https:\\\/\\\/jornalbeirario.com.br\\\/portal\\\/#organization\",\"name\":\"JORNAL BEIRA RIO\",\"url\":\"https:\\\/\\\/jornalbeirario.com.br\\\/portal\\\/\",\"logo\":{\"@type\":\"ImageObject\",\"inLanguage\":\"pt-BR\",\"@id\":\"https:\\\/\\\/jornalbeirario.com.br\\\/portal\\\/#\\\/schema\\\/logo\\\/image\\\/\",\"url\":\"https:\\\/\\\/jornalbeirario.com.br\\\/portal\\\/wp-content\\\/uploads\\\/2017\\\/09\\\/BEIRA-RIO_logo600.png\",\"contentUrl\":\"https:\\\/\\\/jornalbeirario.com.br\\\/portal\\\/wp-content\\\/uploads\\\/2017\\\/09\\\/BEIRA-RIO_logo600.png\",\"width\":650,\"height\":108,\"caption\":\"JORNAL BEIRA RIO\"},\"image\":{\"@id\":\"https:\\\/\\\/jornalbeirario.com.br\\\/portal\\\/#\\\/schema\\\/logo\\\/image\\\/\"}},{\"@type\":\"Person\",\"@id\":\"https:\\\/\\\/jornalbeirario.com.br\\\/portal\\\/#\\\/schema\\\/person\\\/3d11883a3e35d9ee1dbdeaa18c900bd1\",\"name\":\"Ana L\u00facia\",\"image\":{\"@type\":\"ImageObject\",\"inLanguage\":\"pt-BR\",\"@id\":\"https:\\\/\\\/jornalbeirario.com.br\\\/portal\\\/wp-content\\\/uploads\\\/2023\\\/01\\\/eu-eu.jpg\",\"url\":\"https:\\\/\\\/jornalbeirario.com.br\\\/portal\\\/wp-content\\\/uploads\\\/2023\\\/01\\\/eu-eu.jpg\",\"contentUrl\":\"https:\\\/\\\/jornalbeirario.com.br\\\/portal\\\/wp-content\\\/uploads\\\/2023\\\/01\\\/eu-eu.jpg\",\"caption\":\"Ana L\u00facia\"},\"url\":\"https:\\\/\\\/jornalbeirario.com.br\\\/portal\\\/?author=191\"}]}<\/script>\n<!-- \/ Yoast SEO plugin. -->","yoast_head_json":{"title":"O que realmente precisamos para resolver os problemas de transporte (S\u00e3o Miguel) na cidade de Resende? - JORNAL BEIRA RIO","robots":{"index":"index","follow":"follow","max-snippet":"max-snippet:-1","max-image-preview":"max-image-preview:large","max-video-preview":"max-video-preview:-1"},"canonical":"https:\/\/jornalbeirario.com.br\/portal\/?p=52226","og_locale":"pt_BR","og_type":"article","og_title":"O que realmente precisamos para resolver os problemas de transporte (S\u00e3o Miguel) na cidade de Resende? - JORNAL BEIRA RIO","og_description":"O sil\u00eancio e a coniv\u00eancia dos vereadores de Resende com as a\u00e7\u00f5es histri\u00f4nicas do prefeito Diogo Balieiro Diniz demonstram a fal\u00e1cia da palavra &#8220;representantes&#8221;","og_url":"https:\/\/jornalbeirario.com.br\/portal\/?p=52226","og_site_name":"JORNAL BEIRA RIO","article_published_time":"2017-08-04T12:45:01+00:00","article_modified_time":"2017-08-04T17:08:20+00:00","author":"Ana L\u00facia","twitter_card":"summary_large_image","twitter_misc":{"Escrito por":"Ana L\u00facia","Est. tempo de leitura":"4 minutos"},"schema":{"@context":"https:\/\/schema.org","@graph":[{"@type":"Article","@id":"https:\/\/jornalbeirario.com.br\/portal\/?p=52226#article","isPartOf":{"@id":"https:\/\/jornalbeirario.com.br\/portal\/?p=52226"},"author":{"name":"Ana L\u00facia","@id":"https:\/\/jornalbeirario.com.br\/portal\/#\/schema\/person\/3d11883a3e35d9ee1dbdeaa18c900bd1"},"headline":"O que realmente precisamos para resolver os problemas de transporte (S\u00e3o Miguel) na cidade de Resende?","datePublished":"2017-08-04T12:45:01+00:00","dateModified":"2017-08-04T17:08:20+00:00","mainEntityOfPage":{"@id":"https:\/\/jornalbeirario.com.br\/portal\/?p=52226"},"wordCount":791,"commentCount":0,"publisher":{"@id":"https:\/\/jornalbeirario.com.br\/portal\/#organization"},"articleSection":["Colunistas"],"inLanguage":"pt-BR","potentialAction":[{"@type":"CommentAction","name":"Comment","target":["https:\/\/jornalbeirario.com.br\/portal\/?p=52226#respond"]}]},{"@type":"WebPage","@id":"https:\/\/jornalbeirario.com.br\/portal\/?p=52226","url":"https:\/\/jornalbeirario.com.br\/portal\/?p=52226","name":"O que realmente precisamos para resolver os problemas de transporte (S\u00e3o Miguel) na cidade de Resende? - JORNAL BEIRA RIO","isPartOf":{"@id":"https:\/\/jornalbeirario.com.br\/portal\/#website"},"datePublished":"2017-08-04T12:45:01+00:00","dateModified":"2017-08-04T17:08:20+00:00","breadcrumb":{"@id":"https:\/\/jornalbeirario.com.br\/portal\/?p=52226#breadcrumb"},"inLanguage":"pt-BR","potentialAction":[{"@type":"ReadAction","target":["https:\/\/jornalbeirario.com.br\/portal\/?p=52226"]}]},{"@type":"BreadcrumbList","@id":"https:\/\/jornalbeirario.com.br\/portal\/?p=52226#breadcrumb","itemListElement":[{"@type":"ListItem","position":1,"name":"Home","item":"https:\/\/jornalbeirario.com.br\/portal"},{"@type":"ListItem","position":2,"name":"O que realmente precisamos para resolver os problemas de transporte (S\u00e3o Miguel) na cidade de Resende?"}]},{"@type":"WebSite","@id":"https:\/\/jornalbeirario.com.br\/portal\/#website","url":"https:\/\/jornalbeirario.com.br\/portal\/","name":"JORNAL BEIRA RIO","description":"","publisher":{"@id":"https:\/\/jornalbeirario.com.br\/portal\/#organization"},"potentialAction":[{"@type":"SearchAction","target":{"@type":"EntryPoint","urlTemplate":"https:\/\/jornalbeirario.com.br\/portal\/?s={search_term_string}"},"query-input":{"@type":"PropertyValueSpecification","valueRequired":true,"valueName":"search_term_string"}}],"inLanguage":"pt-BR"},{"@type":"Organization","@id":"https:\/\/jornalbeirario.com.br\/portal\/#organization","name":"JORNAL BEIRA RIO","url":"https:\/\/jornalbeirario.com.br\/portal\/","logo":{"@type":"ImageObject","inLanguage":"pt-BR","@id":"https:\/\/jornalbeirario.com.br\/portal\/#\/schema\/logo\/image\/","url":"https:\/\/jornalbeirario.com.br\/portal\/wp-content\/uploads\/2017\/09\/BEIRA-RIO_logo600.png","contentUrl":"https:\/\/jornalbeirario.com.br\/portal\/wp-content\/uploads\/2017\/09\/BEIRA-RIO_logo600.png","width":650,"height":108,"caption":"JORNAL BEIRA RIO"},"image":{"@id":"https:\/\/jornalbeirario.com.br\/portal\/#\/schema\/logo\/image\/"}},{"@type":"Person","@id":"https:\/\/jornalbeirario.com.br\/portal\/#\/schema\/person\/3d11883a3e35d9ee1dbdeaa18c900bd1","name":"Ana L\u00facia","image":{"@type":"ImageObject","inLanguage":"pt-BR","@id":"https:\/\/jornalbeirario.com.br\/portal\/wp-content\/uploads\/2023\/01\/eu-eu.jpg","url":"https:\/\/jornalbeirario.com.br\/portal\/wp-content\/uploads\/2023\/01\/eu-eu.jpg","contentUrl":"https:\/\/jornalbeirario.com.br\/portal\/wp-content\/uploads\/2023\/01\/eu-eu.jpg","caption":"Ana L\u00facia"},"url":"https:\/\/jornalbeirario.com.br\/portal\/?author=191"}]}},"_links":{"self":[{"href":"https:\/\/jornalbeirario.com.br\/portal\/index.php?rest_route=\/wp\/v2\/posts\/52226","targetHints":{"allow":["GET"]}}],"collection":[{"href":"https:\/\/jornalbeirario.com.br\/portal\/index.php?rest_route=\/wp\/v2\/posts"}],"about":[{"href":"https:\/\/jornalbeirario.com.br\/portal\/index.php?rest_route=\/wp\/v2\/types\/post"}],"author":[{"embeddable":true,"href":"https:\/\/jornalbeirario.com.br\/portal\/index.php?rest_route=\/wp\/v2\/users\/191"}],"replies":[{"embeddable":true,"href":"https:\/\/jornalbeirario.com.br\/portal\/index.php?rest_route=%2Fwp%2Fv2%2Fcomments&post=52226"}],"version-history":[{"count":6,"href":"https:\/\/jornalbeirario.com.br\/portal\/index.php?rest_route=\/wp\/v2\/posts\/52226\/revisions"}],"predecessor-version":[{"id":52254,"href":"https:\/\/jornalbeirario.com.br\/portal\/index.php?rest_route=\/wp\/v2\/posts\/52226\/revisions\/52254"}],"wp:attachment":[{"href":"https:\/\/jornalbeirario.com.br\/portal\/index.php?rest_route=%2Fwp%2Fv2%2Fmedia&parent=52226"}],"wp:term":[{"taxonomy":"category","embeddable":true,"href":"https:\/\/jornalbeirario.com.br\/portal\/index.php?rest_route=%2Fwp%2Fv2%2Fcategories&post=52226"},{"taxonomy":"post_tag","embeddable":true,"href":"https:\/\/jornalbeirario.com.br\/portal\/index.php?rest_route=%2Fwp%2Fv2%2Ftags&post=52226"}],"curies":[{"name":"wp","href":"https:\/\/api.w.org\/{rel}","templated":true}]}}