
{"id":52147,"date":"2017-08-01T11:29:05","date_gmt":"2017-08-01T14:29:05","guid":{"rendered":"http:\/\/jornalbeirario.com.br\/portal\/?p=52147"},"modified":"2017-08-01T11:29:05","modified_gmt":"2017-08-01T14:29:05","slug":"o-jornalismo-alternativo-e-o-antidoto-contra-o-veneno-de-nossa-midia-viciada-e-deleteria","status":"publish","type":"post","link":"https:\/\/jornalbeirario.com.br\/portal\/?p=52147","title":{"rendered":"O jornalismo alternativo \u00e9 o ant\u00eddoto contra o veneno de nossa m\u00eddia viciada e delet\u00e9ria"},"content":{"rendered":"<p style=\"text-align: justify;\">H\u00e1 mais ou menos um ano o jornal brit\u00e2nico The Intercept lan\u00e7ou a vers\u00e3o brasileira do seu site. Entre outras coisas, a publica\u00e7\u00e3o \u00e9 conhecida por ajudar na quebra dos monop\u00f3lios da m\u00eddia no pa\u00eds.<\/p>\n<p style=\"text-align: justify;\">Uma posi\u00e7\u00e3o firme do Intercept \u00e9 denunciar a forma como os meios de comunica\u00e7\u00e3o brasileiros est\u00e3o concentrados. Para o editor e fundador do Site em portugu\u00eas, o jornalista Glenn Greenwald \u201ch\u00e1 um enorme apetite por formas alternativas de jornalismo no Brasil\u201d.<\/p>\n<p style=\"text-align: justify;\">E eu espero que essas formas alternativas de jornalismo continuem crescendo no pa\u00eds e conquistando novos adeptos e leitores. Acredito que a m\u00eddia corporativa e comercial que temos no pa\u00eds, sem qualquer controle da sociedade, \u00e9 um dos fatores principais do estado de mis\u00e9ria democr\u00e1tica e atraso pol\u00edtico e social porque passamos e no qual patinamos sem perspectivas vis\u00edveis de solu\u00e7\u00e3o.<\/p>\n<p style=\"text-align: justify;\">Segue mat\u00e9ria do The Intercept Brasil que mostra um pouco das v\u00edsceras dessa nossa m\u00eddia corporativa, comprometida com o que h\u00e1 de pior em nossa vida pol\u00edtica (La\u00eds Amaral).<\/p>\n<p style=\"text-align: justify;\">Por tr\u00e1s da guerra entre Globo e Record<\/p>\n<p style=\"text-align: justify;\">The Intercept Brasil<\/p>\n<p style=\"text-align: justify;\">Historicamente, Globo e Record sempre usaram o jornalismo para desferir ataques entre si. A Globo mexia nos podres de Edir Macedo e, na semana seguinte, a Record tirava os esqueletos dos Marinho do arm\u00e1rio. Depois de um per\u00edodo de tr\u00e9gua, a Record voltou a atacar a Rede Globo. Agora n\u00e3o se trata meramente de uma briga comercial, mas pol\u00edtica.<\/p>\n<p style=\"text-align: justify;\">De um lado, temos o grupo de comunica\u00e7\u00e3o mais poderoso do pa\u00eds trabalhando nos bastidores ao lado de Rodrigo Maia para, mais uma vez, derrubar um presidente que ajudou a colocar no poder. Do outro, temos o conglomerado de comunica\u00e7\u00e3o do bilion\u00e1rio bispo Edir Macedo que, afinado com A\u00e9cio Neves, ataca a Globo tentando proteger Michel Temer<\/p>\n<p style=\"text-align: justify;\">As empresas e os personagens citados acima foram protagonistas no processo que levou \u00e0 derrubada da presidenta eleita no ano passado. Sacramentado o golpe, n\u00e3o houve final feliz. Diferente do que se imaginava, a economia n\u00e3o se recuperou, as not\u00edcias de corrup\u00e7\u00e3o envolvendo o governo aumentaram e a popularidade de Temer n\u00e3o parou de despencar. Toda essa tens\u00e3o causou um racha no antes coeso bonde do golpe, que ficou dividido entre duas fac\u00e7\u00f5es.<\/p>\n<p style=\"text-align: justify;\">Em maio, as organiza\u00e7\u00f5es Globo anunciaram o abandono do barco de Temer ao pedir sua ren\u00fancia em editorial. Desgastado pelas revela\u00e7\u00f5es do amigo falastr\u00e3o Joesley, Temer talvez n\u00e3o fosse mais t\u00e3o fundamental para aprova\u00e7\u00e3o das reformas, a grande prioridade do Grupo Globo. Apenas tr\u00eas dias ap\u00f3s a declara\u00e7\u00e3o de guerra feita no editorial, Temer mandou seu bra\u00e7o direito Moreira Franco \u2013 conhecido por ser discreto publicamente, mas uma salamandra escorregadia nos bastidores \u2013 tentar uma tr\u00e9gua com Jo\u00e3o Roberto Marinho.<\/p>\n<p style=\"text-align: justify;\">O conte\u00fado completo da conversa n\u00e3o foi revelado, mas o que se sabe \u00e9 que n\u00e3o houve hasteamento de bandeira branca. Moreira ouviu de Marinho que a Globo \u201cir\u00e1 continuar a fazer jornalismo\u201d. Parece jornalismo, mas, para mim, soa como trombetas anunciando a chegada do cavalo de Troia do cavalo de Troia ou, como ficou conhecido popularmente, o golpe dentro do golpe.<\/p>\n<p style=\"text-align: justify;\">Fracassado o armist\u00edcio, o governo passou a \u201cordenar a execu\u00e7\u00e3o de eventuais d\u00edvidas da emissora com a Uni\u00e3o, de impostos e de financiamentos no BNDES\u201d , segundo o O Dia \u2013 jornal alinhado a Crivella (PRB), aliado de Michel Temer. Um enfrentamento pelo qual a emissora, que nasceu e cresceu com paparicos do Estado, nunca havia passado em nenhum outro governo.<\/p>\n<p style=\"text-align: justify;\">De l\u00e1 pra c\u00e1, a Globo vem aumentando a artilharia para cima do governo, poupando-o apenas quando o assunto \u00e9 reforma. Isso ficou bastante claro na batalha das per\u00edcias e na crescente cobertura negativa que constrangem o presidente que, at\u00e9 pouco tempo, desfilava com tranquilidade pelo tapete vermelho estendido pela empresa. Acabou a lua de mel, come\u00e7ou a guerra.<\/p>\n<p style=\"text-align: justify;\">No \u00faltimo dia 9, um rep\u00f3rter da Folha seguiu Rodrigo Maia, que saiu de uma curt\u00edssima reuni\u00e3o com Temer e foi para local desconhecido em carro descaracterizado. O relato do jornal d\u00e1 ares mafiosos \u00e0 reuni\u00e3o:<\/p>\n<p style=\"text-align: justify;\">Enquanto a reuni\u00e3o de Maia com Temer durou menos de uma hora, o encontro secreto com a Globo durou pelo menos cinco. Parece que havia muito mais assunto para tratar com a emissora do que com o seu presidente. \u00c0 noite, naquele mesmo dia, Maia reuniu aliados em sua casa para \u2013 n\u00e3o \u00e9 piada! \u2013 tomar sopa e comer pizza. Durante o jantar, o presidente da C\u00e2mara contou aos convidados que havia conversado com \u201cgente importante\u201d e, segundo a Folha, \u201cvaticinou o fim do atual governo\u201d.<\/p>\n<p style=\"text-align: justify;\">Mas se as rela\u00e7\u00f5es do governo com a Globo desandaram, com a Record elas v\u00e3o muito bem, obrigado. Isso ficou claro nas conversas nada republicanas grampeadas pela Pol\u00edcia Federal entre A\u00e9cio Neves, Moreira Franco e Douglas Tavolaro \u2013 bi\u00f3grafo de Edir Macedo e vice-presidente de jornalismo do grupo.<\/p>\n<p style=\"text-align: justify;\">O ent\u00e3o presidente do PSDB, que j\u00e1 n\u00e3o contava mais com a costumeira blindagem global, aparece nos di\u00e1logos como o principal articulador de uma negocia\u00e7\u00e3o que buscava atender antigas demandas da emissora na obten\u00e7\u00e3o de um patroc\u00ednio da Caixa Econ\u00f4mica Federal em troca de uma entrevista com Temer. O neg\u00f3cio havia sido vetado pela \u00e1rea t\u00e9cnica do banco. Nas conversas, A\u00e9cio e Moreira garantiram ao bi\u00f3grafo de Edir Macedo que o problema seria sanado, tudo com o aval de Michel Temer.<\/p>\n<p style=\"text-align: justify;\">Edir Macedo n\u00e3o controla apenas a Igreja Universal e a Record, mas tamb\u00e9m o PRB, importante partido da base governista, que conta com 23 deputados e um ministro. Criado em 2005, o PRB \u00e9 governista desde a origem e apoiou os governos Lula e Dilma, que tamb\u00e9m contaram com a benevol\u00eancia jornal\u00edstica da emissora do bispo durante um bom tempo. Apesar disso, o PRB foi o primeiro a abandonar o governo Dilma e a pular na barca do golpe de Temer e Cunha, mostrando a ess\u00eancia governista do partido.<\/p>\n<p style=\"text-align: justify;\">Cenas dos pr\u00f3ximos cap\u00edtulos<\/p>\n<p style=\"text-align: justify;\">Em reportagem exibida no Domingo Espetacular no \u00faltimo domingo, o jornalista Luiz Azenha, ex-Globo e atualmente na Record, apresentou uma s\u00e9rie de den\u00fancias contra a empresa dos Marinho: participa\u00e7\u00e3o em um esquema de sonega\u00e7\u00e3o fiscal bilion\u00e1ria, cria\u00e7\u00e3o de empresas de fachada no exterior e fraude na aquisi\u00e7\u00e3o dos direitos de transmiss\u00e3o da Copa do Mundo de 2002.<\/p>\n<p style=\"text-align: justify;\">A maior parte dessas den\u00fancias n\u00e3o \u00e9 in\u00e9dita e j\u00e1 havia sido publicada h\u00e1 muito tempo no Viomundo, site de Azenha, que nunca foi processado pela Globo por divulgar as informa\u00e7\u00f5es que a incriminam. A novidade \u00e9 o fato da Record decidir publicar as den\u00fancias apenas agora e transmiti-las na televis\u00e3o em rede nacional.<\/p>\n<p style=\"text-align: justify;\">A reportagem lembra tamb\u00e9m do potencial explosivo que uma dela\u00e7\u00e3o de Palocci pode ter contra a Globo. A informa\u00e7\u00e3o bate com outras que j\u00e1 vinham circulando e que apontavam que o ex-ministro dos governos Lula e Dilma poderia revelar segredos sobre \u201cquest\u00f5es fiscais\u201d do grupo.<\/p>\n<p style=\"text-align: justify;\">Azenha afirma que os advogados de Palocci j\u00e1 revelaram o teor da dela\u00e7\u00e3o contra a Globo para integrantes do Minist\u00e9rio P\u00fablico e que integrantes da Lava Jato denunciam estar sendo pressionados para n\u00e3o aceitar a dela\u00e7\u00e3o de Palocci sobre as falcatruas da empresa dos Marinho. Curiosamente, a revista \u00c9poca e o jornal Valor Econ\u00f4mico, ambos da Globo, j\u00e1 publicaram mat\u00e9rias colocando d\u00favidas em torno da dela\u00e7\u00e3o de Palocci.<\/p>\n<p style=\"text-align: justify;\">Logo no dia seguinte \u00e0 reportagem da Record, M\u00f4nica Bergamo publicou uma nota na Folha que mostra que a Globo n\u00e3o est\u00e1 mesmo para brincadeiras:<\/p>\n<p style=\"text-align: justify;\">Vamos aguardar os pr\u00f3ximos cap\u00edtulos dessa trama. O enredo \u00e9 ruim como o de uma novela da Record, por\u00e9m a atua\u00e7\u00e3o dos atores tem o padr\u00e3o Globo de qualidade. N\u00e3o h\u00e1 mocinhos, apenas vil\u00f5es. Quanto mais podres dos dois lados dessa vers\u00e3o tropical de Game of Thrones vierem \u00e0 tona, melhor para o Brasil.<\/p>\n","protected":false},"excerpt":{"rendered":"<p>H\u00e1 mais ou menos um ano o jornal brit\u00e2nico The Intercept lan\u00e7ou a vers\u00e3o brasileira do seu site. Entre outras coisas, a publica\u00e7\u00e3o \u00e9<\/p>\n","protected":false},"author":242,"featured_media":0,"comment_status":"open","ping_status":"open","sticky":false,"template":"","format":"standard","meta":{"pmpro_default_level":"","footnotes":""},"categories":[181],"tags":[],"class_list":["post-52147","post","type-post","status-publish","format-standard","hentry","category-colunistas","pmpro-has-access"],"yoast_head":"<!-- This site is optimized with the Yoast SEO plugin v27.4 - https:\/\/yoast.com\/product\/yoast-seo-wordpress\/ -->\n<title>O jornalismo alternativo \u00e9 o ant\u00eddoto contra o veneno de nossa m\u00eddia viciada e delet\u00e9ria - JORNAL BEIRA RIO<\/title>\n<meta name=\"robots\" content=\"index, follow, max-snippet:-1, max-image-preview:large, max-video-preview:-1\" \/>\n<link rel=\"canonical\" href=\"https:\/\/jornalbeirario.com.br\/portal\/?p=52147\" \/>\n<meta property=\"og:locale\" content=\"pt_BR\" \/>\n<meta property=\"og:type\" content=\"article\" \/>\n<meta property=\"og:title\" content=\"O jornalismo alternativo \u00e9 o ant\u00eddoto contra o veneno de nossa m\u00eddia viciada e delet\u00e9ria - JORNAL BEIRA RIO\" \/>\n<meta property=\"og:description\" content=\"H\u00e1 mais ou menos um ano o jornal brit\u00e2nico The Intercept lan\u00e7ou a vers\u00e3o brasileira do seu site. Entre outras coisas, a publica\u00e7\u00e3o \u00e9\" \/>\n<meta property=\"og:url\" content=\"https:\/\/jornalbeirario.com.br\/portal\/?p=52147\" \/>\n<meta property=\"og:site_name\" content=\"JORNAL BEIRA RIO\" \/>\n<meta property=\"article:published_time\" content=\"2017-08-01T14:29:05+00:00\" \/>\n<meta name=\"author\" content=\"La\u00eds Amaral\" \/>\n<meta name=\"twitter:card\" content=\"summary_large_image\" \/>\n<meta name=\"twitter:label1\" content=\"Escrito por\" \/>\n\t<meta name=\"twitter:data1\" content=\"La\u00eds Amaral\" \/>\n\t<meta name=\"twitter:label2\" content=\"Est. tempo de leitura\" \/>\n\t<meta name=\"twitter:data2\" content=\"7 minutos\" \/>\n<script type=\"application\/ld+json\" class=\"yoast-schema-graph\">{\"@context\":\"https:\\\/\\\/schema.org\",\"@graph\":[{\"@type\":\"Article\",\"@id\":\"https:\\\/\\\/jornalbeirario.com.br\\\/portal\\\/?p=52147#article\",\"isPartOf\":{\"@id\":\"https:\\\/\\\/jornalbeirario.com.br\\\/portal\\\/?p=52147\"},\"author\":{\"name\":\"La\u00eds Amaral\",\"@id\":\"https:\\\/\\\/jornalbeirario.com.br\\\/portal\\\/#\\\/schema\\\/person\\\/07ce3ae95231104790048d62ba21d81a\"},\"headline\":\"O jornalismo alternativo \u00e9 o ant\u00eddoto contra o veneno de nossa m\u00eddia viciada e delet\u00e9ria\",\"datePublished\":\"2017-08-01T14:29:05+00:00\",\"mainEntityOfPage\":{\"@id\":\"https:\\\/\\\/jornalbeirario.com.br\\\/portal\\\/?p=52147\"},\"wordCount\":1399,\"commentCount\":0,\"publisher\":{\"@id\":\"https:\\\/\\\/jornalbeirario.com.br\\\/portal\\\/#organization\"},\"articleSection\":[\"Colunistas\"],\"inLanguage\":\"pt-BR\",\"potentialAction\":[{\"@type\":\"CommentAction\",\"name\":\"Comment\",\"target\":[\"https:\\\/\\\/jornalbeirario.com.br\\\/portal\\\/?p=52147#respond\"]}]},{\"@type\":\"WebPage\",\"@id\":\"https:\\\/\\\/jornalbeirario.com.br\\\/portal\\\/?p=52147\",\"url\":\"https:\\\/\\\/jornalbeirario.com.br\\\/portal\\\/?p=52147\",\"name\":\"O jornalismo alternativo \u00e9 o ant\u00eddoto contra o veneno de nossa m\u00eddia viciada e delet\u00e9ria - JORNAL BEIRA RIO\",\"isPartOf\":{\"@id\":\"https:\\\/\\\/jornalbeirario.com.br\\\/portal\\\/#website\"},\"datePublished\":\"2017-08-01T14:29:05+00:00\",\"breadcrumb\":{\"@id\":\"https:\\\/\\\/jornalbeirario.com.br\\\/portal\\\/?p=52147#breadcrumb\"},\"inLanguage\":\"pt-BR\",\"potentialAction\":[{\"@type\":\"ReadAction\",\"target\":[\"https:\\\/\\\/jornalbeirario.com.br\\\/portal\\\/?p=52147\"]}]},{\"@type\":\"BreadcrumbList\",\"@id\":\"https:\\\/\\\/jornalbeirario.com.br\\\/portal\\\/?p=52147#breadcrumb\",\"itemListElement\":[{\"@type\":\"ListItem\",\"position\":1,\"name\":\"Home\",\"item\":\"https:\\\/\\\/jornalbeirario.com.br\\\/portal\"},{\"@type\":\"ListItem\",\"position\":2,\"name\":\"O jornalismo alternativo \u00e9 o ant\u00eddoto contra o veneno de nossa m\u00eddia viciada e delet\u00e9ria\"}]},{\"@type\":\"WebSite\",\"@id\":\"https:\\\/\\\/jornalbeirario.com.br\\\/portal\\\/#website\",\"url\":\"https:\\\/\\\/jornalbeirario.com.br\\\/portal\\\/\",\"name\":\"JORNAL BEIRA RIO\",\"description\":\"\",\"publisher\":{\"@id\":\"https:\\\/\\\/jornalbeirario.com.br\\\/portal\\\/#organization\"},\"potentialAction\":[{\"@type\":\"SearchAction\",\"target\":{\"@type\":\"EntryPoint\",\"urlTemplate\":\"https:\\\/\\\/jornalbeirario.com.br\\\/portal\\\/?s={search_term_string}\"},\"query-input\":{\"@type\":\"PropertyValueSpecification\",\"valueRequired\":true,\"valueName\":\"search_term_string\"}}],\"inLanguage\":\"pt-BR\"},{\"@type\":\"Organization\",\"@id\":\"https:\\\/\\\/jornalbeirario.com.br\\\/portal\\\/#organization\",\"name\":\"JORNAL BEIRA RIO\",\"url\":\"https:\\\/\\\/jornalbeirario.com.br\\\/portal\\\/\",\"logo\":{\"@type\":\"ImageObject\",\"inLanguage\":\"pt-BR\",\"@id\":\"https:\\\/\\\/jornalbeirario.com.br\\\/portal\\\/#\\\/schema\\\/logo\\\/image\\\/\",\"url\":\"https:\\\/\\\/jornalbeirario.com.br\\\/portal\\\/wp-content\\\/uploads\\\/2017\\\/09\\\/BEIRA-RIO_logo600.png\",\"contentUrl\":\"https:\\\/\\\/jornalbeirario.com.br\\\/portal\\\/wp-content\\\/uploads\\\/2017\\\/09\\\/BEIRA-RIO_logo600.png\",\"width\":650,\"height\":108,\"caption\":\"JORNAL BEIRA RIO\"},\"image\":{\"@id\":\"https:\\\/\\\/jornalbeirario.com.br\\\/portal\\\/#\\\/schema\\\/logo\\\/image\\\/\"}},{\"@type\":\"Person\",\"@id\":\"https:\\\/\\\/jornalbeirario.com.br\\\/portal\\\/#\\\/schema\\\/person\\\/07ce3ae95231104790048d62ba21d81a\",\"name\":\"La\u00eds Amaral\",\"image\":{\"@type\":\"ImageObject\",\"inLanguage\":\"pt-BR\",\"@id\":\"https:\\\/\\\/jornalbeirario.com.br\\\/portal\\\/wp-content\\\/uploads\\\/2016\\\/09\\\/lairavatar2-1.png\",\"url\":\"https:\\\/\\\/jornalbeirario.com.br\\\/portal\\\/wp-content\\\/uploads\\\/2016\\\/09\\\/lairavatar2-1.png\",\"contentUrl\":\"https:\\\/\\\/jornalbeirario.com.br\\\/portal\\\/wp-content\\\/uploads\\\/2016\\\/09\\\/lairavatar2-1.png\",\"caption\":\"La\u00eds Amaral\"},\"url\":\"https:\\\/\\\/jornalbeirario.com.br\\\/portal\\\/?author=242\"}]}<\/script>\n<!-- \/ Yoast SEO plugin. -->","yoast_head_json":{"title":"O jornalismo alternativo \u00e9 o ant\u00eddoto contra o veneno de nossa m\u00eddia viciada e delet\u00e9ria - JORNAL BEIRA RIO","robots":{"index":"index","follow":"follow","max-snippet":"max-snippet:-1","max-image-preview":"max-image-preview:large","max-video-preview":"max-video-preview:-1"},"canonical":"https:\/\/jornalbeirario.com.br\/portal\/?p=52147","og_locale":"pt_BR","og_type":"article","og_title":"O jornalismo alternativo \u00e9 o ant\u00eddoto contra o veneno de nossa m\u00eddia viciada e delet\u00e9ria - JORNAL BEIRA RIO","og_description":"H\u00e1 mais ou menos um ano o jornal brit\u00e2nico The Intercept lan\u00e7ou a vers\u00e3o brasileira do seu site. Entre outras coisas, a publica\u00e7\u00e3o \u00e9","og_url":"https:\/\/jornalbeirario.com.br\/portal\/?p=52147","og_site_name":"JORNAL BEIRA RIO","article_published_time":"2017-08-01T14:29:05+00:00","author":"La\u00eds Amaral","twitter_card":"summary_large_image","twitter_misc":{"Escrito por":"La\u00eds Amaral","Est. tempo de leitura":"7 minutos"},"schema":{"@context":"https:\/\/schema.org","@graph":[{"@type":"Article","@id":"https:\/\/jornalbeirario.com.br\/portal\/?p=52147#article","isPartOf":{"@id":"https:\/\/jornalbeirario.com.br\/portal\/?p=52147"},"author":{"name":"La\u00eds Amaral","@id":"https:\/\/jornalbeirario.com.br\/portal\/#\/schema\/person\/07ce3ae95231104790048d62ba21d81a"},"headline":"O jornalismo alternativo \u00e9 o ant\u00eddoto contra o veneno de nossa m\u00eddia viciada e delet\u00e9ria","datePublished":"2017-08-01T14:29:05+00:00","mainEntityOfPage":{"@id":"https:\/\/jornalbeirario.com.br\/portal\/?p=52147"},"wordCount":1399,"commentCount":0,"publisher":{"@id":"https:\/\/jornalbeirario.com.br\/portal\/#organization"},"articleSection":["Colunistas"],"inLanguage":"pt-BR","potentialAction":[{"@type":"CommentAction","name":"Comment","target":["https:\/\/jornalbeirario.com.br\/portal\/?p=52147#respond"]}]},{"@type":"WebPage","@id":"https:\/\/jornalbeirario.com.br\/portal\/?p=52147","url":"https:\/\/jornalbeirario.com.br\/portal\/?p=52147","name":"O jornalismo alternativo \u00e9 o ant\u00eddoto contra o veneno de nossa m\u00eddia viciada e delet\u00e9ria - JORNAL BEIRA RIO","isPartOf":{"@id":"https:\/\/jornalbeirario.com.br\/portal\/#website"},"datePublished":"2017-08-01T14:29:05+00:00","breadcrumb":{"@id":"https:\/\/jornalbeirario.com.br\/portal\/?p=52147#breadcrumb"},"inLanguage":"pt-BR","potentialAction":[{"@type":"ReadAction","target":["https:\/\/jornalbeirario.com.br\/portal\/?p=52147"]}]},{"@type":"BreadcrumbList","@id":"https:\/\/jornalbeirario.com.br\/portal\/?p=52147#breadcrumb","itemListElement":[{"@type":"ListItem","position":1,"name":"Home","item":"https:\/\/jornalbeirario.com.br\/portal"},{"@type":"ListItem","position":2,"name":"O jornalismo alternativo \u00e9 o ant\u00eddoto contra o veneno de nossa m\u00eddia viciada e delet\u00e9ria"}]},{"@type":"WebSite","@id":"https:\/\/jornalbeirario.com.br\/portal\/#website","url":"https:\/\/jornalbeirario.com.br\/portal\/","name":"JORNAL BEIRA RIO","description":"","publisher":{"@id":"https:\/\/jornalbeirario.com.br\/portal\/#organization"},"potentialAction":[{"@type":"SearchAction","target":{"@type":"EntryPoint","urlTemplate":"https:\/\/jornalbeirario.com.br\/portal\/?s={search_term_string}"},"query-input":{"@type":"PropertyValueSpecification","valueRequired":true,"valueName":"search_term_string"}}],"inLanguage":"pt-BR"},{"@type":"Organization","@id":"https:\/\/jornalbeirario.com.br\/portal\/#organization","name":"JORNAL BEIRA RIO","url":"https:\/\/jornalbeirario.com.br\/portal\/","logo":{"@type":"ImageObject","inLanguage":"pt-BR","@id":"https:\/\/jornalbeirario.com.br\/portal\/#\/schema\/logo\/image\/","url":"https:\/\/jornalbeirario.com.br\/portal\/wp-content\/uploads\/2017\/09\/BEIRA-RIO_logo600.png","contentUrl":"https:\/\/jornalbeirario.com.br\/portal\/wp-content\/uploads\/2017\/09\/BEIRA-RIO_logo600.png","width":650,"height":108,"caption":"JORNAL BEIRA RIO"},"image":{"@id":"https:\/\/jornalbeirario.com.br\/portal\/#\/schema\/logo\/image\/"}},{"@type":"Person","@id":"https:\/\/jornalbeirario.com.br\/portal\/#\/schema\/person\/07ce3ae95231104790048d62ba21d81a","name":"La\u00eds Amaral","image":{"@type":"ImageObject","inLanguage":"pt-BR","@id":"https:\/\/jornalbeirario.com.br\/portal\/wp-content\/uploads\/2016\/09\/lairavatar2-1.png","url":"https:\/\/jornalbeirario.com.br\/portal\/wp-content\/uploads\/2016\/09\/lairavatar2-1.png","contentUrl":"https:\/\/jornalbeirario.com.br\/portal\/wp-content\/uploads\/2016\/09\/lairavatar2-1.png","caption":"La\u00eds Amaral"},"url":"https:\/\/jornalbeirario.com.br\/portal\/?author=242"}]}},"_links":{"self":[{"href":"https:\/\/jornalbeirario.com.br\/portal\/index.php?rest_route=\/wp\/v2\/posts\/52147","targetHints":{"allow":["GET"]}}],"collection":[{"href":"https:\/\/jornalbeirario.com.br\/portal\/index.php?rest_route=\/wp\/v2\/posts"}],"about":[{"href":"https:\/\/jornalbeirario.com.br\/portal\/index.php?rest_route=\/wp\/v2\/types\/post"}],"author":[{"embeddable":true,"href":"https:\/\/jornalbeirario.com.br\/portal\/index.php?rest_route=\/wp\/v2\/users\/242"}],"replies":[{"embeddable":true,"href":"https:\/\/jornalbeirario.com.br\/portal\/index.php?rest_route=%2Fwp%2Fv2%2Fcomments&post=52147"}],"version-history":[{"count":2,"href":"https:\/\/jornalbeirario.com.br\/portal\/index.php?rest_route=\/wp\/v2\/posts\/52147\/revisions"}],"predecessor-version":[{"id":52149,"href":"https:\/\/jornalbeirario.com.br\/portal\/index.php?rest_route=\/wp\/v2\/posts\/52147\/revisions\/52149"}],"wp:attachment":[{"href":"https:\/\/jornalbeirario.com.br\/portal\/index.php?rest_route=%2Fwp%2Fv2%2Fmedia&parent=52147"}],"wp:term":[{"taxonomy":"category","embeddable":true,"href":"https:\/\/jornalbeirario.com.br\/portal\/index.php?rest_route=%2Fwp%2Fv2%2Fcategories&post=52147"},{"taxonomy":"post_tag","embeddable":true,"href":"https:\/\/jornalbeirario.com.br\/portal\/index.php?rest_route=%2Fwp%2Fv2%2Ftags&post=52147"}],"curies":[{"name":"wp","href":"https:\/\/api.w.org\/{rel}","templated":true}]}}