
{"id":52139,"date":"2017-07-31T17:51:40","date_gmt":"2017-07-31T20:51:40","guid":{"rendered":"http:\/\/jornalbeirario.com.br\/portal\/?p=52139"},"modified":"2017-08-01T16:44:03","modified_gmt":"2017-08-01T19:44:03","slug":"camara-debate-parque-da-pedra-selada","status":"publish","type":"post","link":"https:\/\/jornalbeirario.com.br\/portal\/?p=52139","title":{"rendered":"C\u00e2mara debate Parque da Pedra Selada"},"content":{"rendered":"<p style=\"text-align: justify;\">As consequ\u00eancias da cria\u00e7\u00e3o do Parque Estadual da Pedra Selada (Peps) na vida dos produtores rurais de \u00e1reas como Bagagem, Fuma\u00e7a, Vargem Grande e Mau\u00e1 s\u00e3o o ponto de partida para a audi\u00eancia p\u00fablica que a C\u00e2mara de Resende realiza na pr\u00f3xima quarta-feira, dia 9. O encontro \u2013 agendado por iniciativa da vereadora Soraia Baleiro (PSB) \u2013 acontece \u00e0s 19 horas, no Plen\u00e1rio da C\u00e2mara, na Rua Padre Couto, 10, no Centro. O intuito \u00e9 reunir representantes das entidades envolvidas no processo de cria\u00e7\u00e3o do parque e a popula\u00e7\u00e3o impactada. \u201cO assunto vem se arrastando h\u00e1 anos sem que se chegue a um consenso; esperamos que a audi\u00eancia ajude a encontrar uma solu\u00e7\u00e3o satisfat\u00f3ria para todos os envolvidos\u201d, comenta Soraia.<\/p>\n<p style=\"text-align: justify;\">A cria\u00e7\u00e3o do Parque Estadual da Pedra Selada \u2013 iniciada em 2012 &#8211; \u00e9 um dos principais itens do projeto da Secretaria de Estado do Ambiente (SEA) e do Instituto Estadual do Ambiente (Inea) para estimular o turismo e o desenvolvimento sustent\u00e1vel no Sul Fluminense. Segundo o Instituto Estadual do Ambiente (Inea), o projeto integra a\u00e7\u00f5es de saneamento, infraestrutura e conserva\u00e7\u00e3o ambiental, compreendendo a constru\u00e7\u00e3o de tr\u00eas Esta\u00e7\u00f5es de Tratamento de Esgoto (em Visconde de Mau\u00e1, Maring\u00e1 e Maromba), da estrada-parque Capelinha-Mau\u00e1 (RJ-163) e a cria\u00e7\u00e3o do Peps.<\/p>\n<p style=\"text-align: justify;\">Entre os convidados para compor a mesa de debates est\u00e3o: os prefeitos de Resende e Itatiaia, o presidente da Ag\u00eancia do Meio Ambiente de Resende (Amar), o secret\u00e1rio municipal de Planejamento, o secret\u00e1rio de Meio Ambiente de Itatiaia, representantes da secretaria de Estado do Meio Ambiente, do Inea, do Minist\u00e9rio P\u00fablico Estadual, do Minist\u00e9rio P\u00fablico Federal, entre outros.<\/p>\n<p><em>Foto: Reprodu\u00e7\u00e3o da Internet<\/em><\/p>\n<p><em>Fonte: Assessoria de Comunica\u00e7\u00e3o (PMR)<\/em><\/p>\n","protected":false},"excerpt":{"rendered":"<p>As consequ\u00eancias da cria\u00e7\u00e3o do Parque Estadual da Pedra Selada (Peps) na vida dos produtores rurais de \u00e1reas como Bagagem, Fuma\u00e7a, Vargem Grande e<\/p>\n","protected":false},"author":1,"featured_media":52167,"comment_status":"open","ping_status":"open","sticky":false,"template":"","format":"standard","meta":{"pmpro_default_level":"","footnotes":""},"categories":[1,27],"tags":[155,153],"class_list":["post-52139","post","type-post","status-publish","format-standard","has-post-thumbnail","hentry","category-cidade","category-meioambiente","tag-dehoraemhora","tag-manchete","pmpro-has-access"],"yoast_head":"<!-- This site is optimized with the Yoast SEO plugin v27.4 - https:\/\/yoast.com\/product\/yoast-seo-wordpress\/ -->\n<title>C\u00e2mara debate Parque da Pedra Selada - JORNAL BEIRA RIO<\/title>\n<meta name=\"robots\" content=\"index, follow, max-snippet:-1, max-image-preview:large, max-video-preview:-1\" \/>\n<link rel=\"canonical\" href=\"https:\/\/jornalbeirario.com.br\/portal\/?p=52139\" \/>\n<meta property=\"og:locale\" content=\"pt_BR\" \/>\n<meta property=\"og:type\" content=\"article\" \/>\n<meta property=\"og:title\" content=\"C\u00e2mara debate Parque da Pedra Selada - JORNAL BEIRA RIO\" \/>\n<meta property=\"og:description\" content=\"As consequ\u00eancias da cria\u00e7\u00e3o do Parque Estadual da Pedra Selada (Peps) na vida dos produtores rurais de \u00e1reas como Bagagem, Fuma\u00e7a, Vargem Grande e\" \/>\n<meta property=\"og:url\" content=\"https:\/\/jornalbeirario.com.br\/portal\/?p=52139\" \/>\n<meta property=\"og:site_name\" content=\"JORNAL BEIRA RIO\" \/>\n<meta property=\"article:published_time\" content=\"2017-07-31T20:51:40+00:00\" \/>\n<meta property=\"article:modified_time\" content=\"2017-08-01T19:44:03+00:00\" \/>\n<meta property=\"og:image\" content=\"https:\/\/jornalbeirario.com.br\/portal\/wp-content\/uploads\/2017\/07\/PEPS2.jpg\" \/>\n\t<meta property=\"og:image:width\" content=\"640\" \/>\n\t<meta property=\"og:image:height\" content=\"480\" \/>\n\t<meta property=\"og:image:type\" content=\"image\/jpeg\" \/>\n<meta name=\"author\" content=\"Jornal BEIRA-RIO\" \/>\n<meta name=\"twitter:card\" content=\"summary_large_image\" \/>\n<meta name=\"twitter:label1\" content=\"Escrito por\" \/>\n\t<meta name=\"twitter:data1\" content=\"Jornal BEIRA-RIO\" \/>\n\t<meta name=\"twitter:label2\" content=\"Est. tempo de leitura\" \/>\n\t<meta name=\"twitter:data2\" content=\"1 minuto\" \/>\n<script type=\"application\/ld+json\" class=\"yoast-schema-graph\">{\"@context\":\"https:\\\/\\\/schema.org\",\"@graph\":[{\"@type\":\"Article\",\"@id\":\"https:\\\/\\\/jornalbeirario.com.br\\\/portal\\\/?p=52139#article\",\"isPartOf\":{\"@id\":\"https:\\\/\\\/jornalbeirario.com.br\\\/portal\\\/?p=52139\"},\"author\":{\"name\":\"Jornal BEIRA-RIO\",\"@id\":\"https:\\\/\\\/jornalbeirario.com.br\\\/portal\\\/#\\\/schema\\\/person\\\/c6c423e4c2465d2a9233f6539173e7c1\"},\"headline\":\"C\u00e2mara debate Parque da Pedra Selada\",\"datePublished\":\"2017-07-31T20:51:40+00:00\",\"dateModified\":\"2017-08-01T19:44:03+00:00\",\"mainEntityOfPage\":{\"@id\":\"https:\\\/\\\/jornalbeirario.com.br\\\/portal\\\/?p=52139\"},\"wordCount\":306,\"commentCount\":0,\"publisher\":{\"@id\":\"https:\\\/\\\/jornalbeirario.com.br\\\/portal\\\/#organization\"},\"image\":{\"@id\":\"https:\\\/\\\/jornalbeirario.com.br\\\/portal\\\/?p=52139#primaryimage\"},\"thumbnailUrl\":\"https:\\\/\\\/jornalbeirario.com.br\\\/portal\\\/wp-content\\\/uploads\\\/2017\\\/07\\\/PEPS2.jpg\",\"keywords\":[\"dehoraemhora\",\"manchete\"],\"articleSection\":[\"Cidade\",\"Meio Ambiente\"],\"inLanguage\":\"pt-BR\",\"potentialAction\":[{\"@type\":\"CommentAction\",\"name\":\"Comment\",\"target\":[\"https:\\\/\\\/jornalbeirario.com.br\\\/portal\\\/?p=52139#respond\"]}]},{\"@type\":\"WebPage\",\"@id\":\"https:\\\/\\\/jornalbeirario.com.br\\\/portal\\\/?p=52139\",\"url\":\"https:\\\/\\\/jornalbeirario.com.br\\\/portal\\\/?p=52139\",\"name\":\"C\u00e2mara debate Parque da Pedra Selada - JORNAL BEIRA RIO\",\"isPartOf\":{\"@id\":\"https:\\\/\\\/jornalbeirario.com.br\\\/portal\\\/#website\"},\"primaryImageOfPage\":{\"@id\":\"https:\\\/\\\/jornalbeirario.com.br\\\/portal\\\/?p=52139#primaryimage\"},\"image\":{\"@id\":\"https:\\\/\\\/jornalbeirario.com.br\\\/portal\\\/?p=52139#primaryimage\"},\"thumbnailUrl\":\"https:\\\/\\\/jornalbeirario.com.br\\\/portal\\\/wp-content\\\/uploads\\\/2017\\\/07\\\/PEPS2.jpg\",\"datePublished\":\"2017-07-31T20:51:40+00:00\",\"dateModified\":\"2017-08-01T19:44:03+00:00\",\"breadcrumb\":{\"@id\":\"https:\\\/\\\/jornalbeirario.com.br\\\/portal\\\/?p=52139#breadcrumb\"},\"inLanguage\":\"pt-BR\",\"potentialAction\":[{\"@type\":\"ReadAction\",\"target\":[\"https:\\\/\\\/jornalbeirario.com.br\\\/portal\\\/?p=52139\"]}]},{\"@type\":\"ImageObject\",\"inLanguage\":\"pt-BR\",\"@id\":\"https:\\\/\\\/jornalbeirario.com.br\\\/portal\\\/?p=52139#primaryimage\",\"url\":\"https:\\\/\\\/jornalbeirario.com.br\\\/portal\\\/wp-content\\\/uploads\\\/2017\\\/07\\\/PEPS2.jpg\",\"contentUrl\":\"https:\\\/\\\/jornalbeirario.com.br\\\/portal\\\/wp-content\\\/uploads\\\/2017\\\/07\\\/PEPS2.jpg\",\"width\":640,\"height\":480,\"caption\":\"nono\"},{\"@type\":\"BreadcrumbList\",\"@id\":\"https:\\\/\\\/jornalbeirario.com.br\\\/portal\\\/?p=52139#breadcrumb\",\"itemListElement\":[{\"@type\":\"ListItem\",\"position\":1,\"name\":\"Home\",\"item\":\"https:\\\/\\\/jornalbeirario.com.br\\\/portal\"},{\"@type\":\"ListItem\",\"position\":2,\"name\":\"C\u00e2mara debate Parque da Pedra Selada\"}]},{\"@type\":\"WebSite\",\"@id\":\"https:\\\/\\\/jornalbeirario.com.br\\\/portal\\\/#website\",\"url\":\"https:\\\/\\\/jornalbeirario.com.br\\\/portal\\\/\",\"name\":\"JORNAL BEIRA RIO\",\"description\":\"\",\"publisher\":{\"@id\":\"https:\\\/\\\/jornalbeirario.com.br\\\/portal\\\/#organization\"},\"potentialAction\":[{\"@type\":\"SearchAction\",\"target\":{\"@type\":\"EntryPoint\",\"urlTemplate\":\"https:\\\/\\\/jornalbeirario.com.br\\\/portal\\\/?s={search_term_string}\"},\"query-input\":{\"@type\":\"PropertyValueSpecification\",\"valueRequired\":true,\"valueName\":\"search_term_string\"}}],\"inLanguage\":\"pt-BR\"},{\"@type\":\"Organization\",\"@id\":\"https:\\\/\\\/jornalbeirario.com.br\\\/portal\\\/#organization\",\"name\":\"JORNAL BEIRA RIO\",\"url\":\"https:\\\/\\\/jornalbeirario.com.br\\\/portal\\\/\",\"logo\":{\"@type\":\"ImageObject\",\"inLanguage\":\"pt-BR\",\"@id\":\"https:\\\/\\\/jornalbeirario.com.br\\\/portal\\\/#\\\/schema\\\/logo\\\/image\\\/\",\"url\":\"https:\\\/\\\/jornalbeirario.com.br\\\/portal\\\/wp-content\\\/uploads\\\/2017\\\/09\\\/BEIRA-RIO_logo600.png\",\"contentUrl\":\"https:\\\/\\\/jornalbeirario.com.br\\\/portal\\\/wp-content\\\/uploads\\\/2017\\\/09\\\/BEIRA-RIO_logo600.png\",\"width\":650,\"height\":108,\"caption\":\"JORNAL BEIRA RIO\"},\"image\":{\"@id\":\"https:\\\/\\\/jornalbeirario.com.br\\\/portal\\\/#\\\/schema\\\/logo\\\/image\\\/\"}},{\"@type\":\"Person\",\"@id\":\"https:\\\/\\\/jornalbeirario.com.br\\\/portal\\\/#\\\/schema\\\/person\\\/c6c423e4c2465d2a9233f6539173e7c1\",\"name\":\"Jornal BEIRA-RIO\",\"image\":{\"@type\":\"ImageObject\",\"inLanguage\":\"pt-BR\",\"@id\":\"https:\\\/\\\/jornalbeirario.com.br\\\/portal\\\/wp-content\\\/uploads\\\/2023\\\/10\\\/logojbr1.jpg\",\"url\":\"https:\\\/\\\/jornalbeirario.com.br\\\/portal\\\/wp-content\\\/uploads\\\/2023\\\/10\\\/logojbr1.jpg\",\"contentUrl\":\"https:\\\/\\\/jornalbeirario.com.br\\\/portal\\\/wp-content\\\/uploads\\\/2023\\\/10\\\/logojbr1.jpg\",\"caption\":\"Jornal BEIRA-RIO\"},\"url\":\"https:\\\/\\\/jornalbeirario.com.br\\\/portal\\\/?author=1\"}]}<\/script>\n<!-- \/ Yoast SEO plugin. -->","yoast_head_json":{"title":"C\u00e2mara debate Parque da Pedra Selada - JORNAL BEIRA RIO","robots":{"index":"index","follow":"follow","max-snippet":"max-snippet:-1","max-image-preview":"max-image-preview:large","max-video-preview":"max-video-preview:-1"},"canonical":"https:\/\/jornalbeirario.com.br\/portal\/?p=52139","og_locale":"pt_BR","og_type":"article","og_title":"C\u00e2mara debate Parque da Pedra Selada - JORNAL BEIRA RIO","og_description":"As consequ\u00eancias da cria\u00e7\u00e3o do Parque Estadual da Pedra Selada (Peps) na vida dos produtores rurais de \u00e1reas como Bagagem, Fuma\u00e7a, Vargem Grande e","og_url":"https:\/\/jornalbeirario.com.br\/portal\/?p=52139","og_site_name":"JORNAL BEIRA RIO","article_published_time":"2017-07-31T20:51:40+00:00","article_modified_time":"2017-08-01T19:44:03+00:00","og_image":[{"width":640,"height":480,"url":"https:\/\/jornalbeirario.com.br\/portal\/wp-content\/uploads\/2017\/07\/PEPS2.jpg","type":"image\/jpeg"}],"author":"Jornal BEIRA-RIO","twitter_card":"summary_large_image","twitter_misc":{"Escrito por":"Jornal BEIRA-RIO","Est. tempo de leitura":"1 minuto"},"schema":{"@context":"https:\/\/schema.org","@graph":[{"@type":"Article","@id":"https:\/\/jornalbeirario.com.br\/portal\/?p=52139#article","isPartOf":{"@id":"https:\/\/jornalbeirario.com.br\/portal\/?p=52139"},"author":{"name":"Jornal BEIRA-RIO","@id":"https:\/\/jornalbeirario.com.br\/portal\/#\/schema\/person\/c6c423e4c2465d2a9233f6539173e7c1"},"headline":"C\u00e2mara debate Parque da Pedra Selada","datePublished":"2017-07-31T20:51:40+00:00","dateModified":"2017-08-01T19:44:03+00:00","mainEntityOfPage":{"@id":"https:\/\/jornalbeirario.com.br\/portal\/?p=52139"},"wordCount":306,"commentCount":0,"publisher":{"@id":"https:\/\/jornalbeirario.com.br\/portal\/#organization"},"image":{"@id":"https:\/\/jornalbeirario.com.br\/portal\/?p=52139#primaryimage"},"thumbnailUrl":"https:\/\/jornalbeirario.com.br\/portal\/wp-content\/uploads\/2017\/07\/PEPS2.jpg","keywords":["dehoraemhora","manchete"],"articleSection":["Cidade","Meio Ambiente"],"inLanguage":"pt-BR","potentialAction":[{"@type":"CommentAction","name":"Comment","target":["https:\/\/jornalbeirario.com.br\/portal\/?p=52139#respond"]}]},{"@type":"WebPage","@id":"https:\/\/jornalbeirario.com.br\/portal\/?p=52139","url":"https:\/\/jornalbeirario.com.br\/portal\/?p=52139","name":"C\u00e2mara debate Parque da Pedra Selada - JORNAL BEIRA RIO","isPartOf":{"@id":"https:\/\/jornalbeirario.com.br\/portal\/#website"},"primaryImageOfPage":{"@id":"https:\/\/jornalbeirario.com.br\/portal\/?p=52139#primaryimage"},"image":{"@id":"https:\/\/jornalbeirario.com.br\/portal\/?p=52139#primaryimage"},"thumbnailUrl":"https:\/\/jornalbeirario.com.br\/portal\/wp-content\/uploads\/2017\/07\/PEPS2.jpg","datePublished":"2017-07-31T20:51:40+00:00","dateModified":"2017-08-01T19:44:03+00:00","breadcrumb":{"@id":"https:\/\/jornalbeirario.com.br\/portal\/?p=52139#breadcrumb"},"inLanguage":"pt-BR","potentialAction":[{"@type":"ReadAction","target":["https:\/\/jornalbeirario.com.br\/portal\/?p=52139"]}]},{"@type":"ImageObject","inLanguage":"pt-BR","@id":"https:\/\/jornalbeirario.com.br\/portal\/?p=52139#primaryimage","url":"https:\/\/jornalbeirario.com.br\/portal\/wp-content\/uploads\/2017\/07\/PEPS2.jpg","contentUrl":"https:\/\/jornalbeirario.com.br\/portal\/wp-content\/uploads\/2017\/07\/PEPS2.jpg","width":640,"height":480,"caption":"nono"},{"@type":"BreadcrumbList","@id":"https:\/\/jornalbeirario.com.br\/portal\/?p=52139#breadcrumb","itemListElement":[{"@type":"ListItem","position":1,"name":"Home","item":"https:\/\/jornalbeirario.com.br\/portal"},{"@type":"ListItem","position":2,"name":"C\u00e2mara debate Parque da Pedra Selada"}]},{"@type":"WebSite","@id":"https:\/\/jornalbeirario.com.br\/portal\/#website","url":"https:\/\/jornalbeirario.com.br\/portal\/","name":"JORNAL BEIRA RIO","description":"","publisher":{"@id":"https:\/\/jornalbeirario.com.br\/portal\/#organization"},"potentialAction":[{"@type":"SearchAction","target":{"@type":"EntryPoint","urlTemplate":"https:\/\/jornalbeirario.com.br\/portal\/?s={search_term_string}"},"query-input":{"@type":"PropertyValueSpecification","valueRequired":true,"valueName":"search_term_string"}}],"inLanguage":"pt-BR"},{"@type":"Organization","@id":"https:\/\/jornalbeirario.com.br\/portal\/#organization","name":"JORNAL BEIRA RIO","url":"https:\/\/jornalbeirario.com.br\/portal\/","logo":{"@type":"ImageObject","inLanguage":"pt-BR","@id":"https:\/\/jornalbeirario.com.br\/portal\/#\/schema\/logo\/image\/","url":"https:\/\/jornalbeirario.com.br\/portal\/wp-content\/uploads\/2017\/09\/BEIRA-RIO_logo600.png","contentUrl":"https:\/\/jornalbeirario.com.br\/portal\/wp-content\/uploads\/2017\/09\/BEIRA-RIO_logo600.png","width":650,"height":108,"caption":"JORNAL BEIRA RIO"},"image":{"@id":"https:\/\/jornalbeirario.com.br\/portal\/#\/schema\/logo\/image\/"}},{"@type":"Person","@id":"https:\/\/jornalbeirario.com.br\/portal\/#\/schema\/person\/c6c423e4c2465d2a9233f6539173e7c1","name":"Jornal BEIRA-RIO","image":{"@type":"ImageObject","inLanguage":"pt-BR","@id":"https:\/\/jornalbeirario.com.br\/portal\/wp-content\/uploads\/2023\/10\/logojbr1.jpg","url":"https:\/\/jornalbeirario.com.br\/portal\/wp-content\/uploads\/2023\/10\/logojbr1.jpg","contentUrl":"https:\/\/jornalbeirario.com.br\/portal\/wp-content\/uploads\/2023\/10\/logojbr1.jpg","caption":"Jornal BEIRA-RIO"},"url":"https:\/\/jornalbeirario.com.br\/portal\/?author=1"}]}},"_links":{"self":[{"href":"https:\/\/jornalbeirario.com.br\/portal\/index.php?rest_route=\/wp\/v2\/posts\/52139","targetHints":{"allow":["GET"]}}],"collection":[{"href":"https:\/\/jornalbeirario.com.br\/portal\/index.php?rest_route=\/wp\/v2\/posts"}],"about":[{"href":"https:\/\/jornalbeirario.com.br\/portal\/index.php?rest_route=\/wp\/v2\/types\/post"}],"author":[{"embeddable":true,"href":"https:\/\/jornalbeirario.com.br\/portal\/index.php?rest_route=\/wp\/v2\/users\/1"}],"replies":[{"embeddable":true,"href":"https:\/\/jornalbeirario.com.br\/portal\/index.php?rest_route=%2Fwp%2Fv2%2Fcomments&post=52139"}],"version-history":[{"count":5,"href":"https:\/\/jornalbeirario.com.br\/portal\/index.php?rest_route=\/wp\/v2\/posts\/52139\/revisions"}],"predecessor-version":[{"id":52169,"href":"https:\/\/jornalbeirario.com.br\/portal\/index.php?rest_route=\/wp\/v2\/posts\/52139\/revisions\/52169"}],"wp:featuredmedia":[{"embeddable":true,"href":"https:\/\/jornalbeirario.com.br\/portal\/index.php?rest_route=\/wp\/v2\/media\/52167"}],"wp:attachment":[{"href":"https:\/\/jornalbeirario.com.br\/portal\/index.php?rest_route=%2Fwp%2Fv2%2Fmedia&parent=52139"}],"wp:term":[{"taxonomy":"category","embeddable":true,"href":"https:\/\/jornalbeirario.com.br\/portal\/index.php?rest_route=%2Fwp%2Fv2%2Fcategories&post=52139"},{"taxonomy":"post_tag","embeddable":true,"href":"https:\/\/jornalbeirario.com.br\/portal\/index.php?rest_route=%2Fwp%2Fv2%2Ftags&post=52139"}],"curies":[{"name":"wp","href":"https:\/\/api.w.org\/{rel}","templated":true}]}}