
{"id":51910,"date":"2017-07-24T14:58:42","date_gmt":"2017-07-24T17:58:42","guid":{"rendered":"http:\/\/jornalbeirario.com.br\/portal\/?p=51910"},"modified":"2017-07-25T10:44:10","modified_gmt":"2017-07-25T13:44:10","slug":"agora-todos-poderao-ter-acesso-a-leitura-ate-deficientes-visuais","status":"publish","type":"post","link":"https:\/\/jornalbeirario.com.br\/portal\/?p=51910","title":{"rendered":"Agora todos poder\u00e3o ter acesso a leitura"},"content":{"rendered":"<p style=\"text-align: justify;\"><a href=\"http:\/\/jornalbeirario.com.br\/?attachment_id=51913\" rel=\"attachment wp-att-51913\"><img loading=\"lazy\" decoding=\"async\" class=\"alignleft size-medium wp-image-51913\" src=\"http:\/\/jornalbeirario.com.br\/wp-content\/uploads\/2017\/07\/caneta-falante-1-300x225.jpg\" alt=\"\" width=\"300\" height=\"225\" srcset=\"https:\/\/jornalbeirario.com.br\/portal\/wp-content\/uploads\/2017\/07\/caneta-falante-1-300x225.jpg 300w, https:\/\/jornalbeirario.com.br\/portal\/wp-content\/uploads\/2017\/07\/caneta-falante-1.jpg 640w\" sizes=\"auto, (max-width: 300px) 100vw, 300px\" \/><\/a>O Minist\u00e9rio P\u00fablico Federal, por meio da Procuradoria Federal dos Direitos do Cidad\u00e3o (PFDC), anunciou a realiza\u00e7\u00e3o de um acordo com o Sindicato Nacional de Editoras de Livros (SNEL) para garantir a disponibiliza\u00e7\u00e3o de livros em formato acess\u00edvel a pessoas com defici\u00eancia visual. O SNEL \u00e9 representante de mais de 30 editoras de livros \u2013 quase metade do mercado editorial. A medida tem por intuito beneficiar mais de 6 milh\u00f5es de brasileiros com defici\u00eancia\u00a0 visual, al\u00e9m de pessoas com paralisia e amputa\u00e7\u00e3o de membros superiores.<\/p>\n<p style=\"text-align: justify;\">O Termo de Ajustamento de Conduta (TAC), firmado entre a Procuradoria e as editoras, prev\u00ea que o livro em formato acess\u00edvel estar\u00e1 dispon\u00edvel para compra em uma plataforma online, administrada pelo sindicato, que deve estar em pleno funcionamento num prazo de at\u00e9 180 dias.<\/p>\n<p style=\"text-align: justify;\">Com isso, os leitores poder\u00e3o solicitar t\u00edtulos que n\u00e3o est\u00e3o dispon\u00edveis no mercado em formato acess\u00edvel, com tal requerimento sendo feito de forma direta com as editoras, sem o interm\u00e9dio de institui\u00e7\u00f5es, com atendimento dessas solicita\u00e7\u00f5es podendo variar de cinco a 60 dias. Al\u00e9m disso, a medida prev\u00ea que o valor n\u00e3o poder\u00e1 ser superior ao cobrado no formato impresso. \u201cO termo de ajustamento busca concretizar a garantia de todos ao pleno exerc\u00edcio de direitos, sem qualquer forma de discrimina\u00e7\u00e3o \u2013 conforme determina a Constitui\u00e7\u00e3o Federal e tamb\u00e9m a Conven\u00e7\u00e3o sobre os Direitos da Pessoa com Defici\u00eancia\u201d, diz a PFDC.<\/p>\n<p style=\"text-align: justify;\">Fabiano de Moraes, procurador que coordena o Grupo de Trabalho Inclus\u00e3o para Pessoas com Defici\u00eancia da Procuradoria, ainda ressalta que h\u00e1 uma obriga\u00e7\u00e3o legal, refor\u00e7ada\u00a0 pela Lei de Inclus\u00e3o, que nunca havia sido cumprida antes pelas editoras. \u201cAntes, a pessoa interessada em adquirir o livro em formato acess\u00edvel precisava solicitar a obra diretamente \u00e0 editora \u2013 que fica livre de qualquer queixa. Com a nova plataforma, isso mudar\u00e1. Haver\u00e1 um portal onde o consumidor poder\u00e1 acessar, solicitar o livro e a editora ter\u00e1 a obriga\u00e7\u00e3o de disponibilizar a obra\u201d, explica Moraes.<\/p>\n<p style=\"text-align: justify;\"><a href=\"http:\/\/jornalbeirario.com.br\/?attachment_id=51912\" rel=\"attachment wp-att-51912\"><img loading=\"lazy\" decoding=\"async\" class=\"size-medium wp-image-51912 alignright\" src=\"http:\/\/jornalbeirario.com.br\/wp-content\/uploads\/2017\/07\/Braile-300x225.jpg\" alt=\"\" width=\"300\" height=\"225\" srcset=\"https:\/\/jornalbeirario.com.br\/portal\/wp-content\/uploads\/2017\/07\/Braile-300x225.jpg 300w, https:\/\/jornalbeirario.com.br\/portal\/wp-content\/uploads\/2017\/07\/Braile.jpg 640w\" sizes=\"auto, (max-width: 300px) 100vw, 300px\" \/><\/a>O acordo, ainda, possui uma cl\u00e1usula que estabelece que o Sindicato Nacional de Editoras deve realizar campanhas de esclarecimento junto a essas empresas at\u00e9 que atinja cerca de 50% das mais de 500 associadas ao SNEL, com tais assumindo o compromisso da oferta de obras acess\u00edveis.<\/p>\n<p style=\"text-align: justify;\">Conforme a Lei Brasileira de Inclus\u00e3o, s\u00e3o considerados como formato acess\u00edvel os arquivos digitais que possam ser reconhecidos e acessados por softwares leitores de telas ou outras tecnologias que vierem a substitu\u00ed-los, permitindo a leitura de voz sintetizada, amplia\u00e7\u00e3o de caracteres, diferentes contrastes e impress\u00e3o em braile.<\/p>\n<p style=\"text-align: justify;\">A lei tamb\u00e9m diz que todos os livros publicados pelas editoras em formato f\u00edsico tamb\u00e9m devem estar dispon\u00edveis em formato acess\u00edvel, sendo que a negativa n\u00e3o justificada no fornecimento do material pode\u00a0 ser considerado pr\u00e1tica de discrimina\u00e7\u00e3o de pessoa em raz\u00e3o de sua defici\u00eancia,\u00a0 crime esse com pena de reclus\u00e3o de um a tr\u00eas anos, al\u00e9m de multa, conforme art. 88 da Lei.<\/p>\n<p style=\"text-align: justify;\">Al\u00e9m de Fabiano de Moraes, assinaram o acordo o presidente do Sindicato Nacional de Editoras, Marcos da Veiga Pereira; a procuradora federal dos Direitos do Cidad\u00e3o, Deborah Duprat; e o procurador Felipe Fritz, que tamb\u00e9m integra o GT Inclus\u00e3o para Pessoas com Defici\u00eancia.<\/p>\n<p style=\"text-align: justify;\"><em>Fonte:\u00a0Portal da Deficiencia Visual<\/em><\/p>\n<p style=\"text-align: justify;\"><em>Foto:\u00a0<span class=\"irc_ho\" dir=\"ltr\">Turismo Adaptado\/C\u00e2mara Municipal de Manaus\/Livros s\u00f3 mudam pessoas<\/span><\/em><\/p>\n<p><span style=\"border-radius: 2px; text-indent: 20px; width: auto; padding: 0px 4px 0px 0px; text-align: center; font: bold 11px\/20px 'Helvetica Neue',Helvetica,sans-serif; color: #ffffff; background: #bd081c no-repeat scroll 3px 50% \/ 14px 14px; position: absolute; opacity: 1; z-index: 8675309; display: none; cursor: pointer; top: 44px; left: 20px;\">Salvar<\/span><\/p>\n<p><span style=\"border-radius: 2px; text-indent: 20px; width: auto; padding: 0px 4px 0px 0px; text-align: center; font: bold 11px\/20px 'Helvetica Neue',Helvetica,sans-serif; color: #ffffff; background: #bd081c no-repeat scroll 3px 50% \/ 14px 14px; position: absolute; opacity: 1; z-index: 8675309; display: none; cursor: pointer;\">Salvar<\/span><\/p>\n<p><span style=\"border-radius: 2px; text-indent: 20px; width: auto; padding: 0px 4px 0px 0px; text-align: center; font: bold 11px\/20px 'Helvetica Neue',Helvetica,sans-serif; color: #ffffff; background: #bd081c  no-repeat scroll 3px 50% \/ 14px 14px; position: absolute; opacity: 1; z-index: 8675309; display: none; cursor: pointer; top: 44px; left: 20px;\">Salvar<\/span><\/p>\n","protected":false},"excerpt":{"rendered":"<p>O Minist\u00e9rio P\u00fablico Federal, por meio da Procuradoria Federal dos Direitos do Cidad\u00e3o (PFDC), anunciou a realiza\u00e7\u00e3o de um acordo com o Sindicato Nacional<\/p>\n","protected":false},"author":1,"featured_media":51914,"comment_status":"open","ping_status":"open","sticky":false,"template":"","format":"standard","meta":{"pmpro_default_level":"","footnotes":""},"categories":[28,35],"tags":[155],"class_list":["post-51910","post","type-post","status-publish","format-standard","has-post-thumbnail","hentry","category-educacao","category-nacional","tag-dehoraemhora","pmpro-has-access"],"yoast_head":"<!-- This site is optimized with the Yoast SEO plugin v27.4 - https:\/\/yoast.com\/product\/yoast-seo-wordpress\/ -->\n<title>Agora todos poder\u00e3o ter acesso a leitura - JORNAL BEIRA RIO<\/title>\n<meta name=\"robots\" content=\"index, follow, max-snippet:-1, max-image-preview:large, max-video-preview:-1\" \/>\n<link rel=\"canonical\" href=\"https:\/\/jornalbeirario.com.br\/portal\/?p=51910\" \/>\n<meta property=\"og:locale\" content=\"pt_BR\" \/>\n<meta property=\"og:type\" content=\"article\" \/>\n<meta property=\"og:title\" content=\"Agora todos poder\u00e3o ter acesso a leitura - JORNAL BEIRA RIO\" \/>\n<meta property=\"og:description\" content=\"O Minist\u00e9rio P\u00fablico Federal, por meio da Procuradoria Federal dos Direitos do Cidad\u00e3o (PFDC), anunciou a realiza\u00e7\u00e3o de um acordo com o Sindicato Nacional\" \/>\n<meta property=\"og:url\" content=\"https:\/\/jornalbeirario.com.br\/portal\/?p=51910\" \/>\n<meta property=\"og:site_name\" content=\"JORNAL BEIRA RIO\" \/>\n<meta property=\"article:published_time\" content=\"2017-07-24T17:58:42+00:00\" \/>\n<meta property=\"article:modified_time\" content=\"2017-07-25T13:44:10+00:00\" \/>\n<meta property=\"og:image\" content=\"https:\/\/jornalbeirario.com.br\/portal\/wp-content\/uploads\/2017\/07\/cega-leitura.jpg\" \/>\n\t<meta property=\"og:image:width\" content=\"640\" \/>\n\t<meta property=\"og:image:height\" content=\"480\" \/>\n\t<meta property=\"og:image:type\" content=\"image\/jpeg\" \/>\n<meta name=\"author\" content=\"Jornal BEIRA-RIO\" \/>\n<meta name=\"twitter:card\" content=\"summary_large_image\" \/>\n<meta name=\"twitter:label1\" content=\"Escrito por\" \/>\n\t<meta name=\"twitter:data1\" content=\"Jornal BEIRA-RIO\" \/>\n\t<meta name=\"twitter:label2\" content=\"Est. tempo de leitura\" \/>\n\t<meta name=\"twitter:data2\" content=\"3 minutos\" \/>\n<script type=\"application\/ld+json\" class=\"yoast-schema-graph\">{\"@context\":\"https:\\\/\\\/schema.org\",\"@graph\":[{\"@type\":\"Article\",\"@id\":\"https:\\\/\\\/jornalbeirario.com.br\\\/portal\\\/?p=51910#article\",\"isPartOf\":{\"@id\":\"https:\\\/\\\/jornalbeirario.com.br\\\/portal\\\/?p=51910\"},\"author\":{\"name\":\"Jornal BEIRA-RIO\",\"@id\":\"https:\\\/\\\/jornalbeirario.com.br\\\/portal\\\/#\\\/schema\\\/person\\\/c6c423e4c2465d2a9233f6539173e7c1\"},\"headline\":\"Agora todos poder\u00e3o ter acesso a leitura\",\"datePublished\":\"2017-07-24T17:58:42+00:00\",\"dateModified\":\"2017-07-25T13:44:10+00:00\",\"mainEntityOfPage\":{\"@id\":\"https:\\\/\\\/jornalbeirario.com.br\\\/portal\\\/?p=51910\"},\"wordCount\":598,\"commentCount\":0,\"publisher\":{\"@id\":\"https:\\\/\\\/jornalbeirario.com.br\\\/portal\\\/#organization\"},\"image\":{\"@id\":\"https:\\\/\\\/jornalbeirario.com.br\\\/portal\\\/?p=51910#primaryimage\"},\"thumbnailUrl\":\"https:\\\/\\\/jornalbeirario.com.br\\\/portal\\\/wp-content\\\/uploads\\\/2017\\\/07\\\/cega-leitura.jpg\",\"keywords\":[\"dehoraemhora\"],\"articleSection\":[\"Educa\u00e7\u00e3o\",\"Nacional\"],\"inLanguage\":\"pt-BR\",\"potentialAction\":[{\"@type\":\"CommentAction\",\"name\":\"Comment\",\"target\":[\"https:\\\/\\\/jornalbeirario.com.br\\\/portal\\\/?p=51910#respond\"]}]},{\"@type\":\"WebPage\",\"@id\":\"https:\\\/\\\/jornalbeirario.com.br\\\/portal\\\/?p=51910\",\"url\":\"https:\\\/\\\/jornalbeirario.com.br\\\/portal\\\/?p=51910\",\"name\":\"Agora todos poder\u00e3o ter acesso a leitura - JORNAL BEIRA RIO\",\"isPartOf\":{\"@id\":\"https:\\\/\\\/jornalbeirario.com.br\\\/portal\\\/#website\"},\"primaryImageOfPage\":{\"@id\":\"https:\\\/\\\/jornalbeirario.com.br\\\/portal\\\/?p=51910#primaryimage\"},\"image\":{\"@id\":\"https:\\\/\\\/jornalbeirario.com.br\\\/portal\\\/?p=51910#primaryimage\"},\"thumbnailUrl\":\"https:\\\/\\\/jornalbeirario.com.br\\\/portal\\\/wp-content\\\/uploads\\\/2017\\\/07\\\/cega-leitura.jpg\",\"datePublished\":\"2017-07-24T17:58:42+00:00\",\"dateModified\":\"2017-07-25T13:44:10+00:00\",\"breadcrumb\":{\"@id\":\"https:\\\/\\\/jornalbeirario.com.br\\\/portal\\\/?p=51910#breadcrumb\"},\"inLanguage\":\"pt-BR\",\"potentialAction\":[{\"@type\":\"ReadAction\",\"target\":[\"https:\\\/\\\/jornalbeirario.com.br\\\/portal\\\/?p=51910\"]}]},{\"@type\":\"ImageObject\",\"inLanguage\":\"pt-BR\",\"@id\":\"https:\\\/\\\/jornalbeirario.com.br\\\/portal\\\/?p=51910#primaryimage\",\"url\":\"https:\\\/\\\/jornalbeirario.com.br\\\/portal\\\/wp-content\\\/uploads\\\/2017\\\/07\\\/cega-leitura.jpg\",\"contentUrl\":\"https:\\\/\\\/jornalbeirario.com.br\\\/portal\\\/wp-content\\\/uploads\\\/2017\\\/07\\\/cega-leitura.jpg\",\"width\":640,\"height\":480},{\"@type\":\"BreadcrumbList\",\"@id\":\"https:\\\/\\\/jornalbeirario.com.br\\\/portal\\\/?p=51910#breadcrumb\",\"itemListElement\":[{\"@type\":\"ListItem\",\"position\":1,\"name\":\"Home\",\"item\":\"https:\\\/\\\/jornalbeirario.com.br\\\/portal\"},{\"@type\":\"ListItem\",\"position\":2,\"name\":\"Agora todos poder\u00e3o ter acesso a leitura\"}]},{\"@type\":\"WebSite\",\"@id\":\"https:\\\/\\\/jornalbeirario.com.br\\\/portal\\\/#website\",\"url\":\"https:\\\/\\\/jornalbeirario.com.br\\\/portal\\\/\",\"name\":\"JORNAL BEIRA RIO\",\"description\":\"\",\"publisher\":{\"@id\":\"https:\\\/\\\/jornalbeirario.com.br\\\/portal\\\/#organization\"},\"potentialAction\":[{\"@type\":\"SearchAction\",\"target\":{\"@type\":\"EntryPoint\",\"urlTemplate\":\"https:\\\/\\\/jornalbeirario.com.br\\\/portal\\\/?s={search_term_string}\"},\"query-input\":{\"@type\":\"PropertyValueSpecification\",\"valueRequired\":true,\"valueName\":\"search_term_string\"}}],\"inLanguage\":\"pt-BR\"},{\"@type\":\"Organization\",\"@id\":\"https:\\\/\\\/jornalbeirario.com.br\\\/portal\\\/#organization\",\"name\":\"JORNAL BEIRA RIO\",\"url\":\"https:\\\/\\\/jornalbeirario.com.br\\\/portal\\\/\",\"logo\":{\"@type\":\"ImageObject\",\"inLanguage\":\"pt-BR\",\"@id\":\"https:\\\/\\\/jornalbeirario.com.br\\\/portal\\\/#\\\/schema\\\/logo\\\/image\\\/\",\"url\":\"https:\\\/\\\/jornalbeirario.com.br\\\/portal\\\/wp-content\\\/uploads\\\/2017\\\/09\\\/BEIRA-RIO_logo600.png\",\"contentUrl\":\"https:\\\/\\\/jornalbeirario.com.br\\\/portal\\\/wp-content\\\/uploads\\\/2017\\\/09\\\/BEIRA-RIO_logo600.png\",\"width\":650,\"height\":108,\"caption\":\"JORNAL BEIRA RIO\"},\"image\":{\"@id\":\"https:\\\/\\\/jornalbeirario.com.br\\\/portal\\\/#\\\/schema\\\/logo\\\/image\\\/\"}},{\"@type\":\"Person\",\"@id\":\"https:\\\/\\\/jornalbeirario.com.br\\\/portal\\\/#\\\/schema\\\/person\\\/c6c423e4c2465d2a9233f6539173e7c1\",\"name\":\"Jornal BEIRA-RIO\",\"image\":{\"@type\":\"ImageObject\",\"inLanguage\":\"pt-BR\",\"@id\":\"https:\\\/\\\/jornalbeirario.com.br\\\/portal\\\/wp-content\\\/uploads\\\/2023\\\/10\\\/logojbr1.jpg\",\"url\":\"https:\\\/\\\/jornalbeirario.com.br\\\/portal\\\/wp-content\\\/uploads\\\/2023\\\/10\\\/logojbr1.jpg\",\"contentUrl\":\"https:\\\/\\\/jornalbeirario.com.br\\\/portal\\\/wp-content\\\/uploads\\\/2023\\\/10\\\/logojbr1.jpg\",\"caption\":\"Jornal BEIRA-RIO\"},\"url\":\"https:\\\/\\\/jornalbeirario.com.br\\\/portal\\\/?author=1\"}]}<\/script>\n<!-- \/ Yoast SEO plugin. -->","yoast_head_json":{"title":"Agora todos poder\u00e3o ter acesso a leitura - JORNAL BEIRA RIO","robots":{"index":"index","follow":"follow","max-snippet":"max-snippet:-1","max-image-preview":"max-image-preview:large","max-video-preview":"max-video-preview:-1"},"canonical":"https:\/\/jornalbeirario.com.br\/portal\/?p=51910","og_locale":"pt_BR","og_type":"article","og_title":"Agora todos poder\u00e3o ter acesso a leitura - JORNAL BEIRA RIO","og_description":"O Minist\u00e9rio P\u00fablico Federal, por meio da Procuradoria Federal dos Direitos do Cidad\u00e3o (PFDC), anunciou a realiza\u00e7\u00e3o de um acordo com o Sindicato Nacional","og_url":"https:\/\/jornalbeirario.com.br\/portal\/?p=51910","og_site_name":"JORNAL BEIRA RIO","article_published_time":"2017-07-24T17:58:42+00:00","article_modified_time":"2017-07-25T13:44:10+00:00","og_image":[{"width":640,"height":480,"url":"https:\/\/jornalbeirario.com.br\/portal\/wp-content\/uploads\/2017\/07\/cega-leitura.jpg","type":"image\/jpeg"}],"author":"Jornal BEIRA-RIO","twitter_card":"summary_large_image","twitter_misc":{"Escrito por":"Jornal BEIRA-RIO","Est. tempo de leitura":"3 minutos"},"schema":{"@context":"https:\/\/schema.org","@graph":[{"@type":"Article","@id":"https:\/\/jornalbeirario.com.br\/portal\/?p=51910#article","isPartOf":{"@id":"https:\/\/jornalbeirario.com.br\/portal\/?p=51910"},"author":{"name":"Jornal BEIRA-RIO","@id":"https:\/\/jornalbeirario.com.br\/portal\/#\/schema\/person\/c6c423e4c2465d2a9233f6539173e7c1"},"headline":"Agora todos poder\u00e3o ter acesso a leitura","datePublished":"2017-07-24T17:58:42+00:00","dateModified":"2017-07-25T13:44:10+00:00","mainEntityOfPage":{"@id":"https:\/\/jornalbeirario.com.br\/portal\/?p=51910"},"wordCount":598,"commentCount":0,"publisher":{"@id":"https:\/\/jornalbeirario.com.br\/portal\/#organization"},"image":{"@id":"https:\/\/jornalbeirario.com.br\/portal\/?p=51910#primaryimage"},"thumbnailUrl":"https:\/\/jornalbeirario.com.br\/portal\/wp-content\/uploads\/2017\/07\/cega-leitura.jpg","keywords":["dehoraemhora"],"articleSection":["Educa\u00e7\u00e3o","Nacional"],"inLanguage":"pt-BR","potentialAction":[{"@type":"CommentAction","name":"Comment","target":["https:\/\/jornalbeirario.com.br\/portal\/?p=51910#respond"]}]},{"@type":"WebPage","@id":"https:\/\/jornalbeirario.com.br\/portal\/?p=51910","url":"https:\/\/jornalbeirario.com.br\/portal\/?p=51910","name":"Agora todos poder\u00e3o ter acesso a leitura - JORNAL BEIRA RIO","isPartOf":{"@id":"https:\/\/jornalbeirario.com.br\/portal\/#website"},"primaryImageOfPage":{"@id":"https:\/\/jornalbeirario.com.br\/portal\/?p=51910#primaryimage"},"image":{"@id":"https:\/\/jornalbeirario.com.br\/portal\/?p=51910#primaryimage"},"thumbnailUrl":"https:\/\/jornalbeirario.com.br\/portal\/wp-content\/uploads\/2017\/07\/cega-leitura.jpg","datePublished":"2017-07-24T17:58:42+00:00","dateModified":"2017-07-25T13:44:10+00:00","breadcrumb":{"@id":"https:\/\/jornalbeirario.com.br\/portal\/?p=51910#breadcrumb"},"inLanguage":"pt-BR","potentialAction":[{"@type":"ReadAction","target":["https:\/\/jornalbeirario.com.br\/portal\/?p=51910"]}]},{"@type":"ImageObject","inLanguage":"pt-BR","@id":"https:\/\/jornalbeirario.com.br\/portal\/?p=51910#primaryimage","url":"https:\/\/jornalbeirario.com.br\/portal\/wp-content\/uploads\/2017\/07\/cega-leitura.jpg","contentUrl":"https:\/\/jornalbeirario.com.br\/portal\/wp-content\/uploads\/2017\/07\/cega-leitura.jpg","width":640,"height":480},{"@type":"BreadcrumbList","@id":"https:\/\/jornalbeirario.com.br\/portal\/?p=51910#breadcrumb","itemListElement":[{"@type":"ListItem","position":1,"name":"Home","item":"https:\/\/jornalbeirario.com.br\/portal"},{"@type":"ListItem","position":2,"name":"Agora todos poder\u00e3o ter acesso a leitura"}]},{"@type":"WebSite","@id":"https:\/\/jornalbeirario.com.br\/portal\/#website","url":"https:\/\/jornalbeirario.com.br\/portal\/","name":"JORNAL BEIRA RIO","description":"","publisher":{"@id":"https:\/\/jornalbeirario.com.br\/portal\/#organization"},"potentialAction":[{"@type":"SearchAction","target":{"@type":"EntryPoint","urlTemplate":"https:\/\/jornalbeirario.com.br\/portal\/?s={search_term_string}"},"query-input":{"@type":"PropertyValueSpecification","valueRequired":true,"valueName":"search_term_string"}}],"inLanguage":"pt-BR"},{"@type":"Organization","@id":"https:\/\/jornalbeirario.com.br\/portal\/#organization","name":"JORNAL BEIRA RIO","url":"https:\/\/jornalbeirario.com.br\/portal\/","logo":{"@type":"ImageObject","inLanguage":"pt-BR","@id":"https:\/\/jornalbeirario.com.br\/portal\/#\/schema\/logo\/image\/","url":"https:\/\/jornalbeirario.com.br\/portal\/wp-content\/uploads\/2017\/09\/BEIRA-RIO_logo600.png","contentUrl":"https:\/\/jornalbeirario.com.br\/portal\/wp-content\/uploads\/2017\/09\/BEIRA-RIO_logo600.png","width":650,"height":108,"caption":"JORNAL BEIRA RIO"},"image":{"@id":"https:\/\/jornalbeirario.com.br\/portal\/#\/schema\/logo\/image\/"}},{"@type":"Person","@id":"https:\/\/jornalbeirario.com.br\/portal\/#\/schema\/person\/c6c423e4c2465d2a9233f6539173e7c1","name":"Jornal BEIRA-RIO","image":{"@type":"ImageObject","inLanguage":"pt-BR","@id":"https:\/\/jornalbeirario.com.br\/portal\/wp-content\/uploads\/2023\/10\/logojbr1.jpg","url":"https:\/\/jornalbeirario.com.br\/portal\/wp-content\/uploads\/2023\/10\/logojbr1.jpg","contentUrl":"https:\/\/jornalbeirario.com.br\/portal\/wp-content\/uploads\/2023\/10\/logojbr1.jpg","caption":"Jornal BEIRA-RIO"},"url":"https:\/\/jornalbeirario.com.br\/portal\/?author=1"}]}},"_links":{"self":[{"href":"https:\/\/jornalbeirario.com.br\/portal\/index.php?rest_route=\/wp\/v2\/posts\/51910","targetHints":{"allow":["GET"]}}],"collection":[{"href":"https:\/\/jornalbeirario.com.br\/portal\/index.php?rest_route=\/wp\/v2\/posts"}],"about":[{"href":"https:\/\/jornalbeirario.com.br\/portal\/index.php?rest_route=\/wp\/v2\/types\/post"}],"author":[{"embeddable":true,"href":"https:\/\/jornalbeirario.com.br\/portal\/index.php?rest_route=\/wp\/v2\/users\/1"}],"replies":[{"embeddable":true,"href":"https:\/\/jornalbeirario.com.br\/portal\/index.php?rest_route=%2Fwp%2Fv2%2Fcomments&post=51910"}],"version-history":[{"count":6,"href":"https:\/\/jornalbeirario.com.br\/portal\/index.php?rest_route=\/wp\/v2\/posts\/51910\/revisions"}],"predecessor-version":[{"id":51927,"href":"https:\/\/jornalbeirario.com.br\/portal\/index.php?rest_route=\/wp\/v2\/posts\/51910\/revisions\/51927"}],"wp:featuredmedia":[{"embeddable":true,"href":"https:\/\/jornalbeirario.com.br\/portal\/index.php?rest_route=\/wp\/v2\/media\/51914"}],"wp:attachment":[{"href":"https:\/\/jornalbeirario.com.br\/portal\/index.php?rest_route=%2Fwp%2Fv2%2Fmedia&parent=51910"}],"wp:term":[{"taxonomy":"category","embeddable":true,"href":"https:\/\/jornalbeirario.com.br\/portal\/index.php?rest_route=%2Fwp%2Fv2%2Fcategories&post=51910"},{"taxonomy":"post_tag","embeddable":true,"href":"https:\/\/jornalbeirario.com.br\/portal\/index.php?rest_route=%2Fwp%2Fv2%2Ftags&post=51910"}],"curies":[{"name":"wp","href":"https:\/\/api.w.org\/{rel}","templated":true}]}}