
{"id":51824,"date":"2017-07-31T08:34:25","date_gmt":"2017-07-31T11:34:25","guid":{"rendered":"http:\/\/jornalbeirario.com.br\/portal\/?p=51824"},"modified":"2017-07-31T09:40:20","modified_gmt":"2017-07-31T12:40:20","slug":"morre-o-prefeito-de-porto-real-jorge-serfiotis","status":"publish","type":"post","link":"https:\/\/jornalbeirario.com.br\/portal\/?p=51824","title":{"rendered":"Morre o prefeito Jorge Serfiotis"},"content":{"rendered":"<p style=\"text-align: justify;\"><a href=\"http:\/\/jornalbeirario.com.br\/?attachment_id=2218\" rel=\"attachment wp-att-2218\"><img loading=\"lazy\" decoding=\"async\" class=\"alignleft size-medium wp-image-2218\" src=\"http:\/\/jornalbeirario.com.br\/wp-content\/uploads\/2012\/11\/serfiotis-300x272.jpg\" alt=\"\" width=\"300\" height=\"272\" srcset=\"https:\/\/jornalbeirario.com.br\/portal\/wp-content\/uploads\/2012\/11\/serfiotis-300x272.jpg 300w, https:\/\/jornalbeirario.com.br\/portal\/wp-content\/uploads\/2012\/11\/serfiotis.jpg 640w\" sizes=\"auto, (max-width: 300px) 100vw, 300px\" \/><\/a>Est\u00e1 sendo velado nesta segunda-feira, dia 31,\u00a0no Gin\u00e1sio Poliesportivo do Porto Real Country Clube, o corpo do prefeito afastado de Porto Real, Jorge Serfiotis (PMDB). Ele morreu na noite deste domingo, dia 30, com insufici\u00eancia respirat\u00f3ria segundo informa\u00e7\u00f5es da Assessoria de Comunica\u00e7\u00e3o da prefeitura. Ele tinha 69 anos, e se encontrava internado no Hospital Samer desde o \u00faltimo dia 18. O prefeito lutava contra um c\u00e2ncer.<\/p>\n<p style=\"text-align: justify;\">Jorge Serfiotis j\u00e1 foi vereador por dois mandatos (de 1989 a 1996) em Resende, um dos defensores da emancipa\u00e7\u00e3o de Porto Real e presidente do clube da cidade. Foi eleito prefeito em 2005 e ficou at\u00e9 o ano de 2012, por dois mandatos. Para o seu terceiro mandato que se iniciou em 1\u00ba de janeiro deste ano, ele recebeu 54,64% dos votos v\u00e1lidos, concorrendo pelo PMDB e escolhendo como vice de sua chapa o ex-vereador Ailton Marques, do PDT, que neste s\u00e1bado, dia 29, <a href=\"http:\/\/jornalbeirario.com.br\/?p=52093\">assumiu o cargo de prefeito<\/a>.<\/p>\n<p style=\"text-align: justify;\">Serfiotis se encontrava afastado pelo TJ-RJ de seu cargo desde sexta-feira, dia 28, ap\u00f3s <a href=\"http:\/\/jornalbeirario.com.br\/?p=52079\">decis\u00e3o da ju\u00edza Priscilla Dickie Oddo<\/a>, da comarca de Porto Real-Quatis. O enterro de Serfiotis ser\u00e1 \u00e0s 16 horas desta segunda, no Cemit\u00e9rio Municipal de Porto Real. Marques decretou luto oficial de tr\u00eas dias no munic\u00edpio nesta segunda-feira.<\/p>\n<p><em>Fotos: Arquivo e Reprodu\u00e7\u00e3o Facebook<\/em><\/p>\n<p>&nbsp;<\/p>\n<p><span style=\"border-radius: 2px; text-indent: 20px; width: auto; padding: 0px 4px 0px 0px; text-align: center; font: bold 11px\/20px 'Helvetica Neue',Helvetica,sans-serif; color: #ffffff; background: #bd081c no-repeat scroll 3px 50% \/ 14px 14px; position: absolute; opacity: 1; z-index: 8675309; display: none; cursor: pointer;\">Salvar<\/span><\/p>\n<p><span style=\"border-radius: 2px; text-indent: 20px; width: auto; padding: 0px 4px 0px 0px; text-align: center; font: bold 11px\/20px 'Helvetica Neue',Helvetica,sans-serif; color: #ffffff; background: #bd081c no-repeat scroll 3px 50% \/ 14px 14px; position: absolute; opacity: 1; z-index: 8675309; display: none; cursor: pointer;\">Salvar<\/span><\/p>\n","protected":false},"excerpt":{"rendered":"<p>Est\u00e1 sendo velado nesta segunda-feira, dia 31,\u00a0no Gin\u00e1sio Poliesportivo do Porto Real Country Clube, o corpo do prefeito afastado de Porto Real, Jorge Serfiotis<\/p>\n","protected":false},"author":1,"featured_media":52112,"comment_status":"open","ping_status":"open","sticky":false,"template":"","format":"standard","meta":{"pmpro_default_level":"","footnotes":""},"categories":[164,11],"tags":[155,153],"class_list":["post-51824","post","type-post","status-publish","format-standard","has-post-thumbnail","hentry","category-obituario","category-politica","tag-dehoraemhora","tag-manchete","pmpro-has-access"],"yoast_head":"<!-- This site is optimized with the Yoast SEO plugin v27.4 - https:\/\/yoast.com\/product\/yoast-seo-wordpress\/ -->\n<title>Morre o prefeito Jorge Serfiotis - JORNAL BEIRA RIO<\/title>\n<meta name=\"robots\" content=\"index, follow, max-snippet:-1, max-image-preview:large, max-video-preview:-1\" \/>\n<link rel=\"canonical\" href=\"https:\/\/jornalbeirario.com.br\/portal\/?p=51824\" \/>\n<meta property=\"og:locale\" content=\"pt_BR\" \/>\n<meta property=\"og:type\" content=\"article\" \/>\n<meta property=\"og:title\" content=\"Morre o prefeito Jorge Serfiotis - JORNAL BEIRA RIO\" \/>\n<meta property=\"og:description\" content=\"Est\u00e1 sendo velado nesta segunda-feira, dia 31,\u00a0no Gin\u00e1sio Poliesportivo do Porto Real Country Clube, o corpo do prefeito afastado de Porto Real, Jorge Serfiotis\" \/>\n<meta property=\"og:url\" content=\"https:\/\/jornalbeirario.com.br\/portal\/?p=51824\" \/>\n<meta property=\"og:site_name\" content=\"JORNAL BEIRA RIO\" \/>\n<meta property=\"article:published_time\" content=\"2017-07-31T11:34:25+00:00\" \/>\n<meta property=\"article:modified_time\" content=\"2017-07-31T12:40:20+00:00\" \/>\n<meta property=\"og:image\" content=\"https:\/\/jornalbeirario.com.br\/portal\/wp-content\/uploads\/2017\/07\/serfiotis-4444.jpg\" \/>\n\t<meta property=\"og:image:width\" content=\"930\" \/>\n\t<meta property=\"og:image:height\" content=\"350\" \/>\n\t<meta property=\"og:image:type\" content=\"image\/jpeg\" \/>\n<meta name=\"author\" content=\"Jornal BEIRA-RIO\" \/>\n<meta name=\"twitter:card\" content=\"summary_large_image\" \/>\n<meta name=\"twitter:label1\" content=\"Escrito por\" \/>\n\t<meta name=\"twitter:data1\" content=\"Jornal BEIRA-RIO\" \/>\n\t<meta name=\"twitter:label2\" content=\"Est. tempo de leitura\" \/>\n\t<meta name=\"twitter:data2\" content=\"1 minuto\" \/>\n<script type=\"application\/ld+json\" class=\"yoast-schema-graph\">{\"@context\":\"https:\\\/\\\/schema.org\",\"@graph\":[{\"@type\":\"Article\",\"@id\":\"https:\\\/\\\/jornalbeirario.com.br\\\/portal\\\/?p=51824#article\",\"isPartOf\":{\"@id\":\"https:\\\/\\\/jornalbeirario.com.br\\\/portal\\\/?p=51824\"},\"author\":{\"name\":\"Jornal BEIRA-RIO\",\"@id\":\"https:\\\/\\\/jornalbeirario.com.br\\\/portal\\\/#\\\/schema\\\/person\\\/c6c423e4c2465d2a9233f6539173e7c1\"},\"headline\":\"Morre o prefeito Jorge Serfiotis\",\"datePublished\":\"2017-07-31T11:34:25+00:00\",\"dateModified\":\"2017-07-31T12:40:20+00:00\",\"mainEntityOfPage\":{\"@id\":\"https:\\\/\\\/jornalbeirario.com.br\\\/portal\\\/?p=51824\"},\"wordCount\":224,\"commentCount\":0,\"publisher\":{\"@id\":\"https:\\\/\\\/jornalbeirario.com.br\\\/portal\\\/#organization\"},\"image\":{\"@id\":\"https:\\\/\\\/jornalbeirario.com.br\\\/portal\\\/?p=51824#primaryimage\"},\"thumbnailUrl\":\"https:\\\/\\\/jornalbeirario.com.br\\\/portal\\\/wp-content\\\/uploads\\\/2017\\\/07\\\/serfiotis-4444.jpg\",\"keywords\":[\"dehoraemhora\",\"manchete\"],\"articleSection\":[\"Obitu\u00e1rio\",\"Pol\u00edtica\"],\"inLanguage\":\"pt-BR\",\"potentialAction\":[{\"@type\":\"CommentAction\",\"name\":\"Comment\",\"target\":[\"https:\\\/\\\/jornalbeirario.com.br\\\/portal\\\/?p=51824#respond\"]}]},{\"@type\":\"WebPage\",\"@id\":\"https:\\\/\\\/jornalbeirario.com.br\\\/portal\\\/?p=51824\",\"url\":\"https:\\\/\\\/jornalbeirario.com.br\\\/portal\\\/?p=51824\",\"name\":\"Morre o prefeito Jorge Serfiotis - JORNAL BEIRA RIO\",\"isPartOf\":{\"@id\":\"https:\\\/\\\/jornalbeirario.com.br\\\/portal\\\/#website\"},\"primaryImageOfPage\":{\"@id\":\"https:\\\/\\\/jornalbeirario.com.br\\\/portal\\\/?p=51824#primaryimage\"},\"image\":{\"@id\":\"https:\\\/\\\/jornalbeirario.com.br\\\/portal\\\/?p=51824#primaryimage\"},\"thumbnailUrl\":\"https:\\\/\\\/jornalbeirario.com.br\\\/portal\\\/wp-content\\\/uploads\\\/2017\\\/07\\\/serfiotis-4444.jpg\",\"datePublished\":\"2017-07-31T11:34:25+00:00\",\"dateModified\":\"2017-07-31T12:40:20+00:00\",\"breadcrumb\":{\"@id\":\"https:\\\/\\\/jornalbeirario.com.br\\\/portal\\\/?p=51824#breadcrumb\"},\"inLanguage\":\"pt-BR\",\"potentialAction\":[{\"@type\":\"ReadAction\",\"target\":[\"https:\\\/\\\/jornalbeirario.com.br\\\/portal\\\/?p=51824\"]}]},{\"@type\":\"ImageObject\",\"inLanguage\":\"pt-BR\",\"@id\":\"https:\\\/\\\/jornalbeirario.com.br\\\/portal\\\/?p=51824#primaryimage\",\"url\":\"https:\\\/\\\/jornalbeirario.com.br\\\/portal\\\/wp-content\\\/uploads\\\/2017\\\/07\\\/serfiotis-4444.jpg\",\"contentUrl\":\"https:\\\/\\\/jornalbeirario.com.br\\\/portal\\\/wp-content\\\/uploads\\\/2017\\\/07\\\/serfiotis-4444.jpg\",\"width\":930,\"height\":350},{\"@type\":\"BreadcrumbList\",\"@id\":\"https:\\\/\\\/jornalbeirario.com.br\\\/portal\\\/?p=51824#breadcrumb\",\"itemListElement\":[{\"@type\":\"ListItem\",\"position\":1,\"name\":\"Home\",\"item\":\"https:\\\/\\\/jornalbeirario.com.br\\\/portal\"},{\"@type\":\"ListItem\",\"position\":2,\"name\":\"Morre o prefeito Jorge Serfiotis\"}]},{\"@type\":\"WebSite\",\"@id\":\"https:\\\/\\\/jornalbeirario.com.br\\\/portal\\\/#website\",\"url\":\"https:\\\/\\\/jornalbeirario.com.br\\\/portal\\\/\",\"name\":\"JORNAL BEIRA RIO\",\"description\":\"\",\"publisher\":{\"@id\":\"https:\\\/\\\/jornalbeirario.com.br\\\/portal\\\/#organization\"},\"potentialAction\":[{\"@type\":\"SearchAction\",\"target\":{\"@type\":\"EntryPoint\",\"urlTemplate\":\"https:\\\/\\\/jornalbeirario.com.br\\\/portal\\\/?s={search_term_string}\"},\"query-input\":{\"@type\":\"PropertyValueSpecification\",\"valueRequired\":true,\"valueName\":\"search_term_string\"}}],\"inLanguage\":\"pt-BR\"},{\"@type\":\"Organization\",\"@id\":\"https:\\\/\\\/jornalbeirario.com.br\\\/portal\\\/#organization\",\"name\":\"JORNAL BEIRA RIO\",\"url\":\"https:\\\/\\\/jornalbeirario.com.br\\\/portal\\\/\",\"logo\":{\"@type\":\"ImageObject\",\"inLanguage\":\"pt-BR\",\"@id\":\"https:\\\/\\\/jornalbeirario.com.br\\\/portal\\\/#\\\/schema\\\/logo\\\/image\\\/\",\"url\":\"https:\\\/\\\/jornalbeirario.com.br\\\/portal\\\/wp-content\\\/uploads\\\/2017\\\/09\\\/BEIRA-RIO_logo600.png\",\"contentUrl\":\"https:\\\/\\\/jornalbeirario.com.br\\\/portal\\\/wp-content\\\/uploads\\\/2017\\\/09\\\/BEIRA-RIO_logo600.png\",\"width\":650,\"height\":108,\"caption\":\"JORNAL BEIRA RIO\"},\"image\":{\"@id\":\"https:\\\/\\\/jornalbeirario.com.br\\\/portal\\\/#\\\/schema\\\/logo\\\/image\\\/\"}},{\"@type\":\"Person\",\"@id\":\"https:\\\/\\\/jornalbeirario.com.br\\\/portal\\\/#\\\/schema\\\/person\\\/c6c423e4c2465d2a9233f6539173e7c1\",\"name\":\"Jornal BEIRA-RIO\",\"image\":{\"@type\":\"ImageObject\",\"inLanguage\":\"pt-BR\",\"@id\":\"https:\\\/\\\/jornalbeirario.com.br\\\/portal\\\/wp-content\\\/uploads\\\/2023\\\/10\\\/logojbr1.jpg\",\"url\":\"https:\\\/\\\/jornalbeirario.com.br\\\/portal\\\/wp-content\\\/uploads\\\/2023\\\/10\\\/logojbr1.jpg\",\"contentUrl\":\"https:\\\/\\\/jornalbeirario.com.br\\\/portal\\\/wp-content\\\/uploads\\\/2023\\\/10\\\/logojbr1.jpg\",\"caption\":\"Jornal BEIRA-RIO\"},\"url\":\"https:\\\/\\\/jornalbeirario.com.br\\\/portal\\\/?author=1\"}]}<\/script>\n<!-- \/ Yoast SEO plugin. -->","yoast_head_json":{"title":"Morre o prefeito Jorge Serfiotis - JORNAL BEIRA RIO","robots":{"index":"index","follow":"follow","max-snippet":"max-snippet:-1","max-image-preview":"max-image-preview:large","max-video-preview":"max-video-preview:-1"},"canonical":"https:\/\/jornalbeirario.com.br\/portal\/?p=51824","og_locale":"pt_BR","og_type":"article","og_title":"Morre o prefeito Jorge Serfiotis - JORNAL BEIRA RIO","og_description":"Est\u00e1 sendo velado nesta segunda-feira, dia 31,\u00a0no Gin\u00e1sio Poliesportivo do Porto Real Country Clube, o corpo do prefeito afastado de Porto Real, Jorge Serfiotis","og_url":"https:\/\/jornalbeirario.com.br\/portal\/?p=51824","og_site_name":"JORNAL BEIRA RIO","article_published_time":"2017-07-31T11:34:25+00:00","article_modified_time":"2017-07-31T12:40:20+00:00","og_image":[{"width":930,"height":350,"url":"https:\/\/jornalbeirario.com.br\/portal\/wp-content\/uploads\/2017\/07\/serfiotis-4444.jpg","type":"image\/jpeg"}],"author":"Jornal BEIRA-RIO","twitter_card":"summary_large_image","twitter_misc":{"Escrito por":"Jornal BEIRA-RIO","Est. tempo de leitura":"1 minuto"},"schema":{"@context":"https:\/\/schema.org","@graph":[{"@type":"Article","@id":"https:\/\/jornalbeirario.com.br\/portal\/?p=51824#article","isPartOf":{"@id":"https:\/\/jornalbeirario.com.br\/portal\/?p=51824"},"author":{"name":"Jornal BEIRA-RIO","@id":"https:\/\/jornalbeirario.com.br\/portal\/#\/schema\/person\/c6c423e4c2465d2a9233f6539173e7c1"},"headline":"Morre o prefeito Jorge Serfiotis","datePublished":"2017-07-31T11:34:25+00:00","dateModified":"2017-07-31T12:40:20+00:00","mainEntityOfPage":{"@id":"https:\/\/jornalbeirario.com.br\/portal\/?p=51824"},"wordCount":224,"commentCount":0,"publisher":{"@id":"https:\/\/jornalbeirario.com.br\/portal\/#organization"},"image":{"@id":"https:\/\/jornalbeirario.com.br\/portal\/?p=51824#primaryimage"},"thumbnailUrl":"https:\/\/jornalbeirario.com.br\/portal\/wp-content\/uploads\/2017\/07\/serfiotis-4444.jpg","keywords":["dehoraemhora","manchete"],"articleSection":["Obitu\u00e1rio","Pol\u00edtica"],"inLanguage":"pt-BR","potentialAction":[{"@type":"CommentAction","name":"Comment","target":["https:\/\/jornalbeirario.com.br\/portal\/?p=51824#respond"]}]},{"@type":"WebPage","@id":"https:\/\/jornalbeirario.com.br\/portal\/?p=51824","url":"https:\/\/jornalbeirario.com.br\/portal\/?p=51824","name":"Morre o prefeito Jorge Serfiotis - JORNAL BEIRA RIO","isPartOf":{"@id":"https:\/\/jornalbeirario.com.br\/portal\/#website"},"primaryImageOfPage":{"@id":"https:\/\/jornalbeirario.com.br\/portal\/?p=51824#primaryimage"},"image":{"@id":"https:\/\/jornalbeirario.com.br\/portal\/?p=51824#primaryimage"},"thumbnailUrl":"https:\/\/jornalbeirario.com.br\/portal\/wp-content\/uploads\/2017\/07\/serfiotis-4444.jpg","datePublished":"2017-07-31T11:34:25+00:00","dateModified":"2017-07-31T12:40:20+00:00","breadcrumb":{"@id":"https:\/\/jornalbeirario.com.br\/portal\/?p=51824#breadcrumb"},"inLanguage":"pt-BR","potentialAction":[{"@type":"ReadAction","target":["https:\/\/jornalbeirario.com.br\/portal\/?p=51824"]}]},{"@type":"ImageObject","inLanguage":"pt-BR","@id":"https:\/\/jornalbeirario.com.br\/portal\/?p=51824#primaryimage","url":"https:\/\/jornalbeirario.com.br\/portal\/wp-content\/uploads\/2017\/07\/serfiotis-4444.jpg","contentUrl":"https:\/\/jornalbeirario.com.br\/portal\/wp-content\/uploads\/2017\/07\/serfiotis-4444.jpg","width":930,"height":350},{"@type":"BreadcrumbList","@id":"https:\/\/jornalbeirario.com.br\/portal\/?p=51824#breadcrumb","itemListElement":[{"@type":"ListItem","position":1,"name":"Home","item":"https:\/\/jornalbeirario.com.br\/portal"},{"@type":"ListItem","position":2,"name":"Morre o prefeito Jorge Serfiotis"}]},{"@type":"WebSite","@id":"https:\/\/jornalbeirario.com.br\/portal\/#website","url":"https:\/\/jornalbeirario.com.br\/portal\/","name":"JORNAL BEIRA RIO","description":"","publisher":{"@id":"https:\/\/jornalbeirario.com.br\/portal\/#organization"},"potentialAction":[{"@type":"SearchAction","target":{"@type":"EntryPoint","urlTemplate":"https:\/\/jornalbeirario.com.br\/portal\/?s={search_term_string}"},"query-input":{"@type":"PropertyValueSpecification","valueRequired":true,"valueName":"search_term_string"}}],"inLanguage":"pt-BR"},{"@type":"Organization","@id":"https:\/\/jornalbeirario.com.br\/portal\/#organization","name":"JORNAL BEIRA RIO","url":"https:\/\/jornalbeirario.com.br\/portal\/","logo":{"@type":"ImageObject","inLanguage":"pt-BR","@id":"https:\/\/jornalbeirario.com.br\/portal\/#\/schema\/logo\/image\/","url":"https:\/\/jornalbeirario.com.br\/portal\/wp-content\/uploads\/2017\/09\/BEIRA-RIO_logo600.png","contentUrl":"https:\/\/jornalbeirario.com.br\/portal\/wp-content\/uploads\/2017\/09\/BEIRA-RIO_logo600.png","width":650,"height":108,"caption":"JORNAL BEIRA RIO"},"image":{"@id":"https:\/\/jornalbeirario.com.br\/portal\/#\/schema\/logo\/image\/"}},{"@type":"Person","@id":"https:\/\/jornalbeirario.com.br\/portal\/#\/schema\/person\/c6c423e4c2465d2a9233f6539173e7c1","name":"Jornal BEIRA-RIO","image":{"@type":"ImageObject","inLanguage":"pt-BR","@id":"https:\/\/jornalbeirario.com.br\/portal\/wp-content\/uploads\/2023\/10\/logojbr1.jpg","url":"https:\/\/jornalbeirario.com.br\/portal\/wp-content\/uploads\/2023\/10\/logojbr1.jpg","contentUrl":"https:\/\/jornalbeirario.com.br\/portal\/wp-content\/uploads\/2023\/10\/logojbr1.jpg","caption":"Jornal BEIRA-RIO"},"url":"https:\/\/jornalbeirario.com.br\/portal\/?author=1"}]}},"_links":{"self":[{"href":"https:\/\/jornalbeirario.com.br\/portal\/index.php?rest_route=\/wp\/v2\/posts\/51824","targetHints":{"allow":["GET"]}}],"collection":[{"href":"https:\/\/jornalbeirario.com.br\/portal\/index.php?rest_route=\/wp\/v2\/posts"}],"about":[{"href":"https:\/\/jornalbeirario.com.br\/portal\/index.php?rest_route=\/wp\/v2\/types\/post"}],"author":[{"embeddable":true,"href":"https:\/\/jornalbeirario.com.br\/portal\/index.php?rest_route=\/wp\/v2\/users\/1"}],"replies":[{"embeddable":true,"href":"https:\/\/jornalbeirario.com.br\/portal\/index.php?rest_route=%2Fwp%2Fv2%2Fcomments&post=51824"}],"version-history":[{"count":19,"href":"https:\/\/jornalbeirario.com.br\/portal\/index.php?rest_route=\/wp\/v2\/posts\/51824\/revisions"}],"predecessor-version":[{"id":52111,"href":"https:\/\/jornalbeirario.com.br\/portal\/index.php?rest_route=\/wp\/v2\/posts\/51824\/revisions\/52111"}],"wp:featuredmedia":[{"embeddable":true,"href":"https:\/\/jornalbeirario.com.br\/portal\/index.php?rest_route=\/wp\/v2\/media\/52112"}],"wp:attachment":[{"href":"https:\/\/jornalbeirario.com.br\/portal\/index.php?rest_route=%2Fwp%2Fv2%2Fmedia&parent=51824"}],"wp:term":[{"taxonomy":"category","embeddable":true,"href":"https:\/\/jornalbeirario.com.br\/portal\/index.php?rest_route=%2Fwp%2Fv2%2Fcategories&post=51824"},{"taxonomy":"post_tag","embeddable":true,"href":"https:\/\/jornalbeirario.com.br\/portal\/index.php?rest_route=%2Fwp%2Fv2%2Ftags&post=51824"}],"curies":[{"name":"wp","href":"https:\/\/api.w.org\/{rel}","templated":true}]}}