
{"id":51717,"date":"2017-07-18T10:34:34","date_gmt":"2017-07-18T13:34:34","guid":{"rendered":"http:\/\/jornalbeirario.com.br\/portal\/?p=51717"},"modified":"2017-07-18T10:34:34","modified_gmt":"2017-07-18T13:34:34","slug":"evento-em-sao-paulo-mostra-que-e-possivel-deficientes-visuais-serem-pais","status":"publish","type":"post","link":"https:\/\/jornalbeirario.com.br\/portal\/?p=51717","title":{"rendered":"Evento em S\u00e3o Paulo mostra que \u00e9 poss\u00edvel deficientes visuais serem pais"},"content":{"rendered":"<p style=\"text-align: justify;\"><a href=\"http:\/\/jornalbeirario.com.br\/?attachment_id=51719\" rel=\"attachment wp-att-51719\"><img loading=\"lazy\" decoding=\"async\" class=\"alignleft size-medium wp-image-51719\" src=\"http:\/\/jornalbeirario.com.br\/wp-content\/uploads\/2017\/07\/pai-e-m\u00e3e-cegos-300x225.jpg\" alt=\"\" width=\"300\" height=\"225\" srcset=\"https:\/\/jornalbeirario.com.br\/portal\/wp-content\/uploads\/2017\/07\/pai-e-m\u00e3e-cegos-300x225.jpg 300w, https:\/\/jornalbeirario.com.br\/portal\/wp-content\/uploads\/2017\/07\/pai-e-m\u00e3e-cegos.jpg 640w\" sizes=\"auto, (max-width: 300px) 100vw, 300px\" \/><\/a>Dia 12 de outubro ser\u00e1 realizado o &#8220;1\u00ba Encontro de M\u00e3es e Pais com Defici\u00eancia Visual&#8221;, na Casa Lila, Rua Safira, 276, Aclima\u00e7\u00e3o, em S\u00e3o Paulo, das 9h \u00e0s 18h. O objetivo \u00e9 proporcionar aos pais e m\u00e3es a troca de experi\u00eancias na educa\u00e7\u00e3o de seus filhos e ainda oferecer a sociedade a oportunidade de ter contato com este tema de extrema relev\u00e2ncia, desconstruindo a imagem de que pessoas cegas n\u00e3o podem levar uma vida normal, inclusive de criar seus pr\u00f3prios filhos.<\/p>\n<p style=\"text-align: justify;\">Para aqueles que atuam de alguma forma no atendimento de pessoas com defici\u00eancia visual, ser\u00e1 uma experi\u00eancia v\u00e1lida para seu desenvolvimento profissional, e assim saber lidar melhor com esta realidade.<\/p>\n<p style=\"text-align: justify;\">O evento pretende discutir e chamar a aten\u00e7\u00e3o das institui\u00e7\u00f5es que atendem \u00e0s pessoas com defici\u00eancia visual para este tema que vem ganhando cada vez mais visibilidade e propor\u00e7\u00e3o, ao passo que as meninas e meninos, antes atendidos por tais institui\u00e7\u00f5es, cresceram e se tornaram pais, que necessitam do apoio continuo, mas agora de maneira diferenciada e ampliada, para lidar com as quest\u00f5es inerentes \u00e0 cria\u00e7\u00e3o de seus filhos.<\/p>\n<p style=\"text-align: justify;\">Sabe-se que m\u00e3es e pais em geral tem suas quest\u00f5es, por\u00e9m, os com defici\u00eancia visual tem suas peculiaridades, nas quais precisam ser assistidos de igual forma.<\/p>\n<p style=\"text-align: justify;\">Ainda h\u00e1 uma programa\u00e7\u00e3o especial somente a crian\u00e7ada, que passar\u00e3o a parte da manh\u00e3 em uma oficina de pintura sensorial, confeccionando a lembrancinha para as m\u00e3es, a qual ser\u00e1 entregue no final do encontro.<\/p>\n<p style=\"text-align: justify;\"><a href=\"http:\/\/jornalbeirario.com.br\/?attachment_id=51722\" rel=\"attachment wp-att-51722\"><img loading=\"lazy\" decoding=\"async\" class=\"size-medium wp-image-51722 alignright\" src=\"http:\/\/jornalbeirario.com.br\/wp-content\/uploads\/2017\/07\/deficiente-visual-300x225.jpg\" alt=\"\" width=\"300\" height=\"225\" srcset=\"https:\/\/jornalbeirario.com.br\/portal\/wp-content\/uploads\/2017\/07\/deficiente-visual-300x225.jpg 300w, https:\/\/jornalbeirario.com.br\/portal\/wp-content\/uploads\/2017\/07\/deficiente-visual.jpg 640w\" sizes=\"auto, (max-width: 300px) 100vw, 300px\" \/><\/a>Na parte da tarde, poder\u00e3o usufruir do espa\u00e7o, interagirem entre si e brincarem &#8211; com auxilio de monitores.<\/p>\n<p style=\"text-align: justify;\">No dia seguinte est\u00e1 previsto um p\u00f3s-encontro apenas com as m\u00e3es que puderem e desejarem participar, o qual ocorrer\u00e1 na parte da manh\u00e3 em local e com programa\u00e7\u00e3o ainda a serem definidos.<\/p>\n<p style=\"text-align: justify;\">Para facilitar a participa\u00e7\u00e3o de todos, n\u00e3o ser\u00e1 cobrado um valor fixo pela taxa de inscri\u00e7\u00e3o. Desta forma, cada pessoa contribui com quanto puder para ajudar nos gastos da organiza\u00e7\u00e3o e, mesmo n\u00e3o podendo contribuir, poder\u00e1 participar de todas as atividades do evento de igual forma.<\/p>\n<p style=\"text-align: justify;\">Para fazer sua inscri\u00e7\u00e3o e acompanhar todas as novidades sobre o evento, acesse o <a href=\"https:\/\/m.facebook.com\/mapadevi\">link<\/a>.<\/p>\n<p><strong>Veja esse v\u00eddeo de divulga\u00e7\u00e3o:\u00a0<\/strong><\/p>\n<div class=\"fitvids-video\"><iframe loading=\"lazy\" width=\"715\" height=\"402\" src=\"https:\/\/www.youtube.com\/embed\/7Jgo_8ELGPU?feature=oembed\" frameborder=\"0\" allowfullscreen><\/iframe><\/div>\n<p style=\"text-align: justify;\"><strong>Confira a Programa\u00e7\u00e3o:<\/strong><\/p>\n<p style=\"text-align: justify;\">Das 9h \u00e0s 10h: Caf\u00e9 da manh\u00e3 com apresenta\u00e7\u00e3o do encontro, com objetivo e programa\u00e7\u00e3o prevista, momento de intera\u00e7\u00e3o entre as m\u00e3es e crian\u00e7as;<\/p>\n<p style=\"text-align: justify;\">Das 10h30 \u00e0s 12h: Palestra com Joyce Guerra, com o tema: Como \u00e9 ser cega e m\u00e3e? As implica\u00e7\u00f5es de tal status frente aos filhos e \u00e0 sociedade &#8211; com apresenta\u00e7\u00e3o de seu livro &#8220;muito al\u00e9m da sobreviv\u00eancia&#8221;;<\/p>\n<p style=\"text-align: justify;\">Das 12h \u00e0s 14h: Almo\u00e7o e momento para as m\u00e3es interagirem entre si e com seus filhos.<\/p>\n<p style=\"text-align: justify;\">Das 14h \u00e0s 15h: A crescente judicializa\u00e7\u00e3o pela guarda dos filhos de m\u00e3es com defici\u00eancia visual.<br \/>\nPalestrante: Lorelaine Sapia, psic\u00f3loga e servidora do tribunal de justi\u00e7a de S\u00e3o Paulo:<\/p>\n<p style=\"text-align: justify;\">Das 15h \u00e0s 16h: Palestra com Elvis Pessoa: O ponto de vista do filho: Como \u00e9 ter uma m\u00e3e com defici\u00eancia visual?<\/p>\n<p style=\"text-align: justify;\">Das 16h \u00e0s 16h30: Lanche da tarde com intera\u00e7\u00e3o entre as m\u00e3es, com trocas daquilo que elas trouxeram, entrega das lembrancinhas e demonstra\u00e7\u00f5es.<\/p>\n<p style=\"text-align: justify;\">Das 16h30 \u00e0s 17h: Tribuna livre: Espa\u00e7o destinado aos relatos e depoimentos dos pais e m\u00e3es com defici\u00eancia visual que queiram compartilhar suas experi\u00eancias.<\/p>\n<p style=\"text-align: justify;\">Das 17h \u00e0s 17h30: Roda de conversa &#8211; entre m\u00e3es e filhos: O que os olhos pueris v\u00eaem e o que o cora\u00e7\u00e3o maternal sente? Descontra\u00e7\u00e3o com as crian\u00e7as, as quais poder\u00e3o compartilhar suas impress\u00f5es e experi\u00eancias por terem pais e m\u00e3es com defici\u00eancia visual;<\/p>\n<p style=\"text-align: justify;\">Das 17h30 \u00e0s 18h: Considera\u00e7\u00f5es finais, agradecimentos e despedida.<\/p>\n<p><em>Fonte: Portal da Deficiencia Visual<\/em><\/p>\n<p><em>Foto:\u00a0<span class=\"irc_ho\" dir=\"ltr\">Comunicadores.info\/Globo Play\/O Liberdade<\/span><\/em><\/p>\n<p><span style=\"border-radius: 2px; text-indent: 20px; width: auto; padding: 0px 4px 0px 0px; text-align: center; font: bold 11px\/20px 'Helvetica Neue',Helvetica,sans-serif; color: #ffffff; background: #bd081c  no-repeat scroll 3px 50% \/ 14px 14px; position: absolute; opacity: 1; z-index: 8675309; display: none; cursor: pointer;\">Salvar<\/span><\/p>\n","protected":false},"excerpt":{"rendered":"<p>Dia 12 de outubro ser\u00e1 realizado o &#8220;1\u00ba Encontro de M\u00e3es e Pais com Defici\u00eancia Visual&#8221;, na Casa Lila, Rua Safira, 276, Aclima\u00e7\u00e3o, em<\/p>\n","protected":false},"author":1,"featured_media":51718,"comment_status":"open","ping_status":"open","sticky":false,"template":"","format":"standard","meta":{"pmpro_default_level":"","footnotes":""},"categories":[166,13],"tags":[155],"class_list":["post-51717","post","type-post","status-publish","format-standard","has-post-thumbnail","hentry","category-evento","category-social","tag-dehoraemhora","pmpro-has-access"],"yoast_head":"<!-- This site is optimized with the Yoast SEO plugin v27.4 - https:\/\/yoast.com\/product\/yoast-seo-wordpress\/ -->\n<title>Evento em S\u00e3o Paulo mostra que \u00e9 poss\u00edvel deficientes visuais serem pais - JORNAL BEIRA RIO<\/title>\n<meta name=\"robots\" content=\"index, follow, max-snippet:-1, max-image-preview:large, max-video-preview:-1\" \/>\n<link rel=\"canonical\" href=\"https:\/\/jornalbeirario.com.br\/portal\/?p=51717\" \/>\n<meta property=\"og:locale\" content=\"pt_BR\" \/>\n<meta property=\"og:type\" content=\"article\" \/>\n<meta property=\"og:title\" content=\"Evento em S\u00e3o Paulo mostra que \u00e9 poss\u00edvel deficientes visuais serem pais - JORNAL BEIRA RIO\" \/>\n<meta property=\"og:description\" content=\"Dia 12 de outubro ser\u00e1 realizado o &#8220;1\u00ba Encontro de M\u00e3es e Pais com Defici\u00eancia Visual&#8221;, na Casa Lila, Rua Safira, 276, Aclima\u00e7\u00e3o, em\" \/>\n<meta property=\"og:url\" content=\"https:\/\/jornalbeirario.com.br\/portal\/?p=51717\" \/>\n<meta property=\"og:site_name\" content=\"JORNAL BEIRA RIO\" \/>\n<meta property=\"article:published_time\" content=\"2017-07-18T13:34:34+00:00\" \/>\n<meta property=\"og:image\" content=\"https:\/\/jornalbeirario.com.br\/portal\/wp-content\/uploads\/2017\/07\/mae-cega-filho-777.jpg\" \/>\n\t<meta property=\"og:image:width\" content=\"640\" \/>\n\t<meta property=\"og:image:height\" content=\"480\" \/>\n\t<meta property=\"og:image:type\" content=\"image\/jpeg\" \/>\n<meta name=\"author\" content=\"Jornal BEIRA-RIO\" \/>\n<meta name=\"twitter:card\" content=\"summary_large_image\" \/>\n<meta name=\"twitter:label1\" content=\"Escrito por\" \/>\n\t<meta name=\"twitter:data1\" content=\"Jornal BEIRA-RIO\" \/>\n\t<meta name=\"twitter:label2\" content=\"Est. tempo de leitura\" \/>\n\t<meta name=\"twitter:data2\" content=\"3 minutos\" \/>\n<script type=\"application\/ld+json\" class=\"yoast-schema-graph\">{\"@context\":\"https:\\\/\\\/schema.org\",\"@graph\":[{\"@type\":\"Article\",\"@id\":\"https:\\\/\\\/jornalbeirario.com.br\\\/portal\\\/?p=51717#article\",\"isPartOf\":{\"@id\":\"https:\\\/\\\/jornalbeirario.com.br\\\/portal\\\/?p=51717\"},\"author\":{\"name\":\"Jornal BEIRA-RIO\",\"@id\":\"https:\\\/\\\/jornalbeirario.com.br\\\/portal\\\/#\\\/schema\\\/person\\\/c6c423e4c2465d2a9233f6539173e7c1\"},\"headline\":\"Evento em S\u00e3o Paulo mostra que \u00e9 poss\u00edvel deficientes visuais serem pais\",\"datePublished\":\"2017-07-18T13:34:34+00:00\",\"mainEntityOfPage\":{\"@id\":\"https:\\\/\\\/jornalbeirario.com.br\\\/portal\\\/?p=51717\"},\"wordCount\":694,\"commentCount\":0,\"publisher\":{\"@id\":\"https:\\\/\\\/jornalbeirario.com.br\\\/portal\\\/#organization\"},\"image\":{\"@id\":\"https:\\\/\\\/jornalbeirario.com.br\\\/portal\\\/?p=51717#primaryimage\"},\"thumbnailUrl\":\"https:\\\/\\\/jornalbeirario.com.br\\\/portal\\\/wp-content\\\/uploads\\\/2017\\\/07\\\/mae-cega-filho-777.jpg\",\"keywords\":[\"dehoraemhora\"],\"articleSection\":[\"Evento\",\"Social\"],\"inLanguage\":\"pt-BR\",\"potentialAction\":[{\"@type\":\"CommentAction\",\"name\":\"Comment\",\"target\":[\"https:\\\/\\\/jornalbeirario.com.br\\\/portal\\\/?p=51717#respond\"]}]},{\"@type\":\"WebPage\",\"@id\":\"https:\\\/\\\/jornalbeirario.com.br\\\/portal\\\/?p=51717\",\"url\":\"https:\\\/\\\/jornalbeirario.com.br\\\/portal\\\/?p=51717\",\"name\":\"Evento em S\u00e3o Paulo mostra que \u00e9 poss\u00edvel deficientes visuais serem pais - JORNAL BEIRA RIO\",\"isPartOf\":{\"@id\":\"https:\\\/\\\/jornalbeirario.com.br\\\/portal\\\/#website\"},\"primaryImageOfPage\":{\"@id\":\"https:\\\/\\\/jornalbeirario.com.br\\\/portal\\\/?p=51717#primaryimage\"},\"image\":{\"@id\":\"https:\\\/\\\/jornalbeirario.com.br\\\/portal\\\/?p=51717#primaryimage\"},\"thumbnailUrl\":\"https:\\\/\\\/jornalbeirario.com.br\\\/portal\\\/wp-content\\\/uploads\\\/2017\\\/07\\\/mae-cega-filho-777.jpg\",\"datePublished\":\"2017-07-18T13:34:34+00:00\",\"breadcrumb\":{\"@id\":\"https:\\\/\\\/jornalbeirario.com.br\\\/portal\\\/?p=51717#breadcrumb\"},\"inLanguage\":\"pt-BR\",\"potentialAction\":[{\"@type\":\"ReadAction\",\"target\":[\"https:\\\/\\\/jornalbeirario.com.br\\\/portal\\\/?p=51717\"]}]},{\"@type\":\"ImageObject\",\"inLanguage\":\"pt-BR\",\"@id\":\"https:\\\/\\\/jornalbeirario.com.br\\\/portal\\\/?p=51717#primaryimage\",\"url\":\"https:\\\/\\\/jornalbeirario.com.br\\\/portal\\\/wp-content\\\/uploads\\\/2017\\\/07\\\/mae-cega-filho-777.jpg\",\"contentUrl\":\"https:\\\/\\\/jornalbeirario.com.br\\\/portal\\\/wp-content\\\/uploads\\\/2017\\\/07\\\/mae-cega-filho-777.jpg\",\"width\":640,\"height\":480},{\"@type\":\"BreadcrumbList\",\"@id\":\"https:\\\/\\\/jornalbeirario.com.br\\\/portal\\\/?p=51717#breadcrumb\",\"itemListElement\":[{\"@type\":\"ListItem\",\"position\":1,\"name\":\"Home\",\"item\":\"https:\\\/\\\/jornalbeirario.com.br\\\/portal\"},{\"@type\":\"ListItem\",\"position\":2,\"name\":\"Evento em S\u00e3o Paulo mostra que \u00e9 poss\u00edvel deficientes visuais serem pais\"}]},{\"@type\":\"WebSite\",\"@id\":\"https:\\\/\\\/jornalbeirario.com.br\\\/portal\\\/#website\",\"url\":\"https:\\\/\\\/jornalbeirario.com.br\\\/portal\\\/\",\"name\":\"JORNAL BEIRA RIO\",\"description\":\"\",\"publisher\":{\"@id\":\"https:\\\/\\\/jornalbeirario.com.br\\\/portal\\\/#organization\"},\"potentialAction\":[{\"@type\":\"SearchAction\",\"target\":{\"@type\":\"EntryPoint\",\"urlTemplate\":\"https:\\\/\\\/jornalbeirario.com.br\\\/portal\\\/?s={search_term_string}\"},\"query-input\":{\"@type\":\"PropertyValueSpecification\",\"valueRequired\":true,\"valueName\":\"search_term_string\"}}],\"inLanguage\":\"pt-BR\"},{\"@type\":\"Organization\",\"@id\":\"https:\\\/\\\/jornalbeirario.com.br\\\/portal\\\/#organization\",\"name\":\"JORNAL BEIRA RIO\",\"url\":\"https:\\\/\\\/jornalbeirario.com.br\\\/portal\\\/\",\"logo\":{\"@type\":\"ImageObject\",\"inLanguage\":\"pt-BR\",\"@id\":\"https:\\\/\\\/jornalbeirario.com.br\\\/portal\\\/#\\\/schema\\\/logo\\\/image\\\/\",\"url\":\"https:\\\/\\\/jornalbeirario.com.br\\\/portal\\\/wp-content\\\/uploads\\\/2017\\\/09\\\/BEIRA-RIO_logo600.png\",\"contentUrl\":\"https:\\\/\\\/jornalbeirario.com.br\\\/portal\\\/wp-content\\\/uploads\\\/2017\\\/09\\\/BEIRA-RIO_logo600.png\",\"width\":650,\"height\":108,\"caption\":\"JORNAL BEIRA RIO\"},\"image\":{\"@id\":\"https:\\\/\\\/jornalbeirario.com.br\\\/portal\\\/#\\\/schema\\\/logo\\\/image\\\/\"}},{\"@type\":\"Person\",\"@id\":\"https:\\\/\\\/jornalbeirario.com.br\\\/portal\\\/#\\\/schema\\\/person\\\/c6c423e4c2465d2a9233f6539173e7c1\",\"name\":\"Jornal BEIRA-RIO\",\"image\":{\"@type\":\"ImageObject\",\"inLanguage\":\"pt-BR\",\"@id\":\"https:\\\/\\\/jornalbeirario.com.br\\\/portal\\\/wp-content\\\/uploads\\\/2023\\\/10\\\/logojbr1.jpg\",\"url\":\"https:\\\/\\\/jornalbeirario.com.br\\\/portal\\\/wp-content\\\/uploads\\\/2023\\\/10\\\/logojbr1.jpg\",\"contentUrl\":\"https:\\\/\\\/jornalbeirario.com.br\\\/portal\\\/wp-content\\\/uploads\\\/2023\\\/10\\\/logojbr1.jpg\",\"caption\":\"Jornal BEIRA-RIO\"},\"url\":\"https:\\\/\\\/jornalbeirario.com.br\\\/portal\\\/?author=1\"}]}<\/script>\n<!-- \/ Yoast SEO plugin. -->","yoast_head_json":{"title":"Evento em S\u00e3o Paulo mostra que \u00e9 poss\u00edvel deficientes visuais serem pais - JORNAL BEIRA RIO","robots":{"index":"index","follow":"follow","max-snippet":"max-snippet:-1","max-image-preview":"max-image-preview:large","max-video-preview":"max-video-preview:-1"},"canonical":"https:\/\/jornalbeirario.com.br\/portal\/?p=51717","og_locale":"pt_BR","og_type":"article","og_title":"Evento em S\u00e3o Paulo mostra que \u00e9 poss\u00edvel deficientes visuais serem pais - JORNAL BEIRA RIO","og_description":"Dia 12 de outubro ser\u00e1 realizado o &#8220;1\u00ba Encontro de M\u00e3es e Pais com Defici\u00eancia Visual&#8221;, na Casa Lila, Rua Safira, 276, Aclima\u00e7\u00e3o, em","og_url":"https:\/\/jornalbeirario.com.br\/portal\/?p=51717","og_site_name":"JORNAL BEIRA RIO","article_published_time":"2017-07-18T13:34:34+00:00","og_image":[{"width":640,"height":480,"url":"https:\/\/jornalbeirario.com.br\/portal\/wp-content\/uploads\/2017\/07\/mae-cega-filho-777.jpg","type":"image\/jpeg"}],"author":"Jornal BEIRA-RIO","twitter_card":"summary_large_image","twitter_misc":{"Escrito por":"Jornal BEIRA-RIO","Est. tempo de leitura":"3 minutos"},"schema":{"@context":"https:\/\/schema.org","@graph":[{"@type":"Article","@id":"https:\/\/jornalbeirario.com.br\/portal\/?p=51717#article","isPartOf":{"@id":"https:\/\/jornalbeirario.com.br\/portal\/?p=51717"},"author":{"name":"Jornal BEIRA-RIO","@id":"https:\/\/jornalbeirario.com.br\/portal\/#\/schema\/person\/c6c423e4c2465d2a9233f6539173e7c1"},"headline":"Evento em S\u00e3o Paulo mostra que \u00e9 poss\u00edvel deficientes visuais serem pais","datePublished":"2017-07-18T13:34:34+00:00","mainEntityOfPage":{"@id":"https:\/\/jornalbeirario.com.br\/portal\/?p=51717"},"wordCount":694,"commentCount":0,"publisher":{"@id":"https:\/\/jornalbeirario.com.br\/portal\/#organization"},"image":{"@id":"https:\/\/jornalbeirario.com.br\/portal\/?p=51717#primaryimage"},"thumbnailUrl":"https:\/\/jornalbeirario.com.br\/portal\/wp-content\/uploads\/2017\/07\/mae-cega-filho-777.jpg","keywords":["dehoraemhora"],"articleSection":["Evento","Social"],"inLanguage":"pt-BR","potentialAction":[{"@type":"CommentAction","name":"Comment","target":["https:\/\/jornalbeirario.com.br\/portal\/?p=51717#respond"]}]},{"@type":"WebPage","@id":"https:\/\/jornalbeirario.com.br\/portal\/?p=51717","url":"https:\/\/jornalbeirario.com.br\/portal\/?p=51717","name":"Evento em S\u00e3o Paulo mostra que \u00e9 poss\u00edvel deficientes visuais serem pais - JORNAL BEIRA RIO","isPartOf":{"@id":"https:\/\/jornalbeirario.com.br\/portal\/#website"},"primaryImageOfPage":{"@id":"https:\/\/jornalbeirario.com.br\/portal\/?p=51717#primaryimage"},"image":{"@id":"https:\/\/jornalbeirario.com.br\/portal\/?p=51717#primaryimage"},"thumbnailUrl":"https:\/\/jornalbeirario.com.br\/portal\/wp-content\/uploads\/2017\/07\/mae-cega-filho-777.jpg","datePublished":"2017-07-18T13:34:34+00:00","breadcrumb":{"@id":"https:\/\/jornalbeirario.com.br\/portal\/?p=51717#breadcrumb"},"inLanguage":"pt-BR","potentialAction":[{"@type":"ReadAction","target":["https:\/\/jornalbeirario.com.br\/portal\/?p=51717"]}]},{"@type":"ImageObject","inLanguage":"pt-BR","@id":"https:\/\/jornalbeirario.com.br\/portal\/?p=51717#primaryimage","url":"https:\/\/jornalbeirario.com.br\/portal\/wp-content\/uploads\/2017\/07\/mae-cega-filho-777.jpg","contentUrl":"https:\/\/jornalbeirario.com.br\/portal\/wp-content\/uploads\/2017\/07\/mae-cega-filho-777.jpg","width":640,"height":480},{"@type":"BreadcrumbList","@id":"https:\/\/jornalbeirario.com.br\/portal\/?p=51717#breadcrumb","itemListElement":[{"@type":"ListItem","position":1,"name":"Home","item":"https:\/\/jornalbeirario.com.br\/portal"},{"@type":"ListItem","position":2,"name":"Evento em S\u00e3o Paulo mostra que \u00e9 poss\u00edvel deficientes visuais serem pais"}]},{"@type":"WebSite","@id":"https:\/\/jornalbeirario.com.br\/portal\/#website","url":"https:\/\/jornalbeirario.com.br\/portal\/","name":"JORNAL BEIRA RIO","description":"","publisher":{"@id":"https:\/\/jornalbeirario.com.br\/portal\/#organization"},"potentialAction":[{"@type":"SearchAction","target":{"@type":"EntryPoint","urlTemplate":"https:\/\/jornalbeirario.com.br\/portal\/?s={search_term_string}"},"query-input":{"@type":"PropertyValueSpecification","valueRequired":true,"valueName":"search_term_string"}}],"inLanguage":"pt-BR"},{"@type":"Organization","@id":"https:\/\/jornalbeirario.com.br\/portal\/#organization","name":"JORNAL BEIRA RIO","url":"https:\/\/jornalbeirario.com.br\/portal\/","logo":{"@type":"ImageObject","inLanguage":"pt-BR","@id":"https:\/\/jornalbeirario.com.br\/portal\/#\/schema\/logo\/image\/","url":"https:\/\/jornalbeirario.com.br\/portal\/wp-content\/uploads\/2017\/09\/BEIRA-RIO_logo600.png","contentUrl":"https:\/\/jornalbeirario.com.br\/portal\/wp-content\/uploads\/2017\/09\/BEIRA-RIO_logo600.png","width":650,"height":108,"caption":"JORNAL BEIRA RIO"},"image":{"@id":"https:\/\/jornalbeirario.com.br\/portal\/#\/schema\/logo\/image\/"}},{"@type":"Person","@id":"https:\/\/jornalbeirario.com.br\/portal\/#\/schema\/person\/c6c423e4c2465d2a9233f6539173e7c1","name":"Jornal BEIRA-RIO","image":{"@type":"ImageObject","inLanguage":"pt-BR","@id":"https:\/\/jornalbeirario.com.br\/portal\/wp-content\/uploads\/2023\/10\/logojbr1.jpg","url":"https:\/\/jornalbeirario.com.br\/portal\/wp-content\/uploads\/2023\/10\/logojbr1.jpg","contentUrl":"https:\/\/jornalbeirario.com.br\/portal\/wp-content\/uploads\/2023\/10\/logojbr1.jpg","caption":"Jornal BEIRA-RIO"},"url":"https:\/\/jornalbeirario.com.br\/portal\/?author=1"}]}},"_links":{"self":[{"href":"https:\/\/jornalbeirario.com.br\/portal\/index.php?rest_route=\/wp\/v2\/posts\/51717","targetHints":{"allow":["GET"]}}],"collection":[{"href":"https:\/\/jornalbeirario.com.br\/portal\/index.php?rest_route=\/wp\/v2\/posts"}],"about":[{"href":"https:\/\/jornalbeirario.com.br\/portal\/index.php?rest_route=\/wp\/v2\/types\/post"}],"author":[{"embeddable":true,"href":"https:\/\/jornalbeirario.com.br\/portal\/index.php?rest_route=\/wp\/v2\/users\/1"}],"replies":[{"embeddable":true,"href":"https:\/\/jornalbeirario.com.br\/portal\/index.php?rest_route=%2Fwp%2Fv2%2Fcomments&post=51717"}],"version-history":[{"count":3,"href":"https:\/\/jornalbeirario.com.br\/portal\/index.php?rest_route=\/wp\/v2\/posts\/51717\/revisions"}],"predecessor-version":[{"id":51736,"href":"https:\/\/jornalbeirario.com.br\/portal\/index.php?rest_route=\/wp\/v2\/posts\/51717\/revisions\/51736"}],"wp:featuredmedia":[{"embeddable":true,"href":"https:\/\/jornalbeirario.com.br\/portal\/index.php?rest_route=\/wp\/v2\/media\/51718"}],"wp:attachment":[{"href":"https:\/\/jornalbeirario.com.br\/portal\/index.php?rest_route=%2Fwp%2Fv2%2Fmedia&parent=51717"}],"wp:term":[{"taxonomy":"category","embeddable":true,"href":"https:\/\/jornalbeirario.com.br\/portal\/index.php?rest_route=%2Fwp%2Fv2%2Fcategories&post=51717"},{"taxonomy":"post_tag","embeddable":true,"href":"https:\/\/jornalbeirario.com.br\/portal\/index.php?rest_route=%2Fwp%2Fv2%2Ftags&post=51717"}],"curies":[{"name":"wp","href":"https:\/\/api.w.org\/{rel}","templated":true}]}}