
{"id":51081,"date":"2017-06-26T01:11:57","date_gmt":"2017-06-26T04:11:57","guid":{"rendered":"http:\/\/jornalbeirario.com.br\/portal\/?p=51081"},"modified":"2017-06-26T01:29:43","modified_gmt":"2017-06-26T04:29:43","slug":"muito-sofrimento-e-morte-familia-pede-que-profissionais-de-saude-tenham-amor","status":"publish","type":"post","link":"https:\/\/jornalbeirario.com.br\/portal\/?p=51081","title":{"rendered":"Muito sofrimento e morte: fam\u00edlia pede que profissionais de sa\u00fade tenham &#8220;amor&#8221;"},"content":{"rendered":"<p style=\"text-align: justify;\">A fam\u00edlia de Claudia Lucia Pereira Neves tem buscado, h\u00e1 um m\u00eas, respostas sobre o que consideram, numa primeira impress\u00e3o, descaso e talvez, neglig\u00eancia, por parte de profissionais da sa\u00fade, que podem ter resultado na morte de Claudia, que tinha 47 anos. Uma hist\u00f3ria triste e que deixou \u00f3rf\u00e3s duas filhas. Stef\u00e2nia Gabriela Neves da Silva, a mais velha, tem percorrido v\u00e1rios lugares buscando o que considera Justi\u00e7a, mas se diz sem esperan\u00e7a. &#8220;Quero provid\u00eancias, mas esperan\u00e7a que aquilo l\u00e1 vai melhorar? Sinceramente? N\u00e3o tenho n\u00e3o&#8221;. Stef\u00e2nia se refere ao Hospital de Emerg\u00eancia de Resende, onde sua m\u00e3e entrou na noite do dia 27 de abril engasgada com um peda\u00e7o de carne e depois de alguns procedimentos, alta e retorno ao hospital, a m\u00e3e de Stef\u00e2nia ficou 22 dias internada no CTI, onde morreu no dia 20 de maio.<\/p>\n<p style=\"text-align: justify;\">\u2014 Estou aqui pedindo provid\u00eancias, principalmente pela forma que minha m\u00e3e foi tratada. Foi muito sofrimento, muita dor e descaso, desabafou Stef\u00e2nia na reuni\u00e3o do Conselho Municipal de Sa\u00fade, dia 20 de junho. Stef\u00e2nia relatou que requisitou o prontu\u00e1rio da m\u00e3e e procurou a Ouvidoria do Hospital de Emerg\u00eancia e, por quase um m\u00eas, aguardou a resposta, sem sucesso. Foi procurar novamente a Ouvidoria e ouviu que a resposta \u00e0 sua den\u00fancia s\u00f3 sairia em agosto. Indignada, ela e a prima decidiram procurar o Conselho Municipal de Sa\u00fade que acolheu sua den\u00fancia e iniciou uma apura\u00e7\u00e3o das circunst\u00e2ncias que envolveram atendimento e morte da m\u00e3e.<\/p>\n<figure id=\"attachment_51098\" aria-describedby=\"caption-attachment-51098\" style=\"width: 300px\" class=\"wp-caption alignleft\"><a href=\"http:\/\/jornalbeirario.com.br\/?attachment_id=51098\" rel=\"attachment wp-att-51098\"><img loading=\"lazy\" decoding=\"async\" class=\"size-medium wp-image-51098\" src=\"http:\/\/jornalbeirario.com.br\/wp-content\/uploads\/2017\/06\/Claudia-300x169.jpg\" alt=\"\" width=\"300\" height=\"169\" srcset=\"https:\/\/jornalbeirario.com.br\/portal\/wp-content\/uploads\/2017\/06\/Claudia-300x169.jpg 300w, https:\/\/jornalbeirario.com.br\/portal\/wp-content\/uploads\/2017\/06\/Claudia-768x432.jpg 768w, https:\/\/jornalbeirario.com.br\/portal\/wp-content\/uploads\/2017\/06\/Claudia.jpg 960w\" sizes=\"auto, (max-width: 300px) 100vw, 300px\" \/><\/a><figcaption id=\"caption-attachment-51098\" class=\"wp-caption-text\">O incha\u00e7o no pesco\u00e7o de Claudia assustou a filha que percebia que a m\u00e3e n\u00e3o estava nada bem<\/figcaption><\/figure>\n<p style=\"text-align: justify;\">Stef\u00e2nia contou que chegou na manh\u00e3 do dia 28 para ficar com a m\u00e3e e se assustou com o incha\u00e7o na regi\u00e3o do pesco\u00e7o, a m\u00e3e n\u00e3o conseguia engolir, muitas dores e tinha dificuldades para respirar, me falou que nenhum m\u00e9dico passou para v\u00ea-la. &#8220;Sa\u00ed a procura de um m\u00e9dico e encontrei a dra. Gabriela que informou que minha seria transferida para a Santa Casa para fazer o exame&#8221;, conta a filha. No relato, o primeiro atendimento, na noite do dia 27, constatou que precisava de uma endoscopia, mas ficou para o dia seguinte. &#8220;Minha m\u00e3e sofreu muito. Minha m\u00e3e passou a noite toda com muita dor. No dia seguinte foi uma tortura. Acompanhei minha m\u00e3e at\u00e9 a Santa Casa e l\u00e1 depois de 40 minutos dentro da sala, a m\u00e9dica sai e diz que tentou e n\u00e3o conseguiu fazer o exame porque minha m\u00e3e estava muito agitada e que precisou de v\u00e1rias pessoas para a segurarem. Minha m\u00e3e contou que uma enfermeira subiu em cima dela. O que \u00e9 isso? A m\u00e9dica me tratou muito mal&#8221;. No laudo fornecido pela m\u00e9dica Gabriela Pereira, que presta servi\u00e7o para o SUS, na Santa Casa com este tipo de exame, a profissional confirma que precisou levar Claudia para o centro cir\u00fargico e chamar o anestesista para realizar o exame. A m\u00e9dica adiantou ao <strong>BEIRA-RIO<\/strong> que \u00e9 uma injusti\u00e7a apontar descaso no seu procedimento e que prefere se pronunciar melhor, depois que ler o documento que a fam\u00edlia entregou aos conselheiros municipais de sa\u00fade.<\/p>\n<p style=\"text-align: justify;\">De volta para o Hospital de Emerg\u00eancia, Claudia teria recebido alta, mas Stef\u00e2nia relata que o m\u00e9dico n\u00e3o a viu e continuava passando muito mal; tinha dificuldades para respirar e continuava com as dores. &#8220;As dores pareciam que tinham piorado, questionei a alta e pedi pelo amor de Deus para deixarem ela ficar l\u00e1. A enfermeira cedeu. Come\u00e7ou a passar mal e pedia a enfermeira para chamar o m\u00e9dico, mas dizia que n\u00e3o podia, ora porque o m\u00e9dico estava ocupado, ora porque dormia e que minha m\u00e3e j\u00e1 estava de alta. At\u00e9 que comecei a pedir muito quando veio dr S\u00e9rgio que quando viu minha m\u00e3e, falou de uma forma r\u00edspida &#8216;o que est\u00e1 fazendo aqui ainda, voc\u00ea j\u00e1 teve alta&#8217;. Nunca vi tanta falta de acolhimento. Foi de uma falta de educa\u00e7\u00e3o, r\u00edspido, amassou a alta e foi chamar outro m\u00e9dico. A enfermeira Gilcimara at\u00e9 pediu para eu n\u00e3o ligar para a situa\u00e7\u00e3o porque o m\u00e9dico estava estressado e eu e minha m\u00e3e o que temos com isso? Veio ent\u00e3o o dr. Fl\u00e1vio que nos atendeu bem, passou rem\u00e9dio para minha m\u00e3e dormir e passou um Raio X, porque a enfermeira Gilcimara insistiu e eu tamb\u00e9m. O t\u00e9cnico na Radiologia disse que o exame precisava ser repetido porque minha m\u00e3e n\u00e3o conseguia encher os pulm\u00f5es e considerou preocupante o que via e sugeriu uma tomografia. Entrei em desespero. O m\u00e9dico n\u00e3o veio ver o Raio X, minha m\u00e3e passou mal a madrugada inteira e a enfermagem n\u00e3o chamou o m\u00e9dico. Pela manh\u00e3 chegou o m\u00e9dico Fernando, expliquei tudo a ele, mas tamb\u00e9m n\u00e3o viu o Raio X, me disse que era normal o que ela estava sentindo e passou s\u00f3 mais um rem\u00e9dio e deu alta. Levei minha m\u00e3e para minha casa&#8221;, descreve com l\u00e1grimas Stef\u00e2nia que mora em Quatis e contou que as dores da m\u00e3e n\u00e3o passavam e a levou ent\u00e3o no Hospital S\u00e3o Lucas naquele munic\u00edpio.<\/p>\n<p style=\"text-align: justify;\">\u2014 O caso era t\u00e3o grave que o m\u00e9dico l\u00e1 de Quatis veio junto com a minha m\u00e3e, do S\u00e3o Lucas de volta para o Hospital de Emerg\u00eancia. Ele viu que ela n\u00e3o estava nada bem. A partir da\u00ed foi muito triste, minha m\u00e3e dizia que ia morrer e ela morreu. Foi para o CTI e ent\u00e3o constataram que o es\u00f4fago dela estava perfurado. Quando isso aconteceu? Fez cinco cirurgias, sofreu muito e no dia 20 de maio ela morreu. Depois da den\u00fancia no Conselho de Sa\u00fade, no dia seguinte o hospital ligou para Stef\u00e2nia e disse que a resposta \u00e0 sua reclama\u00e7\u00e3o estava dispon\u00edvel.<\/p>\n<p style=\"text-align: justify;\">O Hospital de Emerg\u00eancia por meio da Dire\u00e7\u00e3o Cl\u00ednica entregou \u00e0 filha de Claudia um documento que informa que foi aberto processo administrativo para apurar os fatos e vai ouvir todos os envolvidos. O secret\u00e1rio de sa\u00fade, Alexandre Vieira confirmou a apura\u00e7\u00e3o e que ser\u00e1 feita com celeridade: &#8220;A Secretaria de Sa\u00fade se solidariza com a dor dos familiares e j\u00e1 determinou a abertura de processo de sindic\u00e2ncia para an\u00e1lise dos procedimentos no caso citado e o resultado ser\u00e1 enviado \u00e0 solicitante e ao Conselho Municipal de Sa\u00fade na maior brevidade poss\u00edvel&#8221;.<\/p>\n<figure id=\"attachment_51096\" aria-describedby=\"caption-attachment-51096\" style=\"width: 300px\" class=\"wp-caption alignleft\"><a href=\"http:\/\/jornalbeirario.com.br\/?attachment_id=51096\" rel=\"attachment wp-att-51096\"><img loading=\"lazy\" decoding=\"async\" class=\"size-medium wp-image-51096\" src=\"http:\/\/jornalbeirario.com.br\/wp-content\/uploads\/2017\/06\/com-a-fam\u00edlia-300x199.jpg\" alt=\"\" width=\"300\" height=\"199\" srcset=\"https:\/\/jornalbeirario.com.br\/portal\/wp-content\/uploads\/2017\/06\/com-a-fam\u00edlia-300x199.jpg 300w, https:\/\/jornalbeirario.com.br\/portal\/wp-content\/uploads\/2017\/06\/com-a-fam\u00edlia-768x510.jpg 768w, https:\/\/jornalbeirario.com.br\/portal\/wp-content\/uploads\/2017\/06\/com-a-fam\u00edlia.jpg 960w\" sizes=\"auto, (max-width: 300px) 100vw, 300px\" \/><\/a><figcaption id=\"caption-attachment-51096\" class=\"wp-caption-text\">Claudia com o neto e as duas filhas numa data feliz em 2016. Os 15 anos da filha mais nova.<\/figcaption><\/figure>\n<p style=\"text-align: justify;\">\u2014 Minha m\u00e3e era uma mulher alegre, vivia com um sorriso no rosto. Eu quero conversar com eles, sabia? Olhar para eles e pedir que tenham mais amor. Foi muito descaso, faltou contraste para minha m\u00e3e fazer exame, faltou respeito, aten\u00e7\u00e3o, acolhimento. Do CTI n\u00e3o posso reclamar, mas minha chegou s\u00f3 engasgada, deram alta e s\u00f3 depois de 48 horas que viram es\u00f4fago perfurado? Vou procurar ajuda de todo mundo. Eu e minha prima fomos no Conselho e vamos onde tiver que ir para que n\u00e3o fa\u00e7am nunca mais isso com ningu\u00e9m, Stef\u00e2nia fala decidida a levar o caso ao conhecimento tamb\u00e9m do Minist\u00e9rio P\u00fablico e do Conselho Regional de Medicina.<\/p>\n","protected":false},"excerpt":{"rendered":"<p>A fam\u00edlia de Claudia Lucia Pereira Neves tem buscado, h\u00e1 um m\u00eas, respostas sobre o que consideram, numa primeira impress\u00e3o, descaso e talvez, neglig\u00eancia,<\/p>\n","protected":false},"author":1,"featured_media":51099,"comment_status":"open","ping_status":"open","sticky":false,"template":"","format":"standard","meta":{"pmpro_default_level":"","footnotes":""},"categories":[1,18],"tags":[155,153],"class_list":["post-51081","post","type-post","status-publish","format-standard","has-post-thumbnail","hentry","category-cidade","category-saude","tag-dehoraemhora","tag-manchete","pmpro-has-access"],"yoast_head":"<!-- This site is optimized with the Yoast SEO plugin v27.4 - https:\/\/yoast.com\/product\/yoast-seo-wordpress\/ -->\n<title>Muito sofrimento e morte: fam\u00edlia pede que profissionais de sa\u00fade tenham &quot;amor&quot; - JORNAL BEIRA RIO<\/title>\n<meta name=\"robots\" content=\"index, follow, max-snippet:-1, max-image-preview:large, max-video-preview:-1\" \/>\n<link rel=\"canonical\" href=\"https:\/\/jornalbeirario.com.br\/portal\/?p=51081\" \/>\n<meta property=\"og:locale\" content=\"pt_BR\" \/>\n<meta property=\"og:type\" content=\"article\" \/>\n<meta property=\"og:title\" content=\"Muito sofrimento e morte: fam\u00edlia pede que profissionais de sa\u00fade tenham &quot;amor&quot; - JORNAL BEIRA RIO\" \/>\n<meta property=\"og:description\" content=\"A fam\u00edlia de Claudia Lucia Pereira Neves tem buscado, h\u00e1 um m\u00eas, respostas sobre o que consideram, numa primeira impress\u00e3o, descaso e talvez, neglig\u00eancia,\" \/>\n<meta property=\"og:url\" content=\"https:\/\/jornalbeirario.com.br\/portal\/?p=51081\" \/>\n<meta property=\"og:site_name\" content=\"JORNAL BEIRA RIO\" \/>\n<meta property=\"article:published_time\" content=\"2017-06-26T04:11:57+00:00\" \/>\n<meta property=\"article:modified_time\" content=\"2017-06-26T04:29:43+00:00\" \/>\n<meta property=\"og:image\" content=\"https:\/\/jornalbeirario.com.br\/portal\/wp-content\/uploads\/2017\/06\/he.jpg\" \/>\n\t<meta property=\"og:image:width\" content=\"930\" \/>\n\t<meta property=\"og:image:height\" content=\"477\" \/>\n\t<meta property=\"og:image:type\" content=\"image\/jpeg\" \/>\n<meta name=\"author\" content=\"Jornal BEIRA-RIO\" \/>\n<meta name=\"twitter:card\" content=\"summary_large_image\" \/>\n<meta name=\"twitter:label1\" content=\"Escrito por\" \/>\n\t<meta name=\"twitter:data1\" content=\"Jornal BEIRA-RIO\" \/>\n\t<meta name=\"twitter:label2\" content=\"Est. tempo de leitura\" \/>\n\t<meta name=\"twitter:data2\" content=\"7 minutos\" \/>\n<script type=\"application\/ld+json\" class=\"yoast-schema-graph\">{\"@context\":\"https:\\\/\\\/schema.org\",\"@graph\":[{\"@type\":\"Article\",\"@id\":\"https:\\\/\\\/jornalbeirario.com.br\\\/portal\\\/?p=51081#article\",\"isPartOf\":{\"@id\":\"https:\\\/\\\/jornalbeirario.com.br\\\/portal\\\/?p=51081\"},\"author\":{\"name\":\"Jornal BEIRA-RIO\",\"@id\":\"https:\\\/\\\/jornalbeirario.com.br\\\/portal\\\/#\\\/schema\\\/person\\\/c6c423e4c2465d2a9233f6539173e7c1\"},\"headline\":\"Muito sofrimento e morte: fam\u00edlia pede que profissionais de sa\u00fade tenham &#8220;amor&#8221;\",\"datePublished\":\"2017-06-26T04:11:57+00:00\",\"dateModified\":\"2017-06-26T04:29:43+00:00\",\"mainEntityOfPage\":{\"@id\":\"https:\\\/\\\/jornalbeirario.com.br\\\/portal\\\/?p=51081\"},\"wordCount\":1317,\"commentCount\":12,\"publisher\":{\"@id\":\"https:\\\/\\\/jornalbeirario.com.br\\\/portal\\\/#organization\"},\"image\":{\"@id\":\"https:\\\/\\\/jornalbeirario.com.br\\\/portal\\\/?p=51081#primaryimage\"},\"thumbnailUrl\":\"https:\\\/\\\/jornalbeirario.com.br\\\/portal\\\/wp-content\\\/uploads\\\/2017\\\/06\\\/he.jpg\",\"keywords\":[\"dehoraemhora\",\"manchete\"],\"articleSection\":[\"Cidade\",\"Sa\u00fade\"],\"inLanguage\":\"pt-BR\",\"potentialAction\":[{\"@type\":\"CommentAction\",\"name\":\"Comment\",\"target\":[\"https:\\\/\\\/jornalbeirario.com.br\\\/portal\\\/?p=51081#respond\"]}]},{\"@type\":\"WebPage\",\"@id\":\"https:\\\/\\\/jornalbeirario.com.br\\\/portal\\\/?p=51081\",\"url\":\"https:\\\/\\\/jornalbeirario.com.br\\\/portal\\\/?p=51081\",\"name\":\"Muito sofrimento e morte: fam\u00edlia pede que profissionais de sa\u00fade tenham \\\"amor\\\" - JORNAL BEIRA RIO\",\"isPartOf\":{\"@id\":\"https:\\\/\\\/jornalbeirario.com.br\\\/portal\\\/#website\"},\"primaryImageOfPage\":{\"@id\":\"https:\\\/\\\/jornalbeirario.com.br\\\/portal\\\/?p=51081#primaryimage\"},\"image\":{\"@id\":\"https:\\\/\\\/jornalbeirario.com.br\\\/portal\\\/?p=51081#primaryimage\"},\"thumbnailUrl\":\"https:\\\/\\\/jornalbeirario.com.br\\\/portal\\\/wp-content\\\/uploads\\\/2017\\\/06\\\/he.jpg\",\"datePublished\":\"2017-06-26T04:11:57+00:00\",\"dateModified\":\"2017-06-26T04:29:43+00:00\",\"breadcrumb\":{\"@id\":\"https:\\\/\\\/jornalbeirario.com.br\\\/portal\\\/?p=51081#breadcrumb\"},\"inLanguage\":\"pt-BR\",\"potentialAction\":[{\"@type\":\"ReadAction\",\"target\":[\"https:\\\/\\\/jornalbeirario.com.br\\\/portal\\\/?p=51081\"]}]},{\"@type\":\"ImageObject\",\"inLanguage\":\"pt-BR\",\"@id\":\"https:\\\/\\\/jornalbeirario.com.br\\\/portal\\\/?p=51081#primaryimage\",\"url\":\"https:\\\/\\\/jornalbeirario.com.br\\\/portal\\\/wp-content\\\/uploads\\\/2017\\\/06\\\/he.jpg\",\"contentUrl\":\"https:\\\/\\\/jornalbeirario.com.br\\\/portal\\\/wp-content\\\/uploads\\\/2017\\\/06\\\/he.jpg\",\"width\":930,\"height\":477},{\"@type\":\"BreadcrumbList\",\"@id\":\"https:\\\/\\\/jornalbeirario.com.br\\\/portal\\\/?p=51081#breadcrumb\",\"itemListElement\":[{\"@type\":\"ListItem\",\"position\":1,\"name\":\"Home\",\"item\":\"https:\\\/\\\/jornalbeirario.com.br\\\/portal\"},{\"@type\":\"ListItem\",\"position\":2,\"name\":\"Muito sofrimento e morte: fam\u00edlia pede que profissionais de sa\u00fade tenham &#8220;amor&#8221;\"}]},{\"@type\":\"WebSite\",\"@id\":\"https:\\\/\\\/jornalbeirario.com.br\\\/portal\\\/#website\",\"url\":\"https:\\\/\\\/jornalbeirario.com.br\\\/portal\\\/\",\"name\":\"JORNAL BEIRA RIO\",\"description\":\"\",\"publisher\":{\"@id\":\"https:\\\/\\\/jornalbeirario.com.br\\\/portal\\\/#organization\"},\"potentialAction\":[{\"@type\":\"SearchAction\",\"target\":{\"@type\":\"EntryPoint\",\"urlTemplate\":\"https:\\\/\\\/jornalbeirario.com.br\\\/portal\\\/?s={search_term_string}\"},\"query-input\":{\"@type\":\"PropertyValueSpecification\",\"valueRequired\":true,\"valueName\":\"search_term_string\"}}],\"inLanguage\":\"pt-BR\"},{\"@type\":\"Organization\",\"@id\":\"https:\\\/\\\/jornalbeirario.com.br\\\/portal\\\/#organization\",\"name\":\"JORNAL BEIRA RIO\",\"url\":\"https:\\\/\\\/jornalbeirario.com.br\\\/portal\\\/\",\"logo\":{\"@type\":\"ImageObject\",\"inLanguage\":\"pt-BR\",\"@id\":\"https:\\\/\\\/jornalbeirario.com.br\\\/portal\\\/#\\\/schema\\\/logo\\\/image\\\/\",\"url\":\"https:\\\/\\\/jornalbeirario.com.br\\\/portal\\\/wp-content\\\/uploads\\\/2017\\\/09\\\/BEIRA-RIO_logo600.png\",\"contentUrl\":\"https:\\\/\\\/jornalbeirario.com.br\\\/portal\\\/wp-content\\\/uploads\\\/2017\\\/09\\\/BEIRA-RIO_logo600.png\",\"width\":650,\"height\":108,\"caption\":\"JORNAL BEIRA RIO\"},\"image\":{\"@id\":\"https:\\\/\\\/jornalbeirario.com.br\\\/portal\\\/#\\\/schema\\\/logo\\\/image\\\/\"}},{\"@type\":\"Person\",\"@id\":\"https:\\\/\\\/jornalbeirario.com.br\\\/portal\\\/#\\\/schema\\\/person\\\/c6c423e4c2465d2a9233f6539173e7c1\",\"name\":\"Jornal BEIRA-RIO\",\"image\":{\"@type\":\"ImageObject\",\"inLanguage\":\"pt-BR\",\"@id\":\"https:\\\/\\\/jornalbeirario.com.br\\\/portal\\\/wp-content\\\/uploads\\\/2023\\\/10\\\/logojbr1.jpg\",\"url\":\"https:\\\/\\\/jornalbeirario.com.br\\\/portal\\\/wp-content\\\/uploads\\\/2023\\\/10\\\/logojbr1.jpg\",\"contentUrl\":\"https:\\\/\\\/jornalbeirario.com.br\\\/portal\\\/wp-content\\\/uploads\\\/2023\\\/10\\\/logojbr1.jpg\",\"caption\":\"Jornal BEIRA-RIO\"},\"url\":\"https:\\\/\\\/jornalbeirario.com.br\\\/portal\\\/?author=1\"}]}<\/script>\n<!-- \/ Yoast SEO plugin. -->","yoast_head_json":{"title":"Muito sofrimento e morte: fam\u00edlia pede que profissionais de sa\u00fade tenham \"amor\" - JORNAL BEIRA RIO","robots":{"index":"index","follow":"follow","max-snippet":"max-snippet:-1","max-image-preview":"max-image-preview:large","max-video-preview":"max-video-preview:-1"},"canonical":"https:\/\/jornalbeirario.com.br\/portal\/?p=51081","og_locale":"pt_BR","og_type":"article","og_title":"Muito sofrimento e morte: fam\u00edlia pede que profissionais de sa\u00fade tenham \"amor\" - JORNAL BEIRA RIO","og_description":"A fam\u00edlia de Claudia Lucia Pereira Neves tem buscado, h\u00e1 um m\u00eas, respostas sobre o que consideram, numa primeira impress\u00e3o, descaso e talvez, neglig\u00eancia,","og_url":"https:\/\/jornalbeirario.com.br\/portal\/?p=51081","og_site_name":"JORNAL BEIRA RIO","article_published_time":"2017-06-26T04:11:57+00:00","article_modified_time":"2017-06-26T04:29:43+00:00","og_image":[{"width":930,"height":477,"url":"https:\/\/jornalbeirario.com.br\/portal\/wp-content\/uploads\/2017\/06\/he.jpg","type":"image\/jpeg"}],"author":"Jornal BEIRA-RIO","twitter_card":"summary_large_image","twitter_misc":{"Escrito por":"Jornal BEIRA-RIO","Est. tempo de leitura":"7 minutos"},"schema":{"@context":"https:\/\/schema.org","@graph":[{"@type":"Article","@id":"https:\/\/jornalbeirario.com.br\/portal\/?p=51081#article","isPartOf":{"@id":"https:\/\/jornalbeirario.com.br\/portal\/?p=51081"},"author":{"name":"Jornal BEIRA-RIO","@id":"https:\/\/jornalbeirario.com.br\/portal\/#\/schema\/person\/c6c423e4c2465d2a9233f6539173e7c1"},"headline":"Muito sofrimento e morte: fam\u00edlia pede que profissionais de sa\u00fade tenham &#8220;amor&#8221;","datePublished":"2017-06-26T04:11:57+00:00","dateModified":"2017-06-26T04:29:43+00:00","mainEntityOfPage":{"@id":"https:\/\/jornalbeirario.com.br\/portal\/?p=51081"},"wordCount":1317,"commentCount":12,"publisher":{"@id":"https:\/\/jornalbeirario.com.br\/portal\/#organization"},"image":{"@id":"https:\/\/jornalbeirario.com.br\/portal\/?p=51081#primaryimage"},"thumbnailUrl":"https:\/\/jornalbeirario.com.br\/portal\/wp-content\/uploads\/2017\/06\/he.jpg","keywords":["dehoraemhora","manchete"],"articleSection":["Cidade","Sa\u00fade"],"inLanguage":"pt-BR","potentialAction":[{"@type":"CommentAction","name":"Comment","target":["https:\/\/jornalbeirario.com.br\/portal\/?p=51081#respond"]}]},{"@type":"WebPage","@id":"https:\/\/jornalbeirario.com.br\/portal\/?p=51081","url":"https:\/\/jornalbeirario.com.br\/portal\/?p=51081","name":"Muito sofrimento e morte: fam\u00edlia pede que profissionais de sa\u00fade tenham \"amor\" - JORNAL BEIRA RIO","isPartOf":{"@id":"https:\/\/jornalbeirario.com.br\/portal\/#website"},"primaryImageOfPage":{"@id":"https:\/\/jornalbeirario.com.br\/portal\/?p=51081#primaryimage"},"image":{"@id":"https:\/\/jornalbeirario.com.br\/portal\/?p=51081#primaryimage"},"thumbnailUrl":"https:\/\/jornalbeirario.com.br\/portal\/wp-content\/uploads\/2017\/06\/he.jpg","datePublished":"2017-06-26T04:11:57+00:00","dateModified":"2017-06-26T04:29:43+00:00","breadcrumb":{"@id":"https:\/\/jornalbeirario.com.br\/portal\/?p=51081#breadcrumb"},"inLanguage":"pt-BR","potentialAction":[{"@type":"ReadAction","target":["https:\/\/jornalbeirario.com.br\/portal\/?p=51081"]}]},{"@type":"ImageObject","inLanguage":"pt-BR","@id":"https:\/\/jornalbeirario.com.br\/portal\/?p=51081#primaryimage","url":"https:\/\/jornalbeirario.com.br\/portal\/wp-content\/uploads\/2017\/06\/he.jpg","contentUrl":"https:\/\/jornalbeirario.com.br\/portal\/wp-content\/uploads\/2017\/06\/he.jpg","width":930,"height":477},{"@type":"BreadcrumbList","@id":"https:\/\/jornalbeirario.com.br\/portal\/?p=51081#breadcrumb","itemListElement":[{"@type":"ListItem","position":1,"name":"Home","item":"https:\/\/jornalbeirario.com.br\/portal"},{"@type":"ListItem","position":2,"name":"Muito sofrimento e morte: fam\u00edlia pede que profissionais de sa\u00fade tenham &#8220;amor&#8221;"}]},{"@type":"WebSite","@id":"https:\/\/jornalbeirario.com.br\/portal\/#website","url":"https:\/\/jornalbeirario.com.br\/portal\/","name":"JORNAL BEIRA RIO","description":"","publisher":{"@id":"https:\/\/jornalbeirario.com.br\/portal\/#organization"},"potentialAction":[{"@type":"SearchAction","target":{"@type":"EntryPoint","urlTemplate":"https:\/\/jornalbeirario.com.br\/portal\/?s={search_term_string}"},"query-input":{"@type":"PropertyValueSpecification","valueRequired":true,"valueName":"search_term_string"}}],"inLanguage":"pt-BR"},{"@type":"Organization","@id":"https:\/\/jornalbeirario.com.br\/portal\/#organization","name":"JORNAL BEIRA RIO","url":"https:\/\/jornalbeirario.com.br\/portal\/","logo":{"@type":"ImageObject","inLanguage":"pt-BR","@id":"https:\/\/jornalbeirario.com.br\/portal\/#\/schema\/logo\/image\/","url":"https:\/\/jornalbeirario.com.br\/portal\/wp-content\/uploads\/2017\/09\/BEIRA-RIO_logo600.png","contentUrl":"https:\/\/jornalbeirario.com.br\/portal\/wp-content\/uploads\/2017\/09\/BEIRA-RIO_logo600.png","width":650,"height":108,"caption":"JORNAL BEIRA RIO"},"image":{"@id":"https:\/\/jornalbeirario.com.br\/portal\/#\/schema\/logo\/image\/"}},{"@type":"Person","@id":"https:\/\/jornalbeirario.com.br\/portal\/#\/schema\/person\/c6c423e4c2465d2a9233f6539173e7c1","name":"Jornal BEIRA-RIO","image":{"@type":"ImageObject","inLanguage":"pt-BR","@id":"https:\/\/jornalbeirario.com.br\/portal\/wp-content\/uploads\/2023\/10\/logojbr1.jpg","url":"https:\/\/jornalbeirario.com.br\/portal\/wp-content\/uploads\/2023\/10\/logojbr1.jpg","contentUrl":"https:\/\/jornalbeirario.com.br\/portal\/wp-content\/uploads\/2023\/10\/logojbr1.jpg","caption":"Jornal BEIRA-RIO"},"url":"https:\/\/jornalbeirario.com.br\/portal\/?author=1"}]}},"_links":{"self":[{"href":"https:\/\/jornalbeirario.com.br\/portal\/index.php?rest_route=\/wp\/v2\/posts\/51081","targetHints":{"allow":["GET"]}}],"collection":[{"href":"https:\/\/jornalbeirario.com.br\/portal\/index.php?rest_route=\/wp\/v2\/posts"}],"about":[{"href":"https:\/\/jornalbeirario.com.br\/portal\/index.php?rest_route=\/wp\/v2\/types\/post"}],"author":[{"embeddable":true,"href":"https:\/\/jornalbeirario.com.br\/portal\/index.php?rest_route=\/wp\/v2\/users\/1"}],"replies":[{"embeddable":true,"href":"https:\/\/jornalbeirario.com.br\/portal\/index.php?rest_route=%2Fwp%2Fv2%2Fcomments&post=51081"}],"version-history":[{"count":8,"href":"https:\/\/jornalbeirario.com.br\/portal\/index.php?rest_route=\/wp\/v2\/posts\/51081\/revisions"}],"predecessor-version":[{"id":51102,"href":"https:\/\/jornalbeirario.com.br\/portal\/index.php?rest_route=\/wp\/v2\/posts\/51081\/revisions\/51102"}],"wp:featuredmedia":[{"embeddable":true,"href":"https:\/\/jornalbeirario.com.br\/portal\/index.php?rest_route=\/wp\/v2\/media\/51099"}],"wp:attachment":[{"href":"https:\/\/jornalbeirario.com.br\/portal\/index.php?rest_route=%2Fwp%2Fv2%2Fmedia&parent=51081"}],"wp:term":[{"taxonomy":"category","embeddable":true,"href":"https:\/\/jornalbeirario.com.br\/portal\/index.php?rest_route=%2Fwp%2Fv2%2Fcategories&post=51081"},{"taxonomy":"post_tag","embeddable":true,"href":"https:\/\/jornalbeirario.com.br\/portal\/index.php?rest_route=%2Fwp%2Fv2%2Ftags&post=51081"}],"curies":[{"name":"wp","href":"https:\/\/api.w.org\/{rel}","templated":true}]}}