
{"id":50826,"date":"2017-06-16T11:12:47","date_gmt":"2017-06-16T14:12:47","guid":{"rendered":"http:\/\/jornalbeirario.com.br\/portal\/?p=50826"},"modified":"2017-06-16T11:13:23","modified_gmt":"2017-06-16T14:13:23","slug":"50826","status":"publish","type":"post","link":"https:\/\/jornalbeirario.com.br\/portal\/?p=50826","title":{"rendered":"&#8220;Como criaram a noite&#8221;"},"content":{"rendered":"<p style=\"text-align: justify;\">Hoje pela manh\u00e3 acordei antes da hora habitual. Cerca de duas horas antes, mas sem a sensa\u00e7\u00e3o de ter dormido bem e de ter descansado o suficiente. O sono j\u00e1 havia partido sem o meu consentimento e para mim restava apenas um descompasso de ar entrando e saindo e uma reverbera\u00e7\u00e3o da voz do meu cora\u00e7\u00e3o.<\/p>\n<p style=\"text-align: justify;\">O sil\u00eancio foi sendo vencido aos poucos pelos primeiros sons do amanhecer. E, ent\u00e3o, vigiando uma pequena fresta na janela fui vendo o dia aos poucos chegar e se colocar no lugar da noite.<\/p>\n<p style=\"text-align: justify;\">Naquele momento me lembrei de uma lenda ind\u00edgena que teatralizamos na \u00e9poca em que fiz o Ensino M\u00e9dio sob a batuta do inesquec\u00edvel maestro Gerald Galloway, um ingl\u00eas culto que ajudou a mim e meus amigos da \u00e9poca com a arte do canto e da representa\u00e7\u00e3o: &#8220;Como criaram a noite&#8221;.<\/p>\n<p style=\"text-align: justify;\">Houve um tempo em que n\u00e3o existia a noite. Existia somente o dia. A filha do grande chefe Cobra Grande pediu a seu pai, como presente de casamento, conhecer a noite. O pai mandou duas pessoas em uma canoa buscar o coco, onde estava guardada a noite e que ficava na outra margem do rio. Aos canoeiros deu a ordem de n\u00e3o abrirem esse coco. Mas quando eles estavam voltando o coco come\u00e7ou a balan\u00e7ar e a fazer barulho. Eles n\u00e3o resistiram \u00e0 curiosidade abriram. A noite escapou e tudo ficou escuro. Ent\u00e3o, Cobra Grande usou o fio do cabelo da filha para dividir a noite do dia, j\u00e1 que seria imposs\u00edvel, agora que misturados, recolher a noite novamente para dentro do coco.<\/p>\n<p style=\"text-align: justify;\">Os mitos foram criados para que o homem pudesse responder \u00e0s suas perguntas quando n\u00e3o tinha a raz\u00e3o ao seu alcance. E esse, em especial, acho t\u00e3o bonito que sempre que vejo o dia chegando ou partindo, o entardecer ou amanhecer me remetem \u00e0 imagem da enorme cabeleira da filha do Cobra Grande e seu pai cortando o dia da noite com esse fio, fazendo dessa passagem um momento t\u00e3o t\u00eanue e delicado, algo t\u00e3o m\u00e1gico e encantador, ao ponto de ser imposs\u00edvel precisarmos a olho nu o momento em que um se vai e o outro fica.<\/p>\n<p style=\"text-align: justify;\">E assim, s\u00e3o tantas outras coisas da vida que s\u00e3o cindidas, desligadas, fragmentadas e rompidas, sem que saibamos quando houve a separa\u00e7\u00e3o. Coisas que v\u00e3o se perdendo, se modificando at\u00e9 o ponto de n\u00e3o mais reconhecermos. Ao ponto de n\u00e3o existir em n\u00f3s o sentimento do pertencimento.<\/p>\n<p style=\"text-align: justify;\">\u00c9 ent\u00e3o que criamos mitos, hist\u00f3rias fantasiosas para justificar ou explicar o porqu\u00ea, mas que quando nos damos conta l\u00e1 est\u00e1 apartada de n\u00f3s como o dia que se apartou da noite: leve, discreta, silenciosamente&#8230;<\/p>\n<p style=\"text-align: justify;\"><em>\u00c2ngela Alhanati<\/em><br \/>\n<em>contato@angelaalhanati.com.br<\/em><br \/>\n<em>Livre pensadora exercendo seu direito \u00e0 reflex\u00e3o<\/em><\/p>\n","protected":false},"excerpt":{"rendered":"<p>Hoje pela manh\u00e3 acordei antes da hora habitual. Cerca de duas horas antes, mas sem a sensa\u00e7\u00e3o de ter dormido bem e de ter<\/p>\n","protected":false},"author":191,"featured_media":0,"comment_status":"open","ping_status":"open","sticky":false,"template":"","format":"standard","meta":{"pmpro_default_level":"","footnotes":""},"categories":[181],"tags":[],"class_list":["post-50826","post","type-post","status-publish","format-standard","hentry","category-colunistas","pmpro-has-access"],"yoast_head":"<!-- This site is optimized with the Yoast SEO plugin v27.4 - https:\/\/yoast.com\/product\/yoast-seo-wordpress\/ -->\n<title>&quot;Como criaram a noite&quot; - JORNAL BEIRA RIO<\/title>\n<meta name=\"robots\" content=\"index, follow, max-snippet:-1, max-image-preview:large, max-video-preview:-1\" \/>\n<link rel=\"canonical\" href=\"https:\/\/jornalbeirario.com.br\/portal\/?p=50826\" \/>\n<meta property=\"og:locale\" content=\"pt_BR\" \/>\n<meta property=\"og:type\" content=\"article\" \/>\n<meta property=\"og:title\" content=\"&quot;Como criaram a noite&quot; - JORNAL BEIRA RIO\" \/>\n<meta property=\"og:description\" content=\"Hoje pela manh\u00e3 acordei antes da hora habitual. Cerca de duas horas antes, mas sem a sensa\u00e7\u00e3o de ter dormido bem e de ter\" \/>\n<meta property=\"og:url\" content=\"https:\/\/jornalbeirario.com.br\/portal\/?p=50826\" \/>\n<meta property=\"og:site_name\" content=\"JORNAL BEIRA RIO\" \/>\n<meta property=\"article:published_time\" content=\"2017-06-16T14:12:47+00:00\" \/>\n<meta property=\"article:modified_time\" content=\"2017-06-16T14:13:23+00:00\" \/>\n<meta name=\"author\" content=\"Ana L\u00facia\" \/>\n<meta name=\"twitter:card\" content=\"summary_large_image\" \/>\n<meta name=\"twitter:label1\" content=\"Escrito por\" \/>\n\t<meta name=\"twitter:data1\" content=\"Ana L\u00facia\" \/>\n\t<meta name=\"twitter:label2\" content=\"Est. tempo de leitura\" \/>\n\t<meta name=\"twitter:data2\" content=\"2 minutos\" \/>\n<script type=\"application\/ld+json\" class=\"yoast-schema-graph\">{\"@context\":\"https:\\\/\\\/schema.org\",\"@graph\":[{\"@type\":\"Article\",\"@id\":\"https:\\\/\\\/jornalbeirario.com.br\\\/portal\\\/?p=50826#article\",\"isPartOf\":{\"@id\":\"https:\\\/\\\/jornalbeirario.com.br\\\/portal\\\/?p=50826\"},\"author\":{\"name\":\"Ana L\u00facia\",\"@id\":\"https:\\\/\\\/jornalbeirario.com.br\\\/portal\\\/#\\\/schema\\\/person\\\/3d11883a3e35d9ee1dbdeaa18c900bd1\"},\"headline\":\"&#8220;Como criaram a noite&#8221;\",\"datePublished\":\"2017-06-16T14:12:47+00:00\",\"dateModified\":\"2017-06-16T14:13:23+00:00\",\"mainEntityOfPage\":{\"@id\":\"https:\\\/\\\/jornalbeirario.com.br\\\/portal\\\/?p=50826\"},\"wordCount\":492,\"commentCount\":0,\"publisher\":{\"@id\":\"https:\\\/\\\/jornalbeirario.com.br\\\/portal\\\/#organization\"},\"articleSection\":[\"Colunistas\"],\"inLanguage\":\"pt-BR\",\"potentialAction\":[{\"@type\":\"CommentAction\",\"name\":\"Comment\",\"target\":[\"https:\\\/\\\/jornalbeirario.com.br\\\/portal\\\/?p=50826#respond\"]}]},{\"@type\":\"WebPage\",\"@id\":\"https:\\\/\\\/jornalbeirario.com.br\\\/portal\\\/?p=50826\",\"url\":\"https:\\\/\\\/jornalbeirario.com.br\\\/portal\\\/?p=50826\",\"name\":\"\\\"Como criaram a noite\\\" - JORNAL BEIRA RIO\",\"isPartOf\":{\"@id\":\"https:\\\/\\\/jornalbeirario.com.br\\\/portal\\\/#website\"},\"datePublished\":\"2017-06-16T14:12:47+00:00\",\"dateModified\":\"2017-06-16T14:13:23+00:00\",\"breadcrumb\":{\"@id\":\"https:\\\/\\\/jornalbeirario.com.br\\\/portal\\\/?p=50826#breadcrumb\"},\"inLanguage\":\"pt-BR\",\"potentialAction\":[{\"@type\":\"ReadAction\",\"target\":[\"https:\\\/\\\/jornalbeirario.com.br\\\/portal\\\/?p=50826\"]}]},{\"@type\":\"BreadcrumbList\",\"@id\":\"https:\\\/\\\/jornalbeirario.com.br\\\/portal\\\/?p=50826#breadcrumb\",\"itemListElement\":[{\"@type\":\"ListItem\",\"position\":1,\"name\":\"Home\",\"item\":\"https:\\\/\\\/jornalbeirario.com.br\\\/portal\"},{\"@type\":\"ListItem\",\"position\":2,\"name\":\"&#8220;Como criaram a noite&#8221;\"}]},{\"@type\":\"WebSite\",\"@id\":\"https:\\\/\\\/jornalbeirario.com.br\\\/portal\\\/#website\",\"url\":\"https:\\\/\\\/jornalbeirario.com.br\\\/portal\\\/\",\"name\":\"JORNAL BEIRA RIO\",\"description\":\"\",\"publisher\":{\"@id\":\"https:\\\/\\\/jornalbeirario.com.br\\\/portal\\\/#organization\"},\"potentialAction\":[{\"@type\":\"SearchAction\",\"target\":{\"@type\":\"EntryPoint\",\"urlTemplate\":\"https:\\\/\\\/jornalbeirario.com.br\\\/portal\\\/?s={search_term_string}\"},\"query-input\":{\"@type\":\"PropertyValueSpecification\",\"valueRequired\":true,\"valueName\":\"search_term_string\"}}],\"inLanguage\":\"pt-BR\"},{\"@type\":\"Organization\",\"@id\":\"https:\\\/\\\/jornalbeirario.com.br\\\/portal\\\/#organization\",\"name\":\"JORNAL BEIRA RIO\",\"url\":\"https:\\\/\\\/jornalbeirario.com.br\\\/portal\\\/\",\"logo\":{\"@type\":\"ImageObject\",\"inLanguage\":\"pt-BR\",\"@id\":\"https:\\\/\\\/jornalbeirario.com.br\\\/portal\\\/#\\\/schema\\\/logo\\\/image\\\/\",\"url\":\"https:\\\/\\\/jornalbeirario.com.br\\\/portal\\\/wp-content\\\/uploads\\\/2017\\\/09\\\/BEIRA-RIO_logo600.png\",\"contentUrl\":\"https:\\\/\\\/jornalbeirario.com.br\\\/portal\\\/wp-content\\\/uploads\\\/2017\\\/09\\\/BEIRA-RIO_logo600.png\",\"width\":650,\"height\":108,\"caption\":\"JORNAL BEIRA RIO\"},\"image\":{\"@id\":\"https:\\\/\\\/jornalbeirario.com.br\\\/portal\\\/#\\\/schema\\\/logo\\\/image\\\/\"}},{\"@type\":\"Person\",\"@id\":\"https:\\\/\\\/jornalbeirario.com.br\\\/portal\\\/#\\\/schema\\\/person\\\/3d11883a3e35d9ee1dbdeaa18c900bd1\",\"name\":\"Ana L\u00facia\",\"image\":{\"@type\":\"ImageObject\",\"inLanguage\":\"pt-BR\",\"@id\":\"https:\\\/\\\/jornalbeirario.com.br\\\/portal\\\/wp-content\\\/uploads\\\/2023\\\/01\\\/eu-eu.jpg\",\"url\":\"https:\\\/\\\/jornalbeirario.com.br\\\/portal\\\/wp-content\\\/uploads\\\/2023\\\/01\\\/eu-eu.jpg\",\"contentUrl\":\"https:\\\/\\\/jornalbeirario.com.br\\\/portal\\\/wp-content\\\/uploads\\\/2023\\\/01\\\/eu-eu.jpg\",\"caption\":\"Ana L\u00facia\"},\"url\":\"https:\\\/\\\/jornalbeirario.com.br\\\/portal\\\/?author=191\"}]}<\/script>\n<!-- \/ Yoast SEO plugin. -->","yoast_head_json":{"title":"\"Como criaram a noite\" - JORNAL BEIRA RIO","robots":{"index":"index","follow":"follow","max-snippet":"max-snippet:-1","max-image-preview":"max-image-preview:large","max-video-preview":"max-video-preview:-1"},"canonical":"https:\/\/jornalbeirario.com.br\/portal\/?p=50826","og_locale":"pt_BR","og_type":"article","og_title":"\"Como criaram a noite\" - JORNAL BEIRA RIO","og_description":"Hoje pela manh\u00e3 acordei antes da hora habitual. Cerca de duas horas antes, mas sem a sensa\u00e7\u00e3o de ter dormido bem e de ter","og_url":"https:\/\/jornalbeirario.com.br\/portal\/?p=50826","og_site_name":"JORNAL BEIRA RIO","article_published_time":"2017-06-16T14:12:47+00:00","article_modified_time":"2017-06-16T14:13:23+00:00","author":"Ana L\u00facia","twitter_card":"summary_large_image","twitter_misc":{"Escrito por":"Ana L\u00facia","Est. tempo de leitura":"2 minutos"},"schema":{"@context":"https:\/\/schema.org","@graph":[{"@type":"Article","@id":"https:\/\/jornalbeirario.com.br\/portal\/?p=50826#article","isPartOf":{"@id":"https:\/\/jornalbeirario.com.br\/portal\/?p=50826"},"author":{"name":"Ana L\u00facia","@id":"https:\/\/jornalbeirario.com.br\/portal\/#\/schema\/person\/3d11883a3e35d9ee1dbdeaa18c900bd1"},"headline":"&#8220;Como criaram a noite&#8221;","datePublished":"2017-06-16T14:12:47+00:00","dateModified":"2017-06-16T14:13:23+00:00","mainEntityOfPage":{"@id":"https:\/\/jornalbeirario.com.br\/portal\/?p=50826"},"wordCount":492,"commentCount":0,"publisher":{"@id":"https:\/\/jornalbeirario.com.br\/portal\/#organization"},"articleSection":["Colunistas"],"inLanguage":"pt-BR","potentialAction":[{"@type":"CommentAction","name":"Comment","target":["https:\/\/jornalbeirario.com.br\/portal\/?p=50826#respond"]}]},{"@type":"WebPage","@id":"https:\/\/jornalbeirario.com.br\/portal\/?p=50826","url":"https:\/\/jornalbeirario.com.br\/portal\/?p=50826","name":"\"Como criaram a noite\" - JORNAL BEIRA RIO","isPartOf":{"@id":"https:\/\/jornalbeirario.com.br\/portal\/#website"},"datePublished":"2017-06-16T14:12:47+00:00","dateModified":"2017-06-16T14:13:23+00:00","breadcrumb":{"@id":"https:\/\/jornalbeirario.com.br\/portal\/?p=50826#breadcrumb"},"inLanguage":"pt-BR","potentialAction":[{"@type":"ReadAction","target":["https:\/\/jornalbeirario.com.br\/portal\/?p=50826"]}]},{"@type":"BreadcrumbList","@id":"https:\/\/jornalbeirario.com.br\/portal\/?p=50826#breadcrumb","itemListElement":[{"@type":"ListItem","position":1,"name":"Home","item":"https:\/\/jornalbeirario.com.br\/portal"},{"@type":"ListItem","position":2,"name":"&#8220;Como criaram a noite&#8221;"}]},{"@type":"WebSite","@id":"https:\/\/jornalbeirario.com.br\/portal\/#website","url":"https:\/\/jornalbeirario.com.br\/portal\/","name":"JORNAL BEIRA RIO","description":"","publisher":{"@id":"https:\/\/jornalbeirario.com.br\/portal\/#organization"},"potentialAction":[{"@type":"SearchAction","target":{"@type":"EntryPoint","urlTemplate":"https:\/\/jornalbeirario.com.br\/portal\/?s={search_term_string}"},"query-input":{"@type":"PropertyValueSpecification","valueRequired":true,"valueName":"search_term_string"}}],"inLanguage":"pt-BR"},{"@type":"Organization","@id":"https:\/\/jornalbeirario.com.br\/portal\/#organization","name":"JORNAL BEIRA RIO","url":"https:\/\/jornalbeirario.com.br\/portal\/","logo":{"@type":"ImageObject","inLanguage":"pt-BR","@id":"https:\/\/jornalbeirario.com.br\/portal\/#\/schema\/logo\/image\/","url":"https:\/\/jornalbeirario.com.br\/portal\/wp-content\/uploads\/2017\/09\/BEIRA-RIO_logo600.png","contentUrl":"https:\/\/jornalbeirario.com.br\/portal\/wp-content\/uploads\/2017\/09\/BEIRA-RIO_logo600.png","width":650,"height":108,"caption":"JORNAL BEIRA RIO"},"image":{"@id":"https:\/\/jornalbeirario.com.br\/portal\/#\/schema\/logo\/image\/"}},{"@type":"Person","@id":"https:\/\/jornalbeirario.com.br\/portal\/#\/schema\/person\/3d11883a3e35d9ee1dbdeaa18c900bd1","name":"Ana L\u00facia","image":{"@type":"ImageObject","inLanguage":"pt-BR","@id":"https:\/\/jornalbeirario.com.br\/portal\/wp-content\/uploads\/2023\/01\/eu-eu.jpg","url":"https:\/\/jornalbeirario.com.br\/portal\/wp-content\/uploads\/2023\/01\/eu-eu.jpg","contentUrl":"https:\/\/jornalbeirario.com.br\/portal\/wp-content\/uploads\/2023\/01\/eu-eu.jpg","caption":"Ana L\u00facia"},"url":"https:\/\/jornalbeirario.com.br\/portal\/?author=191"}]}},"_links":{"self":[{"href":"https:\/\/jornalbeirario.com.br\/portal\/index.php?rest_route=\/wp\/v2\/posts\/50826","targetHints":{"allow":["GET"]}}],"collection":[{"href":"https:\/\/jornalbeirario.com.br\/portal\/index.php?rest_route=\/wp\/v2\/posts"}],"about":[{"href":"https:\/\/jornalbeirario.com.br\/portal\/index.php?rest_route=\/wp\/v2\/types\/post"}],"author":[{"embeddable":true,"href":"https:\/\/jornalbeirario.com.br\/portal\/index.php?rest_route=\/wp\/v2\/users\/191"}],"replies":[{"embeddable":true,"href":"https:\/\/jornalbeirario.com.br\/portal\/index.php?rest_route=%2Fwp%2Fv2%2Fcomments&post=50826"}],"version-history":[{"count":2,"href":"https:\/\/jornalbeirario.com.br\/portal\/index.php?rest_route=\/wp\/v2\/posts\/50826\/revisions"}],"predecessor-version":[{"id":50828,"href":"https:\/\/jornalbeirario.com.br\/portal\/index.php?rest_route=\/wp\/v2\/posts\/50826\/revisions\/50828"}],"wp:attachment":[{"href":"https:\/\/jornalbeirario.com.br\/portal\/index.php?rest_route=%2Fwp%2Fv2%2Fmedia&parent=50826"}],"wp:term":[{"taxonomy":"category","embeddable":true,"href":"https:\/\/jornalbeirario.com.br\/portal\/index.php?rest_route=%2Fwp%2Fv2%2Fcategories&post=50826"},{"taxonomy":"post_tag","embeddable":true,"href":"https:\/\/jornalbeirario.com.br\/portal\/index.php?rest_route=%2Fwp%2Fv2%2Ftags&post=50826"}],"curies":[{"name":"wp","href":"https:\/\/api.w.org\/{rel}","templated":true}]}}