
{"id":50215,"date":"2017-05-28T18:08:52","date_gmt":"2017-05-28T21:08:52","guid":{"rendered":"http:\/\/jornalbeirario.com.br\/portal\/?p=50215"},"modified":"2017-05-28T18:09:49","modified_gmt":"2017-05-28T21:09:49","slug":"50215","status":"publish","type":"post","link":"https:\/\/jornalbeirario.com.br\/portal\/?p=50215","title":{"rendered":"Uma ajuda para come\u00e7ar a entender a \u2018casa de m\u00e3e Joana\u2019 em que se transformou o cen\u00e1rio pol\u00edtico brasileiro"},"content":{"rendered":"<p style=\"text-align: justify;\">Uma ajuda para come\u00e7ar a entender a \u2018casa de m\u00e3e Joana\u2019 em que se transformou o cen\u00e1rio pol\u00edtico brasileiro<\/p>\n<p style=\"text-align: justify;\">Com toda certeza, tem muita gente por a\u00ed que n\u00e3o est\u00e1 entendendo nada sobre o que est\u00e1 acontecendo na pol\u00edtica do pa\u00eds. \u00c9 Temer j\u00e1 questionando a concess\u00e3o da Globo (parece inacredit\u00e1vel, mas \u00e9 verdade), \u00e9 Moro, que at\u00e9 outro dia era her\u00f3i, mas que depois de tantas fotos aos abra\u00e7os com A\u00e9cio e ap\u00f3s libertar a mulher de Cunha, j\u00e1 mostra seus fr\u00e1geis p\u00e9s de barro e s\u00e3o tantas outras maracutaias vindo \u00e0 tona, numa din\u00e2mica de tiros trocados entre antigos aliados que fica realmente dif\u00edcil para o cidad\u00e3o simples entender. Principalmente aquele que acredita que se informa pelos notici\u00e1rios das TVs e dos grandes jornais tradicionais. A edi\u00e7\u00e3o digital do \u2018Le Monde Diplomatique &#8211;\u00a0 Brasil\u2019 do dia 24 passado, traz uma mat\u00e9ria assinada pelo jornalista Maur\u00edcio Abdalla, levantando 13 pontos que, ajudam a entender um pouco essa barafunda toda. Confiram:<\/p>\n<p style=\"text-align: justify;\">1 \u2013 O foco do poder n\u00e3o est\u00e1 na pol\u00edtica, mas na economia. Quem comanda a sociedade \u00e9 o complexo financeiro-empresarial com dimens\u00f5es globais e conforma\u00e7\u00f5es espec\u00edficas locais.<\/p>\n<p style=\"text-align: justify;\">2 \u2013 Os donos do poder n\u00e3o s\u00e3o os pol\u00edticos. Estes s\u00e3o apenas instrumentos dos verdadeiros donos do poder.<\/p>\n<p style=\"text-align: justify;\">3 \u2013 O verdadeiro exerc\u00edcio do poder \u00e9 invis\u00edvel. O que vemos, na verdade, \u00e9 a constru\u00e7\u00e3o planejada de uma narrativa fantasiosa com apar\u00eancia de realidade para criar a sensa\u00e7\u00e3o de participa\u00e7\u00e3o consciente e cidad\u00e3 dos que se informam pelos meios de comunica\u00e7\u00e3o tradicionais.<\/p>\n<p style=\"text-align: justify;\">4 \u2013 Os grandes meios de comunica\u00e7\u00e3o n\u00e3o se constituem mais em \u00f3rg\u00e3os de \u201cimprensa\u201d, ou seja, institui\u00e7\u00f5es aut\u00f4nomas, cujo objeto \u00e9 a not\u00edcia, e que podem ser independentes ou, eventualmente, compradas ou cooptadas por interesses. Eles s\u00e3o, atualmente, grandes conglomerados econ\u00f4micos que tamb\u00e9m comp\u00f5em o complexo financeiro-empresarial que comanda o poder invis\u00edvel. Portanto, participam do exerc\u00edcio invis\u00edvel do poder utilizando seus recursos de forma\u00e7\u00e3o de consci\u00eancia e opini\u00e3o.<\/p>\n<p style=\"text-align: justify;\">5 \u2013 Os donos do poder n\u00e3o ap\u00f3iam partidos ou pol\u00edticos espec\u00edficos. Sua t\u00e1tica \u00e9 apoiar quem lhes conv\u00e9m e destruir quem lhes estorva. Isso muda de acordo com a conjuntura. O exerc\u00edcio real do poder n\u00e3o tem partido e sua \u00fanica ideologia \u00e9 a supremacia do mercado e do lucro.<\/p>\n<p style=\"text-align: justify;\">6 \u2013 O complexo financeiro-empresarial global pode apostar ora em Lula, ora em um pol\u00edtico do PSDB, ora em Temer, ora em um aventureiro qualquer da pol\u00edtica. E pode destruir qualquer um desses de acordo com sua conveni\u00eancia.<\/p>\n<p style=\"text-align: justify;\">7 \u2013 Por isso, o exerc\u00edcio do poder no campo subjetivo, responsabilidade da m\u00eddia corporativa, em um momento demoniza Lula, em outro Dilma, e logo depois Cunha, Temer, A\u00e9cio, etc. Tudo faz parte de um grande jogo estrat\u00e9gico com cuidadosas an\u00e1lises das condi\u00e7\u00f5es objetivas e subjetivas da conjuntura.<\/p>\n<p style=\"text-align: justify;\">8 \u2013 O complexo financeiro-empresarial n\u00e3o tem op\u00e7\u00e3o partid\u00e1ria, n\u00e3o veste nenhuma camisa na pol\u00edtica, nem defende pessoas. Sua inten\u00e7\u00e3o \u00e9 tornar as leis e a administra\u00e7\u00e3o do pa\u00eds totalmente favor\u00e1veis para suas metas de maximiza\u00e7\u00e3o dos lucros.<\/p>\n<p style=\"text-align: justify;\">9 \u2013 Assim, os donos do poder n\u00e3o querem um governo ou outro \u00e0 toa: eles querem, na conjuntura atual, a reforma na previd\u00eancia, o fim das leis trabalhistas, a manuten\u00e7\u00e3o do congelamento do or\u00e7amento prim\u00e1rio, os cortes de gastos sociais para o servi\u00e7o da d\u00edvida, as privatiza\u00e7\u00f5es e o al\u00edvio dos tributos para os mais ricos.<\/p>\n<p style=\"text-align: justify;\">10 \u2013 Se a conjuntura indicar que Temer n\u00e3o \u00e9 o melhor para isso, n\u00e3o hesitar\u00e3o em rif\u00e1-lo. A \u00fanica coisa que n\u00e3o querem \u00e9 que o povo brasileiro decida sobre o destino de seu pa\u00eds.<\/p>\n<p style=\"text-align: justify;\">11 \u2013 Portanto, cada not\u00edcia \u00e9 um lance no jogo. Cada esc\u00e2ndalo \u00e9 um movimento t\u00e1tico. Analisar a conjuntura n\u00e3o \u00e9 ler not\u00edcia. \u00c9 especular sobre a estrat\u00e9gia que justifica cada movimento t\u00e1tico do complexo financeiro-empresarial (do qual a m\u00eddia faz parte), para poder reagir tamb\u00e9m de maneira estrat\u00e9gica.<\/p>\n<p style=\"text-align: justify;\">12 \u2013 A queda de Temer pode ser uma coisa boa. Mas \u00e9 um movimento t\u00e1tico em uma estrat\u00e9gia mais ampla de quem comanda o poder. O que realmente importa \u00e9 o que vir\u00e1 depois.<\/p>\n<p style=\"text-align: justify;\">13 \u2013 Lembremo-nos: eles s\u00e3o mais espertos. Por isso est\u00e3o no poder.<\/p>\n<p style=\"text-align: justify;\">TRIPA<br \/>\n* Que for ao Rio neste domingo, tem um program\u00e3o que vai rolar na praia de Copacabana, na altura da Siqueira Campos. \u00c9 um encontro para marcar a luta pela retomada da democracia. Presen\u00e7as de Caetano Veloso, Criolo, Mano Brown, Pedro Luis, Teresa Cristina, Otto, Martin\u00e1lia, Maria Gadu, entre outros artistas e convidados.<br \/>\n#TodosPelaDemocracia #Diretas-j\u00e1!#ForaTemer<\/p>\n<p style=\"text-align: justify;\">* No Espa\u00e7o \u2018Z\u2019 est\u00e1 rolando uma exposi\u00e7\u00e3o de art pop muito legal. Com artistas dos munic\u00edpios da nossa regi\u00e3o. Vale conferir.<\/p>\n<p style=\"text-align: justify;\">ANIVERS\u00c1RIOS<br \/>\nDia 20 mudaram de idade o americano Zequinha Campan\u00e1rio e o vasca\u00edno Z\u00e9 Carlos Mathias. Dia 21, a Bia Peace e Soraia de Castro inauguraram idade nova. Dia 22, soprou velinhas o Tiago Ribeiro. Dia 23 receberam os \u2018parab\u00e9ns\u2019 a Elisa Fernandes, a Livia Gil e o Tuninho, da C\u00e2mara. Dia 25, comemoram mais um ano o Chocolate da R\u00e1dio Resende, o Jeferson Machado e a Dany Lima. Dia 26, ficaram mais experientes o Luiz Carlos Coutinho, Alexandre Rezende, Marcelo Cel\u00e3o e a Denise Assis. E nesse dia 27 contou mais um ano de vida a Marialva Andrade. Parab\u00e9ns e todas as felicidades do mundo a eles.<\/p>\n","protected":false},"excerpt":{"rendered":"<p>Uma ajuda para come\u00e7ar a entender a \u2018casa de m\u00e3e Joana\u2019 em que se transformou o cen\u00e1rio pol\u00edtico brasileiro Com toda certeza, tem muita<\/p>\n","protected":false},"author":242,"featured_media":0,"comment_status":"open","ping_status":"open","sticky":false,"template":"","format":"standard","meta":{"pmpro_default_level":"","footnotes":""},"categories":[181],"tags":[],"class_list":["post-50215","post","type-post","status-publish","format-standard","hentry","category-colunistas","pmpro-has-access"],"yoast_head":"<!-- This site is optimized with the Yoast SEO plugin v27.4 - https:\/\/yoast.com\/product\/yoast-seo-wordpress\/ -->\n<title>Uma ajuda para come\u00e7ar a entender a \u2018casa de m\u00e3e Joana\u2019 em que se transformou o cen\u00e1rio pol\u00edtico brasileiro - JORNAL BEIRA RIO<\/title>\n<meta name=\"robots\" content=\"index, follow, max-snippet:-1, max-image-preview:large, max-video-preview:-1\" \/>\n<link rel=\"canonical\" href=\"https:\/\/jornalbeirario.com.br\/portal\/?p=50215\" \/>\n<meta property=\"og:locale\" content=\"pt_BR\" \/>\n<meta property=\"og:type\" content=\"article\" \/>\n<meta property=\"og:title\" content=\"Uma ajuda para come\u00e7ar a entender a \u2018casa de m\u00e3e Joana\u2019 em que se transformou o cen\u00e1rio pol\u00edtico brasileiro - JORNAL BEIRA RIO\" \/>\n<meta property=\"og:description\" content=\"Uma ajuda para come\u00e7ar a entender a \u2018casa de m\u00e3e Joana\u2019 em que se transformou o cen\u00e1rio pol\u00edtico brasileiro Com toda certeza, tem muita\" \/>\n<meta property=\"og:url\" content=\"https:\/\/jornalbeirario.com.br\/portal\/?p=50215\" \/>\n<meta property=\"og:site_name\" content=\"JORNAL BEIRA RIO\" \/>\n<meta property=\"article:published_time\" content=\"2017-05-28T21:08:52+00:00\" \/>\n<meta property=\"article:modified_time\" content=\"2017-05-28T21:09:49+00:00\" \/>\n<meta name=\"author\" content=\"La\u00eds Amaral\" \/>\n<meta name=\"twitter:card\" content=\"summary_large_image\" \/>\n<meta name=\"twitter:label1\" content=\"Escrito por\" \/>\n\t<meta name=\"twitter:data1\" content=\"La\u00eds Amaral\" \/>\n\t<meta name=\"twitter:label2\" content=\"Est. tempo de leitura\" \/>\n\t<meta name=\"twitter:data2\" content=\"5 minutos\" \/>\n<script type=\"application\/ld+json\" class=\"yoast-schema-graph\">{\"@context\":\"https:\\\/\\\/schema.org\",\"@graph\":[{\"@type\":\"Article\",\"@id\":\"https:\\\/\\\/jornalbeirario.com.br\\\/portal\\\/?p=50215#article\",\"isPartOf\":{\"@id\":\"https:\\\/\\\/jornalbeirario.com.br\\\/portal\\\/?p=50215\"},\"author\":{\"name\":\"La\u00eds Amaral\",\"@id\":\"https:\\\/\\\/jornalbeirario.com.br\\\/portal\\\/#\\\/schema\\\/person\\\/07ce3ae95231104790048d62ba21d81a\"},\"headline\":\"Uma ajuda para come\u00e7ar a entender a \u2018casa de m\u00e3e Joana\u2019 em que se transformou o cen\u00e1rio pol\u00edtico brasileiro\",\"datePublished\":\"2017-05-28T21:08:52+00:00\",\"dateModified\":\"2017-05-28T21:09:49+00:00\",\"mainEntityOfPage\":{\"@id\":\"https:\\\/\\\/jornalbeirario.com.br\\\/portal\\\/?p=50215\"},\"wordCount\":963,\"commentCount\":0,\"publisher\":{\"@id\":\"https:\\\/\\\/jornalbeirario.com.br\\\/portal\\\/#organization\"},\"articleSection\":[\"Colunistas\"],\"inLanguage\":\"pt-BR\",\"potentialAction\":[{\"@type\":\"CommentAction\",\"name\":\"Comment\",\"target\":[\"https:\\\/\\\/jornalbeirario.com.br\\\/portal\\\/?p=50215#respond\"]}]},{\"@type\":\"WebPage\",\"@id\":\"https:\\\/\\\/jornalbeirario.com.br\\\/portal\\\/?p=50215\",\"url\":\"https:\\\/\\\/jornalbeirario.com.br\\\/portal\\\/?p=50215\",\"name\":\"Uma ajuda para come\u00e7ar a entender a \u2018casa de m\u00e3e Joana\u2019 em que se transformou o cen\u00e1rio pol\u00edtico brasileiro - JORNAL BEIRA RIO\",\"isPartOf\":{\"@id\":\"https:\\\/\\\/jornalbeirario.com.br\\\/portal\\\/#website\"},\"datePublished\":\"2017-05-28T21:08:52+00:00\",\"dateModified\":\"2017-05-28T21:09:49+00:00\",\"breadcrumb\":{\"@id\":\"https:\\\/\\\/jornalbeirario.com.br\\\/portal\\\/?p=50215#breadcrumb\"},\"inLanguage\":\"pt-BR\",\"potentialAction\":[{\"@type\":\"ReadAction\",\"target\":[\"https:\\\/\\\/jornalbeirario.com.br\\\/portal\\\/?p=50215\"]}]},{\"@type\":\"BreadcrumbList\",\"@id\":\"https:\\\/\\\/jornalbeirario.com.br\\\/portal\\\/?p=50215#breadcrumb\",\"itemListElement\":[{\"@type\":\"ListItem\",\"position\":1,\"name\":\"Home\",\"item\":\"https:\\\/\\\/jornalbeirario.com.br\\\/portal\"},{\"@type\":\"ListItem\",\"position\":2,\"name\":\"Uma ajuda para come\u00e7ar a entender a \u2018casa de m\u00e3e Joana\u2019 em que se transformou o cen\u00e1rio pol\u00edtico brasileiro\"}]},{\"@type\":\"WebSite\",\"@id\":\"https:\\\/\\\/jornalbeirario.com.br\\\/portal\\\/#website\",\"url\":\"https:\\\/\\\/jornalbeirario.com.br\\\/portal\\\/\",\"name\":\"JORNAL BEIRA RIO\",\"description\":\"\",\"publisher\":{\"@id\":\"https:\\\/\\\/jornalbeirario.com.br\\\/portal\\\/#organization\"},\"potentialAction\":[{\"@type\":\"SearchAction\",\"target\":{\"@type\":\"EntryPoint\",\"urlTemplate\":\"https:\\\/\\\/jornalbeirario.com.br\\\/portal\\\/?s={search_term_string}\"},\"query-input\":{\"@type\":\"PropertyValueSpecification\",\"valueRequired\":true,\"valueName\":\"search_term_string\"}}],\"inLanguage\":\"pt-BR\"},{\"@type\":\"Organization\",\"@id\":\"https:\\\/\\\/jornalbeirario.com.br\\\/portal\\\/#organization\",\"name\":\"JORNAL BEIRA RIO\",\"url\":\"https:\\\/\\\/jornalbeirario.com.br\\\/portal\\\/\",\"logo\":{\"@type\":\"ImageObject\",\"inLanguage\":\"pt-BR\",\"@id\":\"https:\\\/\\\/jornalbeirario.com.br\\\/portal\\\/#\\\/schema\\\/logo\\\/image\\\/\",\"url\":\"https:\\\/\\\/jornalbeirario.com.br\\\/portal\\\/wp-content\\\/uploads\\\/2017\\\/09\\\/BEIRA-RIO_logo600.png\",\"contentUrl\":\"https:\\\/\\\/jornalbeirario.com.br\\\/portal\\\/wp-content\\\/uploads\\\/2017\\\/09\\\/BEIRA-RIO_logo600.png\",\"width\":650,\"height\":108,\"caption\":\"JORNAL BEIRA RIO\"},\"image\":{\"@id\":\"https:\\\/\\\/jornalbeirario.com.br\\\/portal\\\/#\\\/schema\\\/logo\\\/image\\\/\"}},{\"@type\":\"Person\",\"@id\":\"https:\\\/\\\/jornalbeirario.com.br\\\/portal\\\/#\\\/schema\\\/person\\\/07ce3ae95231104790048d62ba21d81a\",\"name\":\"La\u00eds Amaral\",\"image\":{\"@type\":\"ImageObject\",\"inLanguage\":\"pt-BR\",\"@id\":\"https:\\\/\\\/jornalbeirario.com.br\\\/portal\\\/wp-content\\\/uploads\\\/2016\\\/09\\\/lairavatar2-1.png\",\"url\":\"https:\\\/\\\/jornalbeirario.com.br\\\/portal\\\/wp-content\\\/uploads\\\/2016\\\/09\\\/lairavatar2-1.png\",\"contentUrl\":\"https:\\\/\\\/jornalbeirario.com.br\\\/portal\\\/wp-content\\\/uploads\\\/2016\\\/09\\\/lairavatar2-1.png\",\"caption\":\"La\u00eds Amaral\"},\"url\":\"https:\\\/\\\/jornalbeirario.com.br\\\/portal\\\/?author=242\"}]}<\/script>\n<!-- \/ Yoast SEO plugin. -->","yoast_head_json":{"title":"Uma ajuda para come\u00e7ar a entender a \u2018casa de m\u00e3e Joana\u2019 em que se transformou o cen\u00e1rio pol\u00edtico brasileiro - JORNAL BEIRA RIO","robots":{"index":"index","follow":"follow","max-snippet":"max-snippet:-1","max-image-preview":"max-image-preview:large","max-video-preview":"max-video-preview:-1"},"canonical":"https:\/\/jornalbeirario.com.br\/portal\/?p=50215","og_locale":"pt_BR","og_type":"article","og_title":"Uma ajuda para come\u00e7ar a entender a \u2018casa de m\u00e3e Joana\u2019 em que se transformou o cen\u00e1rio pol\u00edtico brasileiro - JORNAL BEIRA RIO","og_description":"Uma ajuda para come\u00e7ar a entender a \u2018casa de m\u00e3e Joana\u2019 em que se transformou o cen\u00e1rio pol\u00edtico brasileiro Com toda certeza, tem muita","og_url":"https:\/\/jornalbeirario.com.br\/portal\/?p=50215","og_site_name":"JORNAL BEIRA RIO","article_published_time":"2017-05-28T21:08:52+00:00","article_modified_time":"2017-05-28T21:09:49+00:00","author":"La\u00eds Amaral","twitter_card":"summary_large_image","twitter_misc":{"Escrito por":"La\u00eds Amaral","Est. tempo de leitura":"5 minutos"},"schema":{"@context":"https:\/\/schema.org","@graph":[{"@type":"Article","@id":"https:\/\/jornalbeirario.com.br\/portal\/?p=50215#article","isPartOf":{"@id":"https:\/\/jornalbeirario.com.br\/portal\/?p=50215"},"author":{"name":"La\u00eds Amaral","@id":"https:\/\/jornalbeirario.com.br\/portal\/#\/schema\/person\/07ce3ae95231104790048d62ba21d81a"},"headline":"Uma ajuda para come\u00e7ar a entender a \u2018casa de m\u00e3e Joana\u2019 em que se transformou o cen\u00e1rio pol\u00edtico brasileiro","datePublished":"2017-05-28T21:08:52+00:00","dateModified":"2017-05-28T21:09:49+00:00","mainEntityOfPage":{"@id":"https:\/\/jornalbeirario.com.br\/portal\/?p=50215"},"wordCount":963,"commentCount":0,"publisher":{"@id":"https:\/\/jornalbeirario.com.br\/portal\/#organization"},"articleSection":["Colunistas"],"inLanguage":"pt-BR","potentialAction":[{"@type":"CommentAction","name":"Comment","target":["https:\/\/jornalbeirario.com.br\/portal\/?p=50215#respond"]}]},{"@type":"WebPage","@id":"https:\/\/jornalbeirario.com.br\/portal\/?p=50215","url":"https:\/\/jornalbeirario.com.br\/portal\/?p=50215","name":"Uma ajuda para come\u00e7ar a entender a \u2018casa de m\u00e3e Joana\u2019 em que se transformou o cen\u00e1rio pol\u00edtico brasileiro - JORNAL BEIRA RIO","isPartOf":{"@id":"https:\/\/jornalbeirario.com.br\/portal\/#website"},"datePublished":"2017-05-28T21:08:52+00:00","dateModified":"2017-05-28T21:09:49+00:00","breadcrumb":{"@id":"https:\/\/jornalbeirario.com.br\/portal\/?p=50215#breadcrumb"},"inLanguage":"pt-BR","potentialAction":[{"@type":"ReadAction","target":["https:\/\/jornalbeirario.com.br\/portal\/?p=50215"]}]},{"@type":"BreadcrumbList","@id":"https:\/\/jornalbeirario.com.br\/portal\/?p=50215#breadcrumb","itemListElement":[{"@type":"ListItem","position":1,"name":"Home","item":"https:\/\/jornalbeirario.com.br\/portal"},{"@type":"ListItem","position":2,"name":"Uma ajuda para come\u00e7ar a entender a \u2018casa de m\u00e3e Joana\u2019 em que se transformou o cen\u00e1rio pol\u00edtico brasileiro"}]},{"@type":"WebSite","@id":"https:\/\/jornalbeirario.com.br\/portal\/#website","url":"https:\/\/jornalbeirario.com.br\/portal\/","name":"JORNAL BEIRA RIO","description":"","publisher":{"@id":"https:\/\/jornalbeirario.com.br\/portal\/#organization"},"potentialAction":[{"@type":"SearchAction","target":{"@type":"EntryPoint","urlTemplate":"https:\/\/jornalbeirario.com.br\/portal\/?s={search_term_string}"},"query-input":{"@type":"PropertyValueSpecification","valueRequired":true,"valueName":"search_term_string"}}],"inLanguage":"pt-BR"},{"@type":"Organization","@id":"https:\/\/jornalbeirario.com.br\/portal\/#organization","name":"JORNAL BEIRA RIO","url":"https:\/\/jornalbeirario.com.br\/portal\/","logo":{"@type":"ImageObject","inLanguage":"pt-BR","@id":"https:\/\/jornalbeirario.com.br\/portal\/#\/schema\/logo\/image\/","url":"https:\/\/jornalbeirario.com.br\/portal\/wp-content\/uploads\/2017\/09\/BEIRA-RIO_logo600.png","contentUrl":"https:\/\/jornalbeirario.com.br\/portal\/wp-content\/uploads\/2017\/09\/BEIRA-RIO_logo600.png","width":650,"height":108,"caption":"JORNAL BEIRA RIO"},"image":{"@id":"https:\/\/jornalbeirario.com.br\/portal\/#\/schema\/logo\/image\/"}},{"@type":"Person","@id":"https:\/\/jornalbeirario.com.br\/portal\/#\/schema\/person\/07ce3ae95231104790048d62ba21d81a","name":"La\u00eds Amaral","image":{"@type":"ImageObject","inLanguage":"pt-BR","@id":"https:\/\/jornalbeirario.com.br\/portal\/wp-content\/uploads\/2016\/09\/lairavatar2-1.png","url":"https:\/\/jornalbeirario.com.br\/portal\/wp-content\/uploads\/2016\/09\/lairavatar2-1.png","contentUrl":"https:\/\/jornalbeirario.com.br\/portal\/wp-content\/uploads\/2016\/09\/lairavatar2-1.png","caption":"La\u00eds Amaral"},"url":"https:\/\/jornalbeirario.com.br\/portal\/?author=242"}]}},"_links":{"self":[{"href":"https:\/\/jornalbeirario.com.br\/portal\/index.php?rest_route=\/wp\/v2\/posts\/50215","targetHints":{"allow":["GET"]}}],"collection":[{"href":"https:\/\/jornalbeirario.com.br\/portal\/index.php?rest_route=\/wp\/v2\/posts"}],"about":[{"href":"https:\/\/jornalbeirario.com.br\/portal\/index.php?rest_route=\/wp\/v2\/types\/post"}],"author":[{"embeddable":true,"href":"https:\/\/jornalbeirario.com.br\/portal\/index.php?rest_route=\/wp\/v2\/users\/242"}],"replies":[{"embeddable":true,"href":"https:\/\/jornalbeirario.com.br\/portal\/index.php?rest_route=%2Fwp%2Fv2%2Fcomments&post=50215"}],"version-history":[{"count":2,"href":"https:\/\/jornalbeirario.com.br\/portal\/index.php?rest_route=\/wp\/v2\/posts\/50215\/revisions"}],"predecessor-version":[{"id":50217,"href":"https:\/\/jornalbeirario.com.br\/portal\/index.php?rest_route=\/wp\/v2\/posts\/50215\/revisions\/50217"}],"wp:attachment":[{"href":"https:\/\/jornalbeirario.com.br\/portal\/index.php?rest_route=%2Fwp%2Fv2%2Fmedia&parent=50215"}],"wp:term":[{"taxonomy":"category","embeddable":true,"href":"https:\/\/jornalbeirario.com.br\/portal\/index.php?rest_route=%2Fwp%2Fv2%2Fcategories&post=50215"},{"taxonomy":"post_tag","embeddable":true,"href":"https:\/\/jornalbeirario.com.br\/portal\/index.php?rest_route=%2Fwp%2Fv2%2Ftags&post=50215"}],"curies":[{"name":"wp","href":"https:\/\/api.w.org\/{rel}","templated":true}]}}