
{"id":50052,"date":"2017-05-22T12:46:46","date_gmt":"2017-05-22T15:46:46","guid":{"rendered":"http:\/\/jornalbeirario.com.br\/portal\/?p=50052"},"modified":"2017-05-22T12:46:46","modified_gmt":"2017-05-22T15:46:46","slug":"detentos-adquirem-diploma-em-volta-redonda","status":"publish","type":"post","link":"https:\/\/jornalbeirario.com.br\/portal\/?p=50052","title":{"rendered":"Detentos adquirem diploma em Volta Redonda"},"content":{"rendered":"<p style=\"text-align: justify;\"><a href=\"http:\/\/jornalbeirario.com.br\/?attachment_id=50053\" rel=\"attachment wp-att-50053\"><img loading=\"lazy\" decoding=\"async\" class=\"size-medium wp-image-50053 alignleft\" src=\"http:\/\/jornalbeirario.com.br\/wp-content\/uploads\/2017\/05\/441337842-300x225.jpg\" alt=\"441337842\" width=\"300\" height=\"225\" srcset=\"https:\/\/jornalbeirario.com.br\/portal\/wp-content\/uploads\/2017\/05\/441337842-300x225.jpg 300w, https:\/\/jornalbeirario.com.br\/portal\/wp-content\/uploads\/2017\/05\/441337842.jpg 640w\" sizes=\"auto, (max-width: 300px) 100vw, 300px\" \/><\/a>Nesta sexta-feira, dia 19, os presos provis\u00f3rios da Cadeia P\u00fablica Franz de Castro Holzwarth, em Volta Redonda, receberam o certificado\u00a0 do projeto &#8220;Princ\u00edpios b\u00e1sicos de uma pintura&#8221;, uma parceria com a empresa Distribuidora Rio Color, com certificado pela Secretaria Municipal de A\u00e7\u00e3o Comunit\u00e1ria (SMAC).<\/p>\n<p style=\"text-align: justify;\">A cerim\u00f4nia aconteceu no p\u00e1tio de visitas da institui\u00e7\u00e3o, com presen\u00e7a de Gilson Nogueira, subsecret\u00e1rio de tratamento da secretaria de Estado de Administra\u00e7\u00e3o Penitenci\u00e1ria (Seap), Edson da Silva Lana, presidente da comiss\u00e3o de Direitos Humanos da OAB, Julio Ambrosio, tamb\u00e9m da OAB, Rosane Lima Guimar\u00e3es Lacerda, servidora do Minist\u00e9rio P\u00fablico e, Lissandro Barbosa de Ara\u00fajo, diretor da unidade.<\/p>\n<p style=\"text-align: justify;\">O detento Almir Soares agradeceu a oportunidade de que lhes foi ofertada, j\u00e1 que esta \u00e9 uma das maneiras a reabilitar e transformar tais, a fim de que retornem a sociedade. &#8220;N\u00f3s somos seres humanos, merecemos oportunidades na vida. Obrigado a todos voc\u00eas. Estou falando em nome de todos&#8221;, disse Soares.<\/p>\n<p style=\"text-align: justify;\">Os 80 internos formandos aprenderam t\u00e9cnicas de pintura que incluem parede; teto; ch\u00e3o; ferro e madeira; informa\u00e7\u00f5es sobre linhas de tintas; prepara\u00e7\u00e3o; dilui\u00e7\u00e3o e aplica\u00e7\u00e3o da tinta e tend\u00eancias de cores; al\u00e9m de informa\u00e7\u00e3o sobre tend\u00eancias de cores, com capacita\u00e7\u00e3o, informa\u00e7\u00e3o e identifica\u00e7\u00e3o de novos talentos para a pintura.<\/p>\n<p style=\"text-align: justify;\"><a href=\"http:\/\/jornalbeirario.com.br\/?attachment_id=50055\" rel=\"attachment wp-att-50055\"><img loading=\"lazy\" decoding=\"async\" class=\"alignright size-medium wp-image-50055\" src=\"http:\/\/jornalbeirario.com.br\/wp-content\/uploads\/2017\/05\/43444444-300x225.jpg\" alt=\"43444444\" width=\"300\" height=\"225\" srcset=\"https:\/\/jornalbeirario.com.br\/portal\/wp-content\/uploads\/2017\/05\/43444444-300x225.jpg 300w, https:\/\/jornalbeirario.com.br\/portal\/wp-content\/uploads\/2017\/05\/43444444.jpg 640w\" sizes=\"auto, (max-width: 300px) 100vw, 300px\" \/><\/a>No mesmo dia, mais cedo, a biblioteca da institui\u00e7\u00e3o, que recebeu melhorias, foi reinaugurada, com um novo nome: &#8220;Espa\u00e7o Cultural Guimar\u00e3es Rosa&#8221;, com um acervo de 100 livros.<\/p>\n<p style=\"text-align: justify;\">&#8220;Espero que voc\u00eas, ao sa\u00edrem do regime de pris\u00e3o, fa\u00e7am bom uso deste aprendizado, que vai ser muito \u00fatil para todos. Voc\u00eas ainda est\u00e3o cumprindo pena, mas j\u00e1 t\u00eam algum conhecimento, sabendo a trilha que querem percorrer, sendo esta uma \u00f3tima oportunidade.&#8221;, disse Ara\u00fajo.<\/p>\n<p style=\"text-align: justify;\">Maycon, vice-prefeito e secret\u00e1rio de A\u00e7\u00e3o Comunit\u00e1ria, encerrou dizendo que a pr\u00f3xima meta agora \u00e9 disponibilizar um curso de inform\u00e1tica para os detentos, lhes garantindo ainda mais oportunidades de adquirirem conhecimento e, dessa forma, terem condi\u00e7\u00f5es de seu retorno a sociedade j\u00e1 reabilitados e com muito a oferecer.<\/p>\n<p style=\"text-align: justify;\"><em>Fonte e Foto: Assessoria de Comunica\u00e7\u00e3o (Ascom VR)<\/em><\/p>\n","protected":false},"excerpt":{"rendered":"<p>Nesta sexta-feira, dia 19, os presos provis\u00f3rios da Cadeia P\u00fablica Franz de Castro Holzwarth, em Volta Redonda, receberam o certificado\u00a0 do projeto &#8220;Princ\u00edpios b\u00e1sicos<\/p>\n","protected":false},"author":1,"featured_media":50054,"comment_status":"open","ping_status":"open","sticky":false,"template":"","format":"standard","meta":{"pmpro_default_level":"","footnotes":""},"categories":[1,28,13],"tags":[155],"class_list":["post-50052","post","type-post","status-publish","format-standard","has-post-thumbnail","hentry","category-cidade","category-educacao","category-social","tag-dehoraemhora","pmpro-has-access"],"yoast_head":"<!-- This site is optimized with the Yoast SEO plugin v27.4 - https:\/\/yoast.com\/product\/yoast-seo-wordpress\/ -->\n<title>Detentos adquirem diploma em Volta Redonda - JORNAL BEIRA RIO<\/title>\n<meta name=\"robots\" content=\"index, follow, max-snippet:-1, max-image-preview:large, max-video-preview:-1\" \/>\n<link rel=\"canonical\" href=\"https:\/\/jornalbeirario.com.br\/portal\/?p=50052\" \/>\n<meta property=\"og:locale\" content=\"pt_BR\" \/>\n<meta property=\"og:type\" content=\"article\" \/>\n<meta property=\"og:title\" content=\"Detentos adquirem diploma em Volta Redonda - JORNAL BEIRA RIO\" \/>\n<meta property=\"og:description\" content=\"Nesta sexta-feira, dia 19, os presos provis\u00f3rios da Cadeia P\u00fablica Franz de Castro Holzwarth, em Volta Redonda, receberam o certificado\u00a0 do projeto &#8220;Princ\u00edpios b\u00e1sicos\" \/>\n<meta property=\"og:url\" content=\"https:\/\/jornalbeirario.com.br\/portal\/?p=50052\" \/>\n<meta property=\"og:site_name\" content=\"JORNAL BEIRA RIO\" \/>\n<meta property=\"article:published_time\" content=\"2017-05-22T15:46:46+00:00\" \/>\n<meta property=\"og:image\" content=\"https:\/\/jornalbeirario.com.br\/portal\/wp-content\/uploads\/2017\/05\/77894562.jpg\" \/>\n\t<meta property=\"og:image:width\" content=\"640\" \/>\n\t<meta property=\"og:image:height\" content=\"480\" \/>\n\t<meta property=\"og:image:type\" content=\"image\/jpeg\" \/>\n<meta name=\"author\" content=\"Jornal BEIRA-RIO\" \/>\n<meta name=\"twitter:card\" content=\"summary_large_image\" \/>\n<meta name=\"twitter:label1\" content=\"Escrito por\" \/>\n\t<meta name=\"twitter:data1\" content=\"Jornal BEIRA-RIO\" \/>\n\t<meta name=\"twitter:label2\" content=\"Est. tempo de leitura\" \/>\n\t<meta name=\"twitter:data2\" content=\"2 minutos\" \/>\n<script type=\"application\/ld+json\" class=\"yoast-schema-graph\">{\"@context\":\"https:\\\/\\\/schema.org\",\"@graph\":[{\"@type\":\"Article\",\"@id\":\"https:\\\/\\\/jornalbeirario.com.br\\\/portal\\\/?p=50052#article\",\"isPartOf\":{\"@id\":\"https:\\\/\\\/jornalbeirario.com.br\\\/portal\\\/?p=50052\"},\"author\":{\"name\":\"Jornal BEIRA-RIO\",\"@id\":\"https:\\\/\\\/jornalbeirario.com.br\\\/portal\\\/#\\\/schema\\\/person\\\/c6c423e4c2465d2a9233f6539173e7c1\"},\"headline\":\"Detentos adquirem diploma em Volta Redonda\",\"datePublished\":\"2017-05-22T15:46:46+00:00\",\"mainEntityOfPage\":{\"@id\":\"https:\\\/\\\/jornalbeirario.com.br\\\/portal\\\/?p=50052\"},\"wordCount\":383,\"commentCount\":0,\"publisher\":{\"@id\":\"https:\\\/\\\/jornalbeirario.com.br\\\/portal\\\/#organization\"},\"image\":{\"@id\":\"https:\\\/\\\/jornalbeirario.com.br\\\/portal\\\/?p=50052#primaryimage\"},\"thumbnailUrl\":\"https:\\\/\\\/jornalbeirario.com.br\\\/portal\\\/wp-content\\\/uploads\\\/2017\\\/05\\\/77894562.jpg\",\"keywords\":[\"dehoraemhora\"],\"articleSection\":[\"Cidade\",\"Educa\u00e7\u00e3o\",\"Social\"],\"inLanguage\":\"pt-BR\",\"potentialAction\":[{\"@type\":\"CommentAction\",\"name\":\"Comment\",\"target\":[\"https:\\\/\\\/jornalbeirario.com.br\\\/portal\\\/?p=50052#respond\"]}]},{\"@type\":\"WebPage\",\"@id\":\"https:\\\/\\\/jornalbeirario.com.br\\\/portal\\\/?p=50052\",\"url\":\"https:\\\/\\\/jornalbeirario.com.br\\\/portal\\\/?p=50052\",\"name\":\"Detentos adquirem diploma em Volta Redonda - JORNAL BEIRA RIO\",\"isPartOf\":{\"@id\":\"https:\\\/\\\/jornalbeirario.com.br\\\/portal\\\/#website\"},\"primaryImageOfPage\":{\"@id\":\"https:\\\/\\\/jornalbeirario.com.br\\\/portal\\\/?p=50052#primaryimage\"},\"image\":{\"@id\":\"https:\\\/\\\/jornalbeirario.com.br\\\/portal\\\/?p=50052#primaryimage\"},\"thumbnailUrl\":\"https:\\\/\\\/jornalbeirario.com.br\\\/portal\\\/wp-content\\\/uploads\\\/2017\\\/05\\\/77894562.jpg\",\"datePublished\":\"2017-05-22T15:46:46+00:00\",\"breadcrumb\":{\"@id\":\"https:\\\/\\\/jornalbeirario.com.br\\\/portal\\\/?p=50052#breadcrumb\"},\"inLanguage\":\"pt-BR\",\"potentialAction\":[{\"@type\":\"ReadAction\",\"target\":[\"https:\\\/\\\/jornalbeirario.com.br\\\/portal\\\/?p=50052\"]}]},{\"@type\":\"ImageObject\",\"inLanguage\":\"pt-BR\",\"@id\":\"https:\\\/\\\/jornalbeirario.com.br\\\/portal\\\/?p=50052#primaryimage\",\"url\":\"https:\\\/\\\/jornalbeirario.com.br\\\/portal\\\/wp-content\\\/uploads\\\/2017\\\/05\\\/77894562.jpg\",\"contentUrl\":\"https:\\\/\\\/jornalbeirario.com.br\\\/portal\\\/wp-content\\\/uploads\\\/2017\\\/05\\\/77894562.jpg\",\"width\":640,\"height\":480},{\"@type\":\"BreadcrumbList\",\"@id\":\"https:\\\/\\\/jornalbeirario.com.br\\\/portal\\\/?p=50052#breadcrumb\",\"itemListElement\":[{\"@type\":\"ListItem\",\"position\":1,\"name\":\"Home\",\"item\":\"https:\\\/\\\/jornalbeirario.com.br\\\/portal\"},{\"@type\":\"ListItem\",\"position\":2,\"name\":\"Detentos adquirem diploma em Volta Redonda\"}]},{\"@type\":\"WebSite\",\"@id\":\"https:\\\/\\\/jornalbeirario.com.br\\\/portal\\\/#website\",\"url\":\"https:\\\/\\\/jornalbeirario.com.br\\\/portal\\\/\",\"name\":\"JORNAL BEIRA RIO\",\"description\":\"\",\"publisher\":{\"@id\":\"https:\\\/\\\/jornalbeirario.com.br\\\/portal\\\/#organization\"},\"potentialAction\":[{\"@type\":\"SearchAction\",\"target\":{\"@type\":\"EntryPoint\",\"urlTemplate\":\"https:\\\/\\\/jornalbeirario.com.br\\\/portal\\\/?s={search_term_string}\"},\"query-input\":{\"@type\":\"PropertyValueSpecification\",\"valueRequired\":true,\"valueName\":\"search_term_string\"}}],\"inLanguage\":\"pt-BR\"},{\"@type\":\"Organization\",\"@id\":\"https:\\\/\\\/jornalbeirario.com.br\\\/portal\\\/#organization\",\"name\":\"JORNAL BEIRA RIO\",\"url\":\"https:\\\/\\\/jornalbeirario.com.br\\\/portal\\\/\",\"logo\":{\"@type\":\"ImageObject\",\"inLanguage\":\"pt-BR\",\"@id\":\"https:\\\/\\\/jornalbeirario.com.br\\\/portal\\\/#\\\/schema\\\/logo\\\/image\\\/\",\"url\":\"https:\\\/\\\/jornalbeirario.com.br\\\/portal\\\/wp-content\\\/uploads\\\/2017\\\/09\\\/BEIRA-RIO_logo600.png\",\"contentUrl\":\"https:\\\/\\\/jornalbeirario.com.br\\\/portal\\\/wp-content\\\/uploads\\\/2017\\\/09\\\/BEIRA-RIO_logo600.png\",\"width\":650,\"height\":108,\"caption\":\"JORNAL BEIRA RIO\"},\"image\":{\"@id\":\"https:\\\/\\\/jornalbeirario.com.br\\\/portal\\\/#\\\/schema\\\/logo\\\/image\\\/\"}},{\"@type\":\"Person\",\"@id\":\"https:\\\/\\\/jornalbeirario.com.br\\\/portal\\\/#\\\/schema\\\/person\\\/c6c423e4c2465d2a9233f6539173e7c1\",\"name\":\"Jornal BEIRA-RIO\",\"image\":{\"@type\":\"ImageObject\",\"inLanguage\":\"pt-BR\",\"@id\":\"https:\\\/\\\/jornalbeirario.com.br\\\/portal\\\/wp-content\\\/uploads\\\/2023\\\/10\\\/logojbr1.jpg\",\"url\":\"https:\\\/\\\/jornalbeirario.com.br\\\/portal\\\/wp-content\\\/uploads\\\/2023\\\/10\\\/logojbr1.jpg\",\"contentUrl\":\"https:\\\/\\\/jornalbeirario.com.br\\\/portal\\\/wp-content\\\/uploads\\\/2023\\\/10\\\/logojbr1.jpg\",\"caption\":\"Jornal BEIRA-RIO\"},\"url\":\"https:\\\/\\\/jornalbeirario.com.br\\\/portal\\\/?author=1\"}]}<\/script>\n<!-- \/ Yoast SEO plugin. -->","yoast_head_json":{"title":"Detentos adquirem diploma em Volta Redonda - JORNAL BEIRA RIO","robots":{"index":"index","follow":"follow","max-snippet":"max-snippet:-1","max-image-preview":"max-image-preview:large","max-video-preview":"max-video-preview:-1"},"canonical":"https:\/\/jornalbeirario.com.br\/portal\/?p=50052","og_locale":"pt_BR","og_type":"article","og_title":"Detentos adquirem diploma em Volta Redonda - JORNAL BEIRA RIO","og_description":"Nesta sexta-feira, dia 19, os presos provis\u00f3rios da Cadeia P\u00fablica Franz de Castro Holzwarth, em Volta Redonda, receberam o certificado\u00a0 do projeto &#8220;Princ\u00edpios b\u00e1sicos","og_url":"https:\/\/jornalbeirario.com.br\/portal\/?p=50052","og_site_name":"JORNAL BEIRA RIO","article_published_time":"2017-05-22T15:46:46+00:00","og_image":[{"width":640,"height":480,"url":"https:\/\/jornalbeirario.com.br\/portal\/wp-content\/uploads\/2017\/05\/77894562.jpg","type":"image\/jpeg"}],"author":"Jornal BEIRA-RIO","twitter_card":"summary_large_image","twitter_misc":{"Escrito por":"Jornal BEIRA-RIO","Est. tempo de leitura":"2 minutos"},"schema":{"@context":"https:\/\/schema.org","@graph":[{"@type":"Article","@id":"https:\/\/jornalbeirario.com.br\/portal\/?p=50052#article","isPartOf":{"@id":"https:\/\/jornalbeirario.com.br\/portal\/?p=50052"},"author":{"name":"Jornal BEIRA-RIO","@id":"https:\/\/jornalbeirario.com.br\/portal\/#\/schema\/person\/c6c423e4c2465d2a9233f6539173e7c1"},"headline":"Detentos adquirem diploma em Volta Redonda","datePublished":"2017-05-22T15:46:46+00:00","mainEntityOfPage":{"@id":"https:\/\/jornalbeirario.com.br\/portal\/?p=50052"},"wordCount":383,"commentCount":0,"publisher":{"@id":"https:\/\/jornalbeirario.com.br\/portal\/#organization"},"image":{"@id":"https:\/\/jornalbeirario.com.br\/portal\/?p=50052#primaryimage"},"thumbnailUrl":"https:\/\/jornalbeirario.com.br\/portal\/wp-content\/uploads\/2017\/05\/77894562.jpg","keywords":["dehoraemhora"],"articleSection":["Cidade","Educa\u00e7\u00e3o","Social"],"inLanguage":"pt-BR","potentialAction":[{"@type":"CommentAction","name":"Comment","target":["https:\/\/jornalbeirario.com.br\/portal\/?p=50052#respond"]}]},{"@type":"WebPage","@id":"https:\/\/jornalbeirario.com.br\/portal\/?p=50052","url":"https:\/\/jornalbeirario.com.br\/portal\/?p=50052","name":"Detentos adquirem diploma em Volta Redonda - JORNAL BEIRA RIO","isPartOf":{"@id":"https:\/\/jornalbeirario.com.br\/portal\/#website"},"primaryImageOfPage":{"@id":"https:\/\/jornalbeirario.com.br\/portal\/?p=50052#primaryimage"},"image":{"@id":"https:\/\/jornalbeirario.com.br\/portal\/?p=50052#primaryimage"},"thumbnailUrl":"https:\/\/jornalbeirario.com.br\/portal\/wp-content\/uploads\/2017\/05\/77894562.jpg","datePublished":"2017-05-22T15:46:46+00:00","breadcrumb":{"@id":"https:\/\/jornalbeirario.com.br\/portal\/?p=50052#breadcrumb"},"inLanguage":"pt-BR","potentialAction":[{"@type":"ReadAction","target":["https:\/\/jornalbeirario.com.br\/portal\/?p=50052"]}]},{"@type":"ImageObject","inLanguage":"pt-BR","@id":"https:\/\/jornalbeirario.com.br\/portal\/?p=50052#primaryimage","url":"https:\/\/jornalbeirario.com.br\/portal\/wp-content\/uploads\/2017\/05\/77894562.jpg","contentUrl":"https:\/\/jornalbeirario.com.br\/portal\/wp-content\/uploads\/2017\/05\/77894562.jpg","width":640,"height":480},{"@type":"BreadcrumbList","@id":"https:\/\/jornalbeirario.com.br\/portal\/?p=50052#breadcrumb","itemListElement":[{"@type":"ListItem","position":1,"name":"Home","item":"https:\/\/jornalbeirario.com.br\/portal"},{"@type":"ListItem","position":2,"name":"Detentos adquirem diploma em Volta Redonda"}]},{"@type":"WebSite","@id":"https:\/\/jornalbeirario.com.br\/portal\/#website","url":"https:\/\/jornalbeirario.com.br\/portal\/","name":"JORNAL BEIRA RIO","description":"","publisher":{"@id":"https:\/\/jornalbeirario.com.br\/portal\/#organization"},"potentialAction":[{"@type":"SearchAction","target":{"@type":"EntryPoint","urlTemplate":"https:\/\/jornalbeirario.com.br\/portal\/?s={search_term_string}"},"query-input":{"@type":"PropertyValueSpecification","valueRequired":true,"valueName":"search_term_string"}}],"inLanguage":"pt-BR"},{"@type":"Organization","@id":"https:\/\/jornalbeirario.com.br\/portal\/#organization","name":"JORNAL BEIRA RIO","url":"https:\/\/jornalbeirario.com.br\/portal\/","logo":{"@type":"ImageObject","inLanguage":"pt-BR","@id":"https:\/\/jornalbeirario.com.br\/portal\/#\/schema\/logo\/image\/","url":"https:\/\/jornalbeirario.com.br\/portal\/wp-content\/uploads\/2017\/09\/BEIRA-RIO_logo600.png","contentUrl":"https:\/\/jornalbeirario.com.br\/portal\/wp-content\/uploads\/2017\/09\/BEIRA-RIO_logo600.png","width":650,"height":108,"caption":"JORNAL BEIRA RIO"},"image":{"@id":"https:\/\/jornalbeirario.com.br\/portal\/#\/schema\/logo\/image\/"}},{"@type":"Person","@id":"https:\/\/jornalbeirario.com.br\/portal\/#\/schema\/person\/c6c423e4c2465d2a9233f6539173e7c1","name":"Jornal BEIRA-RIO","image":{"@type":"ImageObject","inLanguage":"pt-BR","@id":"https:\/\/jornalbeirario.com.br\/portal\/wp-content\/uploads\/2023\/10\/logojbr1.jpg","url":"https:\/\/jornalbeirario.com.br\/portal\/wp-content\/uploads\/2023\/10\/logojbr1.jpg","contentUrl":"https:\/\/jornalbeirario.com.br\/portal\/wp-content\/uploads\/2023\/10\/logojbr1.jpg","caption":"Jornal BEIRA-RIO"},"url":"https:\/\/jornalbeirario.com.br\/portal\/?author=1"}]}},"_links":{"self":[{"href":"https:\/\/jornalbeirario.com.br\/portal\/index.php?rest_route=\/wp\/v2\/posts\/50052","targetHints":{"allow":["GET"]}}],"collection":[{"href":"https:\/\/jornalbeirario.com.br\/portal\/index.php?rest_route=\/wp\/v2\/posts"}],"about":[{"href":"https:\/\/jornalbeirario.com.br\/portal\/index.php?rest_route=\/wp\/v2\/types\/post"}],"author":[{"embeddable":true,"href":"https:\/\/jornalbeirario.com.br\/portal\/index.php?rest_route=\/wp\/v2\/users\/1"}],"replies":[{"embeddable":true,"href":"https:\/\/jornalbeirario.com.br\/portal\/index.php?rest_route=%2Fwp%2Fv2%2Fcomments&post=50052"}],"version-history":[{"count":2,"href":"https:\/\/jornalbeirario.com.br\/portal\/index.php?rest_route=\/wp\/v2\/posts\/50052\/revisions"}],"predecessor-version":[{"id":50075,"href":"https:\/\/jornalbeirario.com.br\/portal\/index.php?rest_route=\/wp\/v2\/posts\/50052\/revisions\/50075"}],"wp:featuredmedia":[{"embeddable":true,"href":"https:\/\/jornalbeirario.com.br\/portal\/index.php?rest_route=\/wp\/v2\/media\/50054"}],"wp:attachment":[{"href":"https:\/\/jornalbeirario.com.br\/portal\/index.php?rest_route=%2Fwp%2Fv2%2Fmedia&parent=50052"}],"wp:term":[{"taxonomy":"category","embeddable":true,"href":"https:\/\/jornalbeirario.com.br\/portal\/index.php?rest_route=%2Fwp%2Fv2%2Fcategories&post=50052"},{"taxonomy":"post_tag","embeddable":true,"href":"https:\/\/jornalbeirario.com.br\/portal\/index.php?rest_route=%2Fwp%2Fv2%2Ftags&post=50052"}],"curies":[{"name":"wp","href":"https:\/\/api.w.org\/{rel}","templated":true}]}}