
{"id":50025,"date":"2017-05-19T12:26:32","date_gmt":"2017-05-19T15:26:32","guid":{"rendered":"http:\/\/jornalbeirario.com.br\/portal\/?p=50025"},"modified":"2017-05-19T12:26:32","modified_gmt":"2017-05-19T15:26:32","slug":"itatiaia-marcada-por-evento-contra-o-abuso-e-exploracao-de-criancas-e-adolescentes","status":"publish","type":"post","link":"https:\/\/jornalbeirario.com.br\/portal\/?p=50025","title":{"rendered":"Itatiaia marcada por evento contra o abuso e explora\u00e7\u00e3o de crian\u00e7as e adolescentes"},"content":{"rendered":"<p style=\"text-align: justify;\"><a href=\"http:\/\/jornalbeirario.com.br\/?attachment_id=50028\" rel=\"attachment wp-att-50028\"><img loading=\"lazy\" decoding=\"async\" class=\"size-medium wp-image-50028 alignleft\" src=\"http:\/\/jornalbeirario.com.br\/wp-content\/uploads\/2017\/05\/DiadeCombateaoAbusoeaExplora\u00e7\u00e3oSexualdeCrian\u00e7aseAdolescentes-343434344-1-300x225.jpg\" alt=\"DiadeCombateaoAbusoeaExplora\u00e7\u00e3oSexualdeCrian\u00e7aseAdolescentes 343434344\" width=\"300\" height=\"225\" srcset=\"https:\/\/jornalbeirario.com.br\/portal\/wp-content\/uploads\/2017\/05\/DiadeCombateaoAbusoeaExplora\u00e7\u00e3oSexualdeCrian\u00e7aseAdolescentes-343434344-1-300x225.jpg 300w, https:\/\/jornalbeirario.com.br\/portal\/wp-content\/uploads\/2017\/05\/DiadeCombateaoAbusoeaExplora\u00e7\u00e3oSexualdeCrian\u00e7aseAdolescentes-343434344-1.jpg 640w\" sizes=\"auto, (max-width: 300px) 100vw, 300px\" \/><\/a>Nesta quinta-feira, dia 18, o Dia de Combate ao Abuso e a Explora\u00e7\u00e3o Sexual de Crian\u00e7as e Adolescentes foi marcado por a\u00e7\u00f5es e palestras de conscientiza\u00e7\u00e3o \u00a0a popula\u00e7\u00e3o sobre o assunto, em Itatiaia, com ocorr\u00eancia das 9 as 12h e participa\u00e7\u00e3o ativa da equipe do\u00a0Centro de Refer\u00eancia Especializado de Assist\u00eancia Social (Creas) e o Conselho Tutelar, que realizaram a panfletagem e orienta\u00e7\u00e3o aos moradores na Pra\u00e7a Santos Dumont, Centro.<\/p>\n<p style=\"text-align: justify;\">Ainda, durante as atividades, houve a distribui\u00e7\u00e3o de materiais informativos sobre o que seria abuso sexual a crian\u00e7as e adolescentes, como e onde se deve fazer a denuncia deste crime, al\u00e9m do informe de como s\u00e3o efetuados os procedimentos de acolhimento da v\u00edtima. Os cidad\u00e3os que passavam no local tamb\u00e9m receberam as informa\u00e7\u00f5es do disque 100 \u2013 servi\u00e7o esse de Den\u00fancia Nacional, coordenado pela Secretaria\u00a0 Especial dos Direitos Humanos da Presid\u00eancia da Rep\u00fablica, e usado para a feitoria da denuncia do abuso.<\/p>\n<p style=\"text-align: justify;\">Vale lembrar que, por meio do disque 100, qualquer pessoa pode fazer a den\u00fancia, por telefone, celular ou mesmo agora por aplicativos sobre crimes de viol\u00eancia sexual contra crian\u00e7as e adolescentes, que chegam \u00e0 ouvidoria da Secretaria que aciona as redes de prote\u00e7\u00e3o e os \u00f3rg\u00e3os competentes para apura\u00e7\u00e3o das responsabilidades.<\/p>\n<p style=\"text-align: justify;\">O Conselheiro Tutelar, Marcio Crispim, disse que a foi feito esse trabalho de panfletagem e esclarecimento diretamente com a popula\u00e7\u00e3o para que todos possam entender melhor esse assunto t\u00e3o grave e, mostrar os meios poss\u00edveis de denunciar tais atrocidades sem medo de lhes ocorrer algo \u2013 o que levam muitos a n\u00e3o fazerem a den\u00fancia e se manterem calados diante a situa\u00e7\u00e3o lament\u00e1vel e desumana que \u00e9 esse crime. \u00a0\u00a0<strong>\u00a0<\/strong><\/p>\n<p style=\"text-align: justify;\"><a href=\"http:\/\/jornalbeirario.com.br\/?attachment_id=50029\" rel=\"attachment wp-att-50029\"><img loading=\"lazy\" decoding=\"async\" class=\"alignright size-medium wp-image-50029\" src=\"http:\/\/jornalbeirario.com.br\/wp-content\/uploads\/2017\/05\/2511090910ef1-44334-300x225.jpg\" alt=\"2511090910ef1 44334\" width=\"300\" height=\"225\" srcset=\"https:\/\/jornalbeirario.com.br\/portal\/wp-content\/uploads\/2017\/05\/2511090910ef1-44334-300x225.jpg 300w, https:\/\/jornalbeirario.com.br\/portal\/wp-content\/uploads\/2017\/05\/2511090910ef1-44334.jpg 640w\" sizes=\"auto, (max-width: 300px) 100vw, 300px\" \/><\/a>Fora o trabalho de panfletagem, no per\u00edodo da tarde, os adolescentes\u00a0 assistidos pelo Servi\u00e7o de Conviv\u00eancia e\u00a0Fortalecimento de V\u00ednculos,\u00a0participaram na sede do Cras (Centro de Refer\u00eancia em Assist\u00eancia Social) de uma palestra sobre o\u00a0Combate ao Abuso e \u00e0 Explora\u00e7\u00e3o Sexual. O objetivo foi alertar os jovens sobre como denunciar os casos de abuso e a import\u00e2ncia de se transformarem em agentes multiplicadores da informa\u00e7\u00e3o.<\/p>\n<p style=\"text-align: justify;\">\u2014 Essa \u00e9 uma campanha importante de esclarecimento realizada por meio de uma parceria do Conselho Tutelar com o Creas. A a\u00e7\u00e3o\u00a0foi\u00a0fundamental, visto que al\u00e9m de esclarecer as d\u00favidas e informar, tamb\u00e9m teve visou o aux\u00edlio aos jovens a se transformarem em agentes multiplicadores, assim, contribuindo para a propaga\u00e7\u00e3o dessas informa\u00e7\u00f5es nos seus ciclos sociais de como combater e denunciar o abuso\u00a0sexual\u00a0de\u00a0crian\u00e7as\u00a0e adolescentes &#8211; \u00a0finalizou a \u00a0Secret\u00e1ria de Assist\u00eancia Social, Direitos Humanos e Habita\u00e7\u00e3o, Raquel Rocha.<\/p>\n<p style=\"text-align: justify;\">Para os interessados, <a href=\"https:\/\/play.google.com\/store\/apps\/details?id=br.com.ilhasoft.protejaBrasil&amp;hl=pt_BR\">baixe este aplicativo gr\u00e1tis<\/a>. \u00c9\u00a0f\u00e1cil, e tamb\u00e9m estar\u00e1 a n\u00e3o somente exercendo seu papel de cidad\u00e3o, mas tamb\u00e9m a contribuir na prote\u00e7\u00e3o de nossos jovens.<\/p>\n<p style=\"text-align: justify;\"><em>Fonte: Assessoria de Imprensa (PMI)<\/em><\/p>\n<p style=\"text-align: justify;\"><em>Foto:\u00a0Assessoria de Imprensa (PMI)\/<span class=\"irc_ho\" dir=\"ltr\">Rondonia News\/Ag\u00eancia Brasil &#8211; EBC<\/span><\/em><\/p>\n<p>&nbsp;<\/p>\n","protected":false},"excerpt":{"rendered":"<p>Nesta quinta-feira, dia 18, o Dia de Combate ao Abuso e a Explora\u00e7\u00e3o Sexual de Crian\u00e7as e Adolescentes foi marcado por a\u00e7\u00f5es e palestras<\/p>\n","protected":false},"author":1,"featured_media":50027,"comment_status":"open","ping_status":"open","sticky":false,"template":"","format":"standard","meta":{"pmpro_default_level":"","footnotes":""},"categories":[1,166],"tags":[155],"class_list":["post-50025","post","type-post","status-publish","format-standard","has-post-thumbnail","hentry","category-cidade","category-evento","tag-dehoraemhora","pmpro-has-access"],"yoast_head":"<!-- This site is optimized with the Yoast SEO plugin v27.4 - https:\/\/yoast.com\/product\/yoast-seo-wordpress\/ -->\n<title>Itatiaia marcada por evento contra o abuso e explora\u00e7\u00e3o de crian\u00e7as e adolescentes - JORNAL BEIRA RIO<\/title>\n<meta name=\"robots\" content=\"index, follow, max-snippet:-1, max-image-preview:large, max-video-preview:-1\" \/>\n<link rel=\"canonical\" href=\"https:\/\/jornalbeirario.com.br\/portal\/?p=50025\" \/>\n<meta property=\"og:locale\" content=\"pt_BR\" \/>\n<meta property=\"og:type\" content=\"article\" \/>\n<meta property=\"og:title\" content=\"Itatiaia marcada por evento contra o abuso e explora\u00e7\u00e3o de crian\u00e7as e adolescentes - JORNAL BEIRA RIO\" \/>\n<meta property=\"og:description\" content=\"Nesta quinta-feira, dia 18, o Dia de Combate ao Abuso e a Explora\u00e7\u00e3o Sexual de Crian\u00e7as e Adolescentes foi marcado por a\u00e7\u00f5es e palestras\" \/>\n<meta property=\"og:url\" content=\"https:\/\/jornalbeirario.com.br\/portal\/?p=50025\" \/>\n<meta property=\"og:site_name\" content=\"JORNAL BEIRA RIO\" \/>\n<meta property=\"article:published_time\" content=\"2017-05-19T15:26:32+00:00\" \/>\n<meta property=\"og:image\" content=\"https:\/\/jornalbeirario.com.br\/portal\/wp-content\/uploads\/2017\/05\/1431978707-304496200-345344.jpg\" \/>\n\t<meta property=\"og:image:width\" content=\"640\" \/>\n\t<meta property=\"og:image:height\" content=\"480\" \/>\n\t<meta property=\"og:image:type\" content=\"image\/jpeg\" \/>\n<meta name=\"author\" content=\"Jornal BEIRA-RIO\" \/>\n<meta name=\"twitter:card\" content=\"summary_large_image\" \/>\n<meta name=\"twitter:label1\" content=\"Escrito por\" \/>\n\t<meta name=\"twitter:data1\" content=\"Jornal BEIRA-RIO\" \/>\n\t<meta name=\"twitter:label2\" content=\"Est. tempo de leitura\" \/>\n\t<meta name=\"twitter:data2\" content=\"3 minutos\" \/>\n<script type=\"application\/ld+json\" class=\"yoast-schema-graph\">{\"@context\":\"https:\\\/\\\/schema.org\",\"@graph\":[{\"@type\":\"Article\",\"@id\":\"https:\\\/\\\/jornalbeirario.com.br\\\/portal\\\/?p=50025#article\",\"isPartOf\":{\"@id\":\"https:\\\/\\\/jornalbeirario.com.br\\\/portal\\\/?p=50025\"},\"author\":{\"name\":\"Jornal BEIRA-RIO\",\"@id\":\"https:\\\/\\\/jornalbeirario.com.br\\\/portal\\\/#\\\/schema\\\/person\\\/c6c423e4c2465d2a9233f6539173e7c1\"},\"headline\":\"Itatiaia marcada por evento contra o abuso e explora\u00e7\u00e3o de crian\u00e7as e adolescentes\",\"datePublished\":\"2017-05-19T15:26:32+00:00\",\"mainEntityOfPage\":{\"@id\":\"https:\\\/\\\/jornalbeirario.com.br\\\/portal\\\/?p=50025\"},\"wordCount\":534,\"commentCount\":0,\"publisher\":{\"@id\":\"https:\\\/\\\/jornalbeirario.com.br\\\/portal\\\/#organization\"},\"image\":{\"@id\":\"https:\\\/\\\/jornalbeirario.com.br\\\/portal\\\/?p=50025#primaryimage\"},\"thumbnailUrl\":\"https:\\\/\\\/jornalbeirario.com.br\\\/portal\\\/wp-content\\\/uploads\\\/2017\\\/05\\\/1431978707-304496200-345344.jpg\",\"keywords\":[\"dehoraemhora\"],\"articleSection\":[\"Cidade\",\"Evento\"],\"inLanguage\":\"pt-BR\",\"potentialAction\":[{\"@type\":\"CommentAction\",\"name\":\"Comment\",\"target\":[\"https:\\\/\\\/jornalbeirario.com.br\\\/portal\\\/?p=50025#respond\"]}]},{\"@type\":\"WebPage\",\"@id\":\"https:\\\/\\\/jornalbeirario.com.br\\\/portal\\\/?p=50025\",\"url\":\"https:\\\/\\\/jornalbeirario.com.br\\\/portal\\\/?p=50025\",\"name\":\"Itatiaia marcada por evento contra o abuso e explora\u00e7\u00e3o de crian\u00e7as e adolescentes - JORNAL BEIRA RIO\",\"isPartOf\":{\"@id\":\"https:\\\/\\\/jornalbeirario.com.br\\\/portal\\\/#website\"},\"primaryImageOfPage\":{\"@id\":\"https:\\\/\\\/jornalbeirario.com.br\\\/portal\\\/?p=50025#primaryimage\"},\"image\":{\"@id\":\"https:\\\/\\\/jornalbeirario.com.br\\\/portal\\\/?p=50025#primaryimage\"},\"thumbnailUrl\":\"https:\\\/\\\/jornalbeirario.com.br\\\/portal\\\/wp-content\\\/uploads\\\/2017\\\/05\\\/1431978707-304496200-345344.jpg\",\"datePublished\":\"2017-05-19T15:26:32+00:00\",\"breadcrumb\":{\"@id\":\"https:\\\/\\\/jornalbeirario.com.br\\\/portal\\\/?p=50025#breadcrumb\"},\"inLanguage\":\"pt-BR\",\"potentialAction\":[{\"@type\":\"ReadAction\",\"target\":[\"https:\\\/\\\/jornalbeirario.com.br\\\/portal\\\/?p=50025\"]}]},{\"@type\":\"ImageObject\",\"inLanguage\":\"pt-BR\",\"@id\":\"https:\\\/\\\/jornalbeirario.com.br\\\/portal\\\/?p=50025#primaryimage\",\"url\":\"https:\\\/\\\/jornalbeirario.com.br\\\/portal\\\/wp-content\\\/uploads\\\/2017\\\/05\\\/1431978707-304496200-345344.jpg\",\"contentUrl\":\"https:\\\/\\\/jornalbeirario.com.br\\\/portal\\\/wp-content\\\/uploads\\\/2017\\\/05\\\/1431978707-304496200-345344.jpg\",\"width\":640,\"height\":480},{\"@type\":\"BreadcrumbList\",\"@id\":\"https:\\\/\\\/jornalbeirario.com.br\\\/portal\\\/?p=50025#breadcrumb\",\"itemListElement\":[{\"@type\":\"ListItem\",\"position\":1,\"name\":\"Home\",\"item\":\"https:\\\/\\\/jornalbeirario.com.br\\\/portal\"},{\"@type\":\"ListItem\",\"position\":2,\"name\":\"Itatiaia marcada por evento contra o abuso e explora\u00e7\u00e3o de crian\u00e7as e adolescentes\"}]},{\"@type\":\"WebSite\",\"@id\":\"https:\\\/\\\/jornalbeirario.com.br\\\/portal\\\/#website\",\"url\":\"https:\\\/\\\/jornalbeirario.com.br\\\/portal\\\/\",\"name\":\"JORNAL BEIRA RIO\",\"description\":\"\",\"publisher\":{\"@id\":\"https:\\\/\\\/jornalbeirario.com.br\\\/portal\\\/#organization\"},\"potentialAction\":[{\"@type\":\"SearchAction\",\"target\":{\"@type\":\"EntryPoint\",\"urlTemplate\":\"https:\\\/\\\/jornalbeirario.com.br\\\/portal\\\/?s={search_term_string}\"},\"query-input\":{\"@type\":\"PropertyValueSpecification\",\"valueRequired\":true,\"valueName\":\"search_term_string\"}}],\"inLanguage\":\"pt-BR\"},{\"@type\":\"Organization\",\"@id\":\"https:\\\/\\\/jornalbeirario.com.br\\\/portal\\\/#organization\",\"name\":\"JORNAL BEIRA RIO\",\"url\":\"https:\\\/\\\/jornalbeirario.com.br\\\/portal\\\/\",\"logo\":{\"@type\":\"ImageObject\",\"inLanguage\":\"pt-BR\",\"@id\":\"https:\\\/\\\/jornalbeirario.com.br\\\/portal\\\/#\\\/schema\\\/logo\\\/image\\\/\",\"url\":\"https:\\\/\\\/jornalbeirario.com.br\\\/portal\\\/wp-content\\\/uploads\\\/2017\\\/09\\\/BEIRA-RIO_logo600.png\",\"contentUrl\":\"https:\\\/\\\/jornalbeirario.com.br\\\/portal\\\/wp-content\\\/uploads\\\/2017\\\/09\\\/BEIRA-RIO_logo600.png\",\"width\":650,\"height\":108,\"caption\":\"JORNAL BEIRA RIO\"},\"image\":{\"@id\":\"https:\\\/\\\/jornalbeirario.com.br\\\/portal\\\/#\\\/schema\\\/logo\\\/image\\\/\"}},{\"@type\":\"Person\",\"@id\":\"https:\\\/\\\/jornalbeirario.com.br\\\/portal\\\/#\\\/schema\\\/person\\\/c6c423e4c2465d2a9233f6539173e7c1\",\"name\":\"Jornal BEIRA-RIO\",\"image\":{\"@type\":\"ImageObject\",\"inLanguage\":\"pt-BR\",\"@id\":\"https:\\\/\\\/jornalbeirario.com.br\\\/portal\\\/wp-content\\\/uploads\\\/2023\\\/10\\\/logojbr1.jpg\",\"url\":\"https:\\\/\\\/jornalbeirario.com.br\\\/portal\\\/wp-content\\\/uploads\\\/2023\\\/10\\\/logojbr1.jpg\",\"contentUrl\":\"https:\\\/\\\/jornalbeirario.com.br\\\/portal\\\/wp-content\\\/uploads\\\/2023\\\/10\\\/logojbr1.jpg\",\"caption\":\"Jornal BEIRA-RIO\"},\"url\":\"https:\\\/\\\/jornalbeirario.com.br\\\/portal\\\/?author=1\"}]}<\/script>\n<!-- \/ Yoast SEO plugin. -->","yoast_head_json":{"title":"Itatiaia marcada por evento contra o abuso e explora\u00e7\u00e3o de crian\u00e7as e adolescentes - JORNAL BEIRA RIO","robots":{"index":"index","follow":"follow","max-snippet":"max-snippet:-1","max-image-preview":"max-image-preview:large","max-video-preview":"max-video-preview:-1"},"canonical":"https:\/\/jornalbeirario.com.br\/portal\/?p=50025","og_locale":"pt_BR","og_type":"article","og_title":"Itatiaia marcada por evento contra o abuso e explora\u00e7\u00e3o de crian\u00e7as e adolescentes - JORNAL BEIRA RIO","og_description":"Nesta quinta-feira, dia 18, o Dia de Combate ao Abuso e a Explora\u00e7\u00e3o Sexual de Crian\u00e7as e Adolescentes foi marcado por a\u00e7\u00f5es e palestras","og_url":"https:\/\/jornalbeirario.com.br\/portal\/?p=50025","og_site_name":"JORNAL BEIRA RIO","article_published_time":"2017-05-19T15:26:32+00:00","og_image":[{"width":640,"height":480,"url":"https:\/\/jornalbeirario.com.br\/portal\/wp-content\/uploads\/2017\/05\/1431978707-304496200-345344.jpg","type":"image\/jpeg"}],"author":"Jornal BEIRA-RIO","twitter_card":"summary_large_image","twitter_misc":{"Escrito por":"Jornal BEIRA-RIO","Est. tempo de leitura":"3 minutos"},"schema":{"@context":"https:\/\/schema.org","@graph":[{"@type":"Article","@id":"https:\/\/jornalbeirario.com.br\/portal\/?p=50025#article","isPartOf":{"@id":"https:\/\/jornalbeirario.com.br\/portal\/?p=50025"},"author":{"name":"Jornal BEIRA-RIO","@id":"https:\/\/jornalbeirario.com.br\/portal\/#\/schema\/person\/c6c423e4c2465d2a9233f6539173e7c1"},"headline":"Itatiaia marcada por evento contra o abuso e explora\u00e7\u00e3o de crian\u00e7as e adolescentes","datePublished":"2017-05-19T15:26:32+00:00","mainEntityOfPage":{"@id":"https:\/\/jornalbeirario.com.br\/portal\/?p=50025"},"wordCount":534,"commentCount":0,"publisher":{"@id":"https:\/\/jornalbeirario.com.br\/portal\/#organization"},"image":{"@id":"https:\/\/jornalbeirario.com.br\/portal\/?p=50025#primaryimage"},"thumbnailUrl":"https:\/\/jornalbeirario.com.br\/portal\/wp-content\/uploads\/2017\/05\/1431978707-304496200-345344.jpg","keywords":["dehoraemhora"],"articleSection":["Cidade","Evento"],"inLanguage":"pt-BR","potentialAction":[{"@type":"CommentAction","name":"Comment","target":["https:\/\/jornalbeirario.com.br\/portal\/?p=50025#respond"]}]},{"@type":"WebPage","@id":"https:\/\/jornalbeirario.com.br\/portal\/?p=50025","url":"https:\/\/jornalbeirario.com.br\/portal\/?p=50025","name":"Itatiaia marcada por evento contra o abuso e explora\u00e7\u00e3o de crian\u00e7as e adolescentes - JORNAL BEIRA RIO","isPartOf":{"@id":"https:\/\/jornalbeirario.com.br\/portal\/#website"},"primaryImageOfPage":{"@id":"https:\/\/jornalbeirario.com.br\/portal\/?p=50025#primaryimage"},"image":{"@id":"https:\/\/jornalbeirario.com.br\/portal\/?p=50025#primaryimage"},"thumbnailUrl":"https:\/\/jornalbeirario.com.br\/portal\/wp-content\/uploads\/2017\/05\/1431978707-304496200-345344.jpg","datePublished":"2017-05-19T15:26:32+00:00","breadcrumb":{"@id":"https:\/\/jornalbeirario.com.br\/portal\/?p=50025#breadcrumb"},"inLanguage":"pt-BR","potentialAction":[{"@type":"ReadAction","target":["https:\/\/jornalbeirario.com.br\/portal\/?p=50025"]}]},{"@type":"ImageObject","inLanguage":"pt-BR","@id":"https:\/\/jornalbeirario.com.br\/portal\/?p=50025#primaryimage","url":"https:\/\/jornalbeirario.com.br\/portal\/wp-content\/uploads\/2017\/05\/1431978707-304496200-345344.jpg","contentUrl":"https:\/\/jornalbeirario.com.br\/portal\/wp-content\/uploads\/2017\/05\/1431978707-304496200-345344.jpg","width":640,"height":480},{"@type":"BreadcrumbList","@id":"https:\/\/jornalbeirario.com.br\/portal\/?p=50025#breadcrumb","itemListElement":[{"@type":"ListItem","position":1,"name":"Home","item":"https:\/\/jornalbeirario.com.br\/portal"},{"@type":"ListItem","position":2,"name":"Itatiaia marcada por evento contra o abuso e explora\u00e7\u00e3o de crian\u00e7as e adolescentes"}]},{"@type":"WebSite","@id":"https:\/\/jornalbeirario.com.br\/portal\/#website","url":"https:\/\/jornalbeirario.com.br\/portal\/","name":"JORNAL BEIRA RIO","description":"","publisher":{"@id":"https:\/\/jornalbeirario.com.br\/portal\/#organization"},"potentialAction":[{"@type":"SearchAction","target":{"@type":"EntryPoint","urlTemplate":"https:\/\/jornalbeirario.com.br\/portal\/?s={search_term_string}"},"query-input":{"@type":"PropertyValueSpecification","valueRequired":true,"valueName":"search_term_string"}}],"inLanguage":"pt-BR"},{"@type":"Organization","@id":"https:\/\/jornalbeirario.com.br\/portal\/#organization","name":"JORNAL BEIRA RIO","url":"https:\/\/jornalbeirario.com.br\/portal\/","logo":{"@type":"ImageObject","inLanguage":"pt-BR","@id":"https:\/\/jornalbeirario.com.br\/portal\/#\/schema\/logo\/image\/","url":"https:\/\/jornalbeirario.com.br\/portal\/wp-content\/uploads\/2017\/09\/BEIRA-RIO_logo600.png","contentUrl":"https:\/\/jornalbeirario.com.br\/portal\/wp-content\/uploads\/2017\/09\/BEIRA-RIO_logo600.png","width":650,"height":108,"caption":"JORNAL BEIRA RIO"},"image":{"@id":"https:\/\/jornalbeirario.com.br\/portal\/#\/schema\/logo\/image\/"}},{"@type":"Person","@id":"https:\/\/jornalbeirario.com.br\/portal\/#\/schema\/person\/c6c423e4c2465d2a9233f6539173e7c1","name":"Jornal BEIRA-RIO","image":{"@type":"ImageObject","inLanguage":"pt-BR","@id":"https:\/\/jornalbeirario.com.br\/portal\/wp-content\/uploads\/2023\/10\/logojbr1.jpg","url":"https:\/\/jornalbeirario.com.br\/portal\/wp-content\/uploads\/2023\/10\/logojbr1.jpg","contentUrl":"https:\/\/jornalbeirario.com.br\/portal\/wp-content\/uploads\/2023\/10\/logojbr1.jpg","caption":"Jornal BEIRA-RIO"},"url":"https:\/\/jornalbeirario.com.br\/portal\/?author=1"}]}},"_links":{"self":[{"href":"https:\/\/jornalbeirario.com.br\/portal\/index.php?rest_route=\/wp\/v2\/posts\/50025","targetHints":{"allow":["GET"]}}],"collection":[{"href":"https:\/\/jornalbeirario.com.br\/portal\/index.php?rest_route=\/wp\/v2\/posts"}],"about":[{"href":"https:\/\/jornalbeirario.com.br\/portal\/index.php?rest_route=\/wp\/v2\/types\/post"}],"author":[{"embeddable":true,"href":"https:\/\/jornalbeirario.com.br\/portal\/index.php?rest_route=\/wp\/v2\/users\/1"}],"replies":[{"embeddable":true,"href":"https:\/\/jornalbeirario.com.br\/portal\/index.php?rest_route=%2Fwp%2Fv2%2Fcomments&post=50025"}],"version-history":[{"count":2,"href":"https:\/\/jornalbeirario.com.br\/portal\/index.php?rest_route=\/wp\/v2\/posts\/50025\/revisions"}],"predecessor-version":[{"id":50035,"href":"https:\/\/jornalbeirario.com.br\/portal\/index.php?rest_route=\/wp\/v2\/posts\/50025\/revisions\/50035"}],"wp:featuredmedia":[{"embeddable":true,"href":"https:\/\/jornalbeirario.com.br\/portal\/index.php?rest_route=\/wp\/v2\/media\/50027"}],"wp:attachment":[{"href":"https:\/\/jornalbeirario.com.br\/portal\/index.php?rest_route=%2Fwp%2Fv2%2Fmedia&parent=50025"}],"wp:term":[{"taxonomy":"category","embeddable":true,"href":"https:\/\/jornalbeirario.com.br\/portal\/index.php?rest_route=%2Fwp%2Fv2%2Fcategories&post=50025"},{"taxonomy":"post_tag","embeddable":true,"href":"https:\/\/jornalbeirario.com.br\/portal\/index.php?rest_route=%2Fwp%2Fv2%2Ftags&post=50025"}],"curies":[{"name":"wp","href":"https:\/\/api.w.org\/{rel}","templated":true}]}}