
{"id":50016,"date":"2017-05-19T10:51:21","date_gmt":"2017-05-19T13:51:21","guid":{"rendered":"http:\/\/jornalbeirario.com.br\/portal\/?p=50016"},"modified":"2017-05-19T10:51:21","modified_gmt":"2017-05-19T13:51:21","slug":"estamos-vivendo-mais-uma-crise-na-politica-brasileira","status":"publish","type":"post","link":"https:\/\/jornalbeirario.com.br\/portal\/?p=50016","title":{"rendered":"Estamos vivendo mais uma crise na pol\u00edtica brasileira"},"content":{"rendered":"<p style=\"text-align: justify;\">Estamos vivendo mais uma crise na pol\u00edtica brasileira e as pessoas agem como se fosse a \u00fanica na hist\u00f3ria do nosso pa\u00eds.<\/p>\n<p style=\"text-align: justify;\">Ao que parece, foge \u00e0 lembran\u00e7a o quanto nosso pa\u00eds foi subtra\u00eddo covardemente desde que se tornou col\u00f4nia de Portugal. Riquezas saqueadas e pessoas escravizadas em nome de uma falsa declara\u00e7\u00e3o de propriedade. Nunca fomos vistos ou tratados como um pa\u00eds promissor que deveria ser respeitado e receber incentivos para o crescimento.<\/p>\n<p style=\"text-align: justify;\">A corrup\u00e7\u00e3o n\u00e3o come\u00e7ou com o PT. Come\u00e7ou com o descobrimento, com a fam\u00edlia real, com os invasores usurpadores. Entretanto, \u00e9 bem verdade que esse partido pol\u00edtico decepcionou os eleitores ao se envolver em diversos esc\u00e2ndalos de corrup\u00e7\u00e3o. Tudo o que proporcionou em termos de crescimento e ganhos sociais ficou obscuro por negociatas e jogatinas. Mesmo que n\u00e3o se apresente provas concretas e substanciais e que se tenha apenas convic\u00e7\u00e3o sobre a culpa de seus maiores representantes, eles n\u00e3o estavam sozinhos no poder.<\/p>\n<p style=\"text-align: justify;\">N\u00e3o devemos nos esquecer de que o PMDB que \u00e9 a base do governo e hoje est\u00e1 se esparramando no poder, ca\u00e7ando direitos a torto e a direito, \u00e9 t\u00e3o ou mais culpado. Indiretamente governa o pa\u00eds h\u00e1 d\u00e9cadas e n\u00e3o lhes faltam provas concretas e substanciais sobre todo tipo de falcatruas em que est\u00e1 envolvido.<\/p>\n<p style=\"text-align: justify;\">O PSDB \u00e9 t\u00e3o nocivo quanto, uma vez que prega o falso moralismo. Insufla discursos contra a corrup\u00e7\u00e3o e o que as \u00faltimas not\u00edcias nos revelam \u00e9 o mar de corrup\u00e7\u00e3o no qual est\u00e1 atolado al\u00e9m do pesco\u00e7o. Mesmo que conte com o apoio expl\u00edcito da grande m\u00eddia n\u00e3o consegue se impor como um partido promissor e representativo do interesse da popula\u00e7\u00e3o.<\/p>\n<p style=\"text-align: justify;\">Ali\u00e1s, n\u00e3o observo nenhum partido que de fato nos represente ou seja a voz dos interesses da sociedade como um todo. N\u00e3o existe comprometimento partid\u00e1rio, mas oportunidade de negociatas em benef\u00edcio de poucos. Por poucos entenda quem est\u00e1 no poder ou a parte interessada e que vai angariar mais lucros na negociata.<\/p>\n<p style=\"text-align: justify;\">Hoje apenas identifico umas poucas vozes sensatas com hist\u00f3rico pessoal ilibado e trajet\u00f3ria pol\u00edtica honesta, mas que se perdem na balb\u00fardia, no barulho provocado por alaridos e brados dos corruptos e malfeitores da na\u00e7\u00e3o, tal qual carro\u00e7as vazias quando passam anunciando sua presen\u00e7a sem nada carregar.<\/p>\n<p style=\"text-align: justify;\">Pobre pa\u00eds, pobre povo brasileiro. Incauto, defende quem lhe toma a voz e ofende em seu bem mais precioso: sua dignidade.<\/p>\n<p style=\"text-align: justify;\"><em>\u00c2ngela Alhanati<\/em><br \/>\n<em>contato@angelaalhanati.com.br<\/em><br \/>\n<em>Livre pensadora exercendo seu direito \u00e0 reflex\u00e3o<\/em><\/p>\n","protected":false},"excerpt":{"rendered":"<p>Estamos vivendo mais uma crise na pol\u00edtica brasileira e as pessoas agem como se fosse a \u00fanica na hist\u00f3ria do nosso pa\u00eds. Ao que<\/p>\n","protected":false},"author":191,"featured_media":0,"comment_status":"open","ping_status":"open","sticky":false,"template":"","format":"standard","meta":{"pmpro_default_level":"","footnotes":""},"categories":[181],"tags":[],"class_list":["post-50016","post","type-post","status-publish","format-standard","hentry","category-colunistas","pmpro-has-access"],"yoast_head":"<!-- This site is optimized with the Yoast SEO plugin v27.4 - https:\/\/yoast.com\/product\/yoast-seo-wordpress\/ -->\n<title>Estamos vivendo mais uma crise na pol\u00edtica brasileira - JORNAL BEIRA RIO<\/title>\n<meta name=\"robots\" content=\"index, follow, max-snippet:-1, max-image-preview:large, max-video-preview:-1\" \/>\n<link rel=\"canonical\" href=\"https:\/\/jornalbeirario.com.br\/portal\/?p=50016\" \/>\n<meta property=\"og:locale\" content=\"pt_BR\" \/>\n<meta property=\"og:type\" content=\"article\" \/>\n<meta property=\"og:title\" content=\"Estamos vivendo mais uma crise na pol\u00edtica brasileira - JORNAL BEIRA RIO\" \/>\n<meta property=\"og:description\" content=\"Estamos vivendo mais uma crise na pol\u00edtica brasileira e as pessoas agem como se fosse a \u00fanica na hist\u00f3ria do nosso pa\u00eds. Ao que\" \/>\n<meta property=\"og:url\" content=\"https:\/\/jornalbeirario.com.br\/portal\/?p=50016\" \/>\n<meta property=\"og:site_name\" content=\"JORNAL BEIRA RIO\" \/>\n<meta property=\"article:published_time\" content=\"2017-05-19T13:51:21+00:00\" \/>\n<meta name=\"author\" content=\"Ana L\u00facia\" \/>\n<meta name=\"twitter:card\" content=\"summary_large_image\" \/>\n<meta name=\"twitter:label1\" content=\"Escrito por\" \/>\n\t<meta name=\"twitter:data1\" content=\"Ana L\u00facia\" \/>\n\t<meta name=\"twitter:label2\" content=\"Est. tempo de leitura\" \/>\n\t<meta name=\"twitter:data2\" content=\"2 minutos\" \/>\n<script type=\"application\/ld+json\" class=\"yoast-schema-graph\">{\"@context\":\"https:\\\/\\\/schema.org\",\"@graph\":[{\"@type\":\"Article\",\"@id\":\"https:\\\/\\\/jornalbeirario.com.br\\\/portal\\\/?p=50016#article\",\"isPartOf\":{\"@id\":\"https:\\\/\\\/jornalbeirario.com.br\\\/portal\\\/?p=50016\"},\"author\":{\"name\":\"Ana L\u00facia\",\"@id\":\"https:\\\/\\\/jornalbeirario.com.br\\\/portal\\\/#\\\/schema\\\/person\\\/3d11883a3e35d9ee1dbdeaa18c900bd1\"},\"headline\":\"Estamos vivendo mais uma crise na pol\u00edtica brasileira\",\"datePublished\":\"2017-05-19T13:51:21+00:00\",\"mainEntityOfPage\":{\"@id\":\"https:\\\/\\\/jornalbeirario.com.br\\\/portal\\\/?p=50016\"},\"wordCount\":459,\"commentCount\":0,\"publisher\":{\"@id\":\"https:\\\/\\\/jornalbeirario.com.br\\\/portal\\\/#organization\"},\"articleSection\":[\"Colunistas\"],\"inLanguage\":\"pt-BR\",\"potentialAction\":[{\"@type\":\"CommentAction\",\"name\":\"Comment\",\"target\":[\"https:\\\/\\\/jornalbeirario.com.br\\\/portal\\\/?p=50016#respond\"]}]},{\"@type\":\"WebPage\",\"@id\":\"https:\\\/\\\/jornalbeirario.com.br\\\/portal\\\/?p=50016\",\"url\":\"https:\\\/\\\/jornalbeirario.com.br\\\/portal\\\/?p=50016\",\"name\":\"Estamos vivendo mais uma crise na pol\u00edtica brasileira - JORNAL BEIRA RIO\",\"isPartOf\":{\"@id\":\"https:\\\/\\\/jornalbeirario.com.br\\\/portal\\\/#website\"},\"datePublished\":\"2017-05-19T13:51:21+00:00\",\"breadcrumb\":{\"@id\":\"https:\\\/\\\/jornalbeirario.com.br\\\/portal\\\/?p=50016#breadcrumb\"},\"inLanguage\":\"pt-BR\",\"potentialAction\":[{\"@type\":\"ReadAction\",\"target\":[\"https:\\\/\\\/jornalbeirario.com.br\\\/portal\\\/?p=50016\"]}]},{\"@type\":\"BreadcrumbList\",\"@id\":\"https:\\\/\\\/jornalbeirario.com.br\\\/portal\\\/?p=50016#breadcrumb\",\"itemListElement\":[{\"@type\":\"ListItem\",\"position\":1,\"name\":\"Home\",\"item\":\"https:\\\/\\\/jornalbeirario.com.br\\\/portal\"},{\"@type\":\"ListItem\",\"position\":2,\"name\":\"Estamos vivendo mais uma crise na pol\u00edtica brasileira\"}]},{\"@type\":\"WebSite\",\"@id\":\"https:\\\/\\\/jornalbeirario.com.br\\\/portal\\\/#website\",\"url\":\"https:\\\/\\\/jornalbeirario.com.br\\\/portal\\\/\",\"name\":\"JORNAL BEIRA RIO\",\"description\":\"\",\"publisher\":{\"@id\":\"https:\\\/\\\/jornalbeirario.com.br\\\/portal\\\/#organization\"},\"potentialAction\":[{\"@type\":\"SearchAction\",\"target\":{\"@type\":\"EntryPoint\",\"urlTemplate\":\"https:\\\/\\\/jornalbeirario.com.br\\\/portal\\\/?s={search_term_string}\"},\"query-input\":{\"@type\":\"PropertyValueSpecification\",\"valueRequired\":true,\"valueName\":\"search_term_string\"}}],\"inLanguage\":\"pt-BR\"},{\"@type\":\"Organization\",\"@id\":\"https:\\\/\\\/jornalbeirario.com.br\\\/portal\\\/#organization\",\"name\":\"JORNAL BEIRA RIO\",\"url\":\"https:\\\/\\\/jornalbeirario.com.br\\\/portal\\\/\",\"logo\":{\"@type\":\"ImageObject\",\"inLanguage\":\"pt-BR\",\"@id\":\"https:\\\/\\\/jornalbeirario.com.br\\\/portal\\\/#\\\/schema\\\/logo\\\/image\\\/\",\"url\":\"https:\\\/\\\/jornalbeirario.com.br\\\/portal\\\/wp-content\\\/uploads\\\/2017\\\/09\\\/BEIRA-RIO_logo600.png\",\"contentUrl\":\"https:\\\/\\\/jornalbeirario.com.br\\\/portal\\\/wp-content\\\/uploads\\\/2017\\\/09\\\/BEIRA-RIO_logo600.png\",\"width\":650,\"height\":108,\"caption\":\"JORNAL BEIRA RIO\"},\"image\":{\"@id\":\"https:\\\/\\\/jornalbeirario.com.br\\\/portal\\\/#\\\/schema\\\/logo\\\/image\\\/\"}},{\"@type\":\"Person\",\"@id\":\"https:\\\/\\\/jornalbeirario.com.br\\\/portal\\\/#\\\/schema\\\/person\\\/3d11883a3e35d9ee1dbdeaa18c900bd1\",\"name\":\"Ana L\u00facia\",\"image\":{\"@type\":\"ImageObject\",\"inLanguage\":\"pt-BR\",\"@id\":\"https:\\\/\\\/jornalbeirario.com.br\\\/portal\\\/wp-content\\\/uploads\\\/2023\\\/01\\\/eu-eu.jpg\",\"url\":\"https:\\\/\\\/jornalbeirario.com.br\\\/portal\\\/wp-content\\\/uploads\\\/2023\\\/01\\\/eu-eu.jpg\",\"contentUrl\":\"https:\\\/\\\/jornalbeirario.com.br\\\/portal\\\/wp-content\\\/uploads\\\/2023\\\/01\\\/eu-eu.jpg\",\"caption\":\"Ana L\u00facia\"},\"url\":\"https:\\\/\\\/jornalbeirario.com.br\\\/portal\\\/?author=191\"}]}<\/script>\n<!-- \/ Yoast SEO plugin. -->","yoast_head_json":{"title":"Estamos vivendo mais uma crise na pol\u00edtica brasileira - JORNAL BEIRA RIO","robots":{"index":"index","follow":"follow","max-snippet":"max-snippet:-1","max-image-preview":"max-image-preview:large","max-video-preview":"max-video-preview:-1"},"canonical":"https:\/\/jornalbeirario.com.br\/portal\/?p=50016","og_locale":"pt_BR","og_type":"article","og_title":"Estamos vivendo mais uma crise na pol\u00edtica brasileira - JORNAL BEIRA RIO","og_description":"Estamos vivendo mais uma crise na pol\u00edtica brasileira e as pessoas agem como se fosse a \u00fanica na hist\u00f3ria do nosso pa\u00eds. Ao que","og_url":"https:\/\/jornalbeirario.com.br\/portal\/?p=50016","og_site_name":"JORNAL BEIRA RIO","article_published_time":"2017-05-19T13:51:21+00:00","author":"Ana L\u00facia","twitter_card":"summary_large_image","twitter_misc":{"Escrito por":"Ana L\u00facia","Est. tempo de leitura":"2 minutos"},"schema":{"@context":"https:\/\/schema.org","@graph":[{"@type":"Article","@id":"https:\/\/jornalbeirario.com.br\/portal\/?p=50016#article","isPartOf":{"@id":"https:\/\/jornalbeirario.com.br\/portal\/?p=50016"},"author":{"name":"Ana L\u00facia","@id":"https:\/\/jornalbeirario.com.br\/portal\/#\/schema\/person\/3d11883a3e35d9ee1dbdeaa18c900bd1"},"headline":"Estamos vivendo mais uma crise na pol\u00edtica brasileira","datePublished":"2017-05-19T13:51:21+00:00","mainEntityOfPage":{"@id":"https:\/\/jornalbeirario.com.br\/portal\/?p=50016"},"wordCount":459,"commentCount":0,"publisher":{"@id":"https:\/\/jornalbeirario.com.br\/portal\/#organization"},"articleSection":["Colunistas"],"inLanguage":"pt-BR","potentialAction":[{"@type":"CommentAction","name":"Comment","target":["https:\/\/jornalbeirario.com.br\/portal\/?p=50016#respond"]}]},{"@type":"WebPage","@id":"https:\/\/jornalbeirario.com.br\/portal\/?p=50016","url":"https:\/\/jornalbeirario.com.br\/portal\/?p=50016","name":"Estamos vivendo mais uma crise na pol\u00edtica brasileira - JORNAL BEIRA RIO","isPartOf":{"@id":"https:\/\/jornalbeirario.com.br\/portal\/#website"},"datePublished":"2017-05-19T13:51:21+00:00","breadcrumb":{"@id":"https:\/\/jornalbeirario.com.br\/portal\/?p=50016#breadcrumb"},"inLanguage":"pt-BR","potentialAction":[{"@type":"ReadAction","target":["https:\/\/jornalbeirario.com.br\/portal\/?p=50016"]}]},{"@type":"BreadcrumbList","@id":"https:\/\/jornalbeirario.com.br\/portal\/?p=50016#breadcrumb","itemListElement":[{"@type":"ListItem","position":1,"name":"Home","item":"https:\/\/jornalbeirario.com.br\/portal"},{"@type":"ListItem","position":2,"name":"Estamos vivendo mais uma crise na pol\u00edtica brasileira"}]},{"@type":"WebSite","@id":"https:\/\/jornalbeirario.com.br\/portal\/#website","url":"https:\/\/jornalbeirario.com.br\/portal\/","name":"JORNAL BEIRA RIO","description":"","publisher":{"@id":"https:\/\/jornalbeirario.com.br\/portal\/#organization"},"potentialAction":[{"@type":"SearchAction","target":{"@type":"EntryPoint","urlTemplate":"https:\/\/jornalbeirario.com.br\/portal\/?s={search_term_string}"},"query-input":{"@type":"PropertyValueSpecification","valueRequired":true,"valueName":"search_term_string"}}],"inLanguage":"pt-BR"},{"@type":"Organization","@id":"https:\/\/jornalbeirario.com.br\/portal\/#organization","name":"JORNAL BEIRA RIO","url":"https:\/\/jornalbeirario.com.br\/portal\/","logo":{"@type":"ImageObject","inLanguage":"pt-BR","@id":"https:\/\/jornalbeirario.com.br\/portal\/#\/schema\/logo\/image\/","url":"https:\/\/jornalbeirario.com.br\/portal\/wp-content\/uploads\/2017\/09\/BEIRA-RIO_logo600.png","contentUrl":"https:\/\/jornalbeirario.com.br\/portal\/wp-content\/uploads\/2017\/09\/BEIRA-RIO_logo600.png","width":650,"height":108,"caption":"JORNAL BEIRA RIO"},"image":{"@id":"https:\/\/jornalbeirario.com.br\/portal\/#\/schema\/logo\/image\/"}},{"@type":"Person","@id":"https:\/\/jornalbeirario.com.br\/portal\/#\/schema\/person\/3d11883a3e35d9ee1dbdeaa18c900bd1","name":"Ana L\u00facia","image":{"@type":"ImageObject","inLanguage":"pt-BR","@id":"https:\/\/jornalbeirario.com.br\/portal\/wp-content\/uploads\/2023\/01\/eu-eu.jpg","url":"https:\/\/jornalbeirario.com.br\/portal\/wp-content\/uploads\/2023\/01\/eu-eu.jpg","contentUrl":"https:\/\/jornalbeirario.com.br\/portal\/wp-content\/uploads\/2023\/01\/eu-eu.jpg","caption":"Ana L\u00facia"},"url":"https:\/\/jornalbeirario.com.br\/portal\/?author=191"}]}},"_links":{"self":[{"href":"https:\/\/jornalbeirario.com.br\/portal\/index.php?rest_route=\/wp\/v2\/posts\/50016","targetHints":{"allow":["GET"]}}],"collection":[{"href":"https:\/\/jornalbeirario.com.br\/portal\/index.php?rest_route=\/wp\/v2\/posts"}],"about":[{"href":"https:\/\/jornalbeirario.com.br\/portal\/index.php?rest_route=\/wp\/v2\/types\/post"}],"author":[{"embeddable":true,"href":"https:\/\/jornalbeirario.com.br\/portal\/index.php?rest_route=\/wp\/v2\/users\/191"}],"replies":[{"embeddable":true,"href":"https:\/\/jornalbeirario.com.br\/portal\/index.php?rest_route=%2Fwp%2Fv2%2Fcomments&post=50016"}],"version-history":[{"count":3,"href":"https:\/\/jornalbeirario.com.br\/portal\/index.php?rest_route=\/wp\/v2\/posts\/50016\/revisions"}],"predecessor-version":[{"id":50021,"href":"https:\/\/jornalbeirario.com.br\/portal\/index.php?rest_route=\/wp\/v2\/posts\/50016\/revisions\/50021"}],"wp:attachment":[{"href":"https:\/\/jornalbeirario.com.br\/portal\/index.php?rest_route=%2Fwp%2Fv2%2Fmedia&parent=50016"}],"wp:term":[{"taxonomy":"category","embeddable":true,"href":"https:\/\/jornalbeirario.com.br\/portal\/index.php?rest_route=%2Fwp%2Fv2%2Fcategories&post=50016"},{"taxonomy":"post_tag","embeddable":true,"href":"https:\/\/jornalbeirario.com.br\/portal\/index.php?rest_route=%2Fwp%2Fv2%2Ftags&post=50016"}],"curies":[{"name":"wp","href":"https:\/\/api.w.org\/{rel}","templated":true}]}}