
{"id":49716,"date":"2017-05-05T14:31:18","date_gmt":"2017-05-05T17:31:18","guid":{"rendered":"http:\/\/jornalbeirario.com.br\/portal\/?p=49716"},"modified":"2017-05-05T14:31:18","modified_gmt":"2017-05-05T17:31:18","slug":"feiras-literarias","status":"publish","type":"post","link":"https:\/\/jornalbeirario.com.br\/portal\/?p=49716","title":{"rendered":"Feiras Liter\u00e1rias"},"content":{"rendered":"<p style=\"text-align: justify;\">Come\u00e7a hoje, dia 05 de maio, na Vila Hist\u00f3rica de Mambucaba a primeira feira de literatura promovida por um grupo de moradores que gostam de cultura.<\/p>\n<p style=\"text-align: justify;\">Grande iniciativa! Quantas feiras liter\u00e1rias est\u00e3o sendo promovidas pelo pa\u00eds? De repente, tenho not\u00edcias de v\u00e1rias e isso me deixa muito feliz. A exemplo da que acontece em Paraty no in\u00edcio de julho, durante o ano muitas s\u00e3o realizadas e aqui mesmo em Resende j\u00e1 vamos para a terceira agora em junho.<\/p>\n<p style=\"text-align: justify;\">O Brasil n\u00e3o \u00e9 um pa\u00eds de leitores, se comparado a outros tantos. Entretanto, estamos caminhando em uma doutrina\u00e7\u00e3o para esse tipo de atividade.<\/p>\n<p style=\"text-align: justify;\">Uma feira de literatura n\u00e3o \u00e9 apenas um lugar para se comprar livros com descontos, mas estar em contato com autores, ouvir palestras sobre o processo criativo da escrita, participar de mesas redondas sobre livros e seus autores, sobre temas e as reverbera\u00e7\u00f5es na sociedade ou mesmo como as sociedades s\u00e3o transportadas para as narrativas liter\u00e1rias. Tamb\u00e9m encontramos shows art\u00edsticos com m\u00fasica, m\u00edmica, teatro, etc. Um festival, uma festa de letras e imagina\u00e7\u00e3o.<\/p>\n<p style=\"text-align: justify;\">Nessa primeira feira liter\u00e1ria da Vila Hist\u00f3rica de Mambucaba vou participar com uma palestra sobre o processo criativo da escrita e uma outra onde vou falar sobre o canal que mantenho no Youtube chamado Ao sol, no quintal que tem como tema principal a literatura. Estou indo animada, mas sei que vou encontrar muita dificuldade. Dinheiro, nenhum. Patroc\u00ednio, zero. Boa vontade, mil! Homens e mulheres de boa vontade t\u00eam se esfor\u00e7ado para que esse evento aconte\u00e7a e \u00e9 louv\u00e1vel essa atitude. S\u00e3o noites e noites sem dormir, muitas reuni\u00f5es, muitas decep\u00e7\u00f5es, muitas garrafas de caf\u00e9, telefonemas, coisinhas pequenas e coisas enormes para resolver. Todos querem que d\u00ea certo e eu digo que j\u00e1 deu porque vai acontecer, seja l\u00e1 d que forma for.<\/p>\n<p style=\"text-align: justify;\">Dificilmente se encontra um leitor at\u00e9 mesmo dentro de escolas. Eu mesma, professora, encontrei poucos colegas de trabalho que se abandonavam em livros. Sempre havia a desculpa das muitas provas para corrigir, muitas aulas para dar, muita coisa para fazer. O fato \u00e9 que n\u00e3o interessa o volume, mas que se pratique a leitura.<\/p>\n<p style=\"text-align: justify;\">Inegavelmente quem l\u00ea mais escreve melhor e tem um melhor vocabul\u00e1rio. Dif\u00edcil mesmo \u00e9 criar o h\u00e1bito. O cultivo necessita da persist\u00eancia e da dedica\u00e7\u00e3o. Como todo cultivo, o h\u00e1bito da leitura \u00e9 um dos mais frut\u00edferos e prazeroso!<\/p>\n<p style=\"text-align: justify;\"><em>\u00c2ngela Alhanati<\/em><br \/>\n<em>contato@angelaalhanati.com.br<\/em><br \/>\n<em>Livre pensadora exercendo seu direito \u00e0 reflex\u00e3o<\/em><\/p>\n","protected":false},"excerpt":{"rendered":"<p>Come\u00e7a hoje, dia 05 de maio, na Vila Hist\u00f3rica de Mambucaba a primeira feira de literatura promovida por um grupo de moradores que gostam<\/p>\n","protected":false},"author":191,"featured_media":0,"comment_status":"open","ping_status":"open","sticky":false,"template":"","format":"standard","meta":{"pmpro_default_level":"","footnotes":""},"categories":[181],"tags":[],"class_list":["post-49716","post","type-post","status-publish","format-standard","hentry","category-colunistas","pmpro-has-access"],"yoast_head":"<!-- This site is optimized with the Yoast SEO plugin v27.4 - https:\/\/yoast.com\/product\/yoast-seo-wordpress\/ -->\n<title>Feiras Liter\u00e1rias - JORNAL BEIRA RIO<\/title>\n<meta name=\"robots\" content=\"index, follow, max-snippet:-1, max-image-preview:large, max-video-preview:-1\" \/>\n<link rel=\"canonical\" href=\"https:\/\/jornalbeirario.com.br\/portal\/?p=49716\" \/>\n<meta property=\"og:locale\" content=\"pt_BR\" \/>\n<meta property=\"og:type\" content=\"article\" \/>\n<meta property=\"og:title\" content=\"Feiras Liter\u00e1rias - JORNAL BEIRA RIO\" \/>\n<meta property=\"og:description\" content=\"Come\u00e7a hoje, dia 05 de maio, na Vila Hist\u00f3rica de Mambucaba a primeira feira de literatura promovida por um grupo de moradores que gostam\" \/>\n<meta property=\"og:url\" content=\"https:\/\/jornalbeirario.com.br\/portal\/?p=49716\" \/>\n<meta property=\"og:site_name\" content=\"JORNAL BEIRA RIO\" \/>\n<meta property=\"article:published_time\" content=\"2017-05-05T17:31:18+00:00\" \/>\n<meta name=\"author\" content=\"Ana L\u00facia\" \/>\n<meta name=\"twitter:card\" content=\"summary_large_image\" \/>\n<meta name=\"twitter:label1\" content=\"Escrito por\" \/>\n\t<meta name=\"twitter:data1\" content=\"Ana L\u00facia\" \/>\n\t<meta name=\"twitter:label2\" content=\"Est. tempo de leitura\" \/>\n\t<meta name=\"twitter:data2\" content=\"2 minutos\" \/>\n<script type=\"application\/ld+json\" class=\"yoast-schema-graph\">{\"@context\":\"https:\\\/\\\/schema.org\",\"@graph\":[{\"@type\":\"Article\",\"@id\":\"https:\\\/\\\/jornalbeirario.com.br\\\/portal\\\/?p=49716#article\",\"isPartOf\":{\"@id\":\"https:\\\/\\\/jornalbeirario.com.br\\\/portal\\\/?p=49716\"},\"author\":{\"name\":\"Ana L\u00facia\",\"@id\":\"https:\\\/\\\/jornalbeirario.com.br\\\/portal\\\/#\\\/schema\\\/person\\\/3d11883a3e35d9ee1dbdeaa18c900bd1\"},\"headline\":\"Feiras Liter\u00e1rias\",\"datePublished\":\"2017-05-05T17:31:18+00:00\",\"mainEntityOfPage\":{\"@id\":\"https:\\\/\\\/jornalbeirario.com.br\\\/portal\\\/?p=49716\"},\"wordCount\":439,\"commentCount\":1,\"publisher\":{\"@id\":\"https:\\\/\\\/jornalbeirario.com.br\\\/portal\\\/#organization\"},\"articleSection\":[\"Colunistas\"],\"inLanguage\":\"pt-BR\",\"potentialAction\":[{\"@type\":\"CommentAction\",\"name\":\"Comment\",\"target\":[\"https:\\\/\\\/jornalbeirario.com.br\\\/portal\\\/?p=49716#respond\"]}]},{\"@type\":\"WebPage\",\"@id\":\"https:\\\/\\\/jornalbeirario.com.br\\\/portal\\\/?p=49716\",\"url\":\"https:\\\/\\\/jornalbeirario.com.br\\\/portal\\\/?p=49716\",\"name\":\"Feiras Liter\u00e1rias - JORNAL BEIRA RIO\",\"isPartOf\":{\"@id\":\"https:\\\/\\\/jornalbeirario.com.br\\\/portal\\\/#website\"},\"datePublished\":\"2017-05-05T17:31:18+00:00\",\"breadcrumb\":{\"@id\":\"https:\\\/\\\/jornalbeirario.com.br\\\/portal\\\/?p=49716#breadcrumb\"},\"inLanguage\":\"pt-BR\",\"potentialAction\":[{\"@type\":\"ReadAction\",\"target\":[\"https:\\\/\\\/jornalbeirario.com.br\\\/portal\\\/?p=49716\"]}]},{\"@type\":\"BreadcrumbList\",\"@id\":\"https:\\\/\\\/jornalbeirario.com.br\\\/portal\\\/?p=49716#breadcrumb\",\"itemListElement\":[{\"@type\":\"ListItem\",\"position\":1,\"name\":\"Home\",\"item\":\"https:\\\/\\\/jornalbeirario.com.br\\\/portal\"},{\"@type\":\"ListItem\",\"position\":2,\"name\":\"Feiras Liter\u00e1rias\"}]},{\"@type\":\"WebSite\",\"@id\":\"https:\\\/\\\/jornalbeirario.com.br\\\/portal\\\/#website\",\"url\":\"https:\\\/\\\/jornalbeirario.com.br\\\/portal\\\/\",\"name\":\"JORNAL BEIRA RIO\",\"description\":\"\",\"publisher\":{\"@id\":\"https:\\\/\\\/jornalbeirario.com.br\\\/portal\\\/#organization\"},\"potentialAction\":[{\"@type\":\"SearchAction\",\"target\":{\"@type\":\"EntryPoint\",\"urlTemplate\":\"https:\\\/\\\/jornalbeirario.com.br\\\/portal\\\/?s={search_term_string}\"},\"query-input\":{\"@type\":\"PropertyValueSpecification\",\"valueRequired\":true,\"valueName\":\"search_term_string\"}}],\"inLanguage\":\"pt-BR\"},{\"@type\":\"Organization\",\"@id\":\"https:\\\/\\\/jornalbeirario.com.br\\\/portal\\\/#organization\",\"name\":\"JORNAL BEIRA RIO\",\"url\":\"https:\\\/\\\/jornalbeirario.com.br\\\/portal\\\/\",\"logo\":{\"@type\":\"ImageObject\",\"inLanguage\":\"pt-BR\",\"@id\":\"https:\\\/\\\/jornalbeirario.com.br\\\/portal\\\/#\\\/schema\\\/logo\\\/image\\\/\",\"url\":\"https:\\\/\\\/jornalbeirario.com.br\\\/portal\\\/wp-content\\\/uploads\\\/2017\\\/09\\\/BEIRA-RIO_logo600.png\",\"contentUrl\":\"https:\\\/\\\/jornalbeirario.com.br\\\/portal\\\/wp-content\\\/uploads\\\/2017\\\/09\\\/BEIRA-RIO_logo600.png\",\"width\":650,\"height\":108,\"caption\":\"JORNAL BEIRA RIO\"},\"image\":{\"@id\":\"https:\\\/\\\/jornalbeirario.com.br\\\/portal\\\/#\\\/schema\\\/logo\\\/image\\\/\"}},{\"@type\":\"Person\",\"@id\":\"https:\\\/\\\/jornalbeirario.com.br\\\/portal\\\/#\\\/schema\\\/person\\\/3d11883a3e35d9ee1dbdeaa18c900bd1\",\"name\":\"Ana L\u00facia\",\"image\":{\"@type\":\"ImageObject\",\"inLanguage\":\"pt-BR\",\"@id\":\"https:\\\/\\\/jornalbeirario.com.br\\\/portal\\\/wp-content\\\/uploads\\\/2023\\\/01\\\/eu-eu.jpg\",\"url\":\"https:\\\/\\\/jornalbeirario.com.br\\\/portal\\\/wp-content\\\/uploads\\\/2023\\\/01\\\/eu-eu.jpg\",\"contentUrl\":\"https:\\\/\\\/jornalbeirario.com.br\\\/portal\\\/wp-content\\\/uploads\\\/2023\\\/01\\\/eu-eu.jpg\",\"caption\":\"Ana L\u00facia\"},\"url\":\"https:\\\/\\\/jornalbeirario.com.br\\\/portal\\\/?author=191\"}]}<\/script>\n<!-- \/ Yoast SEO plugin. -->","yoast_head_json":{"title":"Feiras Liter\u00e1rias - JORNAL BEIRA RIO","robots":{"index":"index","follow":"follow","max-snippet":"max-snippet:-1","max-image-preview":"max-image-preview:large","max-video-preview":"max-video-preview:-1"},"canonical":"https:\/\/jornalbeirario.com.br\/portal\/?p=49716","og_locale":"pt_BR","og_type":"article","og_title":"Feiras Liter\u00e1rias - JORNAL BEIRA RIO","og_description":"Come\u00e7a hoje, dia 05 de maio, na Vila Hist\u00f3rica de Mambucaba a primeira feira de literatura promovida por um grupo de moradores que gostam","og_url":"https:\/\/jornalbeirario.com.br\/portal\/?p=49716","og_site_name":"JORNAL BEIRA RIO","article_published_time":"2017-05-05T17:31:18+00:00","author":"Ana L\u00facia","twitter_card":"summary_large_image","twitter_misc":{"Escrito por":"Ana L\u00facia","Est. tempo de leitura":"2 minutos"},"schema":{"@context":"https:\/\/schema.org","@graph":[{"@type":"Article","@id":"https:\/\/jornalbeirario.com.br\/portal\/?p=49716#article","isPartOf":{"@id":"https:\/\/jornalbeirario.com.br\/portal\/?p=49716"},"author":{"name":"Ana L\u00facia","@id":"https:\/\/jornalbeirario.com.br\/portal\/#\/schema\/person\/3d11883a3e35d9ee1dbdeaa18c900bd1"},"headline":"Feiras Liter\u00e1rias","datePublished":"2017-05-05T17:31:18+00:00","mainEntityOfPage":{"@id":"https:\/\/jornalbeirario.com.br\/portal\/?p=49716"},"wordCount":439,"commentCount":1,"publisher":{"@id":"https:\/\/jornalbeirario.com.br\/portal\/#organization"},"articleSection":["Colunistas"],"inLanguage":"pt-BR","potentialAction":[{"@type":"CommentAction","name":"Comment","target":["https:\/\/jornalbeirario.com.br\/portal\/?p=49716#respond"]}]},{"@type":"WebPage","@id":"https:\/\/jornalbeirario.com.br\/portal\/?p=49716","url":"https:\/\/jornalbeirario.com.br\/portal\/?p=49716","name":"Feiras Liter\u00e1rias - JORNAL BEIRA RIO","isPartOf":{"@id":"https:\/\/jornalbeirario.com.br\/portal\/#website"},"datePublished":"2017-05-05T17:31:18+00:00","breadcrumb":{"@id":"https:\/\/jornalbeirario.com.br\/portal\/?p=49716#breadcrumb"},"inLanguage":"pt-BR","potentialAction":[{"@type":"ReadAction","target":["https:\/\/jornalbeirario.com.br\/portal\/?p=49716"]}]},{"@type":"BreadcrumbList","@id":"https:\/\/jornalbeirario.com.br\/portal\/?p=49716#breadcrumb","itemListElement":[{"@type":"ListItem","position":1,"name":"Home","item":"https:\/\/jornalbeirario.com.br\/portal"},{"@type":"ListItem","position":2,"name":"Feiras Liter\u00e1rias"}]},{"@type":"WebSite","@id":"https:\/\/jornalbeirario.com.br\/portal\/#website","url":"https:\/\/jornalbeirario.com.br\/portal\/","name":"JORNAL BEIRA RIO","description":"","publisher":{"@id":"https:\/\/jornalbeirario.com.br\/portal\/#organization"},"potentialAction":[{"@type":"SearchAction","target":{"@type":"EntryPoint","urlTemplate":"https:\/\/jornalbeirario.com.br\/portal\/?s={search_term_string}"},"query-input":{"@type":"PropertyValueSpecification","valueRequired":true,"valueName":"search_term_string"}}],"inLanguage":"pt-BR"},{"@type":"Organization","@id":"https:\/\/jornalbeirario.com.br\/portal\/#organization","name":"JORNAL BEIRA RIO","url":"https:\/\/jornalbeirario.com.br\/portal\/","logo":{"@type":"ImageObject","inLanguage":"pt-BR","@id":"https:\/\/jornalbeirario.com.br\/portal\/#\/schema\/logo\/image\/","url":"https:\/\/jornalbeirario.com.br\/portal\/wp-content\/uploads\/2017\/09\/BEIRA-RIO_logo600.png","contentUrl":"https:\/\/jornalbeirario.com.br\/portal\/wp-content\/uploads\/2017\/09\/BEIRA-RIO_logo600.png","width":650,"height":108,"caption":"JORNAL BEIRA RIO"},"image":{"@id":"https:\/\/jornalbeirario.com.br\/portal\/#\/schema\/logo\/image\/"}},{"@type":"Person","@id":"https:\/\/jornalbeirario.com.br\/portal\/#\/schema\/person\/3d11883a3e35d9ee1dbdeaa18c900bd1","name":"Ana L\u00facia","image":{"@type":"ImageObject","inLanguage":"pt-BR","@id":"https:\/\/jornalbeirario.com.br\/portal\/wp-content\/uploads\/2023\/01\/eu-eu.jpg","url":"https:\/\/jornalbeirario.com.br\/portal\/wp-content\/uploads\/2023\/01\/eu-eu.jpg","contentUrl":"https:\/\/jornalbeirario.com.br\/portal\/wp-content\/uploads\/2023\/01\/eu-eu.jpg","caption":"Ana L\u00facia"},"url":"https:\/\/jornalbeirario.com.br\/portal\/?author=191"}]}},"_links":{"self":[{"href":"https:\/\/jornalbeirario.com.br\/portal\/index.php?rest_route=\/wp\/v2\/posts\/49716","targetHints":{"allow":["GET"]}}],"collection":[{"href":"https:\/\/jornalbeirario.com.br\/portal\/index.php?rest_route=\/wp\/v2\/posts"}],"about":[{"href":"https:\/\/jornalbeirario.com.br\/portal\/index.php?rest_route=\/wp\/v2\/types\/post"}],"author":[{"embeddable":true,"href":"https:\/\/jornalbeirario.com.br\/portal\/index.php?rest_route=\/wp\/v2\/users\/191"}],"replies":[{"embeddable":true,"href":"https:\/\/jornalbeirario.com.br\/portal\/index.php?rest_route=%2Fwp%2Fv2%2Fcomments&post=49716"}],"version-history":[{"count":2,"href":"https:\/\/jornalbeirario.com.br\/portal\/index.php?rest_route=\/wp\/v2\/posts\/49716\/revisions"}],"predecessor-version":[{"id":49718,"href":"https:\/\/jornalbeirario.com.br\/portal\/index.php?rest_route=\/wp\/v2\/posts\/49716\/revisions\/49718"}],"wp:attachment":[{"href":"https:\/\/jornalbeirario.com.br\/portal\/index.php?rest_route=%2Fwp%2Fv2%2Fmedia&parent=49716"}],"wp:term":[{"taxonomy":"category","embeddable":true,"href":"https:\/\/jornalbeirario.com.br\/portal\/index.php?rest_route=%2Fwp%2Fv2%2Fcategories&post=49716"},{"taxonomy":"post_tag","embeddable":true,"href":"https:\/\/jornalbeirario.com.br\/portal\/index.php?rest_route=%2Fwp%2Fv2%2Ftags&post=49716"}],"curies":[{"name":"wp","href":"https:\/\/api.w.org\/{rel}","templated":true}]}}