
{"id":49388,"date":"2017-04-24T10:29:55","date_gmt":"2017-04-24T13:29:55","guid":{"rendered":"http:\/\/jornalbeirario.com.br\/portal\/?p=49388"},"modified":"2017-04-24T10:30:53","modified_gmt":"2017-04-24T13:30:53","slug":"parceria-publico-privada-para-contratacao-de-guarda-parques-criticada","status":"publish","type":"post","link":"https:\/\/jornalbeirario.com.br\/portal\/?p=49388","title":{"rendered":"Parceria p\u00fablico-privada para contrata\u00e7\u00e3o de guarda-parques criticada"},"content":{"rendered":"<p style=\"text-align: justify;\">Desde o \u00faltimo dia 13, a saga dos guarda-parques do Rio de Janeiro ganhou mais um cap\u00edtulo. Com prazo de encerramento previsto para \u00e0s 17 horas desta segunda-feira, dia 24, o processo seletivo para contrata\u00e7\u00e3o de guarda-parques promovido pela Viva Rio virou alvo de cr\u00edticas. Por se tratar de uma contrata\u00e7\u00e3o feita com parceria p\u00fablico-privada entre uma organiza\u00e7\u00e3o social e o Instituto Estadual do Ambiente (Inea), prevista pela Lei Estadual n\u00ba 7070\/2015, a iniciativa desagradou os guardas que esperam h\u00e1 muito tempo pela oficializa\u00e7\u00e3o da carreira no \u00e2mbito do Inea. Al\u00e9m disso, os futuros guarda-parques perdem o poder de fiscaliza\u00e7\u00e3o e a autoridade de multar infratores ambientais, uma vez que estas atribui\u00e7\u00f5es s\u00e3o exclusivamente p\u00fablicas.<\/p>\n<p style=\"text-align: justify;\">No texto do Decreto Estadual n\u00ba 42.471, que criou em 2010 o servi\u00e7o de guarda-parques, previa que \u201co Inea dever\u00e1 organizar a carreira de Guarda-Parque no prazo de um ano, a contar da publica\u00e7\u00e3o do presente Decreto\u201d. Mas o prazo acabou n\u00e3o sendo respeitado, e em vez de institucionalizar e reconhecer a profiss\u00e3o, o Inea passou o bast\u00e3o para iniciativa privada.<\/p>\n<p style=\"text-align: justify;\">O Inea, em nota oficial, alegou que \u201cem fun\u00e7\u00e3o da crise financeira pela qual passa o Estado, o Inea n\u00e3o conseguiu abrir concurso p\u00fablico para selecionar estes servidores e precisou recorrer a um contrato de gest\u00e3o para a forma\u00e7\u00e3o de uma parceria\u201d.<\/p>\n<p style=\"text-align: justify;\">A not\u00edcia n\u00e3o foi bem recebida entre os guarda-parques. \u201cA nossa profiss\u00e3o \u00e9 muito importante e necess\u00e1ria, n\u00e3o existem parques sem essa linha de defesa formada pelos guarda-parques, mas para isso precisamos dos poderes de pol\u00edcia e do aparato p\u00fablico que ampara os servidores. O nosso treinamento, capacita\u00e7\u00e3o e equipamentos custaram mais de 15 milh\u00f5es de reais, e agora desperdi\u00e7am isso com a cria\u00e7\u00e3o dessa OS\u201d, lamenta o presidente da Associa\u00e7\u00e3o dos Guarda-Parques do Rio de Janeiro, Leonardo Sandre.<\/p>\n<p style=\"text-align: justify;\">O motivo do descontentamento \u00e9 porque os guarda-parques atuais n\u00e3o ser\u00e3o absorvidos pelo novo contrato e para serem recontratados precisar\u00e3o participar do processo seletivo. A assessoria do Inea esclareceu que \u201ctrata-se de um processo seletivo p\u00fablico, que n\u00e3o consiste em migra\u00e7\u00e3o dos guarda-parques do \u00f3rg\u00e3o ambiental para outra institui\u00e7\u00e3o\u201d.<\/p>\n<p style=\"text-align: justify;\">Ainda de acordo com o \u00f3rg\u00e3o, o \u00fanico diferencial no ingresso dos candidatos ser\u00e1 na pontua\u00e7\u00e3o equivalente a experi\u00eancia do guarda-parque que foi formado pelo Inea, \u201cque ter\u00e1 um peso maior, devido \u00e0 pr\u00e1tica profissional no \u00e2mbito do estado do Rio de Janeiro, conforme previsto no edital\u201d.<\/p>\n<p style=\"text-align: justify;\">O presidente da Associa\u00e7\u00e3o declarou que a maioria dos guarda-parques n\u00e3o aprovou o novo modelo, mas \u201cos que v\u00e3o se inscrever, o far\u00e3o por falta de op\u00e7\u00e3o\u201d. O grupo est\u00e1 em articula\u00e7\u00e3o para marcar uma audi\u00eancia na Assembleia Legislativa do Rio de Janeiro (Alerj), onde pretende defender a cria\u00e7\u00e3o da carreira na esfera p\u00fablica estadual.<\/p>\n<p style=\"text-align: justify;\">PROCESSO SELETIVO<br \/>\nO edital abre 160 vagas de guarda-parques que ir\u00e3o atuar em 19 unidades e nas sedes do Segpar &#8211; Servi\u00e7o de Guarda-Parques do Inea. O Inea conta hoje com 132 profissionais distribu\u00eddos entre 20 UCs. A expectativa do \u00f3rg\u00e3o \u00e9 que com este novo contrato o n\u00famero de funcion\u00e1rios chegue a 250, efetivo equivalente ao fim do ano passado.<\/p>\n<p style=\"text-align: justify;\">As inscri\u00e7\u00f5es para o processo seletivo est\u00e3o dispon\u00edveis no site do Viva Rio at\u00e9 segunda-feira, dia 24, \u00e0s 17 horas. O prazo de validade do processo \u00e9 de seis meses, a partir da publica\u00e7\u00e3o do resultado final, previsto para dia 10 de maio. A remunera\u00e7\u00e3o inicial foi estabelecida em R$1.690,23, para os guarda-parques de campo, e R$ 1.867,29 para os coordenadores.<\/p>\n<p style=\"text-align: justify;\">As vagas s\u00e3o para Ensino M\u00e9dio. Os candidatos passam por prova de aptid\u00e3o f\u00edsica e entrevista e, se aprovados, recebem um curso de forma\u00e7\u00e3o de cinco semanas. Confira outras informa\u00e7\u00f5es <a href=\"http:\/\/vivario.org.br\/\">aqui<\/a>.<\/p>\n<p style=\"text-align: justify;\"><em>Foto: Arquivo Inea<\/em><\/p>\n<p style=\"text-align: justify;\"><em>Fonte: O Eco<\/em><\/p>\n","protected":false},"excerpt":{"rendered":"<p>Desde o \u00faltimo dia 13, a saga dos guarda-parques do Rio de Janeiro ganhou mais um cap\u00edtulo. Com prazo de encerramento previsto para \u00e0s<\/p>\n","protected":false},"author":1,"featured_media":49390,"comment_status":"open","ping_status":"open","sticky":false,"template":"","format":"standard","meta":{"pmpro_default_level":"","footnotes":""},"categories":[27],"tags":[155],"class_list":["post-49388","post","type-post","status-publish","format-standard","has-post-thumbnail","hentry","category-meioambiente","tag-dehoraemhora","pmpro-has-access"],"yoast_head":"<!-- This site is optimized with the Yoast SEO plugin v27.4 - https:\/\/yoast.com\/product\/yoast-seo-wordpress\/ -->\n<title>Parceria p\u00fablico-privada para contrata\u00e7\u00e3o de guarda-parques criticada - JORNAL BEIRA RIO<\/title>\n<meta name=\"robots\" content=\"index, follow, max-snippet:-1, max-image-preview:large, max-video-preview:-1\" \/>\n<link rel=\"canonical\" href=\"https:\/\/jornalbeirario.com.br\/portal\/?p=49388\" \/>\n<meta property=\"og:locale\" content=\"pt_BR\" \/>\n<meta property=\"og:type\" content=\"article\" \/>\n<meta property=\"og:title\" content=\"Parceria p\u00fablico-privada para contrata\u00e7\u00e3o de guarda-parques criticada - JORNAL BEIRA RIO\" \/>\n<meta property=\"og:description\" content=\"Desde o \u00faltimo dia 13, a saga dos guarda-parques do Rio de Janeiro ganhou mais um cap\u00edtulo. Com prazo de encerramento previsto para \u00e0s\" \/>\n<meta property=\"og:url\" content=\"https:\/\/jornalbeirario.com.br\/portal\/?p=49388\" \/>\n<meta property=\"og:site_name\" content=\"JORNAL BEIRA RIO\" \/>\n<meta property=\"article:published_time\" content=\"2017-04-24T13:29:55+00:00\" \/>\n<meta property=\"article:modified_time\" content=\"2017-04-24T13:30:53+00:00\" \/>\n<meta property=\"og:image\" content=\"https:\/\/jornalbeirario.com.br\/portal\/wp-content\/uploads\/2017\/04\/guardaparques1.jpg\" \/>\n\t<meta property=\"og:image:width\" content=\"640\" \/>\n\t<meta property=\"og:image:height\" content=\"480\" \/>\n\t<meta property=\"og:image:type\" content=\"image\/jpeg\" \/>\n<meta name=\"author\" content=\"Jornal BEIRA-RIO\" \/>\n<meta name=\"twitter:card\" content=\"summary_large_image\" \/>\n<meta name=\"twitter:label1\" content=\"Escrito por\" \/>\n\t<meta name=\"twitter:data1\" content=\"Jornal BEIRA-RIO\" \/>\n\t<meta name=\"twitter:label2\" content=\"Est. tempo de leitura\" \/>\n\t<meta name=\"twitter:data2\" content=\"3 minutos\" \/>\n<script type=\"application\/ld+json\" class=\"yoast-schema-graph\">{\"@context\":\"https:\\\/\\\/schema.org\",\"@graph\":[{\"@type\":\"Article\",\"@id\":\"https:\\\/\\\/jornalbeirario.com.br\\\/portal\\\/?p=49388#article\",\"isPartOf\":{\"@id\":\"https:\\\/\\\/jornalbeirario.com.br\\\/portal\\\/?p=49388\"},\"author\":{\"name\":\"Jornal BEIRA-RIO\",\"@id\":\"https:\\\/\\\/jornalbeirario.com.br\\\/portal\\\/#\\\/schema\\\/person\\\/c6c423e4c2465d2a9233f6539173e7c1\"},\"headline\":\"Parceria p\u00fablico-privada para contrata\u00e7\u00e3o de guarda-parques criticada\",\"datePublished\":\"2017-04-24T13:29:55+00:00\",\"dateModified\":\"2017-04-24T13:30:53+00:00\",\"mainEntityOfPage\":{\"@id\":\"https:\\\/\\\/jornalbeirario.com.br\\\/portal\\\/?p=49388\"},\"wordCount\":667,\"commentCount\":0,\"publisher\":{\"@id\":\"https:\\\/\\\/jornalbeirario.com.br\\\/portal\\\/#organization\"},\"image\":{\"@id\":\"https:\\\/\\\/jornalbeirario.com.br\\\/portal\\\/?p=49388#primaryimage\"},\"thumbnailUrl\":\"https:\\\/\\\/jornalbeirario.com.br\\\/portal\\\/wp-content\\\/uploads\\\/2017\\\/04\\\/guardaparques1.jpg\",\"keywords\":[\"dehoraemhora\"],\"articleSection\":[\"Meio Ambiente\"],\"inLanguage\":\"pt-BR\",\"potentialAction\":[{\"@type\":\"CommentAction\",\"name\":\"Comment\",\"target\":[\"https:\\\/\\\/jornalbeirario.com.br\\\/portal\\\/?p=49388#respond\"]}]},{\"@type\":\"WebPage\",\"@id\":\"https:\\\/\\\/jornalbeirario.com.br\\\/portal\\\/?p=49388\",\"url\":\"https:\\\/\\\/jornalbeirario.com.br\\\/portal\\\/?p=49388\",\"name\":\"Parceria p\u00fablico-privada para contrata\u00e7\u00e3o de guarda-parques criticada - JORNAL BEIRA RIO\",\"isPartOf\":{\"@id\":\"https:\\\/\\\/jornalbeirario.com.br\\\/portal\\\/#website\"},\"primaryImageOfPage\":{\"@id\":\"https:\\\/\\\/jornalbeirario.com.br\\\/portal\\\/?p=49388#primaryimage\"},\"image\":{\"@id\":\"https:\\\/\\\/jornalbeirario.com.br\\\/portal\\\/?p=49388#primaryimage\"},\"thumbnailUrl\":\"https:\\\/\\\/jornalbeirario.com.br\\\/portal\\\/wp-content\\\/uploads\\\/2017\\\/04\\\/guardaparques1.jpg\",\"datePublished\":\"2017-04-24T13:29:55+00:00\",\"dateModified\":\"2017-04-24T13:30:53+00:00\",\"breadcrumb\":{\"@id\":\"https:\\\/\\\/jornalbeirario.com.br\\\/portal\\\/?p=49388#breadcrumb\"},\"inLanguage\":\"pt-BR\",\"potentialAction\":[{\"@type\":\"ReadAction\",\"target\":[\"https:\\\/\\\/jornalbeirario.com.br\\\/portal\\\/?p=49388\"]}]},{\"@type\":\"ImageObject\",\"inLanguage\":\"pt-BR\",\"@id\":\"https:\\\/\\\/jornalbeirario.com.br\\\/portal\\\/?p=49388#primaryimage\",\"url\":\"https:\\\/\\\/jornalbeirario.com.br\\\/portal\\\/wp-content\\\/uploads\\\/2017\\\/04\\\/guardaparques1.jpg\",\"contentUrl\":\"https:\\\/\\\/jornalbeirario.com.br\\\/portal\\\/wp-content\\\/uploads\\\/2017\\\/04\\\/guardaparques1.jpg\",\"width\":640,\"height\":480},{\"@type\":\"BreadcrumbList\",\"@id\":\"https:\\\/\\\/jornalbeirario.com.br\\\/portal\\\/?p=49388#breadcrumb\",\"itemListElement\":[{\"@type\":\"ListItem\",\"position\":1,\"name\":\"Home\",\"item\":\"https:\\\/\\\/jornalbeirario.com.br\\\/portal\"},{\"@type\":\"ListItem\",\"position\":2,\"name\":\"Parceria p\u00fablico-privada para contrata\u00e7\u00e3o de guarda-parques criticada\"}]},{\"@type\":\"WebSite\",\"@id\":\"https:\\\/\\\/jornalbeirario.com.br\\\/portal\\\/#website\",\"url\":\"https:\\\/\\\/jornalbeirario.com.br\\\/portal\\\/\",\"name\":\"JORNAL BEIRA RIO\",\"description\":\"\",\"publisher\":{\"@id\":\"https:\\\/\\\/jornalbeirario.com.br\\\/portal\\\/#organization\"},\"potentialAction\":[{\"@type\":\"SearchAction\",\"target\":{\"@type\":\"EntryPoint\",\"urlTemplate\":\"https:\\\/\\\/jornalbeirario.com.br\\\/portal\\\/?s={search_term_string}\"},\"query-input\":{\"@type\":\"PropertyValueSpecification\",\"valueRequired\":true,\"valueName\":\"search_term_string\"}}],\"inLanguage\":\"pt-BR\"},{\"@type\":\"Organization\",\"@id\":\"https:\\\/\\\/jornalbeirario.com.br\\\/portal\\\/#organization\",\"name\":\"JORNAL BEIRA RIO\",\"url\":\"https:\\\/\\\/jornalbeirario.com.br\\\/portal\\\/\",\"logo\":{\"@type\":\"ImageObject\",\"inLanguage\":\"pt-BR\",\"@id\":\"https:\\\/\\\/jornalbeirario.com.br\\\/portal\\\/#\\\/schema\\\/logo\\\/image\\\/\",\"url\":\"https:\\\/\\\/jornalbeirario.com.br\\\/portal\\\/wp-content\\\/uploads\\\/2017\\\/09\\\/BEIRA-RIO_logo600.png\",\"contentUrl\":\"https:\\\/\\\/jornalbeirario.com.br\\\/portal\\\/wp-content\\\/uploads\\\/2017\\\/09\\\/BEIRA-RIO_logo600.png\",\"width\":650,\"height\":108,\"caption\":\"JORNAL BEIRA RIO\"},\"image\":{\"@id\":\"https:\\\/\\\/jornalbeirario.com.br\\\/portal\\\/#\\\/schema\\\/logo\\\/image\\\/\"}},{\"@type\":\"Person\",\"@id\":\"https:\\\/\\\/jornalbeirario.com.br\\\/portal\\\/#\\\/schema\\\/person\\\/c6c423e4c2465d2a9233f6539173e7c1\",\"name\":\"Jornal BEIRA-RIO\",\"image\":{\"@type\":\"ImageObject\",\"inLanguage\":\"pt-BR\",\"@id\":\"https:\\\/\\\/jornalbeirario.com.br\\\/portal\\\/wp-content\\\/uploads\\\/2023\\\/10\\\/logojbr1.jpg\",\"url\":\"https:\\\/\\\/jornalbeirario.com.br\\\/portal\\\/wp-content\\\/uploads\\\/2023\\\/10\\\/logojbr1.jpg\",\"contentUrl\":\"https:\\\/\\\/jornalbeirario.com.br\\\/portal\\\/wp-content\\\/uploads\\\/2023\\\/10\\\/logojbr1.jpg\",\"caption\":\"Jornal BEIRA-RIO\"},\"url\":\"https:\\\/\\\/jornalbeirario.com.br\\\/portal\\\/?author=1\"}]}<\/script>\n<!-- \/ Yoast SEO plugin. -->","yoast_head_json":{"title":"Parceria p\u00fablico-privada para contrata\u00e7\u00e3o de guarda-parques criticada - JORNAL BEIRA RIO","robots":{"index":"index","follow":"follow","max-snippet":"max-snippet:-1","max-image-preview":"max-image-preview:large","max-video-preview":"max-video-preview:-1"},"canonical":"https:\/\/jornalbeirario.com.br\/portal\/?p=49388","og_locale":"pt_BR","og_type":"article","og_title":"Parceria p\u00fablico-privada para contrata\u00e7\u00e3o de guarda-parques criticada - JORNAL BEIRA RIO","og_description":"Desde o \u00faltimo dia 13, a saga dos guarda-parques do Rio de Janeiro ganhou mais um cap\u00edtulo. Com prazo de encerramento previsto para \u00e0s","og_url":"https:\/\/jornalbeirario.com.br\/portal\/?p=49388","og_site_name":"JORNAL BEIRA RIO","article_published_time":"2017-04-24T13:29:55+00:00","article_modified_time":"2017-04-24T13:30:53+00:00","og_image":[{"width":640,"height":480,"url":"https:\/\/jornalbeirario.com.br\/portal\/wp-content\/uploads\/2017\/04\/guardaparques1.jpg","type":"image\/jpeg"}],"author":"Jornal BEIRA-RIO","twitter_card":"summary_large_image","twitter_misc":{"Escrito por":"Jornal BEIRA-RIO","Est. tempo de leitura":"3 minutos"},"schema":{"@context":"https:\/\/schema.org","@graph":[{"@type":"Article","@id":"https:\/\/jornalbeirario.com.br\/portal\/?p=49388#article","isPartOf":{"@id":"https:\/\/jornalbeirario.com.br\/portal\/?p=49388"},"author":{"name":"Jornal BEIRA-RIO","@id":"https:\/\/jornalbeirario.com.br\/portal\/#\/schema\/person\/c6c423e4c2465d2a9233f6539173e7c1"},"headline":"Parceria p\u00fablico-privada para contrata\u00e7\u00e3o de guarda-parques criticada","datePublished":"2017-04-24T13:29:55+00:00","dateModified":"2017-04-24T13:30:53+00:00","mainEntityOfPage":{"@id":"https:\/\/jornalbeirario.com.br\/portal\/?p=49388"},"wordCount":667,"commentCount":0,"publisher":{"@id":"https:\/\/jornalbeirario.com.br\/portal\/#organization"},"image":{"@id":"https:\/\/jornalbeirario.com.br\/portal\/?p=49388#primaryimage"},"thumbnailUrl":"https:\/\/jornalbeirario.com.br\/portal\/wp-content\/uploads\/2017\/04\/guardaparques1.jpg","keywords":["dehoraemhora"],"articleSection":["Meio Ambiente"],"inLanguage":"pt-BR","potentialAction":[{"@type":"CommentAction","name":"Comment","target":["https:\/\/jornalbeirario.com.br\/portal\/?p=49388#respond"]}]},{"@type":"WebPage","@id":"https:\/\/jornalbeirario.com.br\/portal\/?p=49388","url":"https:\/\/jornalbeirario.com.br\/portal\/?p=49388","name":"Parceria p\u00fablico-privada para contrata\u00e7\u00e3o de guarda-parques criticada - JORNAL BEIRA RIO","isPartOf":{"@id":"https:\/\/jornalbeirario.com.br\/portal\/#website"},"primaryImageOfPage":{"@id":"https:\/\/jornalbeirario.com.br\/portal\/?p=49388#primaryimage"},"image":{"@id":"https:\/\/jornalbeirario.com.br\/portal\/?p=49388#primaryimage"},"thumbnailUrl":"https:\/\/jornalbeirario.com.br\/portal\/wp-content\/uploads\/2017\/04\/guardaparques1.jpg","datePublished":"2017-04-24T13:29:55+00:00","dateModified":"2017-04-24T13:30:53+00:00","breadcrumb":{"@id":"https:\/\/jornalbeirario.com.br\/portal\/?p=49388#breadcrumb"},"inLanguage":"pt-BR","potentialAction":[{"@type":"ReadAction","target":["https:\/\/jornalbeirario.com.br\/portal\/?p=49388"]}]},{"@type":"ImageObject","inLanguage":"pt-BR","@id":"https:\/\/jornalbeirario.com.br\/portal\/?p=49388#primaryimage","url":"https:\/\/jornalbeirario.com.br\/portal\/wp-content\/uploads\/2017\/04\/guardaparques1.jpg","contentUrl":"https:\/\/jornalbeirario.com.br\/portal\/wp-content\/uploads\/2017\/04\/guardaparques1.jpg","width":640,"height":480},{"@type":"BreadcrumbList","@id":"https:\/\/jornalbeirario.com.br\/portal\/?p=49388#breadcrumb","itemListElement":[{"@type":"ListItem","position":1,"name":"Home","item":"https:\/\/jornalbeirario.com.br\/portal"},{"@type":"ListItem","position":2,"name":"Parceria p\u00fablico-privada para contrata\u00e7\u00e3o de guarda-parques criticada"}]},{"@type":"WebSite","@id":"https:\/\/jornalbeirario.com.br\/portal\/#website","url":"https:\/\/jornalbeirario.com.br\/portal\/","name":"JORNAL BEIRA RIO","description":"","publisher":{"@id":"https:\/\/jornalbeirario.com.br\/portal\/#organization"},"potentialAction":[{"@type":"SearchAction","target":{"@type":"EntryPoint","urlTemplate":"https:\/\/jornalbeirario.com.br\/portal\/?s={search_term_string}"},"query-input":{"@type":"PropertyValueSpecification","valueRequired":true,"valueName":"search_term_string"}}],"inLanguage":"pt-BR"},{"@type":"Organization","@id":"https:\/\/jornalbeirario.com.br\/portal\/#organization","name":"JORNAL BEIRA RIO","url":"https:\/\/jornalbeirario.com.br\/portal\/","logo":{"@type":"ImageObject","inLanguage":"pt-BR","@id":"https:\/\/jornalbeirario.com.br\/portal\/#\/schema\/logo\/image\/","url":"https:\/\/jornalbeirario.com.br\/portal\/wp-content\/uploads\/2017\/09\/BEIRA-RIO_logo600.png","contentUrl":"https:\/\/jornalbeirario.com.br\/portal\/wp-content\/uploads\/2017\/09\/BEIRA-RIO_logo600.png","width":650,"height":108,"caption":"JORNAL BEIRA RIO"},"image":{"@id":"https:\/\/jornalbeirario.com.br\/portal\/#\/schema\/logo\/image\/"}},{"@type":"Person","@id":"https:\/\/jornalbeirario.com.br\/portal\/#\/schema\/person\/c6c423e4c2465d2a9233f6539173e7c1","name":"Jornal BEIRA-RIO","image":{"@type":"ImageObject","inLanguage":"pt-BR","@id":"https:\/\/jornalbeirario.com.br\/portal\/wp-content\/uploads\/2023\/10\/logojbr1.jpg","url":"https:\/\/jornalbeirario.com.br\/portal\/wp-content\/uploads\/2023\/10\/logojbr1.jpg","contentUrl":"https:\/\/jornalbeirario.com.br\/portal\/wp-content\/uploads\/2023\/10\/logojbr1.jpg","caption":"Jornal BEIRA-RIO"},"url":"https:\/\/jornalbeirario.com.br\/portal\/?author=1"}]}},"_links":{"self":[{"href":"https:\/\/jornalbeirario.com.br\/portal\/index.php?rest_route=\/wp\/v2\/posts\/49388","targetHints":{"allow":["GET"]}}],"collection":[{"href":"https:\/\/jornalbeirario.com.br\/portal\/index.php?rest_route=\/wp\/v2\/posts"}],"about":[{"href":"https:\/\/jornalbeirario.com.br\/portal\/index.php?rest_route=\/wp\/v2\/types\/post"}],"author":[{"embeddable":true,"href":"https:\/\/jornalbeirario.com.br\/portal\/index.php?rest_route=\/wp\/v2\/users\/1"}],"replies":[{"embeddable":true,"href":"https:\/\/jornalbeirario.com.br\/portal\/index.php?rest_route=%2Fwp%2Fv2%2Fcomments&post=49388"}],"version-history":[{"count":3,"href":"https:\/\/jornalbeirario.com.br\/portal\/index.php?rest_route=\/wp\/v2\/posts\/49388\/revisions"}],"predecessor-version":[{"id":49392,"href":"https:\/\/jornalbeirario.com.br\/portal\/index.php?rest_route=\/wp\/v2\/posts\/49388\/revisions\/49392"}],"wp:featuredmedia":[{"embeddable":true,"href":"https:\/\/jornalbeirario.com.br\/portal\/index.php?rest_route=\/wp\/v2\/media\/49390"}],"wp:attachment":[{"href":"https:\/\/jornalbeirario.com.br\/portal\/index.php?rest_route=%2Fwp%2Fv2%2Fmedia&parent=49388"}],"wp:term":[{"taxonomy":"category","embeddable":true,"href":"https:\/\/jornalbeirario.com.br\/portal\/index.php?rest_route=%2Fwp%2Fv2%2Fcategories&post=49388"},{"taxonomy":"post_tag","embeddable":true,"href":"https:\/\/jornalbeirario.com.br\/portal\/index.php?rest_route=%2Fwp%2Fv2%2Ftags&post=49388"}],"curies":[{"name":"wp","href":"https:\/\/api.w.org\/{rel}","templated":true}]}}