
{"id":49341,"date":"2017-04-20T18:10:21","date_gmt":"2017-04-20T21:10:21","guid":{"rendered":"http:\/\/jornalbeirario.com.br\/portal\/?p=49341"},"modified":"2017-04-20T18:12:57","modified_gmt":"2017-04-20T21:12:57","slug":"depois-de-pedido-de-informacao-do-mp-prefeito-de-resende-resolve-convocar-concursados","status":"publish","type":"post","link":"https:\/\/jornalbeirario.com.br\/portal\/?p=49341","title":{"rendered":"Pedido de informa\u00e7\u00e3o do MP leva prefeito de Resende a convocar concursados"},"content":{"rendered":"<p style=\"text-align: justify;\"><a href=\"http:\/\/jornalbeirario.com.br\/wp-content\/uploads\/2017\/04\/docMP1.jpg\"><img loading=\"lazy\" decoding=\"async\" class=\"size-medium wp-image-49342 alignleft\" src=\"http:\/\/jornalbeirario.com.br\/wp-content\/uploads\/2017\/04\/docMP1-225x300.jpg\" alt=\"docMP1\" width=\"225\" height=\"300\" srcset=\"https:\/\/jornalbeirario.com.br\/portal\/wp-content\/uploads\/2017\/04\/docMP1-225x300.jpg 225w, https:\/\/jornalbeirario.com.br\/portal\/wp-content\/uploads\/2017\/04\/docMP1.jpg 480w\" sizes=\"auto, (max-width: 225px) 100vw, 225px\" \/><\/a>A promotoria de Justi\u00e7a da Tutela Coletiva de Resende deu prazo, at\u00e9 a pr\u00f3xima semana, para que a Prefeitura de Resende envie a rela\u00e7\u00e3o dos cargos comissionados que est\u00e3o exercendo as fun\u00e7\u00f5es de procuradores, assessores jur\u00eddicos, psic\u00f3logos e farmac\u00eauticos, al\u00e9m deste inqu\u00e9rito c\u00edvel aberto pelo Minist\u00e9rio P\u00fablico, outras den\u00fancias est\u00e3o sendo apreciadas, em especial sobre o descumprimento do Termo de Compromisso de Ajustamento de Conduta (TAC) que foi acordado entre o munic\u00edpio de Resende e o Minist\u00e9rio P\u00fablico em 2016. O TAC foi fruto de um trabalho do MP desde 2012, onde v\u00e1rias den\u00fancias sobre o excesso de cargos comissionados e apadrinhamentos pol\u00edticos eram praticados na Prefeitura de Resende. A pr\u00e1tica persiste no governo Diogo Balieiro Diniz que foi pressionado para homologar os concursos realizados ano passado no munic\u00edpio. Agora, a press\u00e3o est\u00e1 para que ele, de fato, convoque os concursados pela classifica\u00e7\u00e3o, assim como determina a lei. Depois do pedido de informa\u00e7\u00e3o do MP, o prefeito resolveu come\u00e7ar a convocar e fez at\u00e9 um v\u00eddeo para as redes sociais, mas muitos concursados ainda duvidam que ele cumprir\u00e1 a classifica\u00e7\u00e3o.<\/p>\n<p style=\"text-align: justify;\">\u2014 O que ele t\u00e1 fazendo \u00e9 chamando os conhecidos, os amigos, alguns ocupando os \u00faltimos lugares do concurso e dando cargo comissionado, diz uma das concursadas que pediu para n\u00e3o publicar o nome. A maioria dos aprovados fala sobre o sonho do emprego depois de tanto esfor\u00e7o: &#8220;\u00c9 a realiza\u00e7\u00e3o de um sonho que com o passar desses meses tem se transformado em um pesadelo. Inicialmente tivemos paci\u00eancia por se tratar de uma administra\u00e7\u00e3o nova. Por\u00e9m, ao longo dos primeiros meses deste ano, fomos acompanhando os boletins oficiais. Assim, constatamos um grande n\u00famero de nomea\u00e7\u00f5es para o nosso cargo do concurso. Houve uma mistura de sentimentos como: decep\u00e7\u00e3o, frustra\u00e7\u00e3o, raiva, injusti\u00e7a. A maioria encontra-se desempregada e depositou confian\u00e7a no atual prefeito de que o mesmo teria interesse na nossa capacidade e boa f\u00e9. Mas n\u00e3o foi o que aconteceu. O que mais vem nos angustiando s\u00e3o as falsas promessas de convoca\u00e7\u00e3o. As informa\u00e7\u00f5es s\u00e3o desencontradas dentro do pr\u00f3prio RH da prefeitura e do secretariado&#8221;, fala outra concursada que tamb\u00e9m pediu para n\u00e3o ser identificada.<\/p>\n<p style=\"text-align: justify;\">Foram entregues ao Minist\u00e9rio P\u00fablico nomes de pessoas que foram nomeadas nos \u00faltimos tr\u00eas meses e que s\u00f3 poderiam estar\u00a0nos cargos de dire\u00e7\u00e3o, chefia ou assessoramento, mas que est\u00e3o\u00a0exercendo suas fun\u00e7\u00f5es profissionais sem orienta\u00e7\u00e3o que a nomea\u00e7\u00e3o exige. Na \u00e1rea de Psicologia, uma das profiss\u00f5es que a prefeitura ter\u00e1 que enviar toda a rela\u00e7\u00e3o de nomeados e que o concurso ofereceu 20 vagas para v\u00e1rios setores da Prefeitura e 07 na \u00e1rea de Sa\u00fade Mental, n\u00e3o h\u00e1 qualquer crit\u00e9rio para as pessoas que foram chamadas. Tem de tudo: tem psic\u00f3logas, por exemplo, que est\u00e3o em 399\u00ba lugar no concurso, mas nomeada CC3 na Sa\u00fade; tem psic\u00f3loga aprovada em 287\u00ba lugar, e ganhou CC1, na Secretaria de Servi\u00e7os P\u00fablicos; tem quem nem prestou concurso e foi contratado para atuar na \u00e1rea. Na Farm\u00e1cia foram oferecidas seis vagas, mas desde o in\u00edcio do ano j\u00e1 foram contratados oito profissionais, sendo, alguns que n\u00e3o fizeram o concurso e outros que n\u00e3o est\u00e3o na classifica\u00e7\u00e3o das vagas imediatas.<\/p>\n<p style=\"text-align: justify;\">Concursados que fizeram para assistente administrativo, assistente social e na \u00e1rea da enfermagem tamb\u00e9m denunciaram, ao MP, a prefeitura que, apesar de anunciar essa semana que est\u00e1 chamando os concursados, continua, segundo as den\u00fancias, n\u00e3o obedecendo a ordem de classifica\u00e7\u00e3o. &#8220;A t\u00e3o sonhada aprova\u00e7\u00e3o em um concurso p\u00fablico, especialmente dentro do n\u00famero de vagas \u00e9 o sonho\u00a0de muita gente e, no meu caso, isso vem de muitas horas de estudo e dedica\u00e7\u00e3o, priva\u00e7\u00e3o de horas de lazer e com a fam\u00edlia. \u00c9 revoltante, triste e lament\u00e1vel ver profissionais que n\u00e3o fizeram o concurso e outros que ficaram em 300\u00ba no ranking trabalhando no lugar que por direito \u00e9 meu&#8221;, fala a enfermeira Danndara da Silva Pego que tirou terceiro lugar no concurso que ofereceu 11 vagas. O governo j\u00e1 contratou mais de 10 enfermeiras como CCs, sendo que pelo menos quatro nem prestaram concurso e est\u00e3o trabalhando nos PSFs como CC2.<\/p>\n<p style=\"text-align: justify;\">At\u00e9 a Justi\u00e7a descumpre o TAC<br \/>\nO governo Diogo Balieiro Diniz al\u00e9m de nomear como cargos comissionados profissionais que, segundo as den\u00fancias, n\u00e3o est\u00e3o exercendo as fun\u00e7\u00f5es que as nomea\u00e7\u00f5es exigem, mant\u00e9m a mesma pr\u00e1tica do ex-prefeito de nomear CC e ceder a outros \u00f3rg\u00e3os. A cl\u00e1usula quarta do TAC diz: &#8220;\u00c9 vedada a cess\u00e3o de servidores comissionados integrantes dos quadros do COMPROMISS\u00c1RIO a outros entes ou \u00f3rg\u00e3os p\u00fablicos, sejam da Uni\u00e3o, Estadual ou Municipal, do Poder executivo, Legislativo, Judici\u00e1rio ou do Minist\u00e9rio P\u00fablico&#8221;. Dois exemplos referem-se a uma nomeada, na Chefia de Gabinete do prefeito, CC4, cedida \u00e0 Defensoria P\u00fablica do munic\u00edpio, pr\u00e1tica que persiste h\u00e1 pelo menos quatro governos e de uma outra comissionada, uma advogada, nomeada para atuar na Procuradoria do munic\u00edpio, CC2, mas cedida\u00a0ao gabinete da 1\u00aa Vara C\u00edvel de Resende que tem como titular, o juiz Marvin Ramos.\u00a0Foram enviadas solicita\u00e7\u00f5es de notas \u00e0s assessorias de imprensa do Tribunal de Justi\u00e7a, Defensoria P\u00fablica e Prefeitura de Resende. A Assessoria do Tribunal de Justi\u00e7a respondeu em nota que: &#8220;A funcion\u00e1ria foi destinada (&#8230;) pela Prefeitura de Resende para trabalhar, junto ao Tribunal de Justi\u00e7a, nos processos de D\u00edvida Ativa do Munic\u00edpio. (&#8230;). A movimenta\u00e7\u00e3o de funcion\u00e1rios faz parte de um conv\u00eanio firmado entre os dois \u00f3rg\u00e3os p\u00fablicos&#8221;. \u00a0A Assessoria de Imprensa da Defensoria P\u00fablica do Rio de Janeiro enviou e-mail informando que ainda n\u00e3o conseguiu a informa\u00e7\u00e3o, mas est\u00e1 apurando. J\u00e1 a Assessoria de Imprensa da Prefeitura de Resende n\u00e3o enviou qualquer resposta.<\/p>\n<p style=\"text-align: justify;\"><em><span style=\"color: #339966;\">Imagem\u00a0da capa: Reprodu\u00e7\u00e3o do v\u00eddeo divulgado pela PMR<\/span><\/em><\/p>\n","protected":false},"excerpt":{"rendered":"<p>A promotoria de Justi\u00e7a da Tutela Coletiva de Resende deu prazo, at\u00e9 a pr\u00f3xima semana, para que a Prefeitura de Resende envie a rela\u00e7\u00e3o<\/p>\n","protected":false},"author":1,"featured_media":49352,"comment_status":"open","ping_status":"open","sticky":false,"template":"","format":"standard","meta":{"pmpro_default_level":"","footnotes":""},"categories":[11],"tags":[155,153],"class_list":["post-49341","post","type-post","status-publish","format-standard","has-post-thumbnail","hentry","category-politica","tag-dehoraemhora","tag-manchete","pmpro-has-access"],"yoast_head":"<!-- This site is optimized with the Yoast SEO plugin v27.4 - https:\/\/yoast.com\/product\/yoast-seo-wordpress\/ -->\n<title>Pedido de informa\u00e7\u00e3o do MP leva prefeito de Resende a convocar concursados - JORNAL BEIRA RIO<\/title>\n<meta name=\"robots\" content=\"index, follow, max-snippet:-1, max-image-preview:large, max-video-preview:-1\" \/>\n<link rel=\"canonical\" href=\"https:\/\/jornalbeirario.com.br\/portal\/?p=49341\" \/>\n<meta property=\"og:locale\" content=\"pt_BR\" \/>\n<meta property=\"og:type\" content=\"article\" \/>\n<meta property=\"og:title\" content=\"Pedido de informa\u00e7\u00e3o do MP leva prefeito de Resende a convocar concursados - JORNAL BEIRA RIO\" \/>\n<meta property=\"og:description\" content=\"A promotoria de Justi\u00e7a da Tutela Coletiva de Resende deu prazo, at\u00e9 a pr\u00f3xima semana, para que a Prefeitura de Resende envie a rela\u00e7\u00e3o\" \/>\n<meta property=\"og:url\" content=\"https:\/\/jornalbeirario.com.br\/portal\/?p=49341\" \/>\n<meta property=\"og:site_name\" content=\"JORNAL BEIRA RIO\" \/>\n<meta property=\"article:published_time\" content=\"2017-04-20T21:10:21+00:00\" \/>\n<meta property=\"article:modified_time\" content=\"2017-04-20T21:12:57+00:00\" \/>\n<meta property=\"og:image\" content=\"https:\/\/jornalbeirario.com.br\/portal\/wp-content\/uploads\/2017\/04\/concursados7.jpg\" \/>\n\t<meta property=\"og:image:width\" content=\"930\" \/>\n\t<meta property=\"og:image:height\" content=\"350\" \/>\n\t<meta property=\"og:image:type\" content=\"image\/jpeg\" \/>\n<meta name=\"author\" content=\"Jornal BEIRA-RIO\" \/>\n<meta name=\"twitter:card\" content=\"summary_large_image\" \/>\n<meta name=\"twitter:label1\" content=\"Escrito por\" \/>\n\t<meta name=\"twitter:data1\" content=\"Jornal BEIRA-RIO\" \/>\n\t<meta name=\"twitter:label2\" content=\"Est. tempo de leitura\" \/>\n\t<meta name=\"twitter:data2\" content=\"5 minutos\" \/>\n<script type=\"application\/ld+json\" class=\"yoast-schema-graph\">{\"@context\":\"https:\\\/\\\/schema.org\",\"@graph\":[{\"@type\":\"Article\",\"@id\":\"https:\\\/\\\/jornalbeirario.com.br\\\/portal\\\/?p=49341#article\",\"isPartOf\":{\"@id\":\"https:\\\/\\\/jornalbeirario.com.br\\\/portal\\\/?p=49341\"},\"author\":{\"name\":\"Jornal BEIRA-RIO\",\"@id\":\"https:\\\/\\\/jornalbeirario.com.br\\\/portal\\\/#\\\/schema\\\/person\\\/c6c423e4c2465d2a9233f6539173e7c1\"},\"headline\":\"Pedido de informa\u00e7\u00e3o do MP leva prefeito de Resende a convocar concursados\",\"datePublished\":\"2017-04-20T21:10:21+00:00\",\"dateModified\":\"2017-04-20T21:12:57+00:00\",\"mainEntityOfPage\":{\"@id\":\"https:\\\/\\\/jornalbeirario.com.br\\\/portal\\\/?p=49341\"},\"wordCount\":1055,\"commentCount\":0,\"publisher\":{\"@id\":\"https:\\\/\\\/jornalbeirario.com.br\\\/portal\\\/#organization\"},\"image\":{\"@id\":\"https:\\\/\\\/jornalbeirario.com.br\\\/portal\\\/?p=49341#primaryimage\"},\"thumbnailUrl\":\"https:\\\/\\\/jornalbeirario.com.br\\\/portal\\\/wp-content\\\/uploads\\\/2017\\\/04\\\/concursados7.jpg\",\"keywords\":[\"dehoraemhora\",\"manchete\"],\"articleSection\":[\"Pol\u00edtica\"],\"inLanguage\":\"pt-BR\",\"potentialAction\":[{\"@type\":\"CommentAction\",\"name\":\"Comment\",\"target\":[\"https:\\\/\\\/jornalbeirario.com.br\\\/portal\\\/?p=49341#respond\"]}]},{\"@type\":\"WebPage\",\"@id\":\"https:\\\/\\\/jornalbeirario.com.br\\\/portal\\\/?p=49341\",\"url\":\"https:\\\/\\\/jornalbeirario.com.br\\\/portal\\\/?p=49341\",\"name\":\"Pedido de informa\u00e7\u00e3o do MP leva prefeito de Resende a convocar concursados - JORNAL BEIRA RIO\",\"isPartOf\":{\"@id\":\"https:\\\/\\\/jornalbeirario.com.br\\\/portal\\\/#website\"},\"primaryImageOfPage\":{\"@id\":\"https:\\\/\\\/jornalbeirario.com.br\\\/portal\\\/?p=49341#primaryimage\"},\"image\":{\"@id\":\"https:\\\/\\\/jornalbeirario.com.br\\\/portal\\\/?p=49341#primaryimage\"},\"thumbnailUrl\":\"https:\\\/\\\/jornalbeirario.com.br\\\/portal\\\/wp-content\\\/uploads\\\/2017\\\/04\\\/concursados7.jpg\",\"datePublished\":\"2017-04-20T21:10:21+00:00\",\"dateModified\":\"2017-04-20T21:12:57+00:00\",\"breadcrumb\":{\"@id\":\"https:\\\/\\\/jornalbeirario.com.br\\\/portal\\\/?p=49341#breadcrumb\"},\"inLanguage\":\"pt-BR\",\"potentialAction\":[{\"@type\":\"ReadAction\",\"target\":[\"https:\\\/\\\/jornalbeirario.com.br\\\/portal\\\/?p=49341\"]}]},{\"@type\":\"ImageObject\",\"inLanguage\":\"pt-BR\",\"@id\":\"https:\\\/\\\/jornalbeirario.com.br\\\/portal\\\/?p=49341#primaryimage\",\"url\":\"https:\\\/\\\/jornalbeirario.com.br\\\/portal\\\/wp-content\\\/uploads\\\/2017\\\/04\\\/concursados7.jpg\",\"contentUrl\":\"https:\\\/\\\/jornalbeirario.com.br\\\/portal\\\/wp-content\\\/uploads\\\/2017\\\/04\\\/concursados7.jpg\",\"width\":930,\"height\":350},{\"@type\":\"BreadcrumbList\",\"@id\":\"https:\\\/\\\/jornalbeirario.com.br\\\/portal\\\/?p=49341#breadcrumb\",\"itemListElement\":[{\"@type\":\"ListItem\",\"position\":1,\"name\":\"Home\",\"item\":\"https:\\\/\\\/jornalbeirario.com.br\\\/portal\"},{\"@type\":\"ListItem\",\"position\":2,\"name\":\"Pedido de informa\u00e7\u00e3o do MP leva prefeito de Resende a convocar concursados\"}]},{\"@type\":\"WebSite\",\"@id\":\"https:\\\/\\\/jornalbeirario.com.br\\\/portal\\\/#website\",\"url\":\"https:\\\/\\\/jornalbeirario.com.br\\\/portal\\\/\",\"name\":\"JORNAL BEIRA RIO\",\"description\":\"\",\"publisher\":{\"@id\":\"https:\\\/\\\/jornalbeirario.com.br\\\/portal\\\/#organization\"},\"potentialAction\":[{\"@type\":\"SearchAction\",\"target\":{\"@type\":\"EntryPoint\",\"urlTemplate\":\"https:\\\/\\\/jornalbeirario.com.br\\\/portal\\\/?s={search_term_string}\"},\"query-input\":{\"@type\":\"PropertyValueSpecification\",\"valueRequired\":true,\"valueName\":\"search_term_string\"}}],\"inLanguage\":\"pt-BR\"},{\"@type\":\"Organization\",\"@id\":\"https:\\\/\\\/jornalbeirario.com.br\\\/portal\\\/#organization\",\"name\":\"JORNAL BEIRA RIO\",\"url\":\"https:\\\/\\\/jornalbeirario.com.br\\\/portal\\\/\",\"logo\":{\"@type\":\"ImageObject\",\"inLanguage\":\"pt-BR\",\"@id\":\"https:\\\/\\\/jornalbeirario.com.br\\\/portal\\\/#\\\/schema\\\/logo\\\/image\\\/\",\"url\":\"https:\\\/\\\/jornalbeirario.com.br\\\/portal\\\/wp-content\\\/uploads\\\/2017\\\/09\\\/BEIRA-RIO_logo600.png\",\"contentUrl\":\"https:\\\/\\\/jornalbeirario.com.br\\\/portal\\\/wp-content\\\/uploads\\\/2017\\\/09\\\/BEIRA-RIO_logo600.png\",\"width\":650,\"height\":108,\"caption\":\"JORNAL BEIRA RIO\"},\"image\":{\"@id\":\"https:\\\/\\\/jornalbeirario.com.br\\\/portal\\\/#\\\/schema\\\/logo\\\/image\\\/\"}},{\"@type\":\"Person\",\"@id\":\"https:\\\/\\\/jornalbeirario.com.br\\\/portal\\\/#\\\/schema\\\/person\\\/c6c423e4c2465d2a9233f6539173e7c1\",\"name\":\"Jornal BEIRA-RIO\",\"image\":{\"@type\":\"ImageObject\",\"inLanguage\":\"pt-BR\",\"@id\":\"https:\\\/\\\/jornalbeirario.com.br\\\/portal\\\/wp-content\\\/uploads\\\/2023\\\/10\\\/logojbr1.jpg\",\"url\":\"https:\\\/\\\/jornalbeirario.com.br\\\/portal\\\/wp-content\\\/uploads\\\/2023\\\/10\\\/logojbr1.jpg\",\"contentUrl\":\"https:\\\/\\\/jornalbeirario.com.br\\\/portal\\\/wp-content\\\/uploads\\\/2023\\\/10\\\/logojbr1.jpg\",\"caption\":\"Jornal BEIRA-RIO\"},\"url\":\"https:\\\/\\\/jornalbeirario.com.br\\\/portal\\\/?author=1\"}]}<\/script>\n<!-- \/ Yoast SEO plugin. -->","yoast_head_json":{"title":"Pedido de informa\u00e7\u00e3o do MP leva prefeito de Resende a convocar concursados - JORNAL BEIRA RIO","robots":{"index":"index","follow":"follow","max-snippet":"max-snippet:-1","max-image-preview":"max-image-preview:large","max-video-preview":"max-video-preview:-1"},"canonical":"https:\/\/jornalbeirario.com.br\/portal\/?p=49341","og_locale":"pt_BR","og_type":"article","og_title":"Pedido de informa\u00e7\u00e3o do MP leva prefeito de Resende a convocar concursados - JORNAL BEIRA RIO","og_description":"A promotoria de Justi\u00e7a da Tutela Coletiva de Resende deu prazo, at\u00e9 a pr\u00f3xima semana, para que a Prefeitura de Resende envie a rela\u00e7\u00e3o","og_url":"https:\/\/jornalbeirario.com.br\/portal\/?p=49341","og_site_name":"JORNAL BEIRA RIO","article_published_time":"2017-04-20T21:10:21+00:00","article_modified_time":"2017-04-20T21:12:57+00:00","og_image":[{"width":930,"height":350,"url":"https:\/\/jornalbeirario.com.br\/portal\/wp-content\/uploads\/2017\/04\/concursados7.jpg","type":"image\/jpeg"}],"author":"Jornal BEIRA-RIO","twitter_card":"summary_large_image","twitter_misc":{"Escrito por":"Jornal BEIRA-RIO","Est. tempo de leitura":"5 minutos"},"schema":{"@context":"https:\/\/schema.org","@graph":[{"@type":"Article","@id":"https:\/\/jornalbeirario.com.br\/portal\/?p=49341#article","isPartOf":{"@id":"https:\/\/jornalbeirario.com.br\/portal\/?p=49341"},"author":{"name":"Jornal BEIRA-RIO","@id":"https:\/\/jornalbeirario.com.br\/portal\/#\/schema\/person\/c6c423e4c2465d2a9233f6539173e7c1"},"headline":"Pedido de informa\u00e7\u00e3o do MP leva prefeito de Resende a convocar concursados","datePublished":"2017-04-20T21:10:21+00:00","dateModified":"2017-04-20T21:12:57+00:00","mainEntityOfPage":{"@id":"https:\/\/jornalbeirario.com.br\/portal\/?p=49341"},"wordCount":1055,"commentCount":0,"publisher":{"@id":"https:\/\/jornalbeirario.com.br\/portal\/#organization"},"image":{"@id":"https:\/\/jornalbeirario.com.br\/portal\/?p=49341#primaryimage"},"thumbnailUrl":"https:\/\/jornalbeirario.com.br\/portal\/wp-content\/uploads\/2017\/04\/concursados7.jpg","keywords":["dehoraemhora","manchete"],"articleSection":["Pol\u00edtica"],"inLanguage":"pt-BR","potentialAction":[{"@type":"CommentAction","name":"Comment","target":["https:\/\/jornalbeirario.com.br\/portal\/?p=49341#respond"]}]},{"@type":"WebPage","@id":"https:\/\/jornalbeirario.com.br\/portal\/?p=49341","url":"https:\/\/jornalbeirario.com.br\/portal\/?p=49341","name":"Pedido de informa\u00e7\u00e3o do MP leva prefeito de Resende a convocar concursados - JORNAL BEIRA RIO","isPartOf":{"@id":"https:\/\/jornalbeirario.com.br\/portal\/#website"},"primaryImageOfPage":{"@id":"https:\/\/jornalbeirario.com.br\/portal\/?p=49341#primaryimage"},"image":{"@id":"https:\/\/jornalbeirario.com.br\/portal\/?p=49341#primaryimage"},"thumbnailUrl":"https:\/\/jornalbeirario.com.br\/portal\/wp-content\/uploads\/2017\/04\/concursados7.jpg","datePublished":"2017-04-20T21:10:21+00:00","dateModified":"2017-04-20T21:12:57+00:00","breadcrumb":{"@id":"https:\/\/jornalbeirario.com.br\/portal\/?p=49341#breadcrumb"},"inLanguage":"pt-BR","potentialAction":[{"@type":"ReadAction","target":["https:\/\/jornalbeirario.com.br\/portal\/?p=49341"]}]},{"@type":"ImageObject","inLanguage":"pt-BR","@id":"https:\/\/jornalbeirario.com.br\/portal\/?p=49341#primaryimage","url":"https:\/\/jornalbeirario.com.br\/portal\/wp-content\/uploads\/2017\/04\/concursados7.jpg","contentUrl":"https:\/\/jornalbeirario.com.br\/portal\/wp-content\/uploads\/2017\/04\/concursados7.jpg","width":930,"height":350},{"@type":"BreadcrumbList","@id":"https:\/\/jornalbeirario.com.br\/portal\/?p=49341#breadcrumb","itemListElement":[{"@type":"ListItem","position":1,"name":"Home","item":"https:\/\/jornalbeirario.com.br\/portal"},{"@type":"ListItem","position":2,"name":"Pedido de informa\u00e7\u00e3o do MP leva prefeito de Resende a convocar concursados"}]},{"@type":"WebSite","@id":"https:\/\/jornalbeirario.com.br\/portal\/#website","url":"https:\/\/jornalbeirario.com.br\/portal\/","name":"JORNAL BEIRA RIO","description":"","publisher":{"@id":"https:\/\/jornalbeirario.com.br\/portal\/#organization"},"potentialAction":[{"@type":"SearchAction","target":{"@type":"EntryPoint","urlTemplate":"https:\/\/jornalbeirario.com.br\/portal\/?s={search_term_string}"},"query-input":{"@type":"PropertyValueSpecification","valueRequired":true,"valueName":"search_term_string"}}],"inLanguage":"pt-BR"},{"@type":"Organization","@id":"https:\/\/jornalbeirario.com.br\/portal\/#organization","name":"JORNAL BEIRA RIO","url":"https:\/\/jornalbeirario.com.br\/portal\/","logo":{"@type":"ImageObject","inLanguage":"pt-BR","@id":"https:\/\/jornalbeirario.com.br\/portal\/#\/schema\/logo\/image\/","url":"https:\/\/jornalbeirario.com.br\/portal\/wp-content\/uploads\/2017\/09\/BEIRA-RIO_logo600.png","contentUrl":"https:\/\/jornalbeirario.com.br\/portal\/wp-content\/uploads\/2017\/09\/BEIRA-RIO_logo600.png","width":650,"height":108,"caption":"JORNAL BEIRA RIO"},"image":{"@id":"https:\/\/jornalbeirario.com.br\/portal\/#\/schema\/logo\/image\/"}},{"@type":"Person","@id":"https:\/\/jornalbeirario.com.br\/portal\/#\/schema\/person\/c6c423e4c2465d2a9233f6539173e7c1","name":"Jornal BEIRA-RIO","image":{"@type":"ImageObject","inLanguage":"pt-BR","@id":"https:\/\/jornalbeirario.com.br\/portal\/wp-content\/uploads\/2023\/10\/logojbr1.jpg","url":"https:\/\/jornalbeirario.com.br\/portal\/wp-content\/uploads\/2023\/10\/logojbr1.jpg","contentUrl":"https:\/\/jornalbeirario.com.br\/portal\/wp-content\/uploads\/2023\/10\/logojbr1.jpg","caption":"Jornal BEIRA-RIO"},"url":"https:\/\/jornalbeirario.com.br\/portal\/?author=1"}]}},"_links":{"self":[{"href":"https:\/\/jornalbeirario.com.br\/portal\/index.php?rest_route=\/wp\/v2\/posts\/49341","targetHints":{"allow":["GET"]}}],"collection":[{"href":"https:\/\/jornalbeirario.com.br\/portal\/index.php?rest_route=\/wp\/v2\/posts"}],"about":[{"href":"https:\/\/jornalbeirario.com.br\/portal\/index.php?rest_route=\/wp\/v2\/types\/post"}],"author":[{"embeddable":true,"href":"https:\/\/jornalbeirario.com.br\/portal\/index.php?rest_route=\/wp\/v2\/users\/1"}],"replies":[{"embeddable":true,"href":"https:\/\/jornalbeirario.com.br\/portal\/index.php?rest_route=%2Fwp%2Fv2%2Fcomments&post=49341"}],"version-history":[{"count":6,"href":"https:\/\/jornalbeirario.com.br\/portal\/index.php?rest_route=\/wp\/v2\/posts\/49341\/revisions"}],"predecessor-version":[{"id":49354,"href":"https:\/\/jornalbeirario.com.br\/portal\/index.php?rest_route=\/wp\/v2\/posts\/49341\/revisions\/49354"}],"wp:featuredmedia":[{"embeddable":true,"href":"https:\/\/jornalbeirario.com.br\/portal\/index.php?rest_route=\/wp\/v2\/media\/49352"}],"wp:attachment":[{"href":"https:\/\/jornalbeirario.com.br\/portal\/index.php?rest_route=%2Fwp%2Fv2%2Fmedia&parent=49341"}],"wp:term":[{"taxonomy":"category","embeddable":true,"href":"https:\/\/jornalbeirario.com.br\/portal\/index.php?rest_route=%2Fwp%2Fv2%2Fcategories&post=49341"},{"taxonomy":"post_tag","embeddable":true,"href":"https:\/\/jornalbeirario.com.br\/portal\/index.php?rest_route=%2Fwp%2Fv2%2Ftags&post=49341"}],"curies":[{"name":"wp","href":"https:\/\/api.w.org\/{rel}","templated":true}]}}