
{"id":49267,"date":"2017-04-20T08:00:21","date_gmt":"2017-04-20T11:00:21","guid":{"rendered":"http:\/\/jornalbeirario.com.br\/portal\/?p=49267"},"modified":"2017-04-19T16:52:46","modified_gmt":"2017-04-19T19:52:46","slug":"velho-do-lago-e-intimado-a-retirar-estrutura-de-metal-do-lago-do-mirante","status":"publish","type":"post","link":"https:\/\/jornalbeirario.com.br\/portal\/?p=49267","title":{"rendered":"Velho do Lago \u00e9 intimado a retirar estrutura de metal do Lago do Mirante"},"content":{"rendered":"<figure id=\"attachment_49271\" aria-describedby=\"caption-attachment-49271\" style=\"width: 225px\" class=\"wp-caption alignleft\"><a href=\"http:\/\/jornalbeirario.com.br\/wp-content\/uploads\/2017\/04\/lagomirante2.jpg\"><img loading=\"lazy\" decoding=\"async\" class=\"size-medium wp-image-49271\" src=\"http:\/\/jornalbeirario.com.br\/wp-content\/uploads\/2017\/04\/lagomirante2-225x300.jpg\" alt=\"Moradores s\u00e3o contra retirada de estrutura que pode acabar com \u00e1rvore de natal do lago\" width=\"225\" height=\"300\" srcset=\"https:\/\/jornalbeirario.com.br\/portal\/wp-content\/uploads\/2017\/04\/lagomirante2-225x300.jpg 225w, https:\/\/jornalbeirario.com.br\/portal\/wp-content\/uploads\/2017\/04\/lagomirante2.jpg 480w\" sizes=\"auto, (max-width: 225px) 100vw, 225px\" \/><\/a><figcaption id=\"caption-attachment-49271\" class=\"wp-caption-text\">Moradores s\u00e3o contra retirada de estrutura que pode comprometer \u00e1rvore de natal do lago<\/figcaption><\/figure>\n<p style=\"text-align: justify;\">No final da tarde de quarta-feira da semana passada, dia 12, o presidente da ONG Velho do Lago, Ant\u00f4nio Albino Filho, &#8211; conhecido pelo apelido que d\u00e1 o nome a organiza\u00e7\u00e3o criada por ele e outros defensores do Lago do Mirante das Agulhas &#8211; , recebeu uma <a href=\"http:\/\/jornalbeirario.com.br\/wp-content\/uploads\/2017\/04\/velhodolago1.pdf\">intima\u00e7\u00e3o<\/a> pela Ag\u00eancia Municipal do Meio Ambiente de Resende (Amar), ap\u00f3s den\u00fancia feita no \u00f3rg\u00e3o, para que os equipamentos utilizados durante mais de 15 anos por ele e outros moradores e integrantes da antiga associa\u00e7\u00e3o dos Amigos do Lago (hoje transformada na ONG) sejam retirados do Lago do Mirante, sob alega\u00e7\u00e3o de &#8220;instala\u00e7\u00e3o sem licen\u00e7a ou autoriza\u00e7\u00e3o de \u00f3rg\u00e3o competente&#8221;.<\/p>\n<p style=\"text-align: justify;\">&#8211; Na hora em que eu recebi essa intima\u00e7\u00e3o, imaginei que isso seria um absurdo, pois h\u00e1 anos a gente vem melhorando essas ferramentas de manuten\u00e7\u00e3o do lago. Come\u00e7amos com uma jangada de madeira, que depois passou a ser uma jangada de metal que mede 6 x 6 m, foi constru\u00edda com recursos doados pelos moradores do bairro para fazer a limpeza do local, e que no fim de ano serve para que possamos colocar a nossa \u00e1rvore de natal. E s\u00f3 agora fomos surpreendidos com a intima\u00e7\u00e3o &#8211; conta o Velho do Lago, acrescentando que os equipamentos passam por manuten\u00e7\u00e3o a cada dois anos, e que n\u00e3o tem como retir\u00e1-lo, pois n\u00e3o sabe onde guardar.<\/p>\n<p style=\"text-align: justify;\">Questionado sobre qual medida ser\u00e1 tomada, o presidente da ONG revela que pretende recorrer do prazo de 30 dias dados para a retirada do equipamento. Ele alega que no in\u00edcio do ano (em fevereiro), ele e a Amar foram chamados para uma reuni\u00e3o no Minist\u00e9rio P\u00fablico, que orientou o Velho a n\u00e3o realizar qualquer a\u00e7\u00e3o dentro do lago. &#8220;Foi pedido para que a gente n\u00e3o interferisse em nada mais no lago, enquanto aguardamos a resposta do \u00f3rg\u00e3o sobre a dragagem do local&#8221;, defende-se. Na ocasi\u00e3o, o MP teria intimado os \u00f3rg\u00e3os respons\u00e1veis a fazerem a limpeza no entorno do lago, o que foi feito depois de anos de luta do presidente da ONG, fundada h\u00e1 cinco meses e registrada legalmente no come\u00e7o deste ano.<\/p>\n<figure id=\"attachment_49272\" aria-describedby=\"caption-attachment-49272\" style=\"width: 300px\" class=\"wp-caption alignright\"><a href=\"http:\/\/jornalbeirario.com.br\/wp-content\/uploads\/2017\/04\/lagomirante3.jpg\"><img loading=\"lazy\" decoding=\"async\" class=\"size-medium wp-image-49272\" src=\"http:\/\/jornalbeirario.com.br\/wp-content\/uploads\/2017\/04\/lagomirante3-300x225.jpg\" alt=\"O Velho diz que n\u00e3o tem condi\u00e7\u00f5es de retirar e guardar a estrutura que est\u00e1 no lago\" width=\"300\" height=\"225\" srcset=\"https:\/\/jornalbeirario.com.br\/portal\/wp-content\/uploads\/2017\/04\/lagomirante3-300x225.jpg 300w, https:\/\/jornalbeirario.com.br\/portal\/wp-content\/uploads\/2017\/04\/lagomirante3.jpg 640w\" sizes=\"auto, (max-width: 300px) 100vw, 300px\" \/><\/a><figcaption id=\"caption-attachment-49272\" class=\"wp-caption-text\">Velho do Lago diz que n\u00e3o tem condi\u00e7\u00f5es nem lugar para retirar e guardar a estrutura<\/figcaption><\/figure>\n<p style=\"text-align: justify;\">Com isso, conforme cita o Velho do Lago, ele e os demais membros da ONG receber\u00e3o a visita de um engenheiro ambiental para dar um parecer que permita a ele e a organiza\u00e7\u00e3o chance de defesa. Ele tamb\u00e9m alega que a grande maioria dos moradores s\u00e3o contr\u00e1rios \u00e0 retirada da estrutura de metal. &#8220;Estamos passando com um abaixo-assinado no bairro, e a grande maioria assinou (s\u00e3o ao todo quase 70 assinaturas), n\u00e3o concordando com a retirada da estrutura que serve para a montagem da \u00e1rvore de natal, apenas uma pessoa que eu consultei foi a favor dessa retirada, mas n\u00e3o especificou o porqu\u00ea&#8221;, frisa, aproveitando para questionar a pr\u00f3pria Amar.<\/p>\n<p style=\"text-align: justify;\">&#8211; Eles alegam que eu n\u00e3o tenho essa autoriza\u00e7\u00e3o para usar os equipamentos. Ent\u00e3o porque n\u00e3o assumiram a limpeza do lago durante todos mais de 15 anos? &#8211; completa.<\/p>\n<p style=\"text-align: justify;\">O Velho postou a not\u00edcia nas redes sociais no mesmo dia em que recebeu o documento. A repercuss\u00e3o &#8211; assim como no abaixo-assinado que ele pretende encaminhar ao MP &#8211; foi negativa, defendendo o presidente da ONG e com cr\u00edticas a Amar e a quem teria feito a den\u00fancia. A equipe do jornal <strong>BEIRA-RIO<\/strong> entrou em contato com a Prefeitura de Resende e a Amar, que at\u00e9 o momento n\u00e3o se pronunciaram sobre o assunto.<\/p>\n<p style=\"text-align: justify;\"><em style=\"line-height: 1.5;\">Fotos: Arquivo e Reprodu\u00e7\u00e3o do Facebook<\/em><\/p>\n","protected":false},"excerpt":{"rendered":"<p>No final da tarde de quarta-feira da semana passada, dia 12, o presidente da ONG Velho do Lago, Ant\u00f4nio Albino Filho, &#8211; conhecido pelo<\/p>\n","protected":false},"author":1,"featured_media":49270,"comment_status":"open","ping_status":"open","sticky":false,"template":"","format":"standard","meta":{"pmpro_default_level":"","footnotes":""},"categories":[1,27],"tags":[155,153],"class_list":["post-49267","post","type-post","status-publish","format-standard","has-post-thumbnail","hentry","category-cidade","category-meioambiente","tag-dehoraemhora","tag-manchete","pmpro-has-access"],"yoast_head":"<!-- This site is optimized with the Yoast SEO plugin v27.4 - https:\/\/yoast.com\/product\/yoast-seo-wordpress\/ -->\n<title>Velho do Lago \u00e9 intimado a retirar estrutura de metal do Lago do Mirante - JORNAL BEIRA RIO<\/title>\n<meta name=\"robots\" content=\"index, follow, max-snippet:-1, max-image-preview:large, max-video-preview:-1\" \/>\n<link rel=\"canonical\" href=\"https:\/\/jornalbeirario.com.br\/portal\/?p=49267\" \/>\n<meta property=\"og:locale\" content=\"pt_BR\" \/>\n<meta property=\"og:type\" content=\"article\" \/>\n<meta property=\"og:title\" content=\"Velho do Lago \u00e9 intimado a retirar estrutura de metal do Lago do Mirante - JORNAL BEIRA RIO\" \/>\n<meta property=\"og:description\" content=\"No final da tarde de quarta-feira da semana passada, dia 12, o presidente da ONG Velho do Lago, Ant\u00f4nio Albino Filho, &#8211; conhecido pelo\" \/>\n<meta property=\"og:url\" content=\"https:\/\/jornalbeirario.com.br\/portal\/?p=49267\" \/>\n<meta property=\"og:site_name\" content=\"JORNAL BEIRA RIO\" \/>\n<meta property=\"article:published_time\" content=\"2017-04-20T11:00:21+00:00\" \/>\n<meta property=\"og:image\" content=\"https:\/\/jornalbeirario.com.br\/portal\/wp-content\/uploads\/2017\/04\/lagomirante4.jpg\" \/>\n\t<meta property=\"og:image:width\" content=\"930\" \/>\n\t<meta property=\"og:image:height\" content=\"350\" \/>\n\t<meta property=\"og:image:type\" content=\"image\/jpeg\" \/>\n<meta name=\"author\" content=\"Jornal BEIRA-RIO\" \/>\n<meta name=\"twitter:card\" content=\"summary_large_image\" \/>\n<meta name=\"twitter:label1\" content=\"Escrito por\" \/>\n\t<meta name=\"twitter:data1\" content=\"Jornal BEIRA-RIO\" \/>\n\t<meta name=\"twitter:label2\" content=\"Est. tempo de leitura\" \/>\n\t<meta name=\"twitter:data2\" content=\"3 minutos\" \/>\n<script type=\"application\/ld+json\" class=\"yoast-schema-graph\">{\"@context\":\"https:\\\/\\\/schema.org\",\"@graph\":[{\"@type\":\"Article\",\"@id\":\"https:\\\/\\\/jornalbeirario.com.br\\\/portal\\\/?p=49267#article\",\"isPartOf\":{\"@id\":\"https:\\\/\\\/jornalbeirario.com.br\\\/portal\\\/?p=49267\"},\"author\":{\"name\":\"Jornal BEIRA-RIO\",\"@id\":\"https:\\\/\\\/jornalbeirario.com.br\\\/portal\\\/#\\\/schema\\\/person\\\/c6c423e4c2465d2a9233f6539173e7c1\"},\"headline\":\"Velho do Lago \u00e9 intimado a retirar estrutura de metal do Lago do Mirante\",\"datePublished\":\"2017-04-20T11:00:21+00:00\",\"mainEntityOfPage\":{\"@id\":\"https:\\\/\\\/jornalbeirario.com.br\\\/portal\\\/?p=49267\"},\"wordCount\":671,\"commentCount\":1,\"publisher\":{\"@id\":\"https:\\\/\\\/jornalbeirario.com.br\\\/portal\\\/#organization\"},\"image\":{\"@id\":\"https:\\\/\\\/jornalbeirario.com.br\\\/portal\\\/?p=49267#primaryimage\"},\"thumbnailUrl\":\"https:\\\/\\\/jornalbeirario.com.br\\\/portal\\\/wp-content\\\/uploads\\\/2017\\\/04\\\/lagomirante4.jpg\",\"keywords\":[\"dehoraemhora\",\"manchete\"],\"articleSection\":[\"Cidade\",\"Meio Ambiente\"],\"inLanguage\":\"pt-BR\",\"potentialAction\":[{\"@type\":\"CommentAction\",\"name\":\"Comment\",\"target\":[\"https:\\\/\\\/jornalbeirario.com.br\\\/portal\\\/?p=49267#respond\"]}]},{\"@type\":\"WebPage\",\"@id\":\"https:\\\/\\\/jornalbeirario.com.br\\\/portal\\\/?p=49267\",\"url\":\"https:\\\/\\\/jornalbeirario.com.br\\\/portal\\\/?p=49267\",\"name\":\"Velho do Lago \u00e9 intimado a retirar estrutura de metal do Lago do Mirante - JORNAL BEIRA RIO\",\"isPartOf\":{\"@id\":\"https:\\\/\\\/jornalbeirario.com.br\\\/portal\\\/#website\"},\"primaryImageOfPage\":{\"@id\":\"https:\\\/\\\/jornalbeirario.com.br\\\/portal\\\/?p=49267#primaryimage\"},\"image\":{\"@id\":\"https:\\\/\\\/jornalbeirario.com.br\\\/portal\\\/?p=49267#primaryimage\"},\"thumbnailUrl\":\"https:\\\/\\\/jornalbeirario.com.br\\\/portal\\\/wp-content\\\/uploads\\\/2017\\\/04\\\/lagomirante4.jpg\",\"datePublished\":\"2017-04-20T11:00:21+00:00\",\"breadcrumb\":{\"@id\":\"https:\\\/\\\/jornalbeirario.com.br\\\/portal\\\/?p=49267#breadcrumb\"},\"inLanguage\":\"pt-BR\",\"potentialAction\":[{\"@type\":\"ReadAction\",\"target\":[\"https:\\\/\\\/jornalbeirario.com.br\\\/portal\\\/?p=49267\"]}]},{\"@type\":\"ImageObject\",\"inLanguage\":\"pt-BR\",\"@id\":\"https:\\\/\\\/jornalbeirario.com.br\\\/portal\\\/?p=49267#primaryimage\",\"url\":\"https:\\\/\\\/jornalbeirario.com.br\\\/portal\\\/wp-content\\\/uploads\\\/2017\\\/04\\\/lagomirante4.jpg\",\"contentUrl\":\"https:\\\/\\\/jornalbeirario.com.br\\\/portal\\\/wp-content\\\/uploads\\\/2017\\\/04\\\/lagomirante4.jpg\",\"width\":930,\"height\":350},{\"@type\":\"BreadcrumbList\",\"@id\":\"https:\\\/\\\/jornalbeirario.com.br\\\/portal\\\/?p=49267#breadcrumb\",\"itemListElement\":[{\"@type\":\"ListItem\",\"position\":1,\"name\":\"Home\",\"item\":\"https:\\\/\\\/jornalbeirario.com.br\\\/portal\"},{\"@type\":\"ListItem\",\"position\":2,\"name\":\"Velho do Lago \u00e9 intimado a retirar estrutura de metal do Lago do Mirante\"}]},{\"@type\":\"WebSite\",\"@id\":\"https:\\\/\\\/jornalbeirario.com.br\\\/portal\\\/#website\",\"url\":\"https:\\\/\\\/jornalbeirario.com.br\\\/portal\\\/\",\"name\":\"JORNAL BEIRA RIO\",\"description\":\"\",\"publisher\":{\"@id\":\"https:\\\/\\\/jornalbeirario.com.br\\\/portal\\\/#organization\"},\"potentialAction\":[{\"@type\":\"SearchAction\",\"target\":{\"@type\":\"EntryPoint\",\"urlTemplate\":\"https:\\\/\\\/jornalbeirario.com.br\\\/portal\\\/?s={search_term_string}\"},\"query-input\":{\"@type\":\"PropertyValueSpecification\",\"valueRequired\":true,\"valueName\":\"search_term_string\"}}],\"inLanguage\":\"pt-BR\"},{\"@type\":\"Organization\",\"@id\":\"https:\\\/\\\/jornalbeirario.com.br\\\/portal\\\/#organization\",\"name\":\"JORNAL BEIRA RIO\",\"url\":\"https:\\\/\\\/jornalbeirario.com.br\\\/portal\\\/\",\"logo\":{\"@type\":\"ImageObject\",\"inLanguage\":\"pt-BR\",\"@id\":\"https:\\\/\\\/jornalbeirario.com.br\\\/portal\\\/#\\\/schema\\\/logo\\\/image\\\/\",\"url\":\"https:\\\/\\\/jornalbeirario.com.br\\\/portal\\\/wp-content\\\/uploads\\\/2017\\\/09\\\/BEIRA-RIO_logo600.png\",\"contentUrl\":\"https:\\\/\\\/jornalbeirario.com.br\\\/portal\\\/wp-content\\\/uploads\\\/2017\\\/09\\\/BEIRA-RIO_logo600.png\",\"width\":650,\"height\":108,\"caption\":\"JORNAL BEIRA RIO\"},\"image\":{\"@id\":\"https:\\\/\\\/jornalbeirario.com.br\\\/portal\\\/#\\\/schema\\\/logo\\\/image\\\/\"}},{\"@type\":\"Person\",\"@id\":\"https:\\\/\\\/jornalbeirario.com.br\\\/portal\\\/#\\\/schema\\\/person\\\/c6c423e4c2465d2a9233f6539173e7c1\",\"name\":\"Jornal BEIRA-RIO\",\"image\":{\"@type\":\"ImageObject\",\"inLanguage\":\"pt-BR\",\"@id\":\"https:\\\/\\\/jornalbeirario.com.br\\\/portal\\\/wp-content\\\/uploads\\\/2023\\\/10\\\/logojbr1.jpg\",\"url\":\"https:\\\/\\\/jornalbeirario.com.br\\\/portal\\\/wp-content\\\/uploads\\\/2023\\\/10\\\/logojbr1.jpg\",\"contentUrl\":\"https:\\\/\\\/jornalbeirario.com.br\\\/portal\\\/wp-content\\\/uploads\\\/2023\\\/10\\\/logojbr1.jpg\",\"caption\":\"Jornal BEIRA-RIO\"},\"url\":\"https:\\\/\\\/jornalbeirario.com.br\\\/portal\\\/?author=1\"}]}<\/script>\n<!-- \/ Yoast SEO plugin. -->","yoast_head_json":{"title":"Velho do Lago \u00e9 intimado a retirar estrutura de metal do Lago do Mirante - JORNAL BEIRA RIO","robots":{"index":"index","follow":"follow","max-snippet":"max-snippet:-1","max-image-preview":"max-image-preview:large","max-video-preview":"max-video-preview:-1"},"canonical":"https:\/\/jornalbeirario.com.br\/portal\/?p=49267","og_locale":"pt_BR","og_type":"article","og_title":"Velho do Lago \u00e9 intimado a retirar estrutura de metal do Lago do Mirante - JORNAL BEIRA RIO","og_description":"No final da tarde de quarta-feira da semana passada, dia 12, o presidente da ONG Velho do Lago, Ant\u00f4nio Albino Filho, &#8211; conhecido pelo","og_url":"https:\/\/jornalbeirario.com.br\/portal\/?p=49267","og_site_name":"JORNAL BEIRA RIO","article_published_time":"2017-04-20T11:00:21+00:00","og_image":[{"width":930,"height":350,"url":"https:\/\/jornalbeirario.com.br\/portal\/wp-content\/uploads\/2017\/04\/lagomirante4.jpg","type":"image\/jpeg"}],"author":"Jornal BEIRA-RIO","twitter_card":"summary_large_image","twitter_misc":{"Escrito por":"Jornal BEIRA-RIO","Est. tempo de leitura":"3 minutos"},"schema":{"@context":"https:\/\/schema.org","@graph":[{"@type":"Article","@id":"https:\/\/jornalbeirario.com.br\/portal\/?p=49267#article","isPartOf":{"@id":"https:\/\/jornalbeirario.com.br\/portal\/?p=49267"},"author":{"name":"Jornal BEIRA-RIO","@id":"https:\/\/jornalbeirario.com.br\/portal\/#\/schema\/person\/c6c423e4c2465d2a9233f6539173e7c1"},"headline":"Velho do Lago \u00e9 intimado a retirar estrutura de metal do Lago do Mirante","datePublished":"2017-04-20T11:00:21+00:00","mainEntityOfPage":{"@id":"https:\/\/jornalbeirario.com.br\/portal\/?p=49267"},"wordCount":671,"commentCount":1,"publisher":{"@id":"https:\/\/jornalbeirario.com.br\/portal\/#organization"},"image":{"@id":"https:\/\/jornalbeirario.com.br\/portal\/?p=49267#primaryimage"},"thumbnailUrl":"https:\/\/jornalbeirario.com.br\/portal\/wp-content\/uploads\/2017\/04\/lagomirante4.jpg","keywords":["dehoraemhora","manchete"],"articleSection":["Cidade","Meio Ambiente"],"inLanguage":"pt-BR","potentialAction":[{"@type":"CommentAction","name":"Comment","target":["https:\/\/jornalbeirario.com.br\/portal\/?p=49267#respond"]}]},{"@type":"WebPage","@id":"https:\/\/jornalbeirario.com.br\/portal\/?p=49267","url":"https:\/\/jornalbeirario.com.br\/portal\/?p=49267","name":"Velho do Lago \u00e9 intimado a retirar estrutura de metal do Lago do Mirante - JORNAL BEIRA RIO","isPartOf":{"@id":"https:\/\/jornalbeirario.com.br\/portal\/#website"},"primaryImageOfPage":{"@id":"https:\/\/jornalbeirario.com.br\/portal\/?p=49267#primaryimage"},"image":{"@id":"https:\/\/jornalbeirario.com.br\/portal\/?p=49267#primaryimage"},"thumbnailUrl":"https:\/\/jornalbeirario.com.br\/portal\/wp-content\/uploads\/2017\/04\/lagomirante4.jpg","datePublished":"2017-04-20T11:00:21+00:00","breadcrumb":{"@id":"https:\/\/jornalbeirario.com.br\/portal\/?p=49267#breadcrumb"},"inLanguage":"pt-BR","potentialAction":[{"@type":"ReadAction","target":["https:\/\/jornalbeirario.com.br\/portal\/?p=49267"]}]},{"@type":"ImageObject","inLanguage":"pt-BR","@id":"https:\/\/jornalbeirario.com.br\/portal\/?p=49267#primaryimage","url":"https:\/\/jornalbeirario.com.br\/portal\/wp-content\/uploads\/2017\/04\/lagomirante4.jpg","contentUrl":"https:\/\/jornalbeirario.com.br\/portal\/wp-content\/uploads\/2017\/04\/lagomirante4.jpg","width":930,"height":350},{"@type":"BreadcrumbList","@id":"https:\/\/jornalbeirario.com.br\/portal\/?p=49267#breadcrumb","itemListElement":[{"@type":"ListItem","position":1,"name":"Home","item":"https:\/\/jornalbeirario.com.br\/portal"},{"@type":"ListItem","position":2,"name":"Velho do Lago \u00e9 intimado a retirar estrutura de metal do Lago do Mirante"}]},{"@type":"WebSite","@id":"https:\/\/jornalbeirario.com.br\/portal\/#website","url":"https:\/\/jornalbeirario.com.br\/portal\/","name":"JORNAL BEIRA RIO","description":"","publisher":{"@id":"https:\/\/jornalbeirario.com.br\/portal\/#organization"},"potentialAction":[{"@type":"SearchAction","target":{"@type":"EntryPoint","urlTemplate":"https:\/\/jornalbeirario.com.br\/portal\/?s={search_term_string}"},"query-input":{"@type":"PropertyValueSpecification","valueRequired":true,"valueName":"search_term_string"}}],"inLanguage":"pt-BR"},{"@type":"Organization","@id":"https:\/\/jornalbeirario.com.br\/portal\/#organization","name":"JORNAL BEIRA RIO","url":"https:\/\/jornalbeirario.com.br\/portal\/","logo":{"@type":"ImageObject","inLanguage":"pt-BR","@id":"https:\/\/jornalbeirario.com.br\/portal\/#\/schema\/logo\/image\/","url":"https:\/\/jornalbeirario.com.br\/portal\/wp-content\/uploads\/2017\/09\/BEIRA-RIO_logo600.png","contentUrl":"https:\/\/jornalbeirario.com.br\/portal\/wp-content\/uploads\/2017\/09\/BEIRA-RIO_logo600.png","width":650,"height":108,"caption":"JORNAL BEIRA RIO"},"image":{"@id":"https:\/\/jornalbeirario.com.br\/portal\/#\/schema\/logo\/image\/"}},{"@type":"Person","@id":"https:\/\/jornalbeirario.com.br\/portal\/#\/schema\/person\/c6c423e4c2465d2a9233f6539173e7c1","name":"Jornal BEIRA-RIO","image":{"@type":"ImageObject","inLanguage":"pt-BR","@id":"https:\/\/jornalbeirario.com.br\/portal\/wp-content\/uploads\/2023\/10\/logojbr1.jpg","url":"https:\/\/jornalbeirario.com.br\/portal\/wp-content\/uploads\/2023\/10\/logojbr1.jpg","contentUrl":"https:\/\/jornalbeirario.com.br\/portal\/wp-content\/uploads\/2023\/10\/logojbr1.jpg","caption":"Jornal BEIRA-RIO"},"url":"https:\/\/jornalbeirario.com.br\/portal\/?author=1"}]}},"_links":{"self":[{"href":"https:\/\/jornalbeirario.com.br\/portal\/index.php?rest_route=\/wp\/v2\/posts\/49267","targetHints":{"allow":["GET"]}}],"collection":[{"href":"https:\/\/jornalbeirario.com.br\/portal\/index.php?rest_route=\/wp\/v2\/posts"}],"about":[{"href":"https:\/\/jornalbeirario.com.br\/portal\/index.php?rest_route=\/wp\/v2\/types\/post"}],"author":[{"embeddable":true,"href":"https:\/\/jornalbeirario.com.br\/portal\/index.php?rest_route=\/wp\/v2\/users\/1"}],"replies":[{"embeddable":true,"href":"https:\/\/jornalbeirario.com.br\/portal\/index.php?rest_route=%2Fwp%2Fv2%2Fcomments&post=49267"}],"version-history":[{"count":9,"href":"https:\/\/jornalbeirario.com.br\/portal\/index.php?rest_route=\/wp\/v2\/posts\/49267\/revisions"}],"predecessor-version":[{"id":49297,"href":"https:\/\/jornalbeirario.com.br\/portal\/index.php?rest_route=\/wp\/v2\/posts\/49267\/revisions\/49297"}],"wp:featuredmedia":[{"embeddable":true,"href":"https:\/\/jornalbeirario.com.br\/portal\/index.php?rest_route=\/wp\/v2\/media\/49270"}],"wp:attachment":[{"href":"https:\/\/jornalbeirario.com.br\/portal\/index.php?rest_route=%2Fwp%2Fv2%2Fmedia&parent=49267"}],"wp:term":[{"taxonomy":"category","embeddable":true,"href":"https:\/\/jornalbeirario.com.br\/portal\/index.php?rest_route=%2Fwp%2Fv2%2Fcategories&post=49267"},{"taxonomy":"post_tag","embeddable":true,"href":"https:\/\/jornalbeirario.com.br\/portal\/index.php?rest_route=%2Fwp%2Fv2%2Ftags&post=49267"}],"curies":[{"name":"wp","href":"https:\/\/api.w.org\/{rel}","templated":true}]}}