
{"id":48489,"date":"2017-03-22T20:56:27","date_gmt":"2017-03-22T23:56:27","guid":{"rendered":"http:\/\/jornalbeirario.com.br\/portal\/?p=48489"},"modified":"2017-03-23T07:31:19","modified_gmt":"2017-03-23T10:31:19","slug":"ong-convoca-mutirao-para-limpeza-em-lago-da-morada-do-bosque","status":"publish","type":"post","link":"https:\/\/jornalbeirario.com.br\/portal\/?p=48489","title":{"rendered":"ONG convoca mutir\u00e3o para limpeza em lago da Morada do Bosque"},"content":{"rendered":"<figure id=\"attachment_48495\" aria-describedby=\"caption-attachment-48495\" style=\"width: 300px\" class=\"wp-caption alignright\"><a href=\"http:\/\/jornalbeirario.com.br\/wp-content\/uploads\/2017\/03\/lagobosque2.jpg\"><img loading=\"lazy\" decoding=\"async\" class=\"size-medium wp-image-48495\" src=\"http:\/\/jornalbeirario.com.br\/wp-content\/uploads\/2017\/03\/lagobosque2-300x225.jpg\" alt=\"Apesar de n\u00e3o receber o esgoto das resid\u00eancias pr\u00f3ximas, lago se encontra sujo e abandonado\" width=\"300\" height=\"225\" srcset=\"https:\/\/jornalbeirario.com.br\/portal\/wp-content\/uploads\/2017\/03\/lagobosque2-300x225.jpg 300w, https:\/\/jornalbeirario.com.br\/portal\/wp-content\/uploads\/2017\/03\/lagobosque2.jpg 640w\" sizes=\"auto, (max-width: 300px) 100vw, 300px\" \/><\/a><figcaption id=\"caption-attachment-48495\" class=\"wp-caption-text\">Apesar de n\u00e3o receber o esgoto das resid\u00eancias pr\u00f3ximas, lago se encontra sujo e abandonado<\/figcaption><\/figure>\n<p style=\"text-align: justify;\">Nesta quarta-feira, dia 22, \u00e9 o Dia Mundial da \u00c1gua. E aproveitando a data, a ONG Velho do Lago, criada no in\u00edcio deste ano, come\u00e7ou nesta quarta uma a\u00e7\u00e3o de mutir\u00e3o de limpeza do entorno do lago do bairro Morada do Bosque. A localidade \u00e9 vizinha ao Mirante das Agulhas, que ficou conhecido nos \u00faltimos 17 anos pela luta do morador aposentado Ant\u00f4nio Albino Filho, o Velho do Lago, para salvar o lago existente no bairro.<\/p>\n<p style=\"text-align: justify;\">&#8211; Nosso objetivo \u00e9 chamar a aten\u00e7\u00e3o dos moradores e autoridades para a necessidade da preserva\u00e7\u00e3o do lago na Morada do Bosque, que se encontra em uma situa\u00e7\u00e3o ainda pior que o do existente no Mirante. E a inten\u00e7\u00e3o nossa \u00e9 tamb\u00e9m transformar essas \u00e1reas ao redor em \u00e1reas de lazer e ao mesmo tempo em um ambiente para se trabalhar a educa\u00e7\u00e3o ambiental nas crian\u00e7as &#8211; explica o Velho do Lago, que tamb\u00e9m preside a ONG.<\/p>\n<p style=\"text-align: justify;\">Ele &#8211; acompanhado da mulher, a dona de casa Ana Malaquias de Carvalho Albino; o vice-presidente Theobaldo Hon\u00f3rio de Paula; o primeiro secret\u00e1rio Nahilson Pereira; e os volunt\u00e1rios Roberto Carlos Salgueiro Dias e sua mulher Regina Amaro Salgueiro Dias &#8211; formaram o pequeno grupo que iniciou os trabalhos de limpeza na Morada do Bosque, no final da tarde desta quarta-feira.<\/p>\n<p style=\"text-align: justify;\">&#8211; A gente sempre vinha pescar, fazer piquenique e at\u00e9 tomar banho &#8211; relembra Regina, que \u00e9 professora e acompanha os trabalhos da ONG mesmo antes dela virar uma organiza\u00e7\u00e3o n\u00e3o governamental.<\/p>\n<p style=\"text-align: justify;\">O primeiro secret\u00e1rio ressalta que a data foi escolhida com o intuito de preservar um dos recursos h\u00eddricos existentes em Resende. Segundo ele, o lago da Morada do Bosque se estende por mais dois bairros, o Mirante (dando origem ao lago da localidade) e o do bairro Morada da Colina. &#8220;Ele \u00e9 um reservat\u00f3rio que abastece o lago do Mirante, tanto que a nascente fica aqui na regi\u00e3o&#8221;.<\/p>\n<figure id=\"attachment_48498\" aria-describedby=\"caption-attachment-48498\" style=\"width: 300px\" class=\"wp-caption alignleft\"><a href=\"http:\/\/jornalbeirario.com.br\/wp-content\/uploads\/2017\/03\/lagobosque3.jpg\"><img loading=\"lazy\" decoding=\"async\" class=\"size-medium wp-image-48498\" src=\"http:\/\/jornalbeirario.com.br\/wp-content\/uploads\/2017\/03\/lagobosque3-300x225.jpg\" alt=\"Evento reuniu um pequeno grupo, mas expectativa \u00e9 de um n\u00famero maior de volunt\u00e1rios no domingo\" width=\"300\" height=\"225\" srcset=\"https:\/\/jornalbeirario.com.br\/portal\/wp-content\/uploads\/2017\/03\/lagobosque3-300x225.jpg 300w, https:\/\/jornalbeirario.com.br\/portal\/wp-content\/uploads\/2017\/03\/lagobosque3.jpg 640w\" sizes=\"auto, (max-width: 300px) 100vw, 300px\" \/><\/a><figcaption id=\"caption-attachment-48498\" class=\"wp-caption-text\">Evento reuniu um pequeno grupo, mas expectativa \u00e9 de um n\u00famero maior de volunt\u00e1rios no domingo<\/figcaption><\/figure>\n<p style=\"text-align: justify;\">O grupo fez uma limpeza inicial na \u00e1rea do entorno do lago, com a retirada de parte do mato. E pretendem retomar as tarefas no pr\u00f3ximo domingo, dia 26, com um n\u00famero ainda maior de volunt\u00e1rios e outras pessoas interessadas em ajudar. &#8220;Nossa fun\u00e7\u00e3o \u00e9 ajudar na fiscaliza\u00e7\u00e3o dos trabalhos dos governos em rela\u00e7\u00e3o \u00e0 preserva\u00e7\u00e3o dos lagos, mas o que estamos fazendo hoje \u00e9 algo que serve para alertar as autoridades para a import\u00e2ncia de se manter limpa uma lagoa abandonada h\u00e1 anos e condenada a desaparecer&#8221;, diz Nahilson.<\/p>\n<p style=\"text-align: justify;\">Ainda que n\u00e3o possa participar no pr\u00f3ximo domingo das atividades por ter compromissos de trabalho, o professor e guia de turismo Rodrigo Macedo, que mora no local, aprova a ideia da ONG. &#8220;Acho importante essa iniciativa. Aqui tem ficado muito abandonado e desvalorizado, e pra piorar o pessoal joga lixo. Essa \u00e1rea deveria ser revitalizada&#8221;, conclui.<\/p>\n<p style=\"text-align: justify;\">Os interessados em participarem poder\u00e3o comparecer a partir das 9 horas de domingo, dia 26, pr\u00f3ximo ao lago da Morada do Bosque, em Resende. \u00a0A concentra\u00e7\u00e3o acontece na Rua Doutor Manoel Ferraz, 340, no Mirante das Agulhas.<\/p>\n","protected":false},"excerpt":{"rendered":"<p>Nesta quarta-feira, dia 22, \u00e9 o Dia Mundial da \u00c1gua. E aproveitando a data, a ONG Velho do Lago, criada no in\u00edcio deste ano,<\/p>\n","protected":false},"author":1,"featured_media":48493,"comment_status":"open","ping_status":"open","sticky":false,"template":"","format":"standard","meta":{"pmpro_default_level":"","footnotes":""},"categories":[27],"tags":[155,153],"class_list":["post-48489","post","type-post","status-publish","format-standard","has-post-thumbnail","hentry","category-meioambiente","tag-dehoraemhora","tag-manchete","pmpro-has-access"],"yoast_head":"<!-- This site is optimized with the Yoast SEO plugin v27.4 - https:\/\/yoast.com\/product\/yoast-seo-wordpress\/ -->\n<title>ONG convoca mutir\u00e3o para limpeza em lago da Morada do Bosque - JORNAL BEIRA RIO<\/title>\n<meta name=\"robots\" content=\"index, follow, max-snippet:-1, max-image-preview:large, max-video-preview:-1\" \/>\n<link rel=\"canonical\" href=\"https:\/\/jornalbeirario.com.br\/portal\/?p=48489\" \/>\n<meta property=\"og:locale\" content=\"pt_BR\" \/>\n<meta property=\"og:type\" content=\"article\" \/>\n<meta property=\"og:title\" content=\"ONG convoca mutir\u00e3o para limpeza em lago da Morada do Bosque - JORNAL BEIRA RIO\" \/>\n<meta property=\"og:description\" content=\"Nesta quarta-feira, dia 22, \u00e9 o Dia Mundial da \u00c1gua. E aproveitando a data, a ONG Velho do Lago, criada no in\u00edcio deste ano,\" \/>\n<meta property=\"og:url\" content=\"https:\/\/jornalbeirario.com.br\/portal\/?p=48489\" \/>\n<meta property=\"og:site_name\" content=\"JORNAL BEIRA RIO\" \/>\n<meta property=\"article:published_time\" content=\"2017-03-22T23:56:27+00:00\" \/>\n<meta property=\"article:modified_time\" content=\"2017-03-23T10:31:19+00:00\" \/>\n<meta property=\"og:image\" content=\"https:\/\/jornalbeirario.com.br\/portal\/wp-content\/uploads\/2017\/03\/lagobosque1.jpg\" \/>\n\t<meta property=\"og:image:width\" content=\"930\" \/>\n\t<meta property=\"og:image:height\" content=\"350\" \/>\n\t<meta property=\"og:image:type\" content=\"image\/jpeg\" \/>\n<meta name=\"author\" content=\"Jornal BEIRA-RIO\" \/>\n<meta name=\"twitter:card\" content=\"summary_large_image\" \/>\n<meta name=\"twitter:label1\" content=\"Escrito por\" \/>\n\t<meta name=\"twitter:data1\" content=\"Jornal BEIRA-RIO\" \/>\n\t<meta name=\"twitter:label2\" content=\"Est. tempo de leitura\" \/>\n\t<meta name=\"twitter:data2\" content=\"3 minutos\" \/>\n<script type=\"application\/ld+json\" class=\"yoast-schema-graph\">{\"@context\":\"https:\\\/\\\/schema.org\",\"@graph\":[{\"@type\":\"Article\",\"@id\":\"https:\\\/\\\/jornalbeirario.com.br\\\/portal\\\/?p=48489#article\",\"isPartOf\":{\"@id\":\"https:\\\/\\\/jornalbeirario.com.br\\\/portal\\\/?p=48489\"},\"author\":{\"name\":\"Jornal BEIRA-RIO\",\"@id\":\"https:\\\/\\\/jornalbeirario.com.br\\\/portal\\\/#\\\/schema\\\/person\\\/c6c423e4c2465d2a9233f6539173e7c1\"},\"headline\":\"ONG convoca mutir\u00e3o para limpeza em lago da Morada do Bosque\",\"datePublished\":\"2017-03-22T23:56:27+00:00\",\"dateModified\":\"2017-03-23T10:31:19+00:00\",\"mainEntityOfPage\":{\"@id\":\"https:\\\/\\\/jornalbeirario.com.br\\\/portal\\\/?p=48489\"},\"wordCount\":577,\"commentCount\":0,\"publisher\":{\"@id\":\"https:\\\/\\\/jornalbeirario.com.br\\\/portal\\\/#organization\"},\"image\":{\"@id\":\"https:\\\/\\\/jornalbeirario.com.br\\\/portal\\\/?p=48489#primaryimage\"},\"thumbnailUrl\":\"https:\\\/\\\/jornalbeirario.com.br\\\/portal\\\/wp-content\\\/uploads\\\/2017\\\/03\\\/lagobosque1.jpg\",\"keywords\":[\"dehoraemhora\",\"manchete\"],\"articleSection\":[\"Meio Ambiente\"],\"inLanguage\":\"pt-BR\",\"potentialAction\":[{\"@type\":\"CommentAction\",\"name\":\"Comment\",\"target\":[\"https:\\\/\\\/jornalbeirario.com.br\\\/portal\\\/?p=48489#respond\"]}]},{\"@type\":\"WebPage\",\"@id\":\"https:\\\/\\\/jornalbeirario.com.br\\\/portal\\\/?p=48489\",\"url\":\"https:\\\/\\\/jornalbeirario.com.br\\\/portal\\\/?p=48489\",\"name\":\"ONG convoca mutir\u00e3o para limpeza em lago da Morada do Bosque - JORNAL BEIRA RIO\",\"isPartOf\":{\"@id\":\"https:\\\/\\\/jornalbeirario.com.br\\\/portal\\\/#website\"},\"primaryImageOfPage\":{\"@id\":\"https:\\\/\\\/jornalbeirario.com.br\\\/portal\\\/?p=48489#primaryimage\"},\"image\":{\"@id\":\"https:\\\/\\\/jornalbeirario.com.br\\\/portal\\\/?p=48489#primaryimage\"},\"thumbnailUrl\":\"https:\\\/\\\/jornalbeirario.com.br\\\/portal\\\/wp-content\\\/uploads\\\/2017\\\/03\\\/lagobosque1.jpg\",\"datePublished\":\"2017-03-22T23:56:27+00:00\",\"dateModified\":\"2017-03-23T10:31:19+00:00\",\"breadcrumb\":{\"@id\":\"https:\\\/\\\/jornalbeirario.com.br\\\/portal\\\/?p=48489#breadcrumb\"},\"inLanguage\":\"pt-BR\",\"potentialAction\":[{\"@type\":\"ReadAction\",\"target\":[\"https:\\\/\\\/jornalbeirario.com.br\\\/portal\\\/?p=48489\"]}]},{\"@type\":\"ImageObject\",\"inLanguage\":\"pt-BR\",\"@id\":\"https:\\\/\\\/jornalbeirario.com.br\\\/portal\\\/?p=48489#primaryimage\",\"url\":\"https:\\\/\\\/jornalbeirario.com.br\\\/portal\\\/wp-content\\\/uploads\\\/2017\\\/03\\\/lagobosque1.jpg\",\"contentUrl\":\"https:\\\/\\\/jornalbeirario.com.br\\\/portal\\\/wp-content\\\/uploads\\\/2017\\\/03\\\/lagobosque1.jpg\",\"width\":930,\"height\":350},{\"@type\":\"BreadcrumbList\",\"@id\":\"https:\\\/\\\/jornalbeirario.com.br\\\/portal\\\/?p=48489#breadcrumb\",\"itemListElement\":[{\"@type\":\"ListItem\",\"position\":1,\"name\":\"Home\",\"item\":\"https:\\\/\\\/jornalbeirario.com.br\\\/portal\"},{\"@type\":\"ListItem\",\"position\":2,\"name\":\"ONG convoca mutir\u00e3o para limpeza em lago da Morada do Bosque\"}]},{\"@type\":\"WebSite\",\"@id\":\"https:\\\/\\\/jornalbeirario.com.br\\\/portal\\\/#website\",\"url\":\"https:\\\/\\\/jornalbeirario.com.br\\\/portal\\\/\",\"name\":\"JORNAL BEIRA RIO\",\"description\":\"\",\"publisher\":{\"@id\":\"https:\\\/\\\/jornalbeirario.com.br\\\/portal\\\/#organization\"},\"potentialAction\":[{\"@type\":\"SearchAction\",\"target\":{\"@type\":\"EntryPoint\",\"urlTemplate\":\"https:\\\/\\\/jornalbeirario.com.br\\\/portal\\\/?s={search_term_string}\"},\"query-input\":{\"@type\":\"PropertyValueSpecification\",\"valueRequired\":true,\"valueName\":\"search_term_string\"}}],\"inLanguage\":\"pt-BR\"},{\"@type\":\"Organization\",\"@id\":\"https:\\\/\\\/jornalbeirario.com.br\\\/portal\\\/#organization\",\"name\":\"JORNAL BEIRA RIO\",\"url\":\"https:\\\/\\\/jornalbeirario.com.br\\\/portal\\\/\",\"logo\":{\"@type\":\"ImageObject\",\"inLanguage\":\"pt-BR\",\"@id\":\"https:\\\/\\\/jornalbeirario.com.br\\\/portal\\\/#\\\/schema\\\/logo\\\/image\\\/\",\"url\":\"https:\\\/\\\/jornalbeirario.com.br\\\/portal\\\/wp-content\\\/uploads\\\/2017\\\/09\\\/BEIRA-RIO_logo600.png\",\"contentUrl\":\"https:\\\/\\\/jornalbeirario.com.br\\\/portal\\\/wp-content\\\/uploads\\\/2017\\\/09\\\/BEIRA-RIO_logo600.png\",\"width\":650,\"height\":108,\"caption\":\"JORNAL BEIRA RIO\"},\"image\":{\"@id\":\"https:\\\/\\\/jornalbeirario.com.br\\\/portal\\\/#\\\/schema\\\/logo\\\/image\\\/\"}},{\"@type\":\"Person\",\"@id\":\"https:\\\/\\\/jornalbeirario.com.br\\\/portal\\\/#\\\/schema\\\/person\\\/c6c423e4c2465d2a9233f6539173e7c1\",\"name\":\"Jornal BEIRA-RIO\",\"image\":{\"@type\":\"ImageObject\",\"inLanguage\":\"pt-BR\",\"@id\":\"https:\\\/\\\/jornalbeirario.com.br\\\/portal\\\/wp-content\\\/uploads\\\/2023\\\/10\\\/logojbr1.jpg\",\"url\":\"https:\\\/\\\/jornalbeirario.com.br\\\/portal\\\/wp-content\\\/uploads\\\/2023\\\/10\\\/logojbr1.jpg\",\"contentUrl\":\"https:\\\/\\\/jornalbeirario.com.br\\\/portal\\\/wp-content\\\/uploads\\\/2023\\\/10\\\/logojbr1.jpg\",\"caption\":\"Jornal BEIRA-RIO\"},\"url\":\"https:\\\/\\\/jornalbeirario.com.br\\\/portal\\\/?author=1\"}]}<\/script>\n<!-- \/ Yoast SEO plugin. -->","yoast_head_json":{"title":"ONG convoca mutir\u00e3o para limpeza em lago da Morada do Bosque - JORNAL BEIRA RIO","robots":{"index":"index","follow":"follow","max-snippet":"max-snippet:-1","max-image-preview":"max-image-preview:large","max-video-preview":"max-video-preview:-1"},"canonical":"https:\/\/jornalbeirario.com.br\/portal\/?p=48489","og_locale":"pt_BR","og_type":"article","og_title":"ONG convoca mutir\u00e3o para limpeza em lago da Morada do Bosque - JORNAL BEIRA RIO","og_description":"Nesta quarta-feira, dia 22, \u00e9 o Dia Mundial da \u00c1gua. E aproveitando a data, a ONG Velho do Lago, criada no in\u00edcio deste ano,","og_url":"https:\/\/jornalbeirario.com.br\/portal\/?p=48489","og_site_name":"JORNAL BEIRA RIO","article_published_time":"2017-03-22T23:56:27+00:00","article_modified_time":"2017-03-23T10:31:19+00:00","og_image":[{"width":930,"height":350,"url":"https:\/\/jornalbeirario.com.br\/portal\/wp-content\/uploads\/2017\/03\/lagobosque1.jpg","type":"image\/jpeg"}],"author":"Jornal BEIRA-RIO","twitter_card":"summary_large_image","twitter_misc":{"Escrito por":"Jornal BEIRA-RIO","Est. tempo de leitura":"3 minutos"},"schema":{"@context":"https:\/\/schema.org","@graph":[{"@type":"Article","@id":"https:\/\/jornalbeirario.com.br\/portal\/?p=48489#article","isPartOf":{"@id":"https:\/\/jornalbeirario.com.br\/portal\/?p=48489"},"author":{"name":"Jornal BEIRA-RIO","@id":"https:\/\/jornalbeirario.com.br\/portal\/#\/schema\/person\/c6c423e4c2465d2a9233f6539173e7c1"},"headline":"ONG convoca mutir\u00e3o para limpeza em lago da Morada do Bosque","datePublished":"2017-03-22T23:56:27+00:00","dateModified":"2017-03-23T10:31:19+00:00","mainEntityOfPage":{"@id":"https:\/\/jornalbeirario.com.br\/portal\/?p=48489"},"wordCount":577,"commentCount":0,"publisher":{"@id":"https:\/\/jornalbeirario.com.br\/portal\/#organization"},"image":{"@id":"https:\/\/jornalbeirario.com.br\/portal\/?p=48489#primaryimage"},"thumbnailUrl":"https:\/\/jornalbeirario.com.br\/portal\/wp-content\/uploads\/2017\/03\/lagobosque1.jpg","keywords":["dehoraemhora","manchete"],"articleSection":["Meio Ambiente"],"inLanguage":"pt-BR","potentialAction":[{"@type":"CommentAction","name":"Comment","target":["https:\/\/jornalbeirario.com.br\/portal\/?p=48489#respond"]}]},{"@type":"WebPage","@id":"https:\/\/jornalbeirario.com.br\/portal\/?p=48489","url":"https:\/\/jornalbeirario.com.br\/portal\/?p=48489","name":"ONG convoca mutir\u00e3o para limpeza em lago da Morada do Bosque - JORNAL BEIRA RIO","isPartOf":{"@id":"https:\/\/jornalbeirario.com.br\/portal\/#website"},"primaryImageOfPage":{"@id":"https:\/\/jornalbeirario.com.br\/portal\/?p=48489#primaryimage"},"image":{"@id":"https:\/\/jornalbeirario.com.br\/portal\/?p=48489#primaryimage"},"thumbnailUrl":"https:\/\/jornalbeirario.com.br\/portal\/wp-content\/uploads\/2017\/03\/lagobosque1.jpg","datePublished":"2017-03-22T23:56:27+00:00","dateModified":"2017-03-23T10:31:19+00:00","breadcrumb":{"@id":"https:\/\/jornalbeirario.com.br\/portal\/?p=48489#breadcrumb"},"inLanguage":"pt-BR","potentialAction":[{"@type":"ReadAction","target":["https:\/\/jornalbeirario.com.br\/portal\/?p=48489"]}]},{"@type":"ImageObject","inLanguage":"pt-BR","@id":"https:\/\/jornalbeirario.com.br\/portal\/?p=48489#primaryimage","url":"https:\/\/jornalbeirario.com.br\/portal\/wp-content\/uploads\/2017\/03\/lagobosque1.jpg","contentUrl":"https:\/\/jornalbeirario.com.br\/portal\/wp-content\/uploads\/2017\/03\/lagobosque1.jpg","width":930,"height":350},{"@type":"BreadcrumbList","@id":"https:\/\/jornalbeirario.com.br\/portal\/?p=48489#breadcrumb","itemListElement":[{"@type":"ListItem","position":1,"name":"Home","item":"https:\/\/jornalbeirario.com.br\/portal"},{"@type":"ListItem","position":2,"name":"ONG convoca mutir\u00e3o para limpeza em lago da Morada do Bosque"}]},{"@type":"WebSite","@id":"https:\/\/jornalbeirario.com.br\/portal\/#website","url":"https:\/\/jornalbeirario.com.br\/portal\/","name":"JORNAL BEIRA RIO","description":"","publisher":{"@id":"https:\/\/jornalbeirario.com.br\/portal\/#organization"},"potentialAction":[{"@type":"SearchAction","target":{"@type":"EntryPoint","urlTemplate":"https:\/\/jornalbeirario.com.br\/portal\/?s={search_term_string}"},"query-input":{"@type":"PropertyValueSpecification","valueRequired":true,"valueName":"search_term_string"}}],"inLanguage":"pt-BR"},{"@type":"Organization","@id":"https:\/\/jornalbeirario.com.br\/portal\/#organization","name":"JORNAL BEIRA RIO","url":"https:\/\/jornalbeirario.com.br\/portal\/","logo":{"@type":"ImageObject","inLanguage":"pt-BR","@id":"https:\/\/jornalbeirario.com.br\/portal\/#\/schema\/logo\/image\/","url":"https:\/\/jornalbeirario.com.br\/portal\/wp-content\/uploads\/2017\/09\/BEIRA-RIO_logo600.png","contentUrl":"https:\/\/jornalbeirario.com.br\/portal\/wp-content\/uploads\/2017\/09\/BEIRA-RIO_logo600.png","width":650,"height":108,"caption":"JORNAL BEIRA RIO"},"image":{"@id":"https:\/\/jornalbeirario.com.br\/portal\/#\/schema\/logo\/image\/"}},{"@type":"Person","@id":"https:\/\/jornalbeirario.com.br\/portal\/#\/schema\/person\/c6c423e4c2465d2a9233f6539173e7c1","name":"Jornal BEIRA-RIO","image":{"@type":"ImageObject","inLanguage":"pt-BR","@id":"https:\/\/jornalbeirario.com.br\/portal\/wp-content\/uploads\/2023\/10\/logojbr1.jpg","url":"https:\/\/jornalbeirario.com.br\/portal\/wp-content\/uploads\/2023\/10\/logojbr1.jpg","contentUrl":"https:\/\/jornalbeirario.com.br\/portal\/wp-content\/uploads\/2023\/10\/logojbr1.jpg","caption":"Jornal BEIRA-RIO"},"url":"https:\/\/jornalbeirario.com.br\/portal\/?author=1"}]}},"_links":{"self":[{"href":"https:\/\/jornalbeirario.com.br\/portal\/index.php?rest_route=\/wp\/v2\/posts\/48489","targetHints":{"allow":["GET"]}}],"collection":[{"href":"https:\/\/jornalbeirario.com.br\/portal\/index.php?rest_route=\/wp\/v2\/posts"}],"about":[{"href":"https:\/\/jornalbeirario.com.br\/portal\/index.php?rest_route=\/wp\/v2\/types\/post"}],"author":[{"embeddable":true,"href":"https:\/\/jornalbeirario.com.br\/portal\/index.php?rest_route=\/wp\/v2\/users\/1"}],"replies":[{"embeddable":true,"href":"https:\/\/jornalbeirario.com.br\/portal\/index.php?rest_route=%2Fwp%2Fv2%2Fcomments&post=48489"}],"version-history":[{"count":8,"href":"https:\/\/jornalbeirario.com.br\/portal\/index.php?rest_route=\/wp\/v2\/posts\/48489\/revisions"}],"predecessor-version":[{"id":48501,"href":"https:\/\/jornalbeirario.com.br\/portal\/index.php?rest_route=\/wp\/v2\/posts\/48489\/revisions\/48501"}],"wp:featuredmedia":[{"embeddable":true,"href":"https:\/\/jornalbeirario.com.br\/portal\/index.php?rest_route=\/wp\/v2\/media\/48493"}],"wp:attachment":[{"href":"https:\/\/jornalbeirario.com.br\/portal\/index.php?rest_route=%2Fwp%2Fv2%2Fmedia&parent=48489"}],"wp:term":[{"taxonomy":"category","embeddable":true,"href":"https:\/\/jornalbeirario.com.br\/portal\/index.php?rest_route=%2Fwp%2Fv2%2Fcategories&post=48489"},{"taxonomy":"post_tag","embeddable":true,"href":"https:\/\/jornalbeirario.com.br\/portal\/index.php?rest_route=%2Fwp%2Fv2%2Ftags&post=48489"}],"curies":[{"name":"wp","href":"https:\/\/api.w.org\/{rel}","templated":true}]}}