
{"id":48370,"date":"2017-03-17T16:04:24","date_gmt":"2017-03-17T19:04:24","guid":{"rendered":"http:\/\/jornalbeirario.com.br\/portal\/?p=48370"},"modified":"2017-03-17T17:17:47","modified_gmt":"2017-03-17T20:17:47","slug":"pf-deflagra-operacao-carne-fraca","status":"publish","type":"post","link":"https:\/\/jornalbeirario.com.br\/portal\/?p=48370","title":{"rendered":"PF deflagra Opera\u00e7\u00e3o Carne Fraca"},"content":{"rendered":"<p style=\"text-align: justify;\">\n<p style=\"text-align: justify;\">Ao longo das investiga\u00e7\u00f5es que culminaram na Opera\u00e7\u00e3o Carne Fraca, deflagrada nesta sexta-feira, dia 17, a Pol\u00edcia Federal (PF) descobriu que os frigor\u00edficos envolvidos no esquema criminoso &#8220;maquiavam&#8221; carnes vencidas com \u00e1cido asc\u00f3rbico e as reembalavam para conseguir vend\u00ea-las. As empresas, ent\u00e3o, subornavam fiscais do Minist\u00e9rio da Agricultura, Pecu\u00e1ria e Abastecimento para que autorizassem a comercializa\u00e7\u00e3o do produto sem a devida fiscaliza\u00e7\u00e3o. A carne impr\u00f3pria para consumo era destinada tanto ao mercado interno quanto \u00e0 exporta\u00e7\u00e3o.<\/p>\n<p style=\"text-align: justify;\">&#8211; Tudo isso nos mostra que o que interessa a esses grupos corporativos na \u00e1rea aliment\u00edcia \u00e9, realmente, um mercado independente da sa\u00fade p\u00fablica, independente da coletividade, da quantidade de doen\u00e7as e da quantidade de situa\u00e7\u00f5es prejudiciais que isso [a pr\u00e1tica criminosa] causa &#8211; afirmou o delegado federal Maur\u00edcio Moscardi Grillo, em entrevista coletiva no fim da manh\u00e3, na sede da PF em Curitiba. Tamb\u00e9m participaram da coletiva o superintendente da corpora\u00e7\u00e3o, Rosalvo Ferreira Franco, o delegado Igor Rom\u00e1rio de Paula e o auditor da Receita Federal Roberto Leonel de Oliveira Lima.<\/p>\n<p style=\"text-align: justify;\">Algumas das maiores empresas do ramo aliment\u00edcio do pa\u00eds est\u00e3o na mira da opera\u00e7\u00e3o, entre as quais a JBS, dona de marcas como Big Frango e Seara, e a BRF, detentora das marcas Sadia e Perdig\u00e3o. A Justi\u00e7a Federal no Paran\u00e1 (JFPR) determinou o bloqueio de R$ 1 bilh\u00e3o das empresas investigadas, que tamb\u00e9m s\u00e3o alvo de parte dos mandados de pris\u00e3o preventiva, condu\u00e7\u00e3o coercitiva e busca e apreens\u00e3o expedidos pela 14\u00aa Vara Federal de Curitiba.<\/p>\n<p style=\"text-align: justify;\">Moscardi disse ainda que parte do dinheiro pago aos agentes p\u00fablicos abastecia o PMDB e o PP. A Pol\u00edcia Federal n\u00e3o identificou, no entanto, os pol\u00edticos beneficiados pelo esquema, nem a liga\u00e7\u00e3o entre os funcion\u00e1rios do Minist\u00e9rio da Agricultura e esses partidos. \u201cN\u00e3o foi aprofundado porque o nosso foco era a sa\u00fade p\u00fablica, a corrup\u00e7\u00e3o e a lavagem de dinheiro\u201d, explicou o delegado.<\/p>\n<p style=\"text-align: justify;\">A PF tamb\u00e9m informou ter interceptado um telefonema entre o ministro da Justi\u00e7a, Osmar Serraglio, e o ex-superintendente do Minist\u00e9rio da Agricultura no Paran\u00e1 Daniel Gon\u00e7alves Filho \u2013 um dos investigados pela corpora\u00e7\u00e3o. A Pol\u00edcia Federal informou que n\u00e3o identificou, no entanto, a\u00e7\u00e3o criminosa por parte de Serraglio, que \u00e0 \u00e9poca do telefonema era deputado federal. \u201cPor cautela, no entanto, foi necess\u00e1rio fazer esse informe aqui para n\u00e3o sermos questionados\u201d, disse Moscardi.<\/p>\n<p style=\"text-align: justify;\">INVESTIGA\u00c7\u00c3O<br \/>\nA Opera\u00e7\u00e3o Carne Fraca \u00e9 resultado de dois anos de investiga\u00e7\u00f5es e foi divulgada pela PF como a maior realizada na hist\u00f3ria da corpora\u00e7\u00e3o. Mais de 1,1 mil policiais federais cumprem 309 mandados em sete unidades federativas: S\u00e3o Paulo, Distrito Federal, Paran\u00e1, Santa Catarina, Rio Grande do Sul, Minas Gerais e Goi\u00e1s. Al\u00e9m das empresas que participavam do esquema, a opera\u00e7\u00e3o tem como alvo os fiscais do Minist\u00e9rio da Agricultura que se beneficiaram do recebimento de propina e de vantagens pessoais para liberar a venda da carne impr\u00f3pria para consumo.<\/p>\n<p style=\"text-align: justify;\">Al\u00e9m do repasse de dinheiro, os agentes p\u00fablicos recebiam como propina produtos aliment\u00edcios das empresas, segundo a PF. Alguns, inclusive, j\u00e1 estariam come\u00e7ando a reclamar da qualidade dos alimentos que ganhavam para fazer vista grossa na fiscaliza\u00e7\u00e3o.<\/p>\n<p style=\"text-align: justify;\">O delegado Maur\u00edcio Moscardi ressaltou que a responsabilidade pelos atos criminosos \u00e9 compartilhada por empres\u00e1rios e agentes p\u00fablicos. \u201cN\u00e3o havia uma rela\u00e7\u00e3o de extors\u00e3o, mas sim de benef\u00edcio e de alimenta\u00e7\u00e3o m\u00fatua entre eles. Os empres\u00e1rios tamb\u00e9m incentivavam e se sentiam pr\u00f3ximos desse esquema; eram corruptores\u201d, afirmou.<\/p>\n<p style=\"text-align: justify;\">Dentro do Minist\u00e9rio da Agricultura, a PF descobriu que os funcion\u00e1rios envolvidos promoviam remo\u00e7\u00f5es (transfer\u00eancias) de fiscais para garantir a continuidade do esquema criminoso. A investiga\u00e7\u00e3o come\u00e7ou, inclusive, depois que um fiscal se recusou a ser removido ao descobrir fraudes em uma das empresas envolvidas.<\/p>\n<p style=\"text-align: justify;\">OUTRO LADO<br \/>\nUm dos alvos da Opera\u00e7\u00e3o Carne Fraca, o grupo JBS destaca, em nota oficial, que adota \u201crigorosos padr\u00f5es de qualidade\u201d para garantir a seguran\u00e7a alimentar de seus produtos. \u201cA companhia repudia veementemente qualquer ado\u00e7\u00e3o de pr\u00e1ticas relacionadas \u00e0 adultera\u00e7\u00e3o de produtos \u2013 seja na produ\u00e7\u00e3o e\/ou comercializa\u00e7\u00e3o \u2013 e se mant\u00e9m \u00e0 disposi\u00e7\u00e3o das autoridades com o melhor interesse em contribuir com o esclarecimento dos fatos\u201d, diz o texto.<\/p>\n<p style=\"text-align: justify;\">Segundo a empresa, a a\u00e7\u00e3o deflagrada hoje atingiu tr\u00eas unidades da companhia \u2013 duas no Paran\u00e1 e uma em Goi\u00e1s. A JBS ressalta que \u201cn\u00e3o h\u00e1 nenhuma medida judicial contra os seus executivos\u201d.<\/p>\n<p style=\"text-align: justify;\">Tamb\u00e9m em nota oficial, o ministro da Agricultura, Blairo Maggi, diz que, diante dos fatos narrados na opera\u00e7\u00e3o, decidiu cancelar a sua licen\u00e7a de 10 dias do minist\u00e9rio. &#8220;Estou coordenando as a\u00e7\u00f5es, j\u00e1 determinei o afastamento imediato de todos os envolvidos e a instaura\u00e7\u00e3o de procedimentos administrativos&#8221;, informou. &#8220;Todo apoio ser\u00e1 dado \u00e0 PF nas apura\u00e7\u00f5es. Minha determina\u00e7\u00e3o \u00e9 toler\u00e2ncia zero com atos irregulares no minist\u00e9rio&#8221;, acrescentou.<\/p>\n<p style=\"text-align: justify;\">Segundo Blairo Maggi, a apura\u00e7\u00e3o da PF indica que os envolvidos no esquema ilegal praticaram &#8220;um crime contra a popula\u00e7\u00e3o brasileira&#8221;, que deve ser punido &#8220;com todo rigor&#8221;. &#8220;Muitas a\u00e7\u00f5es j\u00e1 foram implementadas para corrigir distor\u00e7\u00f5es e combater a corrup\u00e7\u00e3o e os desvios de conduta, e novas medidas ser\u00e3o tomadas.&#8221; Para o ministro, no entanto, \u00e9 preciso separar &#8220;o joio do trigo&#8221; durante as investiga\u00e7\u00f5es.<\/p>\n<p style=\"text-align: justify;\">O Minist\u00e9rio da Justi\u00e7a tamb\u00e9m divulgou nota depois que a opera\u00e7\u00e3o foi deflagrada. O texto afirma que a men\u00e7\u00e3o ao nome de Osmar Serraglio na investiga\u00e7\u00e3o \u00e9 uma prova de que o ministro n\u00e3o vai interferir no trabalho da Pol\u00edcia Federal. \u201cA conclus\u00e3o, tanto do Minist\u00e9rio P\u00fablico Federal quanto do juiz federal, \u00e9 que n\u00e3o h\u00e1 qualquer ind\u00edcio de ilegalidade nessa conversa degravada\u201d, ressalta a nota.<\/p>\n<p style=\"text-align: justify;\">O PMDB, citado pela PF como suposto benefici\u00e1rio de parte da propina, diz que \u201cdesconhece o teor da investiga\u00e7\u00e3o, mas n\u00e3o autoriza ningu\u00e9m a falar em nome do partido\u201d. O PP, tamb\u00e9m apontado pela investiga\u00e7\u00e3o como destinat\u00e1rio do dinheiro, ainda n\u00e3o se manifestou sobre o assunto.<\/p>\n<p style=\"text-align: justify;\">REPERCUSS\u00c3O<br \/>\nNo final da manh\u00e3, a Confedera\u00e7\u00e3o Nacional de Agricultura e Pecu\u00e1ria do Brasil (CNA) emitiu nota oficial assinada pelo presidente da institui\u00e7\u00e3o, Jo\u00e3o Martins da Silva J\u00fanior. No texto, a entidade defende a apura\u00e7\u00e3o dos fatos envolvendo frigor\u00edficos e fiscais agropecu\u00e1rios e que, uma vez comprovados, possam levar \u00e0 puni\u00e7\u00e3o exemplar dos envolvidos.<\/p>\n<p style=\"text-align: justify;\">A nota da CNA diz ainda que os produtores rurais brasileiros t\u00eam dado \u201cgrande contribui\u00e7\u00e3o ao desenvolvimento nacional\u201d e afirma n\u00e3o ser justo que eles tenham a imagem \u201cmaculada pela a\u00e7\u00e3o irrespons\u00e1vel e criminosa de alguns\u201d.<\/p>\n<p style=\"text-align: justify;\">Em nota, o Sindicato Nacional dos Auditores Fiscais Federais Agropecu\u00e1rios diz que apoia a a\u00e7\u00e3o da Pol\u00edcia Federal. &#8220;A opera\u00e7\u00e3o est\u00e1 alinhada aos objetivos de auditores fiscais federais agropecu\u00e1rios no sentido de aprimorar a inspe\u00e7\u00e3o de produtos de origem animal no Brasil&#8221;. Segundo o sindicato, as den\u00fancias constam de processo administrativo que tramita no Minist\u00e9rio da Agricultura desde 2010.<\/p>\n<p style=\"text-align: justify;\"><em>Fonte e foto: Ag\u00eancia Brasil<\/em><\/p>\n","protected":false},"excerpt":{"rendered":"<p>Ao longo das investiga\u00e7\u00f5es que culminaram na Opera\u00e7\u00e3o Carne Fraca, deflagrada nesta sexta-feira, dia 17, a Pol\u00edcia Federal (PF) descobriu que os frigor\u00edficos envolvidos<\/p>\n","protected":false},"author":1,"featured_media":48375,"comment_status":"open","ping_status":"open","sticky":false,"template":"","format":"standard","meta":{"pmpro_default_level":"","footnotes":""},"categories":[35],"tags":[155],"class_list":["post-48370","post","type-post","status-publish","format-standard","has-post-thumbnail","hentry","category-nacional","tag-dehoraemhora","pmpro-has-access"],"yoast_head":"<!-- This site is optimized with the Yoast SEO plugin v27.4 - https:\/\/yoast.com\/product\/yoast-seo-wordpress\/ -->\n<title>PF deflagra Opera\u00e7\u00e3o Carne Fraca - JORNAL BEIRA RIO<\/title>\n<meta name=\"robots\" content=\"index, follow, max-snippet:-1, max-image-preview:large, max-video-preview:-1\" \/>\n<link rel=\"canonical\" href=\"https:\/\/jornalbeirario.com.br\/portal\/?p=48370\" \/>\n<meta property=\"og:locale\" content=\"pt_BR\" \/>\n<meta property=\"og:type\" content=\"article\" \/>\n<meta property=\"og:title\" content=\"PF deflagra Opera\u00e7\u00e3o Carne Fraca - JORNAL BEIRA RIO\" \/>\n<meta property=\"og:description\" content=\"Ao longo das investiga\u00e7\u00f5es que culminaram na Opera\u00e7\u00e3o Carne Fraca, deflagrada nesta sexta-feira, dia 17, a Pol\u00edcia Federal (PF) descobriu que os frigor\u00edficos envolvidos\" \/>\n<meta property=\"og:url\" content=\"https:\/\/jornalbeirario.com.br\/portal\/?p=48370\" \/>\n<meta property=\"og:site_name\" content=\"JORNAL BEIRA RIO\" \/>\n<meta property=\"article:published_time\" content=\"2017-03-17T19:04:24+00:00\" \/>\n<meta property=\"article:modified_time\" content=\"2017-03-17T20:17:47+00:00\" \/>\n<meta property=\"og:image\" content=\"https:\/\/jornalbeirario.com.br\/portal\/wp-content\/uploads\/2017\/03\/carne_fraca1.jpg\" \/>\n\t<meta property=\"og:image:width\" content=\"640\" \/>\n\t<meta property=\"og:image:height\" content=\"480\" \/>\n\t<meta property=\"og:image:type\" content=\"image\/jpeg\" \/>\n<meta name=\"author\" content=\"Jornal BEIRA-RIO\" \/>\n<meta name=\"twitter:card\" content=\"summary_large_image\" \/>\n<meta name=\"twitter:label1\" content=\"Escrito por\" \/>\n\t<meta name=\"twitter:data1\" content=\"Jornal BEIRA-RIO\" \/>\n\t<meta name=\"twitter:label2\" content=\"Est. tempo de leitura\" \/>\n\t<meta name=\"twitter:data2\" content=\"6 minutos\" \/>\n<script type=\"application\/ld+json\" class=\"yoast-schema-graph\">{\"@context\":\"https:\\\/\\\/schema.org\",\"@graph\":[{\"@type\":\"Article\",\"@id\":\"https:\\\/\\\/jornalbeirario.com.br\\\/portal\\\/?p=48370#article\",\"isPartOf\":{\"@id\":\"https:\\\/\\\/jornalbeirario.com.br\\\/portal\\\/?p=48370\"},\"author\":{\"name\":\"Jornal BEIRA-RIO\",\"@id\":\"https:\\\/\\\/jornalbeirario.com.br\\\/portal\\\/#\\\/schema\\\/person\\\/c6c423e4c2465d2a9233f6539173e7c1\"},\"headline\":\"PF deflagra Opera\u00e7\u00e3o Carne Fraca\",\"datePublished\":\"2017-03-17T19:04:24+00:00\",\"dateModified\":\"2017-03-17T20:17:47+00:00\",\"mainEntityOfPage\":{\"@id\":\"https:\\\/\\\/jornalbeirario.com.br\\\/portal\\\/?p=48370\"},\"wordCount\":1250,\"commentCount\":0,\"publisher\":{\"@id\":\"https:\\\/\\\/jornalbeirario.com.br\\\/portal\\\/#organization\"},\"image\":{\"@id\":\"https:\\\/\\\/jornalbeirario.com.br\\\/portal\\\/?p=48370#primaryimage\"},\"thumbnailUrl\":\"https:\\\/\\\/jornalbeirario.com.br\\\/portal\\\/wp-content\\\/uploads\\\/2017\\\/03\\\/carne_fraca1.jpg\",\"keywords\":[\"dehoraemhora\"],\"articleSection\":[\"Nacional\"],\"inLanguage\":\"pt-BR\",\"potentialAction\":[{\"@type\":\"CommentAction\",\"name\":\"Comment\",\"target\":[\"https:\\\/\\\/jornalbeirario.com.br\\\/portal\\\/?p=48370#respond\"]}]},{\"@type\":\"WebPage\",\"@id\":\"https:\\\/\\\/jornalbeirario.com.br\\\/portal\\\/?p=48370\",\"url\":\"https:\\\/\\\/jornalbeirario.com.br\\\/portal\\\/?p=48370\",\"name\":\"PF deflagra Opera\u00e7\u00e3o Carne Fraca - JORNAL BEIRA RIO\",\"isPartOf\":{\"@id\":\"https:\\\/\\\/jornalbeirario.com.br\\\/portal\\\/#website\"},\"primaryImageOfPage\":{\"@id\":\"https:\\\/\\\/jornalbeirario.com.br\\\/portal\\\/?p=48370#primaryimage\"},\"image\":{\"@id\":\"https:\\\/\\\/jornalbeirario.com.br\\\/portal\\\/?p=48370#primaryimage\"},\"thumbnailUrl\":\"https:\\\/\\\/jornalbeirario.com.br\\\/portal\\\/wp-content\\\/uploads\\\/2017\\\/03\\\/carne_fraca1.jpg\",\"datePublished\":\"2017-03-17T19:04:24+00:00\",\"dateModified\":\"2017-03-17T20:17:47+00:00\",\"breadcrumb\":{\"@id\":\"https:\\\/\\\/jornalbeirario.com.br\\\/portal\\\/?p=48370#breadcrumb\"},\"inLanguage\":\"pt-BR\",\"potentialAction\":[{\"@type\":\"ReadAction\",\"target\":[\"https:\\\/\\\/jornalbeirario.com.br\\\/portal\\\/?p=48370\"]}]},{\"@type\":\"ImageObject\",\"inLanguage\":\"pt-BR\",\"@id\":\"https:\\\/\\\/jornalbeirario.com.br\\\/portal\\\/?p=48370#primaryimage\",\"url\":\"https:\\\/\\\/jornalbeirario.com.br\\\/portal\\\/wp-content\\\/uploads\\\/2017\\\/03\\\/carne_fraca1.jpg\",\"contentUrl\":\"https:\\\/\\\/jornalbeirario.com.br\\\/portal\\\/wp-content\\\/uploads\\\/2017\\\/03\\\/carne_fraca1.jpg\",\"width\":640,\"height\":480},{\"@type\":\"BreadcrumbList\",\"@id\":\"https:\\\/\\\/jornalbeirario.com.br\\\/portal\\\/?p=48370#breadcrumb\",\"itemListElement\":[{\"@type\":\"ListItem\",\"position\":1,\"name\":\"Home\",\"item\":\"https:\\\/\\\/jornalbeirario.com.br\\\/portal\"},{\"@type\":\"ListItem\",\"position\":2,\"name\":\"PF deflagra Opera\u00e7\u00e3o Carne Fraca\"}]},{\"@type\":\"WebSite\",\"@id\":\"https:\\\/\\\/jornalbeirario.com.br\\\/portal\\\/#website\",\"url\":\"https:\\\/\\\/jornalbeirario.com.br\\\/portal\\\/\",\"name\":\"JORNAL BEIRA RIO\",\"description\":\"\",\"publisher\":{\"@id\":\"https:\\\/\\\/jornalbeirario.com.br\\\/portal\\\/#organization\"},\"potentialAction\":[{\"@type\":\"SearchAction\",\"target\":{\"@type\":\"EntryPoint\",\"urlTemplate\":\"https:\\\/\\\/jornalbeirario.com.br\\\/portal\\\/?s={search_term_string}\"},\"query-input\":{\"@type\":\"PropertyValueSpecification\",\"valueRequired\":true,\"valueName\":\"search_term_string\"}}],\"inLanguage\":\"pt-BR\"},{\"@type\":\"Organization\",\"@id\":\"https:\\\/\\\/jornalbeirario.com.br\\\/portal\\\/#organization\",\"name\":\"JORNAL BEIRA RIO\",\"url\":\"https:\\\/\\\/jornalbeirario.com.br\\\/portal\\\/\",\"logo\":{\"@type\":\"ImageObject\",\"inLanguage\":\"pt-BR\",\"@id\":\"https:\\\/\\\/jornalbeirario.com.br\\\/portal\\\/#\\\/schema\\\/logo\\\/image\\\/\",\"url\":\"https:\\\/\\\/jornalbeirario.com.br\\\/portal\\\/wp-content\\\/uploads\\\/2017\\\/09\\\/BEIRA-RIO_logo600.png\",\"contentUrl\":\"https:\\\/\\\/jornalbeirario.com.br\\\/portal\\\/wp-content\\\/uploads\\\/2017\\\/09\\\/BEIRA-RIO_logo600.png\",\"width\":650,\"height\":108,\"caption\":\"JORNAL BEIRA RIO\"},\"image\":{\"@id\":\"https:\\\/\\\/jornalbeirario.com.br\\\/portal\\\/#\\\/schema\\\/logo\\\/image\\\/\"}},{\"@type\":\"Person\",\"@id\":\"https:\\\/\\\/jornalbeirario.com.br\\\/portal\\\/#\\\/schema\\\/person\\\/c6c423e4c2465d2a9233f6539173e7c1\",\"name\":\"Jornal BEIRA-RIO\",\"image\":{\"@type\":\"ImageObject\",\"inLanguage\":\"pt-BR\",\"@id\":\"https:\\\/\\\/jornalbeirario.com.br\\\/portal\\\/wp-content\\\/uploads\\\/2023\\\/10\\\/logojbr1.jpg\",\"url\":\"https:\\\/\\\/jornalbeirario.com.br\\\/portal\\\/wp-content\\\/uploads\\\/2023\\\/10\\\/logojbr1.jpg\",\"contentUrl\":\"https:\\\/\\\/jornalbeirario.com.br\\\/portal\\\/wp-content\\\/uploads\\\/2023\\\/10\\\/logojbr1.jpg\",\"caption\":\"Jornal BEIRA-RIO\"},\"url\":\"https:\\\/\\\/jornalbeirario.com.br\\\/portal\\\/?author=1\"}]}<\/script>\n<!-- \/ Yoast SEO plugin. -->","yoast_head_json":{"title":"PF deflagra Opera\u00e7\u00e3o Carne Fraca - JORNAL BEIRA RIO","robots":{"index":"index","follow":"follow","max-snippet":"max-snippet:-1","max-image-preview":"max-image-preview:large","max-video-preview":"max-video-preview:-1"},"canonical":"https:\/\/jornalbeirario.com.br\/portal\/?p=48370","og_locale":"pt_BR","og_type":"article","og_title":"PF deflagra Opera\u00e7\u00e3o Carne Fraca - JORNAL BEIRA RIO","og_description":"Ao longo das investiga\u00e7\u00f5es que culminaram na Opera\u00e7\u00e3o Carne Fraca, deflagrada nesta sexta-feira, dia 17, a Pol\u00edcia Federal (PF) descobriu que os frigor\u00edficos envolvidos","og_url":"https:\/\/jornalbeirario.com.br\/portal\/?p=48370","og_site_name":"JORNAL BEIRA RIO","article_published_time":"2017-03-17T19:04:24+00:00","article_modified_time":"2017-03-17T20:17:47+00:00","og_image":[{"width":640,"height":480,"url":"https:\/\/jornalbeirario.com.br\/portal\/wp-content\/uploads\/2017\/03\/carne_fraca1.jpg","type":"image\/jpeg"}],"author":"Jornal BEIRA-RIO","twitter_card":"summary_large_image","twitter_misc":{"Escrito por":"Jornal BEIRA-RIO","Est. tempo de leitura":"6 minutos"},"schema":{"@context":"https:\/\/schema.org","@graph":[{"@type":"Article","@id":"https:\/\/jornalbeirario.com.br\/portal\/?p=48370#article","isPartOf":{"@id":"https:\/\/jornalbeirario.com.br\/portal\/?p=48370"},"author":{"name":"Jornal BEIRA-RIO","@id":"https:\/\/jornalbeirario.com.br\/portal\/#\/schema\/person\/c6c423e4c2465d2a9233f6539173e7c1"},"headline":"PF deflagra Opera\u00e7\u00e3o Carne Fraca","datePublished":"2017-03-17T19:04:24+00:00","dateModified":"2017-03-17T20:17:47+00:00","mainEntityOfPage":{"@id":"https:\/\/jornalbeirario.com.br\/portal\/?p=48370"},"wordCount":1250,"commentCount":0,"publisher":{"@id":"https:\/\/jornalbeirario.com.br\/portal\/#organization"},"image":{"@id":"https:\/\/jornalbeirario.com.br\/portal\/?p=48370#primaryimage"},"thumbnailUrl":"https:\/\/jornalbeirario.com.br\/portal\/wp-content\/uploads\/2017\/03\/carne_fraca1.jpg","keywords":["dehoraemhora"],"articleSection":["Nacional"],"inLanguage":"pt-BR","potentialAction":[{"@type":"CommentAction","name":"Comment","target":["https:\/\/jornalbeirario.com.br\/portal\/?p=48370#respond"]}]},{"@type":"WebPage","@id":"https:\/\/jornalbeirario.com.br\/portal\/?p=48370","url":"https:\/\/jornalbeirario.com.br\/portal\/?p=48370","name":"PF deflagra Opera\u00e7\u00e3o Carne Fraca - JORNAL BEIRA RIO","isPartOf":{"@id":"https:\/\/jornalbeirario.com.br\/portal\/#website"},"primaryImageOfPage":{"@id":"https:\/\/jornalbeirario.com.br\/portal\/?p=48370#primaryimage"},"image":{"@id":"https:\/\/jornalbeirario.com.br\/portal\/?p=48370#primaryimage"},"thumbnailUrl":"https:\/\/jornalbeirario.com.br\/portal\/wp-content\/uploads\/2017\/03\/carne_fraca1.jpg","datePublished":"2017-03-17T19:04:24+00:00","dateModified":"2017-03-17T20:17:47+00:00","breadcrumb":{"@id":"https:\/\/jornalbeirario.com.br\/portal\/?p=48370#breadcrumb"},"inLanguage":"pt-BR","potentialAction":[{"@type":"ReadAction","target":["https:\/\/jornalbeirario.com.br\/portal\/?p=48370"]}]},{"@type":"ImageObject","inLanguage":"pt-BR","@id":"https:\/\/jornalbeirario.com.br\/portal\/?p=48370#primaryimage","url":"https:\/\/jornalbeirario.com.br\/portal\/wp-content\/uploads\/2017\/03\/carne_fraca1.jpg","contentUrl":"https:\/\/jornalbeirario.com.br\/portal\/wp-content\/uploads\/2017\/03\/carne_fraca1.jpg","width":640,"height":480},{"@type":"BreadcrumbList","@id":"https:\/\/jornalbeirario.com.br\/portal\/?p=48370#breadcrumb","itemListElement":[{"@type":"ListItem","position":1,"name":"Home","item":"https:\/\/jornalbeirario.com.br\/portal"},{"@type":"ListItem","position":2,"name":"PF deflagra Opera\u00e7\u00e3o Carne Fraca"}]},{"@type":"WebSite","@id":"https:\/\/jornalbeirario.com.br\/portal\/#website","url":"https:\/\/jornalbeirario.com.br\/portal\/","name":"JORNAL BEIRA RIO","description":"","publisher":{"@id":"https:\/\/jornalbeirario.com.br\/portal\/#organization"},"potentialAction":[{"@type":"SearchAction","target":{"@type":"EntryPoint","urlTemplate":"https:\/\/jornalbeirario.com.br\/portal\/?s={search_term_string}"},"query-input":{"@type":"PropertyValueSpecification","valueRequired":true,"valueName":"search_term_string"}}],"inLanguage":"pt-BR"},{"@type":"Organization","@id":"https:\/\/jornalbeirario.com.br\/portal\/#organization","name":"JORNAL BEIRA RIO","url":"https:\/\/jornalbeirario.com.br\/portal\/","logo":{"@type":"ImageObject","inLanguage":"pt-BR","@id":"https:\/\/jornalbeirario.com.br\/portal\/#\/schema\/logo\/image\/","url":"https:\/\/jornalbeirario.com.br\/portal\/wp-content\/uploads\/2017\/09\/BEIRA-RIO_logo600.png","contentUrl":"https:\/\/jornalbeirario.com.br\/portal\/wp-content\/uploads\/2017\/09\/BEIRA-RIO_logo600.png","width":650,"height":108,"caption":"JORNAL BEIRA RIO"},"image":{"@id":"https:\/\/jornalbeirario.com.br\/portal\/#\/schema\/logo\/image\/"}},{"@type":"Person","@id":"https:\/\/jornalbeirario.com.br\/portal\/#\/schema\/person\/c6c423e4c2465d2a9233f6539173e7c1","name":"Jornal BEIRA-RIO","image":{"@type":"ImageObject","inLanguage":"pt-BR","@id":"https:\/\/jornalbeirario.com.br\/portal\/wp-content\/uploads\/2023\/10\/logojbr1.jpg","url":"https:\/\/jornalbeirario.com.br\/portal\/wp-content\/uploads\/2023\/10\/logojbr1.jpg","contentUrl":"https:\/\/jornalbeirario.com.br\/portal\/wp-content\/uploads\/2023\/10\/logojbr1.jpg","caption":"Jornal BEIRA-RIO"},"url":"https:\/\/jornalbeirario.com.br\/portal\/?author=1"}]}},"_links":{"self":[{"href":"https:\/\/jornalbeirario.com.br\/portal\/index.php?rest_route=\/wp\/v2\/posts\/48370","targetHints":{"allow":["GET"]}}],"collection":[{"href":"https:\/\/jornalbeirario.com.br\/portal\/index.php?rest_route=\/wp\/v2\/posts"}],"about":[{"href":"https:\/\/jornalbeirario.com.br\/portal\/index.php?rest_route=\/wp\/v2\/types\/post"}],"author":[{"embeddable":true,"href":"https:\/\/jornalbeirario.com.br\/portal\/index.php?rest_route=\/wp\/v2\/users\/1"}],"replies":[{"embeddable":true,"href":"https:\/\/jornalbeirario.com.br\/portal\/index.php?rest_route=%2Fwp%2Fv2%2Fcomments&post=48370"}],"version-history":[{"count":7,"href":"https:\/\/jornalbeirario.com.br\/portal\/index.php?rest_route=\/wp\/v2\/posts\/48370\/revisions"}],"predecessor-version":[{"id":48386,"href":"https:\/\/jornalbeirario.com.br\/portal\/index.php?rest_route=\/wp\/v2\/posts\/48370\/revisions\/48386"}],"wp:featuredmedia":[{"embeddable":true,"href":"https:\/\/jornalbeirario.com.br\/portal\/index.php?rest_route=\/wp\/v2\/media\/48375"}],"wp:attachment":[{"href":"https:\/\/jornalbeirario.com.br\/portal\/index.php?rest_route=%2Fwp%2Fv2%2Fmedia&parent=48370"}],"wp:term":[{"taxonomy":"category","embeddable":true,"href":"https:\/\/jornalbeirario.com.br\/portal\/index.php?rest_route=%2Fwp%2Fv2%2Fcategories&post=48370"},{"taxonomy":"post_tag","embeddable":true,"href":"https:\/\/jornalbeirario.com.br\/portal\/index.php?rest_route=%2Fwp%2Fv2%2Ftags&post=48370"}],"curies":[{"name":"wp","href":"https:\/\/api.w.org\/{rel}","templated":true}]}}