
{"id":47616,"date":"2017-02-17T12:46:53","date_gmt":"2017-02-17T14:46:53","guid":{"rendered":"http:\/\/jornalbeirario.com.br\/portal\/?p=47616"},"modified":"2017-02-17T12:46:53","modified_gmt":"2017-02-17T14:46:53","slug":"febre-amarela-e-matanca-de-macacos-colocam-comunidade-cientifica-em-alerta","status":"publish","type":"post","link":"https:\/\/jornalbeirario.com.br\/portal\/?p=47616","title":{"rendered":"Febre Amarela e matan\u00e7a de macacos colocam comunidade cient\u00edfica em alerta"},"content":{"rendered":"<p style=\"text-align: justify;\">Representantes da comunidade cient\u00edfica brasileira, ligados \u00e0 \u00e1rea da conserva\u00e7\u00e3o dos primatas, expediram nesta quarta-feira, dia 15, <a href=\"http:\/\/jornalbeirario.com.br\/wp-content\/uploads\/2017\/02\/carta-macacos.pdf\">nota<\/a> \u00e0 imprensa alertando para um desastre ambiental \u201cgrav\u00edssimo\u201d que ocorre neste momento: a mortandade sem precedentes na hist\u00f3ria do pa\u00eds de macacos da Mata Atl\u00e2ntica em fun\u00e7\u00e3o do v\u00edrus da febre amarela.<\/p>\n<p style=\"text-align: justify;\">Na nota, os especialistas mostram-se preocupados, n\u00e3o s\u00f3 com a dimens\u00e3o das mortes de animais, mas, tamb\u00e9m, com a dissemina\u00e7\u00e3o de \u201cinforma\u00e7\u00f5es equivocadas\u201d, que d\u00e3o a entender que os macacos s\u00e3o respons\u00e1veis pela \u201cexist\u00eancia do v\u00edrus\u201d e \u201cpor sua transmiss\u00e3o aos humanos\u201d.<\/p>\n<p style=\"text-align: justify;\">Isso n\u00e3o procede, fazem quest\u00e3o de destacar os estudiosos, que pedem na nota o apoio da imprensa nacional (jornais, r\u00e1dios, TVs e sites na internet) para a divulga\u00e7\u00e3o das informa\u00e7\u00f5es corretas.<\/p>\n<p style=\"text-align: justify;\">Segundo eles, os macacos, assim como os humanos, n\u00e3o transmitem o v\u00edrus. Pelo contr\u00e1rio, s\u00e3o v\u00edtimas da doen\u00e7a. Ao serem contaminados, os primatas cumprem a fun\u00e7\u00e3o de \u201csentinela\u201d, ou seja, alertam para o surgimento da doen\u00e7a. Por isso, em vez de molestados, devem ser preservados.<\/p>\n<p style=\"text-align: justify;\">As \u201cinforma\u00e7\u00f5es equivocadas\u201d, ressaltam os pesquisadores, j\u00e1 est\u00e3o levando pessoas, principalmente nas \u00e1reas rurais onde ocorre o surto, a maltratarem ou, at\u00e9, matarem macacos para, supostamente, se proteger da febre amarela, como ocorreu entre 2008 e 2009 no Rio Grande do Sul. \u201cIsso n\u00e3o pode se repetir\u201d, diz a nota.<\/p>\n<p style=\"text-align: justify;\">O documento \u00e9 subscrito por primat\u00f3logos, zo\u00f3logos, ec\u00f3logos, veterin\u00e1rios, epidemiologistas e gestores p\u00fablicos, membros de conceituadas universidades, sociedades cient\u00edficas, centros de pesquisa e institui\u00e7\u00f5es voltadas para a conserva\u00e7\u00e3o dos primatas.<\/p>\n<p style=\"text-align: justify;\"><em>Fonte: Divis\u00e3o de Comunica\u00e7\u00e3o Social &#8211; DCOM<\/em><\/p>\n<p style=\"text-align: justify;\"><em>Foto: Esquadr\u00e3o Pet<\/em><\/p>\n","protected":false},"excerpt":{"rendered":"<p>Representantes da comunidade cient\u00edfica brasileira, ligados \u00e0 \u00e1rea da conserva\u00e7\u00e3o dos primatas, expediram nesta quarta-feira, dia 15, nota \u00e0 imprensa alertando para um desastre<\/p>\n","protected":false},"author":1,"featured_media":47621,"comment_status":"open","ping_status":"open","sticky":false,"template":"","format":"standard","meta":{"pmpro_default_level":"","footnotes":""},"categories":[27],"tags":[155],"class_list":["post-47616","post","type-post","status-publish","format-standard","has-post-thumbnail","hentry","category-meioambiente","tag-dehoraemhora","pmpro-has-access"],"yoast_head":"<!-- This site is optimized with the Yoast SEO plugin v27.4 - https:\/\/yoast.com\/product\/yoast-seo-wordpress\/ -->\n<title>Febre Amarela e matan\u00e7a de macacos colocam comunidade cient\u00edfica em alerta - JORNAL BEIRA RIO<\/title>\n<meta name=\"robots\" content=\"index, follow, max-snippet:-1, max-image-preview:large, max-video-preview:-1\" \/>\n<link rel=\"canonical\" href=\"https:\/\/jornalbeirario.com.br\/portal\/?p=47616\" \/>\n<meta property=\"og:locale\" content=\"pt_BR\" \/>\n<meta property=\"og:type\" content=\"article\" \/>\n<meta property=\"og:title\" content=\"Febre Amarela e matan\u00e7a de macacos colocam comunidade cient\u00edfica em alerta - JORNAL BEIRA RIO\" \/>\n<meta property=\"og:description\" content=\"Representantes da comunidade cient\u00edfica brasileira, ligados \u00e0 \u00e1rea da conserva\u00e7\u00e3o dos primatas, expediram nesta quarta-feira, dia 15, nota \u00e0 imprensa alertando para um desastre\" \/>\n<meta property=\"og:url\" content=\"https:\/\/jornalbeirario.com.br\/portal\/?p=47616\" \/>\n<meta property=\"og:site_name\" content=\"JORNAL BEIRA RIO\" \/>\n<meta property=\"article:published_time\" content=\"2017-02-17T14:46:53+00:00\" \/>\n<meta property=\"og:image\" content=\"https:\/\/jornalbeirario.com.br\/portal\/wp-content\/uploads\/2017\/02\/macaco1.jpg\" \/>\n\t<meta property=\"og:image:width\" content=\"640\" \/>\n\t<meta property=\"og:image:height\" content=\"480\" \/>\n\t<meta property=\"og:image:type\" content=\"image\/jpeg\" \/>\n<meta name=\"author\" content=\"Jornal BEIRA-RIO\" \/>\n<meta name=\"twitter:card\" content=\"summary_large_image\" \/>\n<meta name=\"twitter:label1\" content=\"Escrito por\" \/>\n\t<meta name=\"twitter:data1\" content=\"Jornal BEIRA-RIO\" \/>\n\t<meta name=\"twitter:label2\" content=\"Est. tempo de leitura\" \/>\n\t<meta name=\"twitter:data2\" content=\"1 minuto\" \/>\n<script type=\"application\/ld+json\" class=\"yoast-schema-graph\">{\"@context\":\"https:\\\/\\\/schema.org\",\"@graph\":[{\"@type\":\"Article\",\"@id\":\"https:\\\/\\\/jornalbeirario.com.br\\\/portal\\\/?p=47616#article\",\"isPartOf\":{\"@id\":\"https:\\\/\\\/jornalbeirario.com.br\\\/portal\\\/?p=47616\"},\"author\":{\"name\":\"Jornal BEIRA-RIO\",\"@id\":\"https:\\\/\\\/jornalbeirario.com.br\\\/portal\\\/#\\\/schema\\\/person\\\/c6c423e4c2465d2a9233f6539173e7c1\"},\"headline\":\"Febre Amarela e matan\u00e7a de macacos colocam comunidade cient\u00edfica em alerta\",\"datePublished\":\"2017-02-17T14:46:53+00:00\",\"mainEntityOfPage\":{\"@id\":\"https:\\\/\\\/jornalbeirario.com.br\\\/portal\\\/?p=47616\"},\"wordCount\":311,\"commentCount\":0,\"publisher\":{\"@id\":\"https:\\\/\\\/jornalbeirario.com.br\\\/portal\\\/#organization\"},\"image\":{\"@id\":\"https:\\\/\\\/jornalbeirario.com.br\\\/portal\\\/?p=47616#primaryimage\"},\"thumbnailUrl\":\"https:\\\/\\\/jornalbeirario.com.br\\\/portal\\\/wp-content\\\/uploads\\\/2017\\\/02\\\/macaco1.jpg\",\"keywords\":[\"dehoraemhora\"],\"articleSection\":[\"Meio Ambiente\"],\"inLanguage\":\"pt-BR\",\"potentialAction\":[{\"@type\":\"CommentAction\",\"name\":\"Comment\",\"target\":[\"https:\\\/\\\/jornalbeirario.com.br\\\/portal\\\/?p=47616#respond\"]}]},{\"@type\":\"WebPage\",\"@id\":\"https:\\\/\\\/jornalbeirario.com.br\\\/portal\\\/?p=47616\",\"url\":\"https:\\\/\\\/jornalbeirario.com.br\\\/portal\\\/?p=47616\",\"name\":\"Febre Amarela e matan\u00e7a de macacos colocam comunidade cient\u00edfica em alerta - JORNAL BEIRA RIO\",\"isPartOf\":{\"@id\":\"https:\\\/\\\/jornalbeirario.com.br\\\/portal\\\/#website\"},\"primaryImageOfPage\":{\"@id\":\"https:\\\/\\\/jornalbeirario.com.br\\\/portal\\\/?p=47616#primaryimage\"},\"image\":{\"@id\":\"https:\\\/\\\/jornalbeirario.com.br\\\/portal\\\/?p=47616#primaryimage\"},\"thumbnailUrl\":\"https:\\\/\\\/jornalbeirario.com.br\\\/portal\\\/wp-content\\\/uploads\\\/2017\\\/02\\\/macaco1.jpg\",\"datePublished\":\"2017-02-17T14:46:53+00:00\",\"breadcrumb\":{\"@id\":\"https:\\\/\\\/jornalbeirario.com.br\\\/portal\\\/?p=47616#breadcrumb\"},\"inLanguage\":\"pt-BR\",\"potentialAction\":[{\"@type\":\"ReadAction\",\"target\":[\"https:\\\/\\\/jornalbeirario.com.br\\\/portal\\\/?p=47616\"]}]},{\"@type\":\"ImageObject\",\"inLanguage\":\"pt-BR\",\"@id\":\"https:\\\/\\\/jornalbeirario.com.br\\\/portal\\\/?p=47616#primaryimage\",\"url\":\"https:\\\/\\\/jornalbeirario.com.br\\\/portal\\\/wp-content\\\/uploads\\\/2017\\\/02\\\/macaco1.jpg\",\"contentUrl\":\"https:\\\/\\\/jornalbeirario.com.br\\\/portal\\\/wp-content\\\/uploads\\\/2017\\\/02\\\/macaco1.jpg\",\"width\":640,\"height\":480},{\"@type\":\"BreadcrumbList\",\"@id\":\"https:\\\/\\\/jornalbeirario.com.br\\\/portal\\\/?p=47616#breadcrumb\",\"itemListElement\":[{\"@type\":\"ListItem\",\"position\":1,\"name\":\"Home\",\"item\":\"https:\\\/\\\/jornalbeirario.com.br\\\/portal\"},{\"@type\":\"ListItem\",\"position\":2,\"name\":\"Febre Amarela e matan\u00e7a de macacos colocam comunidade cient\u00edfica em alerta\"}]},{\"@type\":\"WebSite\",\"@id\":\"https:\\\/\\\/jornalbeirario.com.br\\\/portal\\\/#website\",\"url\":\"https:\\\/\\\/jornalbeirario.com.br\\\/portal\\\/\",\"name\":\"JORNAL BEIRA RIO\",\"description\":\"\",\"publisher\":{\"@id\":\"https:\\\/\\\/jornalbeirario.com.br\\\/portal\\\/#organization\"},\"potentialAction\":[{\"@type\":\"SearchAction\",\"target\":{\"@type\":\"EntryPoint\",\"urlTemplate\":\"https:\\\/\\\/jornalbeirario.com.br\\\/portal\\\/?s={search_term_string}\"},\"query-input\":{\"@type\":\"PropertyValueSpecification\",\"valueRequired\":true,\"valueName\":\"search_term_string\"}}],\"inLanguage\":\"pt-BR\"},{\"@type\":\"Organization\",\"@id\":\"https:\\\/\\\/jornalbeirario.com.br\\\/portal\\\/#organization\",\"name\":\"JORNAL BEIRA RIO\",\"url\":\"https:\\\/\\\/jornalbeirario.com.br\\\/portal\\\/\",\"logo\":{\"@type\":\"ImageObject\",\"inLanguage\":\"pt-BR\",\"@id\":\"https:\\\/\\\/jornalbeirario.com.br\\\/portal\\\/#\\\/schema\\\/logo\\\/image\\\/\",\"url\":\"https:\\\/\\\/jornalbeirario.com.br\\\/portal\\\/wp-content\\\/uploads\\\/2017\\\/09\\\/BEIRA-RIO_logo600.png\",\"contentUrl\":\"https:\\\/\\\/jornalbeirario.com.br\\\/portal\\\/wp-content\\\/uploads\\\/2017\\\/09\\\/BEIRA-RIO_logo600.png\",\"width\":650,\"height\":108,\"caption\":\"JORNAL BEIRA RIO\"},\"image\":{\"@id\":\"https:\\\/\\\/jornalbeirario.com.br\\\/portal\\\/#\\\/schema\\\/logo\\\/image\\\/\"}},{\"@type\":\"Person\",\"@id\":\"https:\\\/\\\/jornalbeirario.com.br\\\/portal\\\/#\\\/schema\\\/person\\\/c6c423e4c2465d2a9233f6539173e7c1\",\"name\":\"Jornal BEIRA-RIO\",\"image\":{\"@type\":\"ImageObject\",\"inLanguage\":\"pt-BR\",\"@id\":\"https:\\\/\\\/jornalbeirario.com.br\\\/portal\\\/wp-content\\\/uploads\\\/2023\\\/10\\\/logojbr1.jpg\",\"url\":\"https:\\\/\\\/jornalbeirario.com.br\\\/portal\\\/wp-content\\\/uploads\\\/2023\\\/10\\\/logojbr1.jpg\",\"contentUrl\":\"https:\\\/\\\/jornalbeirario.com.br\\\/portal\\\/wp-content\\\/uploads\\\/2023\\\/10\\\/logojbr1.jpg\",\"caption\":\"Jornal BEIRA-RIO\"},\"url\":\"https:\\\/\\\/jornalbeirario.com.br\\\/portal\\\/?author=1\"}]}<\/script>\n<!-- \/ Yoast SEO plugin. -->","yoast_head_json":{"title":"Febre Amarela e matan\u00e7a de macacos colocam comunidade cient\u00edfica em alerta - JORNAL BEIRA RIO","robots":{"index":"index","follow":"follow","max-snippet":"max-snippet:-1","max-image-preview":"max-image-preview:large","max-video-preview":"max-video-preview:-1"},"canonical":"https:\/\/jornalbeirario.com.br\/portal\/?p=47616","og_locale":"pt_BR","og_type":"article","og_title":"Febre Amarela e matan\u00e7a de macacos colocam comunidade cient\u00edfica em alerta - JORNAL BEIRA RIO","og_description":"Representantes da comunidade cient\u00edfica brasileira, ligados \u00e0 \u00e1rea da conserva\u00e7\u00e3o dos primatas, expediram nesta quarta-feira, dia 15, nota \u00e0 imprensa alertando para um desastre","og_url":"https:\/\/jornalbeirario.com.br\/portal\/?p=47616","og_site_name":"JORNAL BEIRA RIO","article_published_time":"2017-02-17T14:46:53+00:00","og_image":[{"width":640,"height":480,"url":"https:\/\/jornalbeirario.com.br\/portal\/wp-content\/uploads\/2017\/02\/macaco1.jpg","type":"image\/jpeg"}],"author":"Jornal BEIRA-RIO","twitter_card":"summary_large_image","twitter_misc":{"Escrito por":"Jornal BEIRA-RIO","Est. tempo de leitura":"1 minuto"},"schema":{"@context":"https:\/\/schema.org","@graph":[{"@type":"Article","@id":"https:\/\/jornalbeirario.com.br\/portal\/?p=47616#article","isPartOf":{"@id":"https:\/\/jornalbeirario.com.br\/portal\/?p=47616"},"author":{"name":"Jornal BEIRA-RIO","@id":"https:\/\/jornalbeirario.com.br\/portal\/#\/schema\/person\/c6c423e4c2465d2a9233f6539173e7c1"},"headline":"Febre Amarela e matan\u00e7a de macacos colocam comunidade cient\u00edfica em alerta","datePublished":"2017-02-17T14:46:53+00:00","mainEntityOfPage":{"@id":"https:\/\/jornalbeirario.com.br\/portal\/?p=47616"},"wordCount":311,"commentCount":0,"publisher":{"@id":"https:\/\/jornalbeirario.com.br\/portal\/#organization"},"image":{"@id":"https:\/\/jornalbeirario.com.br\/portal\/?p=47616#primaryimage"},"thumbnailUrl":"https:\/\/jornalbeirario.com.br\/portal\/wp-content\/uploads\/2017\/02\/macaco1.jpg","keywords":["dehoraemhora"],"articleSection":["Meio Ambiente"],"inLanguage":"pt-BR","potentialAction":[{"@type":"CommentAction","name":"Comment","target":["https:\/\/jornalbeirario.com.br\/portal\/?p=47616#respond"]}]},{"@type":"WebPage","@id":"https:\/\/jornalbeirario.com.br\/portal\/?p=47616","url":"https:\/\/jornalbeirario.com.br\/portal\/?p=47616","name":"Febre Amarela e matan\u00e7a de macacos colocam comunidade cient\u00edfica em alerta - JORNAL BEIRA RIO","isPartOf":{"@id":"https:\/\/jornalbeirario.com.br\/portal\/#website"},"primaryImageOfPage":{"@id":"https:\/\/jornalbeirario.com.br\/portal\/?p=47616#primaryimage"},"image":{"@id":"https:\/\/jornalbeirario.com.br\/portal\/?p=47616#primaryimage"},"thumbnailUrl":"https:\/\/jornalbeirario.com.br\/portal\/wp-content\/uploads\/2017\/02\/macaco1.jpg","datePublished":"2017-02-17T14:46:53+00:00","breadcrumb":{"@id":"https:\/\/jornalbeirario.com.br\/portal\/?p=47616#breadcrumb"},"inLanguage":"pt-BR","potentialAction":[{"@type":"ReadAction","target":["https:\/\/jornalbeirario.com.br\/portal\/?p=47616"]}]},{"@type":"ImageObject","inLanguage":"pt-BR","@id":"https:\/\/jornalbeirario.com.br\/portal\/?p=47616#primaryimage","url":"https:\/\/jornalbeirario.com.br\/portal\/wp-content\/uploads\/2017\/02\/macaco1.jpg","contentUrl":"https:\/\/jornalbeirario.com.br\/portal\/wp-content\/uploads\/2017\/02\/macaco1.jpg","width":640,"height":480},{"@type":"BreadcrumbList","@id":"https:\/\/jornalbeirario.com.br\/portal\/?p=47616#breadcrumb","itemListElement":[{"@type":"ListItem","position":1,"name":"Home","item":"https:\/\/jornalbeirario.com.br\/portal"},{"@type":"ListItem","position":2,"name":"Febre Amarela e matan\u00e7a de macacos colocam comunidade cient\u00edfica em alerta"}]},{"@type":"WebSite","@id":"https:\/\/jornalbeirario.com.br\/portal\/#website","url":"https:\/\/jornalbeirario.com.br\/portal\/","name":"JORNAL BEIRA RIO","description":"","publisher":{"@id":"https:\/\/jornalbeirario.com.br\/portal\/#organization"},"potentialAction":[{"@type":"SearchAction","target":{"@type":"EntryPoint","urlTemplate":"https:\/\/jornalbeirario.com.br\/portal\/?s={search_term_string}"},"query-input":{"@type":"PropertyValueSpecification","valueRequired":true,"valueName":"search_term_string"}}],"inLanguage":"pt-BR"},{"@type":"Organization","@id":"https:\/\/jornalbeirario.com.br\/portal\/#organization","name":"JORNAL BEIRA RIO","url":"https:\/\/jornalbeirario.com.br\/portal\/","logo":{"@type":"ImageObject","inLanguage":"pt-BR","@id":"https:\/\/jornalbeirario.com.br\/portal\/#\/schema\/logo\/image\/","url":"https:\/\/jornalbeirario.com.br\/portal\/wp-content\/uploads\/2017\/09\/BEIRA-RIO_logo600.png","contentUrl":"https:\/\/jornalbeirario.com.br\/portal\/wp-content\/uploads\/2017\/09\/BEIRA-RIO_logo600.png","width":650,"height":108,"caption":"JORNAL BEIRA RIO"},"image":{"@id":"https:\/\/jornalbeirario.com.br\/portal\/#\/schema\/logo\/image\/"}},{"@type":"Person","@id":"https:\/\/jornalbeirario.com.br\/portal\/#\/schema\/person\/c6c423e4c2465d2a9233f6539173e7c1","name":"Jornal BEIRA-RIO","image":{"@type":"ImageObject","inLanguage":"pt-BR","@id":"https:\/\/jornalbeirario.com.br\/portal\/wp-content\/uploads\/2023\/10\/logojbr1.jpg","url":"https:\/\/jornalbeirario.com.br\/portal\/wp-content\/uploads\/2023\/10\/logojbr1.jpg","contentUrl":"https:\/\/jornalbeirario.com.br\/portal\/wp-content\/uploads\/2023\/10\/logojbr1.jpg","caption":"Jornal BEIRA-RIO"},"url":"https:\/\/jornalbeirario.com.br\/portal\/?author=1"}]}},"_links":{"self":[{"href":"https:\/\/jornalbeirario.com.br\/portal\/index.php?rest_route=\/wp\/v2\/posts\/47616","targetHints":{"allow":["GET"]}}],"collection":[{"href":"https:\/\/jornalbeirario.com.br\/portal\/index.php?rest_route=\/wp\/v2\/posts"}],"about":[{"href":"https:\/\/jornalbeirario.com.br\/portal\/index.php?rest_route=\/wp\/v2\/types\/post"}],"author":[{"embeddable":true,"href":"https:\/\/jornalbeirario.com.br\/portal\/index.php?rest_route=\/wp\/v2\/users\/1"}],"replies":[{"embeddable":true,"href":"https:\/\/jornalbeirario.com.br\/portal\/index.php?rest_route=%2Fwp%2Fv2%2Fcomments&post=47616"}],"version-history":[{"count":3,"href":"https:\/\/jornalbeirario.com.br\/portal\/index.php?rest_route=\/wp\/v2\/posts\/47616\/revisions"}],"predecessor-version":[{"id":47620,"href":"https:\/\/jornalbeirario.com.br\/portal\/index.php?rest_route=\/wp\/v2\/posts\/47616\/revisions\/47620"}],"wp:featuredmedia":[{"embeddable":true,"href":"https:\/\/jornalbeirario.com.br\/portal\/index.php?rest_route=\/wp\/v2\/media\/47621"}],"wp:attachment":[{"href":"https:\/\/jornalbeirario.com.br\/portal\/index.php?rest_route=%2Fwp%2Fv2%2Fmedia&parent=47616"}],"wp:term":[{"taxonomy":"category","embeddable":true,"href":"https:\/\/jornalbeirario.com.br\/portal\/index.php?rest_route=%2Fwp%2Fv2%2Fcategories&post=47616"},{"taxonomy":"post_tag","embeddable":true,"href":"https:\/\/jornalbeirario.com.br\/portal\/index.php?rest_route=%2Fwp%2Fv2%2Ftags&post=47616"}],"curies":[{"name":"wp","href":"https:\/\/api.w.org\/{rel}","templated":true}]}}