
{"id":47501,"date":"2017-02-15T12:45:54","date_gmt":"2017-02-15T14:45:54","guid":{"rendered":"http:\/\/jornalbeirario.com.br\/portal\/?p=47501"},"modified":"2017-02-15T12:39:58","modified_gmt":"2017-02-15T14:39:58","slug":"com-volta-as-aulas-sociedade-brasileira-de-pediatria-faz-alerta","status":"publish","type":"post","link":"https:\/\/jornalbeirario.com.br\/portal\/?p=47501","title":{"rendered":"Com volta \u00e0s aulas, Sociedade Brasileira de Pediatria faz alerta"},"content":{"rendered":"<p style=\"text-align: justify;\"><a href=\"http:\/\/jornalbeirario.com.br\/wp-content\/uploads\/2017\/02\/alunosensimomedio-35692.jpg\"><img loading=\"lazy\" decoding=\"async\" class=\"alignleft size-medium wp-image-47504\" src=\"http:\/\/jornalbeirario.com.br\/wp-content\/uploads\/2017\/02\/alunosensimomedio-35692-300x225.jpg\" alt=\"alunosensimomedio 35692\" width=\"300\" height=\"225\" srcset=\"https:\/\/jornalbeirario.com.br\/portal\/wp-content\/uploads\/2017\/02\/alunosensimomedio-35692-300x225.jpg 300w, https:\/\/jornalbeirario.com.br\/portal\/wp-content\/uploads\/2017\/02\/alunosensimomedio-35692.jpg 640w\" sizes=\"auto, (max-width: 300px) 100vw, 300px\" \/><\/a>Com o in\u00edcio do ano letivo em todos os Estados, cresce a preocupa\u00e7\u00e3o de pais e respons\u00e1veis com as medidas necess\u00e1rias para prevenir doen\u00e7as e garantir o bem-estar de seus filhos e parentes nas salas de aula e em casa. Essa inquieta\u00e7\u00e3o recorrente fez com que a Sociedade Brasileira de Pediatria (SBP) determinasse ao seu Departamento Cient\u00edfico de Sa\u00fade Escolar o preparo de um guia de orienta\u00e7\u00e3o a ser encaminhado a todos os pediatras e disponibilizado \u00e0 sociedade, divulgado nesta ter\u00e7a-feira, dia 14.<\/p>\n<p style=\"text-align: justify;\">No total, h\u00e1 pouco mais de 10 recomenda\u00e7\u00f5es simples, f\u00e1ceis de serem incorporadas \u00e0s rotinas de fam\u00edlias e institui\u00e7\u00f5es de ensino. Elas contemplam diferentes \u00e1reas: desde a preven\u00e7\u00e3o aos agravos de sa\u00fade (cr\u00f4nicos e transmiss\u00edveis); passando pela ado\u00e7\u00e3o de h\u00e1bitos e pr\u00e1ticas saud\u00e1veis, como cuidados com alimenta\u00e7\u00e3o, excesso de peso em mochilas e seguran\u00e7a no tr\u00e2nsito; at\u00e9 as rela\u00e7\u00f5es interpessoais nas salas de aula e espa\u00e7os de conviv\u00eancia.<\/p>\n<p style=\"text-align: justify;\">As medidas preventivas devem ser adotadas pelos pais e respons\u00e1veis, e mesmo pelas escolas, para evitar cont\u00e1gios indesejados. Os pediatras pedem que os cart\u00f5es de vacina\u00e7\u00e3o dos alunos estejam em dia. Pede-se tamb\u00e9m aten\u00e7\u00e3o especial, principalmente nos primeiros anos de vida, \u00e0 possibilidade de aumento do n\u00famero de casos de doen\u00e7as de transmiss\u00e3o interpessoal, considerando o conv\u00edvio em ambientes coletivos.<\/p>\n<p style=\"text-align: justify;\">Neste grupo, destacam-se as doen\u00e7as causadas por v\u00edrus e as parasitoses. O DC de Sa\u00fade Escolar ainda recomenda cuidados nas localidades onde h\u00e1 risco de doen\u00e7as transmitidas por vetores. De acordo com os pediatras, as escolas devem estar preparadas para o combate aos mosquitos, com aplica\u00e7\u00e3o adequada de inseticidas e elimina\u00e7\u00e3o sistem\u00e1tica de dep\u00f3sitos de \u00e1gua parada. \u201cE tamb\u00e9m preparar-se (e orientar) para aplica\u00e7\u00e3o de repelente de insetos nos alunos, quando recomendado. Incluir o tema no planejamento pedag\u00f3gico \u00e9 bem oportuno\u201d, sugere a nota divulgada.<\/p>\n<p style=\"text-align: justify;\">Fonte: Assessoria de Imprensa da SBP<\/p>\n<p style=\"text-align: justify;\">Foto: TB Esportes\/<span class=\"irc_ho\" dir=\"ltr\">Portal Cand\u00f3i &#8211; Not\u00edcias<\/span><\/p>\n","protected":false},"excerpt":{"rendered":"<p>Com o in\u00edcio do ano letivo em todos os Estados, cresce a preocupa\u00e7\u00e3o de pais e respons\u00e1veis com as medidas necess\u00e1rias para prevenir doen\u00e7as<\/p>\n","protected":false},"author":1,"featured_media":47503,"comment_status":"open","ping_status":"open","sticky":false,"template":"","format":"standard","meta":{"pmpro_default_level":"","footnotes":""},"categories":[18],"tags":[155],"class_list":["post-47501","post","type-post","status-publish","format-standard","has-post-thumbnail","hentry","category-saude","tag-dehoraemhora","pmpro-has-access"],"yoast_head":"<!-- This site is optimized with the Yoast SEO plugin v27.4 - https:\/\/yoast.com\/product\/yoast-seo-wordpress\/ -->\n<title>Com volta \u00e0s aulas, Sociedade Brasileira de Pediatria faz alerta - JORNAL BEIRA RIO<\/title>\n<meta name=\"robots\" content=\"index, follow, max-snippet:-1, max-image-preview:large, max-video-preview:-1\" \/>\n<link rel=\"canonical\" href=\"https:\/\/jornalbeirario.com.br\/portal\/?p=47501\" \/>\n<meta property=\"og:locale\" content=\"pt_BR\" \/>\n<meta property=\"og:type\" content=\"article\" \/>\n<meta property=\"og:title\" content=\"Com volta \u00e0s aulas, Sociedade Brasileira de Pediatria faz alerta - JORNAL BEIRA RIO\" \/>\n<meta property=\"og:description\" content=\"Com o in\u00edcio do ano letivo em todos os Estados, cresce a preocupa\u00e7\u00e3o de pais e respons\u00e1veis com as medidas necess\u00e1rias para prevenir doen\u00e7as\" \/>\n<meta property=\"og:url\" content=\"https:\/\/jornalbeirario.com.br\/portal\/?p=47501\" \/>\n<meta property=\"og:site_name\" content=\"JORNAL BEIRA RIO\" \/>\n<meta property=\"article:published_time\" content=\"2017-02-15T14:45:54+00:00\" \/>\n<meta property=\"og:image\" content=\"https:\/\/jornalbeirario.com.br\/portal\/wp-content\/uploads\/2017\/02\/Alunosestudando-32546828.jpg\" \/>\n\t<meta property=\"og:image:width\" content=\"640\" \/>\n\t<meta property=\"og:image:height\" content=\"480\" \/>\n\t<meta property=\"og:image:type\" content=\"image\/jpeg\" \/>\n<meta name=\"author\" content=\"Jornal BEIRA-RIO\" \/>\n<meta name=\"twitter:card\" content=\"summary_large_image\" \/>\n<meta name=\"twitter:label1\" content=\"Escrito por\" \/>\n\t<meta name=\"twitter:data1\" content=\"Jornal BEIRA-RIO\" \/>\n\t<meta name=\"twitter:label2\" content=\"Est. tempo de leitura\" \/>\n\t<meta name=\"twitter:data2\" content=\"2 minutos\" \/>\n<script type=\"application\/ld+json\" class=\"yoast-schema-graph\">{\"@context\":\"https:\\\/\\\/schema.org\",\"@graph\":[{\"@type\":\"Article\",\"@id\":\"https:\\\/\\\/jornalbeirario.com.br\\\/portal\\\/?p=47501#article\",\"isPartOf\":{\"@id\":\"https:\\\/\\\/jornalbeirario.com.br\\\/portal\\\/?p=47501\"},\"author\":{\"name\":\"Jornal BEIRA-RIO\",\"@id\":\"https:\\\/\\\/jornalbeirario.com.br\\\/portal\\\/#\\\/schema\\\/person\\\/c6c423e4c2465d2a9233f6539173e7c1\"},\"headline\":\"Com volta \u00e0s aulas, Sociedade Brasileira de Pediatria faz alerta\",\"datePublished\":\"2017-02-15T14:45:54+00:00\",\"mainEntityOfPage\":{\"@id\":\"https:\\\/\\\/jornalbeirario.com.br\\\/portal\\\/?p=47501\"},\"wordCount\":365,\"commentCount\":0,\"publisher\":{\"@id\":\"https:\\\/\\\/jornalbeirario.com.br\\\/portal\\\/#organization\"},\"image\":{\"@id\":\"https:\\\/\\\/jornalbeirario.com.br\\\/portal\\\/?p=47501#primaryimage\"},\"thumbnailUrl\":\"https:\\\/\\\/jornalbeirario.com.br\\\/portal\\\/wp-content\\\/uploads\\\/2017\\\/02\\\/Alunosestudando-32546828.jpg\",\"keywords\":[\"dehoraemhora\"],\"articleSection\":[\"Sa\u00fade\"],\"inLanguage\":\"pt-BR\",\"potentialAction\":[{\"@type\":\"CommentAction\",\"name\":\"Comment\",\"target\":[\"https:\\\/\\\/jornalbeirario.com.br\\\/portal\\\/?p=47501#respond\"]}]},{\"@type\":\"WebPage\",\"@id\":\"https:\\\/\\\/jornalbeirario.com.br\\\/portal\\\/?p=47501\",\"url\":\"https:\\\/\\\/jornalbeirario.com.br\\\/portal\\\/?p=47501\",\"name\":\"Com volta \u00e0s aulas, Sociedade Brasileira de Pediatria faz alerta - JORNAL BEIRA RIO\",\"isPartOf\":{\"@id\":\"https:\\\/\\\/jornalbeirario.com.br\\\/portal\\\/#website\"},\"primaryImageOfPage\":{\"@id\":\"https:\\\/\\\/jornalbeirario.com.br\\\/portal\\\/?p=47501#primaryimage\"},\"image\":{\"@id\":\"https:\\\/\\\/jornalbeirario.com.br\\\/portal\\\/?p=47501#primaryimage\"},\"thumbnailUrl\":\"https:\\\/\\\/jornalbeirario.com.br\\\/portal\\\/wp-content\\\/uploads\\\/2017\\\/02\\\/Alunosestudando-32546828.jpg\",\"datePublished\":\"2017-02-15T14:45:54+00:00\",\"breadcrumb\":{\"@id\":\"https:\\\/\\\/jornalbeirario.com.br\\\/portal\\\/?p=47501#breadcrumb\"},\"inLanguage\":\"pt-BR\",\"potentialAction\":[{\"@type\":\"ReadAction\",\"target\":[\"https:\\\/\\\/jornalbeirario.com.br\\\/portal\\\/?p=47501\"]}]},{\"@type\":\"ImageObject\",\"inLanguage\":\"pt-BR\",\"@id\":\"https:\\\/\\\/jornalbeirario.com.br\\\/portal\\\/?p=47501#primaryimage\",\"url\":\"https:\\\/\\\/jornalbeirario.com.br\\\/portal\\\/wp-content\\\/uploads\\\/2017\\\/02\\\/Alunosestudando-32546828.jpg\",\"contentUrl\":\"https:\\\/\\\/jornalbeirario.com.br\\\/portal\\\/wp-content\\\/uploads\\\/2017\\\/02\\\/Alunosestudando-32546828.jpg\",\"width\":640,\"height\":480},{\"@type\":\"BreadcrumbList\",\"@id\":\"https:\\\/\\\/jornalbeirario.com.br\\\/portal\\\/?p=47501#breadcrumb\",\"itemListElement\":[{\"@type\":\"ListItem\",\"position\":1,\"name\":\"Home\",\"item\":\"https:\\\/\\\/jornalbeirario.com.br\\\/portal\"},{\"@type\":\"ListItem\",\"position\":2,\"name\":\"Com volta \u00e0s aulas, Sociedade Brasileira de Pediatria faz alerta\"}]},{\"@type\":\"WebSite\",\"@id\":\"https:\\\/\\\/jornalbeirario.com.br\\\/portal\\\/#website\",\"url\":\"https:\\\/\\\/jornalbeirario.com.br\\\/portal\\\/\",\"name\":\"JORNAL BEIRA RIO\",\"description\":\"\",\"publisher\":{\"@id\":\"https:\\\/\\\/jornalbeirario.com.br\\\/portal\\\/#organization\"},\"potentialAction\":[{\"@type\":\"SearchAction\",\"target\":{\"@type\":\"EntryPoint\",\"urlTemplate\":\"https:\\\/\\\/jornalbeirario.com.br\\\/portal\\\/?s={search_term_string}\"},\"query-input\":{\"@type\":\"PropertyValueSpecification\",\"valueRequired\":true,\"valueName\":\"search_term_string\"}}],\"inLanguage\":\"pt-BR\"},{\"@type\":\"Organization\",\"@id\":\"https:\\\/\\\/jornalbeirario.com.br\\\/portal\\\/#organization\",\"name\":\"JORNAL BEIRA RIO\",\"url\":\"https:\\\/\\\/jornalbeirario.com.br\\\/portal\\\/\",\"logo\":{\"@type\":\"ImageObject\",\"inLanguage\":\"pt-BR\",\"@id\":\"https:\\\/\\\/jornalbeirario.com.br\\\/portal\\\/#\\\/schema\\\/logo\\\/image\\\/\",\"url\":\"https:\\\/\\\/jornalbeirario.com.br\\\/portal\\\/wp-content\\\/uploads\\\/2017\\\/09\\\/BEIRA-RIO_logo600.png\",\"contentUrl\":\"https:\\\/\\\/jornalbeirario.com.br\\\/portal\\\/wp-content\\\/uploads\\\/2017\\\/09\\\/BEIRA-RIO_logo600.png\",\"width\":650,\"height\":108,\"caption\":\"JORNAL BEIRA RIO\"},\"image\":{\"@id\":\"https:\\\/\\\/jornalbeirario.com.br\\\/portal\\\/#\\\/schema\\\/logo\\\/image\\\/\"}},{\"@type\":\"Person\",\"@id\":\"https:\\\/\\\/jornalbeirario.com.br\\\/portal\\\/#\\\/schema\\\/person\\\/c6c423e4c2465d2a9233f6539173e7c1\",\"name\":\"Jornal BEIRA-RIO\",\"image\":{\"@type\":\"ImageObject\",\"inLanguage\":\"pt-BR\",\"@id\":\"https:\\\/\\\/jornalbeirario.com.br\\\/portal\\\/wp-content\\\/uploads\\\/2023\\\/10\\\/logojbr1.jpg\",\"url\":\"https:\\\/\\\/jornalbeirario.com.br\\\/portal\\\/wp-content\\\/uploads\\\/2023\\\/10\\\/logojbr1.jpg\",\"contentUrl\":\"https:\\\/\\\/jornalbeirario.com.br\\\/portal\\\/wp-content\\\/uploads\\\/2023\\\/10\\\/logojbr1.jpg\",\"caption\":\"Jornal BEIRA-RIO\"},\"url\":\"https:\\\/\\\/jornalbeirario.com.br\\\/portal\\\/?author=1\"}]}<\/script>\n<!-- \/ Yoast SEO plugin. -->","yoast_head_json":{"title":"Com volta \u00e0s aulas, Sociedade Brasileira de Pediatria faz alerta - JORNAL BEIRA RIO","robots":{"index":"index","follow":"follow","max-snippet":"max-snippet:-1","max-image-preview":"max-image-preview:large","max-video-preview":"max-video-preview:-1"},"canonical":"https:\/\/jornalbeirario.com.br\/portal\/?p=47501","og_locale":"pt_BR","og_type":"article","og_title":"Com volta \u00e0s aulas, Sociedade Brasileira de Pediatria faz alerta - JORNAL BEIRA RIO","og_description":"Com o in\u00edcio do ano letivo em todos os Estados, cresce a preocupa\u00e7\u00e3o de pais e respons\u00e1veis com as medidas necess\u00e1rias para prevenir doen\u00e7as","og_url":"https:\/\/jornalbeirario.com.br\/portal\/?p=47501","og_site_name":"JORNAL BEIRA RIO","article_published_time":"2017-02-15T14:45:54+00:00","og_image":[{"width":640,"height":480,"url":"https:\/\/jornalbeirario.com.br\/portal\/wp-content\/uploads\/2017\/02\/Alunosestudando-32546828.jpg","type":"image\/jpeg"}],"author":"Jornal BEIRA-RIO","twitter_card":"summary_large_image","twitter_misc":{"Escrito por":"Jornal BEIRA-RIO","Est. tempo de leitura":"2 minutos"},"schema":{"@context":"https:\/\/schema.org","@graph":[{"@type":"Article","@id":"https:\/\/jornalbeirario.com.br\/portal\/?p=47501#article","isPartOf":{"@id":"https:\/\/jornalbeirario.com.br\/portal\/?p=47501"},"author":{"name":"Jornal BEIRA-RIO","@id":"https:\/\/jornalbeirario.com.br\/portal\/#\/schema\/person\/c6c423e4c2465d2a9233f6539173e7c1"},"headline":"Com volta \u00e0s aulas, Sociedade Brasileira de Pediatria faz alerta","datePublished":"2017-02-15T14:45:54+00:00","mainEntityOfPage":{"@id":"https:\/\/jornalbeirario.com.br\/portal\/?p=47501"},"wordCount":365,"commentCount":0,"publisher":{"@id":"https:\/\/jornalbeirario.com.br\/portal\/#organization"},"image":{"@id":"https:\/\/jornalbeirario.com.br\/portal\/?p=47501#primaryimage"},"thumbnailUrl":"https:\/\/jornalbeirario.com.br\/portal\/wp-content\/uploads\/2017\/02\/Alunosestudando-32546828.jpg","keywords":["dehoraemhora"],"articleSection":["Sa\u00fade"],"inLanguage":"pt-BR","potentialAction":[{"@type":"CommentAction","name":"Comment","target":["https:\/\/jornalbeirario.com.br\/portal\/?p=47501#respond"]}]},{"@type":"WebPage","@id":"https:\/\/jornalbeirario.com.br\/portal\/?p=47501","url":"https:\/\/jornalbeirario.com.br\/portal\/?p=47501","name":"Com volta \u00e0s aulas, Sociedade Brasileira de Pediatria faz alerta - JORNAL BEIRA RIO","isPartOf":{"@id":"https:\/\/jornalbeirario.com.br\/portal\/#website"},"primaryImageOfPage":{"@id":"https:\/\/jornalbeirario.com.br\/portal\/?p=47501#primaryimage"},"image":{"@id":"https:\/\/jornalbeirario.com.br\/portal\/?p=47501#primaryimage"},"thumbnailUrl":"https:\/\/jornalbeirario.com.br\/portal\/wp-content\/uploads\/2017\/02\/Alunosestudando-32546828.jpg","datePublished":"2017-02-15T14:45:54+00:00","breadcrumb":{"@id":"https:\/\/jornalbeirario.com.br\/portal\/?p=47501#breadcrumb"},"inLanguage":"pt-BR","potentialAction":[{"@type":"ReadAction","target":["https:\/\/jornalbeirario.com.br\/portal\/?p=47501"]}]},{"@type":"ImageObject","inLanguage":"pt-BR","@id":"https:\/\/jornalbeirario.com.br\/portal\/?p=47501#primaryimage","url":"https:\/\/jornalbeirario.com.br\/portal\/wp-content\/uploads\/2017\/02\/Alunosestudando-32546828.jpg","contentUrl":"https:\/\/jornalbeirario.com.br\/portal\/wp-content\/uploads\/2017\/02\/Alunosestudando-32546828.jpg","width":640,"height":480},{"@type":"BreadcrumbList","@id":"https:\/\/jornalbeirario.com.br\/portal\/?p=47501#breadcrumb","itemListElement":[{"@type":"ListItem","position":1,"name":"Home","item":"https:\/\/jornalbeirario.com.br\/portal"},{"@type":"ListItem","position":2,"name":"Com volta \u00e0s aulas, Sociedade Brasileira de Pediatria faz alerta"}]},{"@type":"WebSite","@id":"https:\/\/jornalbeirario.com.br\/portal\/#website","url":"https:\/\/jornalbeirario.com.br\/portal\/","name":"JORNAL BEIRA RIO","description":"","publisher":{"@id":"https:\/\/jornalbeirario.com.br\/portal\/#organization"},"potentialAction":[{"@type":"SearchAction","target":{"@type":"EntryPoint","urlTemplate":"https:\/\/jornalbeirario.com.br\/portal\/?s={search_term_string}"},"query-input":{"@type":"PropertyValueSpecification","valueRequired":true,"valueName":"search_term_string"}}],"inLanguage":"pt-BR"},{"@type":"Organization","@id":"https:\/\/jornalbeirario.com.br\/portal\/#organization","name":"JORNAL BEIRA RIO","url":"https:\/\/jornalbeirario.com.br\/portal\/","logo":{"@type":"ImageObject","inLanguage":"pt-BR","@id":"https:\/\/jornalbeirario.com.br\/portal\/#\/schema\/logo\/image\/","url":"https:\/\/jornalbeirario.com.br\/portal\/wp-content\/uploads\/2017\/09\/BEIRA-RIO_logo600.png","contentUrl":"https:\/\/jornalbeirario.com.br\/portal\/wp-content\/uploads\/2017\/09\/BEIRA-RIO_logo600.png","width":650,"height":108,"caption":"JORNAL BEIRA RIO"},"image":{"@id":"https:\/\/jornalbeirario.com.br\/portal\/#\/schema\/logo\/image\/"}},{"@type":"Person","@id":"https:\/\/jornalbeirario.com.br\/portal\/#\/schema\/person\/c6c423e4c2465d2a9233f6539173e7c1","name":"Jornal BEIRA-RIO","image":{"@type":"ImageObject","inLanguage":"pt-BR","@id":"https:\/\/jornalbeirario.com.br\/portal\/wp-content\/uploads\/2023\/10\/logojbr1.jpg","url":"https:\/\/jornalbeirario.com.br\/portal\/wp-content\/uploads\/2023\/10\/logojbr1.jpg","contentUrl":"https:\/\/jornalbeirario.com.br\/portal\/wp-content\/uploads\/2023\/10\/logojbr1.jpg","caption":"Jornal BEIRA-RIO"},"url":"https:\/\/jornalbeirario.com.br\/portal\/?author=1"}]}},"_links":{"self":[{"href":"https:\/\/jornalbeirario.com.br\/portal\/index.php?rest_route=\/wp\/v2\/posts\/47501","targetHints":{"allow":["GET"]}}],"collection":[{"href":"https:\/\/jornalbeirario.com.br\/portal\/index.php?rest_route=\/wp\/v2\/posts"}],"about":[{"href":"https:\/\/jornalbeirario.com.br\/portal\/index.php?rest_route=\/wp\/v2\/types\/post"}],"author":[{"embeddable":true,"href":"https:\/\/jornalbeirario.com.br\/portal\/index.php?rest_route=\/wp\/v2\/users\/1"}],"replies":[{"embeddable":true,"href":"https:\/\/jornalbeirario.com.br\/portal\/index.php?rest_route=%2Fwp%2Fv2%2Fcomments&post=47501"}],"version-history":[{"count":4,"href":"https:\/\/jornalbeirario.com.br\/portal\/index.php?rest_route=\/wp\/v2\/posts\/47501\/revisions"}],"predecessor-version":[{"id":47509,"href":"https:\/\/jornalbeirario.com.br\/portal\/index.php?rest_route=\/wp\/v2\/posts\/47501\/revisions\/47509"}],"wp:featuredmedia":[{"embeddable":true,"href":"https:\/\/jornalbeirario.com.br\/portal\/index.php?rest_route=\/wp\/v2\/media\/47503"}],"wp:attachment":[{"href":"https:\/\/jornalbeirario.com.br\/portal\/index.php?rest_route=%2Fwp%2Fv2%2Fmedia&parent=47501"}],"wp:term":[{"taxonomy":"category","embeddable":true,"href":"https:\/\/jornalbeirario.com.br\/portal\/index.php?rest_route=%2Fwp%2Fv2%2Fcategories&post=47501"},{"taxonomy":"post_tag","embeddable":true,"href":"https:\/\/jornalbeirario.com.br\/portal\/index.php?rest_route=%2Fwp%2Fv2%2Ftags&post=47501"}],"curies":[{"name":"wp","href":"https:\/\/api.w.org\/{rel}","templated":true}]}}