
{"id":47342,"date":"2017-02-10T20:30:49","date_gmt":"2017-02-10T22:30:49","guid":{"rendered":"http:\/\/jornalbeirario.com.br\/portal\/?p=47342"},"modified":"2017-02-11T12:42:20","modified_gmt":"2017-02-11T14:42:20","slug":"caarj-promovera-acao-na-corrida-da-serra-em-itatiaia","status":"publish","type":"post","link":"https:\/\/jornalbeirario.com.br\/portal\/?p=47342","title":{"rendered":"Corrida Desafio da Serra ter\u00e1 esquema especial"},"content":{"rendered":"<p style=\"text-align: justify;\"><a href=\"http:\/\/jornalbeirario.com.br\/wp-content\/uploads\/2017\/02\/CAARJ-5645647897.jpg\"><img loading=\"lazy\" decoding=\"async\" class=\"alignleft size-medium wp-image-47344\" src=\"http:\/\/jornalbeirario.com.br\/wp-content\/uploads\/2017\/02\/CAARJ-5645647897-300x225.jpg\" alt=\"CAARJ 5645647897\" width=\"300\" height=\"225\" srcset=\"https:\/\/jornalbeirario.com.br\/portal\/wp-content\/uploads\/2017\/02\/CAARJ-5645647897-300x225.jpg 300w, https:\/\/jornalbeirario.com.br\/portal\/wp-content\/uploads\/2017\/02\/CAARJ-5645647897.jpg 640w\" sizes=\"auto, (max-width: 300px) 100vw, 300px\" \/><\/a>A Corrida Desafio da Serra, que acontece neste domingo, dia 12, em Itatiaia, ter\u00e1 um esquema especial montado pela Prefeitura local para receber os 1700 atletas que participar\u00e3o do evento. A Largada acontece \u00e0s 8h. A equipe inclui profissionais das Secretarias de Esporte, Sa\u00fade e da Guarda Municipal, que estar\u00e3o de\u00a0 prontid\u00e3o a partir das 7h.<\/p>\n<p style=\"text-align: justify;\">Um efetivo de 17 guardas est\u00e1 escalado para atuar no controle das vias para manter a fluidez, coibir o estacionamento irregular, ordenar os cruzamentos e orientar os pedestres. Segundo o comandante da corpora\u00e7\u00e3o, Edson Bento Expedito, ser\u00e3o nove agentes distribu\u00eddos em pontos estrat\u00e9gicos do percurso, quatro motociclistas e quatro guardas baseados em duas viaturas.<\/p>\n<p style=\"text-align: justify;\">A largada da competi\u00e7\u00e3o ser\u00e1 no Est\u00e1dio Municipal Mario Pereira da Silva, no Jardim Itatiaia e o percurso monitorado pelos agentes compreende as Avenidas Quatro, Lauro Mendes Bernardes e Avenida I Leste, a Rua 43, a Avenida Sim\u00e3o da Cunha Gago, as ruas\u00a0 Coronel Alfredo Sodr\u00e9 e Clemente Pereira. Em seguida os atletas retornar\u00e3o pelo mesmo percurso.<\/p>\n<p style=\"text-align: justify;\">Conforme o planejamento feito pela Guarda Municipal, al\u00e9m dos agentes que ficar\u00e3o posicionados em locais estrat\u00e9gicos, os motociclistas\u00a0 acompanhar\u00e3o todo o percurso, interditando as vias enquanto os corredores passam.<\/p>\n<p style=\"text-align: justify;\">Ainda de acordo o planejamento da Guarda, quatro motociclistas estar\u00e3o \u00e0 frente dos atletas com a aten\u00e7\u00e3o redobrada nas esquinas e cruzamentos e duas viaturas acompanhar\u00e3o a corrida, sendo uma a frente e outra logo atr\u00e1s dos atletas. O tr\u00e2nsito n\u00e3o ser\u00e1 desviado, uma vez que a previs\u00e3o \u00e9 que a corrida dure poucos minutos, mas em caso de alguma emerg\u00eancia os agentes estar\u00e3o no local para orientar os motoristas.<\/p>\n<p style=\"text-align: justify;\">Na \u00e1rea de Sa\u00fade uma ambul\u00e2ncia e dois t\u00e9cnicos de enfermagem estar\u00e3o no local para realizar atendimentos aos participantes e ao p\u00fablico, caso necess\u00e1rio. A equipe da Secretaria de Esportes ficar\u00e1 respons\u00e1vel pela log\u00edstica da competi\u00e7\u00e3o, al\u00e9m de ajudar a tirar as d\u00favidas dos participantes.<\/p>\n<p style=\"text-align: justify;\">Um esquema especial de limpeza das vias p\u00fablicas tamb\u00e9m foi organizado com a coloca\u00e7\u00e3o de lat\u00f5es para o dep\u00f3sito do lixo descartado no decorrer do percurso. A a\u00e7\u00e3o contar\u00e1 com o apoio de volunt\u00e1rios da ONG Integra\u00e7\u00e3o.<\/p>\n<p style=\"text-align: justify;\">A CORRIDA<br \/>\nA Corrida Desafio da Serra \u00e9 dividida em quatro faixas et\u00e1rias (at\u00e9 25 anos, de 26 anos\u00a0 a 35 anos, de\u00a0 36 anos a 45 anos e mais de 46 anos) e os percursos ser\u00e3o de 5 km e 10 km. A premia\u00e7\u00e3o acontece logo ap\u00f3s a \u00faltima prova com medalhas para todos os participantes, trof\u00e9us para 1\u00b0, 2\u00b0 e 3\u00b0 colocados de cada faixa et\u00e1ria (masculino e feminino) e tamb\u00e9m trof\u00e9us para os 1\u00ba, 2\u00ba e 3\u00ba colocados no geral (masculino e feminino). As inscri\u00e7\u00f5es j\u00e1 foram encerradas.<\/p>\n<p style=\"text-align: justify;\">OUTROS APOIOS<br \/>\nDurante a corrida, a Caixa de Assist\u00eancia dos Advogados do Estado do Rio (Caarj), atrav\u00e9s das equipes dos Eixos Vida e Bem-Estar (foto), estar\u00e1 participando do evento, oferecendo hidrata\u00e7\u00e3o, massoterapia e alongamento.<\/p>\n<p style=\"text-align: justify;\">O trabalho dos grupos, segundo entidade, n\u00e3o se restringir\u00e1 apenas aos advogados e demais atletas que participar\u00e3o da corrida, como tamb\u00e9m para aqueles que n\u00e3o se inscreveram na prova e que forem praticar alguma atividade f\u00edsica pr\u00f3ximo ao local do evento.<\/p>\n<p style=\"text-align: justify;\"><em>Foto: Divulga\u00e7\u00e3o\/Caarj<\/em><\/p>\n<p style=\"text-align: justify;\"><em>Fonte: Assessoria Especial de Comunica\u00e7\u00e3o (PMI) e Caarj<\/em><\/p>\n","protected":false},"excerpt":{"rendered":"<p>A Corrida Desafio da Serra, que acontece neste domingo, dia 12, em Itatiaia, ter\u00e1 um esquema especial montado pela Prefeitura local para receber os<\/p>\n","protected":false},"author":1,"featured_media":47355,"comment_status":"open","ping_status":"open","sticky":false,"template":"","format":"standard","meta":{"pmpro_default_level":"","footnotes":""},"categories":[7,13],"tags":[155],"class_list":["post-47342","post","type-post","status-publish","format-standard","has-post-thumbnail","hentry","category-esportes","category-social","tag-dehoraemhora","pmpro-has-access"],"yoast_head":"<!-- This site is optimized with the Yoast SEO plugin v27.4 - https:\/\/yoast.com\/product\/yoast-seo-wordpress\/ -->\n<title>Corrida Desafio da Serra ter\u00e1 esquema especial - JORNAL BEIRA RIO<\/title>\n<meta name=\"robots\" content=\"index, follow, max-snippet:-1, max-image-preview:large, max-video-preview:-1\" \/>\n<link rel=\"canonical\" href=\"https:\/\/jornalbeirario.com.br\/portal\/?p=47342\" \/>\n<meta property=\"og:locale\" content=\"pt_BR\" \/>\n<meta property=\"og:type\" content=\"article\" \/>\n<meta property=\"og:title\" content=\"Corrida Desafio da Serra ter\u00e1 esquema especial - JORNAL BEIRA RIO\" \/>\n<meta property=\"og:description\" content=\"A Corrida Desafio da Serra, que acontece neste domingo, dia 12, em Itatiaia, ter\u00e1 um esquema especial montado pela Prefeitura local para receber os\" \/>\n<meta property=\"og:url\" content=\"https:\/\/jornalbeirario.com.br\/portal\/?p=47342\" \/>\n<meta property=\"og:site_name\" content=\"JORNAL BEIRA RIO\" \/>\n<meta property=\"article:published_time\" content=\"2017-02-10T22:30:49+00:00\" \/>\n<meta property=\"article:modified_time\" content=\"2017-02-11T14:42:20+00:00\" \/>\n<meta property=\"og:image\" content=\"https:\/\/jornalbeirario.com.br\/portal\/wp-content\/uploads\/2017\/02\/Corrida1.jpg\" \/>\n\t<meta property=\"og:image:width\" content=\"640\" \/>\n\t<meta property=\"og:image:height\" content=\"480\" \/>\n\t<meta property=\"og:image:type\" content=\"image\/jpeg\" \/>\n<meta name=\"author\" content=\"Jornal BEIRA-RIO\" \/>\n<meta name=\"twitter:card\" content=\"summary_large_image\" \/>\n<meta name=\"twitter:label1\" content=\"Escrito por\" \/>\n\t<meta name=\"twitter:data1\" content=\"Jornal BEIRA-RIO\" \/>\n\t<meta name=\"twitter:label2\" content=\"Est. tempo de leitura\" \/>\n\t<meta name=\"twitter:data2\" content=\"3 minutos\" \/>\n<script type=\"application\/ld+json\" class=\"yoast-schema-graph\">{\"@context\":\"https:\\\/\\\/schema.org\",\"@graph\":[{\"@type\":\"Article\",\"@id\":\"https:\\\/\\\/jornalbeirario.com.br\\\/portal\\\/?p=47342#article\",\"isPartOf\":{\"@id\":\"https:\\\/\\\/jornalbeirario.com.br\\\/portal\\\/?p=47342\"},\"author\":{\"name\":\"Jornal BEIRA-RIO\",\"@id\":\"https:\\\/\\\/jornalbeirario.com.br\\\/portal\\\/#\\\/schema\\\/person\\\/c6c423e4c2465d2a9233f6539173e7c1\"},\"headline\":\"Corrida Desafio da Serra ter\u00e1 esquema especial\",\"datePublished\":\"2017-02-10T22:30:49+00:00\",\"dateModified\":\"2017-02-11T14:42:20+00:00\",\"mainEntityOfPage\":{\"@id\":\"https:\\\/\\\/jornalbeirario.com.br\\\/portal\\\/?p=47342\"},\"wordCount\":575,\"commentCount\":0,\"publisher\":{\"@id\":\"https:\\\/\\\/jornalbeirario.com.br\\\/portal\\\/#organization\"},\"image\":{\"@id\":\"https:\\\/\\\/jornalbeirario.com.br\\\/portal\\\/?p=47342#primaryimage\"},\"thumbnailUrl\":\"https:\\\/\\\/jornalbeirario.com.br\\\/portal\\\/wp-content\\\/uploads\\\/2017\\\/02\\\/Corrida1.jpg\",\"keywords\":[\"dehoraemhora\"],\"articleSection\":[\"Esportes\",\"Social\"],\"inLanguage\":\"pt-BR\",\"potentialAction\":[{\"@type\":\"CommentAction\",\"name\":\"Comment\",\"target\":[\"https:\\\/\\\/jornalbeirario.com.br\\\/portal\\\/?p=47342#respond\"]}]},{\"@type\":\"WebPage\",\"@id\":\"https:\\\/\\\/jornalbeirario.com.br\\\/portal\\\/?p=47342\",\"url\":\"https:\\\/\\\/jornalbeirario.com.br\\\/portal\\\/?p=47342\",\"name\":\"Corrida Desafio da Serra ter\u00e1 esquema especial - JORNAL BEIRA RIO\",\"isPartOf\":{\"@id\":\"https:\\\/\\\/jornalbeirario.com.br\\\/portal\\\/#website\"},\"primaryImageOfPage\":{\"@id\":\"https:\\\/\\\/jornalbeirario.com.br\\\/portal\\\/?p=47342#primaryimage\"},\"image\":{\"@id\":\"https:\\\/\\\/jornalbeirario.com.br\\\/portal\\\/?p=47342#primaryimage\"},\"thumbnailUrl\":\"https:\\\/\\\/jornalbeirario.com.br\\\/portal\\\/wp-content\\\/uploads\\\/2017\\\/02\\\/Corrida1.jpg\",\"datePublished\":\"2017-02-10T22:30:49+00:00\",\"dateModified\":\"2017-02-11T14:42:20+00:00\",\"breadcrumb\":{\"@id\":\"https:\\\/\\\/jornalbeirario.com.br\\\/portal\\\/?p=47342#breadcrumb\"},\"inLanguage\":\"pt-BR\",\"potentialAction\":[{\"@type\":\"ReadAction\",\"target\":[\"https:\\\/\\\/jornalbeirario.com.br\\\/portal\\\/?p=47342\"]}]},{\"@type\":\"ImageObject\",\"inLanguage\":\"pt-BR\",\"@id\":\"https:\\\/\\\/jornalbeirario.com.br\\\/portal\\\/?p=47342#primaryimage\",\"url\":\"https:\\\/\\\/jornalbeirario.com.br\\\/portal\\\/wp-content\\\/uploads\\\/2017\\\/02\\\/Corrida1.jpg\",\"contentUrl\":\"https:\\\/\\\/jornalbeirario.com.br\\\/portal\\\/wp-content\\\/uploads\\\/2017\\\/02\\\/Corrida1.jpg\",\"width\":640,\"height\":480},{\"@type\":\"BreadcrumbList\",\"@id\":\"https:\\\/\\\/jornalbeirario.com.br\\\/portal\\\/?p=47342#breadcrumb\",\"itemListElement\":[{\"@type\":\"ListItem\",\"position\":1,\"name\":\"Home\",\"item\":\"https:\\\/\\\/jornalbeirario.com.br\\\/portal\"},{\"@type\":\"ListItem\",\"position\":2,\"name\":\"Corrida Desafio da Serra ter\u00e1 esquema especial\"}]},{\"@type\":\"WebSite\",\"@id\":\"https:\\\/\\\/jornalbeirario.com.br\\\/portal\\\/#website\",\"url\":\"https:\\\/\\\/jornalbeirario.com.br\\\/portal\\\/\",\"name\":\"JORNAL BEIRA RIO\",\"description\":\"\",\"publisher\":{\"@id\":\"https:\\\/\\\/jornalbeirario.com.br\\\/portal\\\/#organization\"},\"potentialAction\":[{\"@type\":\"SearchAction\",\"target\":{\"@type\":\"EntryPoint\",\"urlTemplate\":\"https:\\\/\\\/jornalbeirario.com.br\\\/portal\\\/?s={search_term_string}\"},\"query-input\":{\"@type\":\"PropertyValueSpecification\",\"valueRequired\":true,\"valueName\":\"search_term_string\"}}],\"inLanguage\":\"pt-BR\"},{\"@type\":\"Organization\",\"@id\":\"https:\\\/\\\/jornalbeirario.com.br\\\/portal\\\/#organization\",\"name\":\"JORNAL BEIRA RIO\",\"url\":\"https:\\\/\\\/jornalbeirario.com.br\\\/portal\\\/\",\"logo\":{\"@type\":\"ImageObject\",\"inLanguage\":\"pt-BR\",\"@id\":\"https:\\\/\\\/jornalbeirario.com.br\\\/portal\\\/#\\\/schema\\\/logo\\\/image\\\/\",\"url\":\"https:\\\/\\\/jornalbeirario.com.br\\\/portal\\\/wp-content\\\/uploads\\\/2017\\\/09\\\/BEIRA-RIO_logo600.png\",\"contentUrl\":\"https:\\\/\\\/jornalbeirario.com.br\\\/portal\\\/wp-content\\\/uploads\\\/2017\\\/09\\\/BEIRA-RIO_logo600.png\",\"width\":650,\"height\":108,\"caption\":\"JORNAL BEIRA RIO\"},\"image\":{\"@id\":\"https:\\\/\\\/jornalbeirario.com.br\\\/portal\\\/#\\\/schema\\\/logo\\\/image\\\/\"}},{\"@type\":\"Person\",\"@id\":\"https:\\\/\\\/jornalbeirario.com.br\\\/portal\\\/#\\\/schema\\\/person\\\/c6c423e4c2465d2a9233f6539173e7c1\",\"name\":\"Jornal BEIRA-RIO\",\"image\":{\"@type\":\"ImageObject\",\"inLanguage\":\"pt-BR\",\"@id\":\"https:\\\/\\\/jornalbeirario.com.br\\\/portal\\\/wp-content\\\/uploads\\\/2023\\\/10\\\/logojbr1.jpg\",\"url\":\"https:\\\/\\\/jornalbeirario.com.br\\\/portal\\\/wp-content\\\/uploads\\\/2023\\\/10\\\/logojbr1.jpg\",\"contentUrl\":\"https:\\\/\\\/jornalbeirario.com.br\\\/portal\\\/wp-content\\\/uploads\\\/2023\\\/10\\\/logojbr1.jpg\",\"caption\":\"Jornal BEIRA-RIO\"},\"url\":\"https:\\\/\\\/jornalbeirario.com.br\\\/portal\\\/?author=1\"}]}<\/script>\n<!-- \/ Yoast SEO plugin. -->","yoast_head_json":{"title":"Corrida Desafio da Serra ter\u00e1 esquema especial - JORNAL BEIRA RIO","robots":{"index":"index","follow":"follow","max-snippet":"max-snippet:-1","max-image-preview":"max-image-preview:large","max-video-preview":"max-video-preview:-1"},"canonical":"https:\/\/jornalbeirario.com.br\/portal\/?p=47342","og_locale":"pt_BR","og_type":"article","og_title":"Corrida Desafio da Serra ter\u00e1 esquema especial - JORNAL BEIRA RIO","og_description":"A Corrida Desafio da Serra, que acontece neste domingo, dia 12, em Itatiaia, ter\u00e1 um esquema especial montado pela Prefeitura local para receber os","og_url":"https:\/\/jornalbeirario.com.br\/portal\/?p=47342","og_site_name":"JORNAL BEIRA RIO","article_published_time":"2017-02-10T22:30:49+00:00","article_modified_time":"2017-02-11T14:42:20+00:00","og_image":[{"width":640,"height":480,"url":"https:\/\/jornalbeirario.com.br\/portal\/wp-content\/uploads\/2017\/02\/Corrida1.jpg","type":"image\/jpeg"}],"author":"Jornal BEIRA-RIO","twitter_card":"summary_large_image","twitter_misc":{"Escrito por":"Jornal BEIRA-RIO","Est. tempo de leitura":"3 minutos"},"schema":{"@context":"https:\/\/schema.org","@graph":[{"@type":"Article","@id":"https:\/\/jornalbeirario.com.br\/portal\/?p=47342#article","isPartOf":{"@id":"https:\/\/jornalbeirario.com.br\/portal\/?p=47342"},"author":{"name":"Jornal BEIRA-RIO","@id":"https:\/\/jornalbeirario.com.br\/portal\/#\/schema\/person\/c6c423e4c2465d2a9233f6539173e7c1"},"headline":"Corrida Desafio da Serra ter\u00e1 esquema especial","datePublished":"2017-02-10T22:30:49+00:00","dateModified":"2017-02-11T14:42:20+00:00","mainEntityOfPage":{"@id":"https:\/\/jornalbeirario.com.br\/portal\/?p=47342"},"wordCount":575,"commentCount":0,"publisher":{"@id":"https:\/\/jornalbeirario.com.br\/portal\/#organization"},"image":{"@id":"https:\/\/jornalbeirario.com.br\/portal\/?p=47342#primaryimage"},"thumbnailUrl":"https:\/\/jornalbeirario.com.br\/portal\/wp-content\/uploads\/2017\/02\/Corrida1.jpg","keywords":["dehoraemhora"],"articleSection":["Esportes","Social"],"inLanguage":"pt-BR","potentialAction":[{"@type":"CommentAction","name":"Comment","target":["https:\/\/jornalbeirario.com.br\/portal\/?p=47342#respond"]}]},{"@type":"WebPage","@id":"https:\/\/jornalbeirario.com.br\/portal\/?p=47342","url":"https:\/\/jornalbeirario.com.br\/portal\/?p=47342","name":"Corrida Desafio da Serra ter\u00e1 esquema especial - JORNAL BEIRA RIO","isPartOf":{"@id":"https:\/\/jornalbeirario.com.br\/portal\/#website"},"primaryImageOfPage":{"@id":"https:\/\/jornalbeirario.com.br\/portal\/?p=47342#primaryimage"},"image":{"@id":"https:\/\/jornalbeirario.com.br\/portal\/?p=47342#primaryimage"},"thumbnailUrl":"https:\/\/jornalbeirario.com.br\/portal\/wp-content\/uploads\/2017\/02\/Corrida1.jpg","datePublished":"2017-02-10T22:30:49+00:00","dateModified":"2017-02-11T14:42:20+00:00","breadcrumb":{"@id":"https:\/\/jornalbeirario.com.br\/portal\/?p=47342#breadcrumb"},"inLanguage":"pt-BR","potentialAction":[{"@type":"ReadAction","target":["https:\/\/jornalbeirario.com.br\/portal\/?p=47342"]}]},{"@type":"ImageObject","inLanguage":"pt-BR","@id":"https:\/\/jornalbeirario.com.br\/portal\/?p=47342#primaryimage","url":"https:\/\/jornalbeirario.com.br\/portal\/wp-content\/uploads\/2017\/02\/Corrida1.jpg","contentUrl":"https:\/\/jornalbeirario.com.br\/portal\/wp-content\/uploads\/2017\/02\/Corrida1.jpg","width":640,"height":480},{"@type":"BreadcrumbList","@id":"https:\/\/jornalbeirario.com.br\/portal\/?p=47342#breadcrumb","itemListElement":[{"@type":"ListItem","position":1,"name":"Home","item":"https:\/\/jornalbeirario.com.br\/portal"},{"@type":"ListItem","position":2,"name":"Corrida Desafio da Serra ter\u00e1 esquema especial"}]},{"@type":"WebSite","@id":"https:\/\/jornalbeirario.com.br\/portal\/#website","url":"https:\/\/jornalbeirario.com.br\/portal\/","name":"JORNAL BEIRA RIO","description":"","publisher":{"@id":"https:\/\/jornalbeirario.com.br\/portal\/#organization"},"potentialAction":[{"@type":"SearchAction","target":{"@type":"EntryPoint","urlTemplate":"https:\/\/jornalbeirario.com.br\/portal\/?s={search_term_string}"},"query-input":{"@type":"PropertyValueSpecification","valueRequired":true,"valueName":"search_term_string"}}],"inLanguage":"pt-BR"},{"@type":"Organization","@id":"https:\/\/jornalbeirario.com.br\/portal\/#organization","name":"JORNAL BEIRA RIO","url":"https:\/\/jornalbeirario.com.br\/portal\/","logo":{"@type":"ImageObject","inLanguage":"pt-BR","@id":"https:\/\/jornalbeirario.com.br\/portal\/#\/schema\/logo\/image\/","url":"https:\/\/jornalbeirario.com.br\/portal\/wp-content\/uploads\/2017\/09\/BEIRA-RIO_logo600.png","contentUrl":"https:\/\/jornalbeirario.com.br\/portal\/wp-content\/uploads\/2017\/09\/BEIRA-RIO_logo600.png","width":650,"height":108,"caption":"JORNAL BEIRA RIO"},"image":{"@id":"https:\/\/jornalbeirario.com.br\/portal\/#\/schema\/logo\/image\/"}},{"@type":"Person","@id":"https:\/\/jornalbeirario.com.br\/portal\/#\/schema\/person\/c6c423e4c2465d2a9233f6539173e7c1","name":"Jornal BEIRA-RIO","image":{"@type":"ImageObject","inLanguage":"pt-BR","@id":"https:\/\/jornalbeirario.com.br\/portal\/wp-content\/uploads\/2023\/10\/logojbr1.jpg","url":"https:\/\/jornalbeirario.com.br\/portal\/wp-content\/uploads\/2023\/10\/logojbr1.jpg","contentUrl":"https:\/\/jornalbeirario.com.br\/portal\/wp-content\/uploads\/2023\/10\/logojbr1.jpg","caption":"Jornal BEIRA-RIO"},"url":"https:\/\/jornalbeirario.com.br\/portal\/?author=1"}]}},"_links":{"self":[{"href":"https:\/\/jornalbeirario.com.br\/portal\/index.php?rest_route=\/wp\/v2\/posts\/47342","targetHints":{"allow":["GET"]}}],"collection":[{"href":"https:\/\/jornalbeirario.com.br\/portal\/index.php?rest_route=\/wp\/v2\/posts"}],"about":[{"href":"https:\/\/jornalbeirario.com.br\/portal\/index.php?rest_route=\/wp\/v2\/types\/post"}],"author":[{"embeddable":true,"href":"https:\/\/jornalbeirario.com.br\/portal\/index.php?rest_route=\/wp\/v2\/users\/1"}],"replies":[{"embeddable":true,"href":"https:\/\/jornalbeirario.com.br\/portal\/index.php?rest_route=%2Fwp%2Fv2%2Fcomments&post=47342"}],"version-history":[{"count":7,"href":"https:\/\/jornalbeirario.com.br\/portal\/index.php?rest_route=\/wp\/v2\/posts\/47342\/revisions"}],"predecessor-version":[{"id":47357,"href":"https:\/\/jornalbeirario.com.br\/portal\/index.php?rest_route=\/wp\/v2\/posts\/47342\/revisions\/47357"}],"wp:featuredmedia":[{"embeddable":true,"href":"https:\/\/jornalbeirario.com.br\/portal\/index.php?rest_route=\/wp\/v2\/media\/47355"}],"wp:attachment":[{"href":"https:\/\/jornalbeirario.com.br\/portal\/index.php?rest_route=%2Fwp%2Fv2%2Fmedia&parent=47342"}],"wp:term":[{"taxonomy":"category","embeddable":true,"href":"https:\/\/jornalbeirario.com.br\/portal\/index.php?rest_route=%2Fwp%2Fv2%2Fcategories&post=47342"},{"taxonomy":"post_tag","embeddable":true,"href":"https:\/\/jornalbeirario.com.br\/portal\/index.php?rest_route=%2Fwp%2Fv2%2Ftags&post=47342"}],"curies":[{"name":"wp","href":"https:\/\/api.w.org\/{rel}","templated":true}]}}