
{"id":46721,"date":"2017-01-20T15:24:19","date_gmt":"2017-01-20T15:24:19","guid":{"rendered":"http:\/\/jornalbeirario.com.br\/portal\/?p=46721"},"modified":"2017-01-20T15:24:19","modified_gmt":"2017-01-20T15:24:19","slug":"no-dia-de-hoje-e-por-muitos-dias","status":"publish","type":"post","link":"https:\/\/jornalbeirario.com.br\/portal\/?p=46721","title":{"rendered":"No dia de hoje e por muitos dias"},"content":{"rendered":"<p style=\"text-align: justify;\">No dia de hoje e por muitos dias em todos os ve\u00edculos de comunica\u00e7\u00e3o do pa\u00eds o que mais ouviremos falar ser\u00e1 da morte do Ministro do Supremo Teori Albino Zavascki, aos 68 anos, e das circunst\u00e2ncias que a cercam, bem como dos fatores que contribu\u00edram direta ou indiretamente.<\/p>\n<p style=\"text-align: justify;\">Como o ministro era o relator da opera\u00e7\u00e3o Lava Jato no STF, portanto respons\u00e1vel pelos casos relacionados ao maior esc\u00e2ndalo de corrup\u00e7\u00e3o da hist\u00f3ria recente do pa\u00eds,<br \/>\nv\u00e1rias conjecturas sobre seu desaparecimento ser\u00e3o oferecidas sem economias. N\u00e3o vai faltar quem ligue um fato ao outro, quem relacione um acontecimento a esse ou formule incont\u00e1veis teorias conspirat\u00f3rias ou n\u00e3o.<\/p>\n<p style=\"text-align: justify;\">Pouco se dir\u00e1 sobre outras pessoas que tamb\u00e9m foram vitimas do tr\u00e1gico acidente. Nas primeiras not\u00edcias, a informa\u00e7\u00e3o que temos s\u00e3o: o piloto Osmar Rodrigues e Carlos Alberto Fernandes Filgueiras, dono da aeronave e do grupo Emiliano Empreendimentos e Participa\u00e7\u00f5es Hoteleiras, al\u00e9m de outras duas passageiras ainda n\u00e3o identificadas. E que v\u00e3o demorar a ser identificadas, pelo visto<\/p>\n<p style=\"text-align: justify;\">Rogo para que n\u00e3o apare\u00e7am fotos das vitimas, mas em tempos de sociedade do espet\u00e1culo, acho muito pouco prov\u00e1vel n\u00e3o dar de cara com uma ou outra por a\u00ed; lamentavelmente. Essa \u00e9 uma das principais faltas de respeito que anda permeando a p\u00f3s modernidade. Tudo se registra, tudo se exp\u00f5e, tudo se veicula. O espet\u00e1culo da exposi\u00e7\u00e3o vai al\u00e9m do respeito pelo outro, pela fam\u00edlia do outro ou da pr\u00f3pria sociedade. Banalizamos tudo, afinal. E nos tornamos insens\u00edveis.<\/p>\n<p style=\"text-align: justify;\">Na minha opini\u00e3o todo o respeito que pudermos demonstrar vai muito pouco. Por causa desse acidente, fam\u00edlias est\u00e3o enlutadas. Filhos perderam seus pais. O pa\u00eds est\u00e1 perplexo.<\/p>\n<p style=\"text-align: justify;\">Independente do motivo, das causas, vidas se perderam e isso \u00e9 o que deve em primeiro lugar nos consternar. Perder a capacidade de saber que outras pessoas sofrem por perdas \u00e9 perder a capacidade humana de acolhimento, de empatia, de solidariedade.<\/p>\n<p style=\"text-align: justify;\">\n<em>\u00c2ngela Alhanati<\/em><br \/>\n<em>contato@angelaalhanati.com.br<\/em><br \/>\n<em>Livre pensadora exercendo seu direito \u00e0 reflex\u00e3o<\/em><\/p>\n","protected":false},"excerpt":{"rendered":"<p>No dia de hoje e por muitos dias em todos os ve\u00edculos de comunica\u00e7\u00e3o do pa\u00eds o que mais ouviremos falar ser\u00e1 da morte<\/p>\n","protected":false},"author":191,"featured_media":0,"comment_status":"open","ping_status":"open","sticky":false,"template":"","format":"standard","meta":{"pmpro_default_level":"","footnotes":""},"categories":[181],"tags":[],"class_list":["post-46721","post","type-post","status-publish","format-standard","hentry","category-colunistas","pmpro-has-access"],"yoast_head":"<!-- This site is optimized with the Yoast SEO plugin v27.4 - https:\/\/yoast.com\/product\/yoast-seo-wordpress\/ -->\n<title>No dia de hoje e por muitos dias - JORNAL BEIRA RIO<\/title>\n<meta name=\"robots\" content=\"index, follow, max-snippet:-1, max-image-preview:large, max-video-preview:-1\" \/>\n<link rel=\"canonical\" href=\"https:\/\/jornalbeirario.com.br\/portal\/?p=46721\" \/>\n<meta property=\"og:locale\" content=\"pt_BR\" \/>\n<meta property=\"og:type\" content=\"article\" \/>\n<meta property=\"og:title\" content=\"No dia de hoje e por muitos dias - JORNAL BEIRA RIO\" \/>\n<meta property=\"og:description\" content=\"No dia de hoje e por muitos dias em todos os ve\u00edculos de comunica\u00e7\u00e3o do pa\u00eds o que mais ouviremos falar ser\u00e1 da morte\" \/>\n<meta property=\"og:url\" content=\"https:\/\/jornalbeirario.com.br\/portal\/?p=46721\" \/>\n<meta property=\"og:site_name\" content=\"JORNAL BEIRA RIO\" \/>\n<meta property=\"article:published_time\" content=\"2017-01-20T15:24:19+00:00\" \/>\n<meta name=\"author\" content=\"Ana L\u00facia\" \/>\n<meta name=\"twitter:card\" content=\"summary_large_image\" \/>\n<meta name=\"twitter:label1\" content=\"Escrito por\" \/>\n\t<meta name=\"twitter:data1\" content=\"Ana L\u00facia\" \/>\n\t<meta name=\"twitter:label2\" content=\"Est. tempo de leitura\" \/>\n\t<meta name=\"twitter:data2\" content=\"2 minutos\" \/>\n<script type=\"application\/ld+json\" class=\"yoast-schema-graph\">{\"@context\":\"https:\\\/\\\/schema.org\",\"@graph\":[{\"@type\":\"Article\",\"@id\":\"https:\\\/\\\/jornalbeirario.com.br\\\/portal\\\/?p=46721#article\",\"isPartOf\":{\"@id\":\"https:\\\/\\\/jornalbeirario.com.br\\\/portal\\\/?p=46721\"},\"author\":{\"name\":\"Ana L\u00facia\",\"@id\":\"https:\\\/\\\/jornalbeirario.com.br\\\/portal\\\/#\\\/schema\\\/person\\\/3d11883a3e35d9ee1dbdeaa18c900bd1\"},\"headline\":\"No dia de hoje e por muitos dias\",\"datePublished\":\"2017-01-20T15:24:19+00:00\",\"mainEntityOfPage\":{\"@id\":\"https:\\\/\\\/jornalbeirario.com.br\\\/portal\\\/?p=46721\"},\"wordCount\":371,\"commentCount\":0,\"publisher\":{\"@id\":\"https:\\\/\\\/jornalbeirario.com.br\\\/portal\\\/#organization\"},\"articleSection\":[\"Colunistas\"],\"inLanguage\":\"pt-BR\",\"potentialAction\":[{\"@type\":\"CommentAction\",\"name\":\"Comment\",\"target\":[\"https:\\\/\\\/jornalbeirario.com.br\\\/portal\\\/?p=46721#respond\"]}]},{\"@type\":\"WebPage\",\"@id\":\"https:\\\/\\\/jornalbeirario.com.br\\\/portal\\\/?p=46721\",\"url\":\"https:\\\/\\\/jornalbeirario.com.br\\\/portal\\\/?p=46721\",\"name\":\"No dia de hoje e por muitos dias - JORNAL BEIRA RIO\",\"isPartOf\":{\"@id\":\"https:\\\/\\\/jornalbeirario.com.br\\\/portal\\\/#website\"},\"datePublished\":\"2017-01-20T15:24:19+00:00\",\"breadcrumb\":{\"@id\":\"https:\\\/\\\/jornalbeirario.com.br\\\/portal\\\/?p=46721#breadcrumb\"},\"inLanguage\":\"pt-BR\",\"potentialAction\":[{\"@type\":\"ReadAction\",\"target\":[\"https:\\\/\\\/jornalbeirario.com.br\\\/portal\\\/?p=46721\"]}]},{\"@type\":\"BreadcrumbList\",\"@id\":\"https:\\\/\\\/jornalbeirario.com.br\\\/portal\\\/?p=46721#breadcrumb\",\"itemListElement\":[{\"@type\":\"ListItem\",\"position\":1,\"name\":\"Home\",\"item\":\"https:\\\/\\\/jornalbeirario.com.br\\\/portal\"},{\"@type\":\"ListItem\",\"position\":2,\"name\":\"No dia de hoje e por muitos dias\"}]},{\"@type\":\"WebSite\",\"@id\":\"https:\\\/\\\/jornalbeirario.com.br\\\/portal\\\/#website\",\"url\":\"https:\\\/\\\/jornalbeirario.com.br\\\/portal\\\/\",\"name\":\"JORNAL BEIRA RIO\",\"description\":\"\",\"publisher\":{\"@id\":\"https:\\\/\\\/jornalbeirario.com.br\\\/portal\\\/#organization\"},\"potentialAction\":[{\"@type\":\"SearchAction\",\"target\":{\"@type\":\"EntryPoint\",\"urlTemplate\":\"https:\\\/\\\/jornalbeirario.com.br\\\/portal\\\/?s={search_term_string}\"},\"query-input\":{\"@type\":\"PropertyValueSpecification\",\"valueRequired\":true,\"valueName\":\"search_term_string\"}}],\"inLanguage\":\"pt-BR\"},{\"@type\":\"Organization\",\"@id\":\"https:\\\/\\\/jornalbeirario.com.br\\\/portal\\\/#organization\",\"name\":\"JORNAL BEIRA RIO\",\"url\":\"https:\\\/\\\/jornalbeirario.com.br\\\/portal\\\/\",\"logo\":{\"@type\":\"ImageObject\",\"inLanguage\":\"pt-BR\",\"@id\":\"https:\\\/\\\/jornalbeirario.com.br\\\/portal\\\/#\\\/schema\\\/logo\\\/image\\\/\",\"url\":\"https:\\\/\\\/jornalbeirario.com.br\\\/portal\\\/wp-content\\\/uploads\\\/2017\\\/09\\\/BEIRA-RIO_logo600.png\",\"contentUrl\":\"https:\\\/\\\/jornalbeirario.com.br\\\/portal\\\/wp-content\\\/uploads\\\/2017\\\/09\\\/BEIRA-RIO_logo600.png\",\"width\":650,\"height\":108,\"caption\":\"JORNAL BEIRA RIO\"},\"image\":{\"@id\":\"https:\\\/\\\/jornalbeirario.com.br\\\/portal\\\/#\\\/schema\\\/logo\\\/image\\\/\"}},{\"@type\":\"Person\",\"@id\":\"https:\\\/\\\/jornalbeirario.com.br\\\/portal\\\/#\\\/schema\\\/person\\\/3d11883a3e35d9ee1dbdeaa18c900bd1\",\"name\":\"Ana L\u00facia\",\"image\":{\"@type\":\"ImageObject\",\"inLanguage\":\"pt-BR\",\"@id\":\"https:\\\/\\\/jornalbeirario.com.br\\\/portal\\\/wp-content\\\/uploads\\\/2023\\\/01\\\/eu-eu.jpg\",\"url\":\"https:\\\/\\\/jornalbeirario.com.br\\\/portal\\\/wp-content\\\/uploads\\\/2023\\\/01\\\/eu-eu.jpg\",\"contentUrl\":\"https:\\\/\\\/jornalbeirario.com.br\\\/portal\\\/wp-content\\\/uploads\\\/2023\\\/01\\\/eu-eu.jpg\",\"caption\":\"Ana L\u00facia\"},\"url\":\"https:\\\/\\\/jornalbeirario.com.br\\\/portal\\\/?author=191\"}]}<\/script>\n<!-- \/ Yoast SEO plugin. -->","yoast_head_json":{"title":"No dia de hoje e por muitos dias - JORNAL BEIRA RIO","robots":{"index":"index","follow":"follow","max-snippet":"max-snippet:-1","max-image-preview":"max-image-preview:large","max-video-preview":"max-video-preview:-1"},"canonical":"https:\/\/jornalbeirario.com.br\/portal\/?p=46721","og_locale":"pt_BR","og_type":"article","og_title":"No dia de hoje e por muitos dias - JORNAL BEIRA RIO","og_description":"No dia de hoje e por muitos dias em todos os ve\u00edculos de comunica\u00e7\u00e3o do pa\u00eds o que mais ouviremos falar ser\u00e1 da morte","og_url":"https:\/\/jornalbeirario.com.br\/portal\/?p=46721","og_site_name":"JORNAL BEIRA RIO","article_published_time":"2017-01-20T15:24:19+00:00","author":"Ana L\u00facia","twitter_card":"summary_large_image","twitter_misc":{"Escrito por":"Ana L\u00facia","Est. tempo de leitura":"2 minutos"},"schema":{"@context":"https:\/\/schema.org","@graph":[{"@type":"Article","@id":"https:\/\/jornalbeirario.com.br\/portal\/?p=46721#article","isPartOf":{"@id":"https:\/\/jornalbeirario.com.br\/portal\/?p=46721"},"author":{"name":"Ana L\u00facia","@id":"https:\/\/jornalbeirario.com.br\/portal\/#\/schema\/person\/3d11883a3e35d9ee1dbdeaa18c900bd1"},"headline":"No dia de hoje e por muitos dias","datePublished":"2017-01-20T15:24:19+00:00","mainEntityOfPage":{"@id":"https:\/\/jornalbeirario.com.br\/portal\/?p=46721"},"wordCount":371,"commentCount":0,"publisher":{"@id":"https:\/\/jornalbeirario.com.br\/portal\/#organization"},"articleSection":["Colunistas"],"inLanguage":"pt-BR","potentialAction":[{"@type":"CommentAction","name":"Comment","target":["https:\/\/jornalbeirario.com.br\/portal\/?p=46721#respond"]}]},{"@type":"WebPage","@id":"https:\/\/jornalbeirario.com.br\/portal\/?p=46721","url":"https:\/\/jornalbeirario.com.br\/portal\/?p=46721","name":"No dia de hoje e por muitos dias - JORNAL BEIRA RIO","isPartOf":{"@id":"https:\/\/jornalbeirario.com.br\/portal\/#website"},"datePublished":"2017-01-20T15:24:19+00:00","breadcrumb":{"@id":"https:\/\/jornalbeirario.com.br\/portal\/?p=46721#breadcrumb"},"inLanguage":"pt-BR","potentialAction":[{"@type":"ReadAction","target":["https:\/\/jornalbeirario.com.br\/portal\/?p=46721"]}]},{"@type":"BreadcrumbList","@id":"https:\/\/jornalbeirario.com.br\/portal\/?p=46721#breadcrumb","itemListElement":[{"@type":"ListItem","position":1,"name":"Home","item":"https:\/\/jornalbeirario.com.br\/portal"},{"@type":"ListItem","position":2,"name":"No dia de hoje e por muitos dias"}]},{"@type":"WebSite","@id":"https:\/\/jornalbeirario.com.br\/portal\/#website","url":"https:\/\/jornalbeirario.com.br\/portal\/","name":"JORNAL BEIRA RIO","description":"","publisher":{"@id":"https:\/\/jornalbeirario.com.br\/portal\/#organization"},"potentialAction":[{"@type":"SearchAction","target":{"@type":"EntryPoint","urlTemplate":"https:\/\/jornalbeirario.com.br\/portal\/?s={search_term_string}"},"query-input":{"@type":"PropertyValueSpecification","valueRequired":true,"valueName":"search_term_string"}}],"inLanguage":"pt-BR"},{"@type":"Organization","@id":"https:\/\/jornalbeirario.com.br\/portal\/#organization","name":"JORNAL BEIRA RIO","url":"https:\/\/jornalbeirario.com.br\/portal\/","logo":{"@type":"ImageObject","inLanguage":"pt-BR","@id":"https:\/\/jornalbeirario.com.br\/portal\/#\/schema\/logo\/image\/","url":"https:\/\/jornalbeirario.com.br\/portal\/wp-content\/uploads\/2017\/09\/BEIRA-RIO_logo600.png","contentUrl":"https:\/\/jornalbeirario.com.br\/portal\/wp-content\/uploads\/2017\/09\/BEIRA-RIO_logo600.png","width":650,"height":108,"caption":"JORNAL BEIRA RIO"},"image":{"@id":"https:\/\/jornalbeirario.com.br\/portal\/#\/schema\/logo\/image\/"}},{"@type":"Person","@id":"https:\/\/jornalbeirario.com.br\/portal\/#\/schema\/person\/3d11883a3e35d9ee1dbdeaa18c900bd1","name":"Ana L\u00facia","image":{"@type":"ImageObject","inLanguage":"pt-BR","@id":"https:\/\/jornalbeirario.com.br\/portal\/wp-content\/uploads\/2023\/01\/eu-eu.jpg","url":"https:\/\/jornalbeirario.com.br\/portal\/wp-content\/uploads\/2023\/01\/eu-eu.jpg","contentUrl":"https:\/\/jornalbeirario.com.br\/portal\/wp-content\/uploads\/2023\/01\/eu-eu.jpg","caption":"Ana L\u00facia"},"url":"https:\/\/jornalbeirario.com.br\/portal\/?author=191"}]}},"_links":{"self":[{"href":"https:\/\/jornalbeirario.com.br\/portal\/index.php?rest_route=\/wp\/v2\/posts\/46721","targetHints":{"allow":["GET"]}}],"collection":[{"href":"https:\/\/jornalbeirario.com.br\/portal\/index.php?rest_route=\/wp\/v2\/posts"}],"about":[{"href":"https:\/\/jornalbeirario.com.br\/portal\/index.php?rest_route=\/wp\/v2\/types\/post"}],"author":[{"embeddable":true,"href":"https:\/\/jornalbeirario.com.br\/portal\/index.php?rest_route=\/wp\/v2\/users\/191"}],"replies":[{"embeddable":true,"href":"https:\/\/jornalbeirario.com.br\/portal\/index.php?rest_route=%2Fwp%2Fv2%2Fcomments&post=46721"}],"version-history":[{"count":1,"href":"https:\/\/jornalbeirario.com.br\/portal\/index.php?rest_route=\/wp\/v2\/posts\/46721\/revisions"}],"predecessor-version":[{"id":46722,"href":"https:\/\/jornalbeirario.com.br\/portal\/index.php?rest_route=\/wp\/v2\/posts\/46721\/revisions\/46722"}],"wp:attachment":[{"href":"https:\/\/jornalbeirario.com.br\/portal\/index.php?rest_route=%2Fwp%2Fv2%2Fmedia&parent=46721"}],"wp:term":[{"taxonomy":"category","embeddable":true,"href":"https:\/\/jornalbeirario.com.br\/portal\/index.php?rest_route=%2Fwp%2Fv2%2Fcategories&post=46721"},{"taxonomy":"post_tag","embeddable":true,"href":"https:\/\/jornalbeirario.com.br\/portal\/index.php?rest_route=%2Fwp%2Fv2%2Ftags&post=46721"}],"curies":[{"name":"wp","href":"https:\/\/api.w.org\/{rel}","templated":true}]}}