
{"id":46635,"date":"2017-01-13T13:25:55","date_gmt":"2017-01-13T13:25:55","guid":{"rendered":"http:\/\/jornalbeirario.com.br\/portal\/?p=46635"},"modified":"2017-01-13T13:26:54","modified_gmt":"2017-01-13T13:26:54","slug":"os-catolicos-sentiram-na-pele","status":"publish","type":"post","link":"https:\/\/jornalbeirario.com.br\/portal\/?p=46635","title":{"rendered":"Os cat\u00f3licos sentiram na pele"},"content":{"rendered":"<p style=\"text-align: justify;\">Os cat\u00f3licos sentiram na pele o quanto a intoler\u00e2ncia religiosa pode ser agressiva.<\/p>\n<p style=\"text-align: justify;\">A a\u00e7\u00e3o da pastora Z\u00e9lia Ribeiro que pertence a igreja Alian\u00e7a com Deus foi transmitida ao vivo pelo programa A Marreta da R\u00e1dio Municipalista de Botucatu e aconteceu em uma esp\u00e9cie de culto. Enquanto a pastora marretava a imagem de N.S. Aparecida, algu\u00e9m gritava que ela estava destruindo a obra do inimigo em nome do senhor Jesus e uma outra mulher se movimentava com as m\u00e3os para o alto em c\u00edrculos. Ritual bizarro e que beira o fundamentalismo religioso.<\/p>\n<p style=\"text-align: justify;\">N\u00e3o foi a primeira vez que um religioso ofende publicamente a f\u00e9 de tantas pessoas oferecendo sua intoler\u00e2ncia atrav\u00e9s da m\u00eddia. Os mais antigos devem se recordar de um caso semelhante que ganhou notoriedade em 12 de outubro de 1995. O ex bispo da Igreja Universal do Reino de Deus S\u00e9rgio Von Helder chutou uma imagem de Nossa Senhora em pleno culto que era transmitido pela TV Record. Foi um Deus-nos-acuda! O caso gerou muita e tanta pol\u00eamica que que Von Helde foi execrado e precisou deixar o pa\u00eds para um ex\u00edlio nos EUA. Chegou a morar no M\u00e9xico, Porto Rico, Col\u00f4mbia e Venezuela. Rompeu com a igreja de Edir Macedo e retornou definitivamente ao Brasil em 2014. Foi ser respons\u00e1vel pela Igreja da Restaura\u00e7\u00e3o criada por outro dissidente da Universal, o bispo Angelo Barbosa. Segundo veiculado pela m\u00eddia, o chutador de santa foi condenado a dois anos e dois meses de pris\u00e3o por discrimina\u00e7\u00e3o religiosa e vilip\u00eandio de imagem religiosa.<\/p>\n<p style=\"text-align: justify;\">Ningu\u00e9m tem o direito de profanar a f\u00e9 alheia. E justamente eu que n\u00e3o tenho religi\u00e3o ou credo defendo que os rituais, as liturgias, enfim, todo sagrado concebido pelo mito religioso n\u00e3o pode ser maculado. \u00c9 grave, \u00e9 insultante, \u00e9 infame e desonroso.<\/p>\n<p style=\"text-align: justify;\">Todas as religi\u00f5es, credos, seitas, tudo o que prov\u00e9m da f\u00e9 humana precisa ser respeitado como uma cultura de sustenta\u00e7\u00e3o, de apoio. Existe, para a maioria dos seres viventes, um sincretismo entre a exist\u00eancia e a espiritualidade. N\u00e3o se pode desvincular. O homem necessita desse norte para viver.<\/p>\n<p style=\"text-align: justify;\">E aproveitando o texto cujo mote \u00e9 a intoler\u00e2ncia religiosa, n\u00e3o pode chutar a Santa. E nem a \u201cmacumba\u201d, nome vulgar e incorreto que as pessoas conferem \u00e0s oferendas e trabalhos em encontrados em encruzilhadas.<\/p>\n<p style=\"text-align: justify;\">Pela paz. Sempre.<\/p>\n<p style=\"text-align: justify;\"><em>\u00c2ngela Alhanati<\/em><br \/>\n<em>contato@angelaalhanati.com.br<\/em><br \/>\n<em>Livre pensadora exercendo seu direito \u00e0 reflex\u00e3o<\/em><\/p>\n","protected":false},"excerpt":{"rendered":"<p>Os cat\u00f3licos sentiram na pele o quanto a intoler\u00e2ncia religiosa pode ser agressiva. A a\u00e7\u00e3o da pastora Z\u00e9lia Ribeiro que pertence a igreja Alian\u00e7a<\/p>\n","protected":false},"author":191,"featured_media":0,"comment_status":"open","ping_status":"open","sticky":false,"template":"","format":"standard","meta":{"pmpro_default_level":"","footnotes":""},"categories":[181],"tags":[],"class_list":["post-46635","post","type-post","status-publish","format-standard","hentry","category-colunistas","pmpro-has-access"],"yoast_head":"<!-- This site is optimized with the Yoast SEO plugin v27.4 - https:\/\/yoast.com\/product\/yoast-seo-wordpress\/ -->\n<title>Os cat\u00f3licos sentiram na pele - JORNAL BEIRA RIO<\/title>\n<meta name=\"robots\" content=\"index, follow, max-snippet:-1, max-image-preview:large, max-video-preview:-1\" \/>\n<link rel=\"canonical\" href=\"https:\/\/jornalbeirario.com.br\/portal\/?p=46635\" \/>\n<meta property=\"og:locale\" content=\"pt_BR\" \/>\n<meta property=\"og:type\" content=\"article\" \/>\n<meta property=\"og:title\" content=\"Os cat\u00f3licos sentiram na pele - JORNAL BEIRA RIO\" \/>\n<meta property=\"og:description\" content=\"Os cat\u00f3licos sentiram na pele o quanto a intoler\u00e2ncia religiosa pode ser agressiva. A a\u00e7\u00e3o da pastora Z\u00e9lia Ribeiro que pertence a igreja Alian\u00e7a\" \/>\n<meta property=\"og:url\" content=\"https:\/\/jornalbeirario.com.br\/portal\/?p=46635\" \/>\n<meta property=\"og:site_name\" content=\"JORNAL BEIRA RIO\" \/>\n<meta property=\"article:published_time\" content=\"2017-01-13T13:25:55+00:00\" \/>\n<meta property=\"article:modified_time\" content=\"2017-01-13T13:26:54+00:00\" \/>\n<meta name=\"author\" content=\"Ana L\u00facia\" \/>\n<meta name=\"twitter:card\" content=\"summary_large_image\" \/>\n<meta name=\"twitter:label1\" content=\"Escrito por\" \/>\n\t<meta name=\"twitter:data1\" content=\"Ana L\u00facia\" \/>\n\t<meta name=\"twitter:label2\" content=\"Est. tempo de leitura\" \/>\n\t<meta name=\"twitter:data2\" content=\"2 minutos\" \/>\n<script type=\"application\/ld+json\" class=\"yoast-schema-graph\">{\"@context\":\"https:\\\/\\\/schema.org\",\"@graph\":[{\"@type\":\"Article\",\"@id\":\"https:\\\/\\\/jornalbeirario.com.br\\\/portal\\\/?p=46635#article\",\"isPartOf\":{\"@id\":\"https:\\\/\\\/jornalbeirario.com.br\\\/portal\\\/?p=46635\"},\"author\":{\"name\":\"Ana L\u00facia\",\"@id\":\"https:\\\/\\\/jornalbeirario.com.br\\\/portal\\\/#\\\/schema\\\/person\\\/3d11883a3e35d9ee1dbdeaa18c900bd1\"},\"headline\":\"Os cat\u00f3licos sentiram na pele\",\"datePublished\":\"2017-01-13T13:25:55+00:00\",\"dateModified\":\"2017-01-13T13:26:54+00:00\",\"mainEntityOfPage\":{\"@id\":\"https:\\\/\\\/jornalbeirario.com.br\\\/portal\\\/?p=46635\"},\"wordCount\":432,\"commentCount\":1,\"publisher\":{\"@id\":\"https:\\\/\\\/jornalbeirario.com.br\\\/portal\\\/#organization\"},\"articleSection\":[\"Colunistas\"],\"inLanguage\":\"pt-BR\",\"potentialAction\":[{\"@type\":\"CommentAction\",\"name\":\"Comment\",\"target\":[\"https:\\\/\\\/jornalbeirario.com.br\\\/portal\\\/?p=46635#respond\"]}]},{\"@type\":\"WebPage\",\"@id\":\"https:\\\/\\\/jornalbeirario.com.br\\\/portal\\\/?p=46635\",\"url\":\"https:\\\/\\\/jornalbeirario.com.br\\\/portal\\\/?p=46635\",\"name\":\"Os cat\u00f3licos sentiram na pele - JORNAL BEIRA RIO\",\"isPartOf\":{\"@id\":\"https:\\\/\\\/jornalbeirario.com.br\\\/portal\\\/#website\"},\"datePublished\":\"2017-01-13T13:25:55+00:00\",\"dateModified\":\"2017-01-13T13:26:54+00:00\",\"breadcrumb\":{\"@id\":\"https:\\\/\\\/jornalbeirario.com.br\\\/portal\\\/?p=46635#breadcrumb\"},\"inLanguage\":\"pt-BR\",\"potentialAction\":[{\"@type\":\"ReadAction\",\"target\":[\"https:\\\/\\\/jornalbeirario.com.br\\\/portal\\\/?p=46635\"]}]},{\"@type\":\"BreadcrumbList\",\"@id\":\"https:\\\/\\\/jornalbeirario.com.br\\\/portal\\\/?p=46635#breadcrumb\",\"itemListElement\":[{\"@type\":\"ListItem\",\"position\":1,\"name\":\"Home\",\"item\":\"https:\\\/\\\/jornalbeirario.com.br\\\/portal\"},{\"@type\":\"ListItem\",\"position\":2,\"name\":\"Os cat\u00f3licos sentiram na pele\"}]},{\"@type\":\"WebSite\",\"@id\":\"https:\\\/\\\/jornalbeirario.com.br\\\/portal\\\/#website\",\"url\":\"https:\\\/\\\/jornalbeirario.com.br\\\/portal\\\/\",\"name\":\"JORNAL BEIRA RIO\",\"description\":\"\",\"publisher\":{\"@id\":\"https:\\\/\\\/jornalbeirario.com.br\\\/portal\\\/#organization\"},\"potentialAction\":[{\"@type\":\"SearchAction\",\"target\":{\"@type\":\"EntryPoint\",\"urlTemplate\":\"https:\\\/\\\/jornalbeirario.com.br\\\/portal\\\/?s={search_term_string}\"},\"query-input\":{\"@type\":\"PropertyValueSpecification\",\"valueRequired\":true,\"valueName\":\"search_term_string\"}}],\"inLanguage\":\"pt-BR\"},{\"@type\":\"Organization\",\"@id\":\"https:\\\/\\\/jornalbeirario.com.br\\\/portal\\\/#organization\",\"name\":\"JORNAL BEIRA RIO\",\"url\":\"https:\\\/\\\/jornalbeirario.com.br\\\/portal\\\/\",\"logo\":{\"@type\":\"ImageObject\",\"inLanguage\":\"pt-BR\",\"@id\":\"https:\\\/\\\/jornalbeirario.com.br\\\/portal\\\/#\\\/schema\\\/logo\\\/image\\\/\",\"url\":\"https:\\\/\\\/jornalbeirario.com.br\\\/portal\\\/wp-content\\\/uploads\\\/2017\\\/09\\\/BEIRA-RIO_logo600.png\",\"contentUrl\":\"https:\\\/\\\/jornalbeirario.com.br\\\/portal\\\/wp-content\\\/uploads\\\/2017\\\/09\\\/BEIRA-RIO_logo600.png\",\"width\":650,\"height\":108,\"caption\":\"JORNAL BEIRA RIO\"},\"image\":{\"@id\":\"https:\\\/\\\/jornalbeirario.com.br\\\/portal\\\/#\\\/schema\\\/logo\\\/image\\\/\"}},{\"@type\":\"Person\",\"@id\":\"https:\\\/\\\/jornalbeirario.com.br\\\/portal\\\/#\\\/schema\\\/person\\\/3d11883a3e35d9ee1dbdeaa18c900bd1\",\"name\":\"Ana L\u00facia\",\"image\":{\"@type\":\"ImageObject\",\"inLanguage\":\"pt-BR\",\"@id\":\"https:\\\/\\\/jornalbeirario.com.br\\\/portal\\\/wp-content\\\/uploads\\\/2023\\\/01\\\/eu-eu.jpg\",\"url\":\"https:\\\/\\\/jornalbeirario.com.br\\\/portal\\\/wp-content\\\/uploads\\\/2023\\\/01\\\/eu-eu.jpg\",\"contentUrl\":\"https:\\\/\\\/jornalbeirario.com.br\\\/portal\\\/wp-content\\\/uploads\\\/2023\\\/01\\\/eu-eu.jpg\",\"caption\":\"Ana L\u00facia\"},\"url\":\"https:\\\/\\\/jornalbeirario.com.br\\\/portal\\\/?author=191\"}]}<\/script>\n<!-- \/ Yoast SEO plugin. -->","yoast_head_json":{"title":"Os cat\u00f3licos sentiram na pele - JORNAL BEIRA RIO","robots":{"index":"index","follow":"follow","max-snippet":"max-snippet:-1","max-image-preview":"max-image-preview:large","max-video-preview":"max-video-preview:-1"},"canonical":"https:\/\/jornalbeirario.com.br\/portal\/?p=46635","og_locale":"pt_BR","og_type":"article","og_title":"Os cat\u00f3licos sentiram na pele - JORNAL BEIRA RIO","og_description":"Os cat\u00f3licos sentiram na pele o quanto a intoler\u00e2ncia religiosa pode ser agressiva. A a\u00e7\u00e3o da pastora Z\u00e9lia Ribeiro que pertence a igreja Alian\u00e7a","og_url":"https:\/\/jornalbeirario.com.br\/portal\/?p=46635","og_site_name":"JORNAL BEIRA RIO","article_published_time":"2017-01-13T13:25:55+00:00","article_modified_time":"2017-01-13T13:26:54+00:00","author":"Ana L\u00facia","twitter_card":"summary_large_image","twitter_misc":{"Escrito por":"Ana L\u00facia","Est. tempo de leitura":"2 minutos"},"schema":{"@context":"https:\/\/schema.org","@graph":[{"@type":"Article","@id":"https:\/\/jornalbeirario.com.br\/portal\/?p=46635#article","isPartOf":{"@id":"https:\/\/jornalbeirario.com.br\/portal\/?p=46635"},"author":{"name":"Ana L\u00facia","@id":"https:\/\/jornalbeirario.com.br\/portal\/#\/schema\/person\/3d11883a3e35d9ee1dbdeaa18c900bd1"},"headline":"Os cat\u00f3licos sentiram na pele","datePublished":"2017-01-13T13:25:55+00:00","dateModified":"2017-01-13T13:26:54+00:00","mainEntityOfPage":{"@id":"https:\/\/jornalbeirario.com.br\/portal\/?p=46635"},"wordCount":432,"commentCount":1,"publisher":{"@id":"https:\/\/jornalbeirario.com.br\/portal\/#organization"},"articleSection":["Colunistas"],"inLanguage":"pt-BR","potentialAction":[{"@type":"CommentAction","name":"Comment","target":["https:\/\/jornalbeirario.com.br\/portal\/?p=46635#respond"]}]},{"@type":"WebPage","@id":"https:\/\/jornalbeirario.com.br\/portal\/?p=46635","url":"https:\/\/jornalbeirario.com.br\/portal\/?p=46635","name":"Os cat\u00f3licos sentiram na pele - JORNAL BEIRA RIO","isPartOf":{"@id":"https:\/\/jornalbeirario.com.br\/portal\/#website"},"datePublished":"2017-01-13T13:25:55+00:00","dateModified":"2017-01-13T13:26:54+00:00","breadcrumb":{"@id":"https:\/\/jornalbeirario.com.br\/portal\/?p=46635#breadcrumb"},"inLanguage":"pt-BR","potentialAction":[{"@type":"ReadAction","target":["https:\/\/jornalbeirario.com.br\/portal\/?p=46635"]}]},{"@type":"BreadcrumbList","@id":"https:\/\/jornalbeirario.com.br\/portal\/?p=46635#breadcrumb","itemListElement":[{"@type":"ListItem","position":1,"name":"Home","item":"https:\/\/jornalbeirario.com.br\/portal"},{"@type":"ListItem","position":2,"name":"Os cat\u00f3licos sentiram na pele"}]},{"@type":"WebSite","@id":"https:\/\/jornalbeirario.com.br\/portal\/#website","url":"https:\/\/jornalbeirario.com.br\/portal\/","name":"JORNAL BEIRA RIO","description":"","publisher":{"@id":"https:\/\/jornalbeirario.com.br\/portal\/#organization"},"potentialAction":[{"@type":"SearchAction","target":{"@type":"EntryPoint","urlTemplate":"https:\/\/jornalbeirario.com.br\/portal\/?s={search_term_string}"},"query-input":{"@type":"PropertyValueSpecification","valueRequired":true,"valueName":"search_term_string"}}],"inLanguage":"pt-BR"},{"@type":"Organization","@id":"https:\/\/jornalbeirario.com.br\/portal\/#organization","name":"JORNAL BEIRA RIO","url":"https:\/\/jornalbeirario.com.br\/portal\/","logo":{"@type":"ImageObject","inLanguage":"pt-BR","@id":"https:\/\/jornalbeirario.com.br\/portal\/#\/schema\/logo\/image\/","url":"https:\/\/jornalbeirario.com.br\/portal\/wp-content\/uploads\/2017\/09\/BEIRA-RIO_logo600.png","contentUrl":"https:\/\/jornalbeirario.com.br\/portal\/wp-content\/uploads\/2017\/09\/BEIRA-RIO_logo600.png","width":650,"height":108,"caption":"JORNAL BEIRA RIO"},"image":{"@id":"https:\/\/jornalbeirario.com.br\/portal\/#\/schema\/logo\/image\/"}},{"@type":"Person","@id":"https:\/\/jornalbeirario.com.br\/portal\/#\/schema\/person\/3d11883a3e35d9ee1dbdeaa18c900bd1","name":"Ana L\u00facia","image":{"@type":"ImageObject","inLanguage":"pt-BR","@id":"https:\/\/jornalbeirario.com.br\/portal\/wp-content\/uploads\/2023\/01\/eu-eu.jpg","url":"https:\/\/jornalbeirario.com.br\/portal\/wp-content\/uploads\/2023\/01\/eu-eu.jpg","contentUrl":"https:\/\/jornalbeirario.com.br\/portal\/wp-content\/uploads\/2023\/01\/eu-eu.jpg","caption":"Ana L\u00facia"},"url":"https:\/\/jornalbeirario.com.br\/portal\/?author=191"}]}},"_links":{"self":[{"href":"https:\/\/jornalbeirario.com.br\/portal\/index.php?rest_route=\/wp\/v2\/posts\/46635","targetHints":{"allow":["GET"]}}],"collection":[{"href":"https:\/\/jornalbeirario.com.br\/portal\/index.php?rest_route=\/wp\/v2\/posts"}],"about":[{"href":"https:\/\/jornalbeirario.com.br\/portal\/index.php?rest_route=\/wp\/v2\/types\/post"}],"author":[{"embeddable":true,"href":"https:\/\/jornalbeirario.com.br\/portal\/index.php?rest_route=\/wp\/v2\/users\/191"}],"replies":[{"embeddable":true,"href":"https:\/\/jornalbeirario.com.br\/portal\/index.php?rest_route=%2Fwp%2Fv2%2Fcomments&post=46635"}],"version-history":[{"count":3,"href":"https:\/\/jornalbeirario.com.br\/portal\/index.php?rest_route=\/wp\/v2\/posts\/46635\/revisions"}],"predecessor-version":[{"id":46638,"href":"https:\/\/jornalbeirario.com.br\/portal\/index.php?rest_route=\/wp\/v2\/posts\/46635\/revisions\/46638"}],"wp:attachment":[{"href":"https:\/\/jornalbeirario.com.br\/portal\/index.php?rest_route=%2Fwp%2Fv2%2Fmedia&parent=46635"}],"wp:term":[{"taxonomy":"category","embeddable":true,"href":"https:\/\/jornalbeirario.com.br\/portal\/index.php?rest_route=%2Fwp%2Fv2%2Fcategories&post=46635"},{"taxonomy":"post_tag","embeddable":true,"href":"https:\/\/jornalbeirario.com.br\/portal\/index.php?rest_route=%2Fwp%2Fv2%2Ftags&post=46635"}],"curies":[{"name":"wp","href":"https:\/\/api.w.org\/{rel}","templated":true}]}}