
{"id":46493,"date":"2016-12-25T17:52:30","date_gmt":"2016-12-25T17:52:30","guid":{"rendered":"http:\/\/jornalbeirario.com.br\/portal\/?p=46493"},"modified":"2016-12-25T18:41:21","modified_gmt":"2016-12-25T18:41:21","slug":"almoco-para-os-invisiveis","status":"publish","type":"post","link":"https:\/\/jornalbeirario.com.br\/portal\/?p=46493","title":{"rendered":"Almo\u00e7o para os invis\u00edveis!"},"content":{"rendered":"<p style=\"text-align: justify;\"><a href=\"http:\/\/jornalbeirario.com.br\/wp-content\/uploads\/2016\/12\/volunt\u00e1rias_Natal-1.jpg\"><img loading=\"lazy\" decoding=\"async\" class=\"alignleft size-medium wp-image-46495\" src=\"http:\/\/jornalbeirario.com.br\/wp-content\/uploads\/2016\/12\/volunt\u00e1rias_Natal-1-300x289.jpg\" alt=\"voluntarias_natal\" width=\"300\" height=\"289\" srcset=\"https:\/\/jornalbeirario.com.br\/portal\/wp-content\/uploads\/2016\/12\/volunt\u00e1rias_Natal-1-300x289.jpg 300w, https:\/\/jornalbeirario.com.br\/portal\/wp-content\/uploads\/2016\/12\/volunt\u00e1rias_Natal-1.jpg 478w\" sizes=\"auto, (max-width: 300px) 100vw, 300px\" \/><\/a>Uma a\u00e7\u00e3o do grupo cat\u00f3lico Mission\u00e1rios da Luz, da Par\u00f3quia Sagrada Fam\u00edlia, deixou a tarde de Natal em Resende mais vis\u00edvel e solid\u00e1ria: um almo\u00e7o entre os moradores em situa\u00e7\u00e3o de rua, pessoas invis\u00edveis aos olhos da maioria da sociedade e autoridades, e cerca de 25 volunt\u00e1rios deu brilho\u00a0ao quieto e deserto Campos El\u00edseos em dia de feriado. O almo\u00e7o aconteceu na cal\u00e7ada do famoso bar, Rei dos Salgadinhos e reuniu cerca de 80 pessoas. No card\u00e1pio, o que chamou a aten\u00e7\u00e3o n\u00e3o foi nem o frango, nem a salada ou as frutas, mas os sorrisos, mas de um lado dos moradores em situa\u00e7\u00e3o de rua e do outro dos volunt\u00e1rios. Foi uma festa!<\/p>\n<p style=\"text-align: justify;\">\u2014 Formamos esse grupo h\u00e1 dois anos e resolvemos com apoio da Igreja fazer esse almo\u00e7o. Eu mesmo fui buscar pessoas que sabemos est\u00e3o espalhadas na cidade. Fui na Alegria, Itapuca, Vicentina, Cabral, mas as pessoas n\u00e3o est\u00e3o acostumadas a ser bem tratadas e desconfiam. Algumas pessoas recusaram entrar na Van para vir almo\u00e7ar, porque desconfiam mesmo. N\u00e3o sabem para onde ser\u00e3o levadas, mas felizmente foram poucas, conta o coordenador do grupo Valdeir da Silva.<\/p>\n<p style=\"text-align: justify;\">Para um dos convidados, o fato de estar reunido entre pessoas que t\u00eam carinho no que fazem e que dedicam parte do seu feriado natalino para estar com quem conhecem pouco \u00e9 o melhor presente. Marco Ant\u00f4nio Henriques Bourseau, mais conhecido como Carioca (detalhe na foto principal), conta que anualmente passa o Natal e Ano Novo com uma das fam\u00edlias volunt\u00e1rias: &#8220;S\u00e3o pessoas maravilhosas, que gostam de mim. E eu gosto muito delas&#8221;, conta Carioca.<\/p>\n<p style=\"text-align: justify;\">O BEIRA-RIO perguntou ao padre Rafael, outro coordenador da a\u00e7\u00e3o, porque Resende sendo uma cidade com fam\u00edlias abastadas tradicionalmente cat\u00f3lica porque esta \u00e9 a primeira vez que se v\u00ea uma a\u00e7\u00e3o destas. O padre afiado responde: &#8220;Fam\u00edlias tradicionais e conservadoras. Resende hoje \u00e9 uma grande maquiagem. Quem passa na Dutra e v\u00ea os pr\u00e9dios n\u00e3o consegue imaginar a Resende da periferia. Quem olha a torre da Igreja da Matriz, n\u00e3o consegue ver o que acontece nos bairros da periferia. Eu diria que Resende repete o que h\u00e1 mais de dois mil anos aconteceu a Jesus que junto e pelos pobres foi crucificado. As pessoas n\u00e3o enxergam os pobres. Esta a\u00e7\u00e3o \u00e9 uma resposta, ainda que tardia, a toda esta situa\u00e7\u00e3o&#8221;, analisou o padre que junto com padre Paulo, promoveram um momento de ora\u00e7\u00e3o durante o almo\u00e7o.<\/p>\n","protected":false},"excerpt":{"rendered":"<p>Uma a\u00e7\u00e3o do grupo cat\u00f3lico Mission\u00e1rios da Luz, da Par\u00f3quia Sagrada Fam\u00edlia, deixou a tarde de Natal em Resende mais vis\u00edvel e solid\u00e1ria: um<\/p>\n","protected":false},"author":1,"featured_media":46497,"comment_status":"open","ping_status":"open","sticky":false,"template":"","format":"standard","meta":{"pmpro_default_level":"","footnotes":""},"categories":[1,39],"tags":[155,153],"class_list":["post-46493","post","type-post","status-publish","format-standard","has-post-thumbnail","hentry","category-cidade","category-natal","tag-dehoraemhora","tag-manchete","pmpro-has-access"],"yoast_head":"<!-- This site is optimized with the Yoast SEO plugin v27.4 - https:\/\/yoast.com\/product\/yoast-seo-wordpress\/ -->\n<title>Almo\u00e7o para os invis\u00edveis! - JORNAL BEIRA RIO<\/title>\n<meta name=\"robots\" content=\"index, follow, max-snippet:-1, max-image-preview:large, max-video-preview:-1\" \/>\n<link rel=\"canonical\" href=\"https:\/\/jornalbeirario.com.br\/portal\/?p=46493\" \/>\n<meta property=\"og:locale\" content=\"pt_BR\" \/>\n<meta property=\"og:type\" content=\"article\" \/>\n<meta property=\"og:title\" content=\"Almo\u00e7o para os invis\u00edveis! - JORNAL BEIRA RIO\" \/>\n<meta property=\"og:description\" content=\"Uma a\u00e7\u00e3o do grupo cat\u00f3lico Mission\u00e1rios da Luz, da Par\u00f3quia Sagrada Fam\u00edlia, deixou a tarde de Natal em Resende mais vis\u00edvel e solid\u00e1ria: um\" \/>\n<meta property=\"og:url\" content=\"https:\/\/jornalbeirario.com.br\/portal\/?p=46493\" \/>\n<meta property=\"og:site_name\" content=\"JORNAL BEIRA RIO\" \/>\n<meta property=\"article:published_time\" content=\"2016-12-25T17:52:30+00:00\" \/>\n<meta property=\"article:modified_time\" content=\"2016-12-25T18:41:21+00:00\" \/>\n<meta property=\"og:image\" content=\"https:\/\/jornalbeirario.com.br\/portal\/wp-content\/uploads\/2016\/12\/Mesa-de-Natal-solid\u00e1rio_manchete.jpg\" \/>\n\t<meta property=\"og:image:width\" content=\"908\" \/>\n\t<meta property=\"og:image:height\" content=\"429\" \/>\n\t<meta property=\"og:image:type\" content=\"image\/jpeg\" \/>\n<meta name=\"author\" content=\"Jornal BEIRA-RIO\" \/>\n<meta name=\"twitter:card\" content=\"summary_large_image\" \/>\n<meta name=\"twitter:label1\" content=\"Escrito por\" \/>\n\t<meta name=\"twitter:data1\" content=\"Jornal BEIRA-RIO\" \/>\n\t<meta name=\"twitter:label2\" content=\"Est. tempo de leitura\" \/>\n\t<meta name=\"twitter:data2\" content=\"2 minutos\" \/>\n<script type=\"application\/ld+json\" class=\"yoast-schema-graph\">{\"@context\":\"https:\\\/\\\/schema.org\",\"@graph\":[{\"@type\":\"Article\",\"@id\":\"https:\\\/\\\/jornalbeirario.com.br\\\/portal\\\/?p=46493#article\",\"isPartOf\":{\"@id\":\"https:\\\/\\\/jornalbeirario.com.br\\\/portal\\\/?p=46493\"},\"author\":{\"name\":\"Jornal BEIRA-RIO\",\"@id\":\"https:\\\/\\\/jornalbeirario.com.br\\\/portal\\\/#\\\/schema\\\/person\\\/c6c423e4c2465d2a9233f6539173e7c1\"},\"headline\":\"Almo\u00e7o para os invis\u00edveis!\",\"datePublished\":\"2016-12-25T17:52:30+00:00\",\"dateModified\":\"2016-12-25T18:41:21+00:00\",\"mainEntityOfPage\":{\"@id\":\"https:\\\/\\\/jornalbeirario.com.br\\\/portal\\\/?p=46493\"},\"wordCount\":444,\"commentCount\":0,\"publisher\":{\"@id\":\"https:\\\/\\\/jornalbeirario.com.br\\\/portal\\\/#organization\"},\"image\":{\"@id\":\"https:\\\/\\\/jornalbeirario.com.br\\\/portal\\\/?p=46493#primaryimage\"},\"thumbnailUrl\":\"https:\\\/\\\/jornalbeirario.com.br\\\/portal\\\/wp-content\\\/uploads\\\/2016\\\/12\\\/Mesa-de-Natal-solid\u00e1rio_manchete.jpg\",\"keywords\":[\"dehoraemhora\",\"manchete\"],\"articleSection\":[\"Cidade\",\"Natal\"],\"inLanguage\":\"pt-BR\",\"potentialAction\":[{\"@type\":\"CommentAction\",\"name\":\"Comment\",\"target\":[\"https:\\\/\\\/jornalbeirario.com.br\\\/portal\\\/?p=46493#respond\"]}]},{\"@type\":\"WebPage\",\"@id\":\"https:\\\/\\\/jornalbeirario.com.br\\\/portal\\\/?p=46493\",\"url\":\"https:\\\/\\\/jornalbeirario.com.br\\\/portal\\\/?p=46493\",\"name\":\"Almo\u00e7o para os invis\u00edveis! - JORNAL BEIRA RIO\",\"isPartOf\":{\"@id\":\"https:\\\/\\\/jornalbeirario.com.br\\\/portal\\\/#website\"},\"primaryImageOfPage\":{\"@id\":\"https:\\\/\\\/jornalbeirario.com.br\\\/portal\\\/?p=46493#primaryimage\"},\"image\":{\"@id\":\"https:\\\/\\\/jornalbeirario.com.br\\\/portal\\\/?p=46493#primaryimage\"},\"thumbnailUrl\":\"https:\\\/\\\/jornalbeirario.com.br\\\/portal\\\/wp-content\\\/uploads\\\/2016\\\/12\\\/Mesa-de-Natal-solid\u00e1rio_manchete.jpg\",\"datePublished\":\"2016-12-25T17:52:30+00:00\",\"dateModified\":\"2016-12-25T18:41:21+00:00\",\"breadcrumb\":{\"@id\":\"https:\\\/\\\/jornalbeirario.com.br\\\/portal\\\/?p=46493#breadcrumb\"},\"inLanguage\":\"pt-BR\",\"potentialAction\":[{\"@type\":\"ReadAction\",\"target\":[\"https:\\\/\\\/jornalbeirario.com.br\\\/portal\\\/?p=46493\"]}]},{\"@type\":\"ImageObject\",\"inLanguage\":\"pt-BR\",\"@id\":\"https:\\\/\\\/jornalbeirario.com.br\\\/portal\\\/?p=46493#primaryimage\",\"url\":\"https:\\\/\\\/jornalbeirario.com.br\\\/portal\\\/wp-content\\\/uploads\\\/2016\\\/12\\\/Mesa-de-Natal-solid\u00e1rio_manchete.jpg\",\"contentUrl\":\"https:\\\/\\\/jornalbeirario.com.br\\\/portal\\\/wp-content\\\/uploads\\\/2016\\\/12\\\/Mesa-de-Natal-solid\u00e1rio_manchete.jpg\",\"width\":908,\"height\":429},{\"@type\":\"BreadcrumbList\",\"@id\":\"https:\\\/\\\/jornalbeirario.com.br\\\/portal\\\/?p=46493#breadcrumb\",\"itemListElement\":[{\"@type\":\"ListItem\",\"position\":1,\"name\":\"Home\",\"item\":\"https:\\\/\\\/jornalbeirario.com.br\\\/portal\"},{\"@type\":\"ListItem\",\"position\":2,\"name\":\"Almo\u00e7o para os invis\u00edveis!\"}]},{\"@type\":\"WebSite\",\"@id\":\"https:\\\/\\\/jornalbeirario.com.br\\\/portal\\\/#website\",\"url\":\"https:\\\/\\\/jornalbeirario.com.br\\\/portal\\\/\",\"name\":\"JORNAL BEIRA RIO\",\"description\":\"\",\"publisher\":{\"@id\":\"https:\\\/\\\/jornalbeirario.com.br\\\/portal\\\/#organization\"},\"potentialAction\":[{\"@type\":\"SearchAction\",\"target\":{\"@type\":\"EntryPoint\",\"urlTemplate\":\"https:\\\/\\\/jornalbeirario.com.br\\\/portal\\\/?s={search_term_string}\"},\"query-input\":{\"@type\":\"PropertyValueSpecification\",\"valueRequired\":true,\"valueName\":\"search_term_string\"}}],\"inLanguage\":\"pt-BR\"},{\"@type\":\"Organization\",\"@id\":\"https:\\\/\\\/jornalbeirario.com.br\\\/portal\\\/#organization\",\"name\":\"JORNAL BEIRA RIO\",\"url\":\"https:\\\/\\\/jornalbeirario.com.br\\\/portal\\\/\",\"logo\":{\"@type\":\"ImageObject\",\"inLanguage\":\"pt-BR\",\"@id\":\"https:\\\/\\\/jornalbeirario.com.br\\\/portal\\\/#\\\/schema\\\/logo\\\/image\\\/\",\"url\":\"https:\\\/\\\/jornalbeirario.com.br\\\/portal\\\/wp-content\\\/uploads\\\/2017\\\/09\\\/BEIRA-RIO_logo600.png\",\"contentUrl\":\"https:\\\/\\\/jornalbeirario.com.br\\\/portal\\\/wp-content\\\/uploads\\\/2017\\\/09\\\/BEIRA-RIO_logo600.png\",\"width\":650,\"height\":108,\"caption\":\"JORNAL BEIRA RIO\"},\"image\":{\"@id\":\"https:\\\/\\\/jornalbeirario.com.br\\\/portal\\\/#\\\/schema\\\/logo\\\/image\\\/\"}},{\"@type\":\"Person\",\"@id\":\"https:\\\/\\\/jornalbeirario.com.br\\\/portal\\\/#\\\/schema\\\/person\\\/c6c423e4c2465d2a9233f6539173e7c1\",\"name\":\"Jornal BEIRA-RIO\",\"image\":{\"@type\":\"ImageObject\",\"inLanguage\":\"pt-BR\",\"@id\":\"https:\\\/\\\/jornalbeirario.com.br\\\/portal\\\/wp-content\\\/uploads\\\/2023\\\/10\\\/logojbr1.jpg\",\"url\":\"https:\\\/\\\/jornalbeirario.com.br\\\/portal\\\/wp-content\\\/uploads\\\/2023\\\/10\\\/logojbr1.jpg\",\"contentUrl\":\"https:\\\/\\\/jornalbeirario.com.br\\\/portal\\\/wp-content\\\/uploads\\\/2023\\\/10\\\/logojbr1.jpg\",\"caption\":\"Jornal BEIRA-RIO\"},\"url\":\"https:\\\/\\\/jornalbeirario.com.br\\\/portal\\\/?author=1\"}]}<\/script>\n<!-- \/ Yoast SEO plugin. -->","yoast_head_json":{"title":"Almo\u00e7o para os invis\u00edveis! - JORNAL BEIRA RIO","robots":{"index":"index","follow":"follow","max-snippet":"max-snippet:-1","max-image-preview":"max-image-preview:large","max-video-preview":"max-video-preview:-1"},"canonical":"https:\/\/jornalbeirario.com.br\/portal\/?p=46493","og_locale":"pt_BR","og_type":"article","og_title":"Almo\u00e7o para os invis\u00edveis! - JORNAL BEIRA RIO","og_description":"Uma a\u00e7\u00e3o do grupo cat\u00f3lico Mission\u00e1rios da Luz, da Par\u00f3quia Sagrada Fam\u00edlia, deixou a tarde de Natal em Resende mais vis\u00edvel e solid\u00e1ria: um","og_url":"https:\/\/jornalbeirario.com.br\/portal\/?p=46493","og_site_name":"JORNAL BEIRA RIO","article_published_time":"2016-12-25T17:52:30+00:00","article_modified_time":"2016-12-25T18:41:21+00:00","og_image":[{"width":908,"height":429,"url":"https:\/\/jornalbeirario.com.br\/portal\/wp-content\/uploads\/2016\/12\/Mesa-de-Natal-solid\u00e1rio_manchete.jpg","type":"image\/jpeg"}],"author":"Jornal BEIRA-RIO","twitter_card":"summary_large_image","twitter_misc":{"Escrito por":"Jornal BEIRA-RIO","Est. tempo de leitura":"2 minutos"},"schema":{"@context":"https:\/\/schema.org","@graph":[{"@type":"Article","@id":"https:\/\/jornalbeirario.com.br\/portal\/?p=46493#article","isPartOf":{"@id":"https:\/\/jornalbeirario.com.br\/portal\/?p=46493"},"author":{"name":"Jornal BEIRA-RIO","@id":"https:\/\/jornalbeirario.com.br\/portal\/#\/schema\/person\/c6c423e4c2465d2a9233f6539173e7c1"},"headline":"Almo\u00e7o para os invis\u00edveis!","datePublished":"2016-12-25T17:52:30+00:00","dateModified":"2016-12-25T18:41:21+00:00","mainEntityOfPage":{"@id":"https:\/\/jornalbeirario.com.br\/portal\/?p=46493"},"wordCount":444,"commentCount":0,"publisher":{"@id":"https:\/\/jornalbeirario.com.br\/portal\/#organization"},"image":{"@id":"https:\/\/jornalbeirario.com.br\/portal\/?p=46493#primaryimage"},"thumbnailUrl":"https:\/\/jornalbeirario.com.br\/portal\/wp-content\/uploads\/2016\/12\/Mesa-de-Natal-solid\u00e1rio_manchete.jpg","keywords":["dehoraemhora","manchete"],"articleSection":["Cidade","Natal"],"inLanguage":"pt-BR","potentialAction":[{"@type":"CommentAction","name":"Comment","target":["https:\/\/jornalbeirario.com.br\/portal\/?p=46493#respond"]}]},{"@type":"WebPage","@id":"https:\/\/jornalbeirario.com.br\/portal\/?p=46493","url":"https:\/\/jornalbeirario.com.br\/portal\/?p=46493","name":"Almo\u00e7o para os invis\u00edveis! - JORNAL BEIRA RIO","isPartOf":{"@id":"https:\/\/jornalbeirario.com.br\/portal\/#website"},"primaryImageOfPage":{"@id":"https:\/\/jornalbeirario.com.br\/portal\/?p=46493#primaryimage"},"image":{"@id":"https:\/\/jornalbeirario.com.br\/portal\/?p=46493#primaryimage"},"thumbnailUrl":"https:\/\/jornalbeirario.com.br\/portal\/wp-content\/uploads\/2016\/12\/Mesa-de-Natal-solid\u00e1rio_manchete.jpg","datePublished":"2016-12-25T17:52:30+00:00","dateModified":"2016-12-25T18:41:21+00:00","breadcrumb":{"@id":"https:\/\/jornalbeirario.com.br\/portal\/?p=46493#breadcrumb"},"inLanguage":"pt-BR","potentialAction":[{"@type":"ReadAction","target":["https:\/\/jornalbeirario.com.br\/portal\/?p=46493"]}]},{"@type":"ImageObject","inLanguage":"pt-BR","@id":"https:\/\/jornalbeirario.com.br\/portal\/?p=46493#primaryimage","url":"https:\/\/jornalbeirario.com.br\/portal\/wp-content\/uploads\/2016\/12\/Mesa-de-Natal-solid\u00e1rio_manchete.jpg","contentUrl":"https:\/\/jornalbeirario.com.br\/portal\/wp-content\/uploads\/2016\/12\/Mesa-de-Natal-solid\u00e1rio_manchete.jpg","width":908,"height":429},{"@type":"BreadcrumbList","@id":"https:\/\/jornalbeirario.com.br\/portal\/?p=46493#breadcrumb","itemListElement":[{"@type":"ListItem","position":1,"name":"Home","item":"https:\/\/jornalbeirario.com.br\/portal"},{"@type":"ListItem","position":2,"name":"Almo\u00e7o para os invis\u00edveis!"}]},{"@type":"WebSite","@id":"https:\/\/jornalbeirario.com.br\/portal\/#website","url":"https:\/\/jornalbeirario.com.br\/portal\/","name":"JORNAL BEIRA RIO","description":"","publisher":{"@id":"https:\/\/jornalbeirario.com.br\/portal\/#organization"},"potentialAction":[{"@type":"SearchAction","target":{"@type":"EntryPoint","urlTemplate":"https:\/\/jornalbeirario.com.br\/portal\/?s={search_term_string}"},"query-input":{"@type":"PropertyValueSpecification","valueRequired":true,"valueName":"search_term_string"}}],"inLanguage":"pt-BR"},{"@type":"Organization","@id":"https:\/\/jornalbeirario.com.br\/portal\/#organization","name":"JORNAL BEIRA RIO","url":"https:\/\/jornalbeirario.com.br\/portal\/","logo":{"@type":"ImageObject","inLanguage":"pt-BR","@id":"https:\/\/jornalbeirario.com.br\/portal\/#\/schema\/logo\/image\/","url":"https:\/\/jornalbeirario.com.br\/portal\/wp-content\/uploads\/2017\/09\/BEIRA-RIO_logo600.png","contentUrl":"https:\/\/jornalbeirario.com.br\/portal\/wp-content\/uploads\/2017\/09\/BEIRA-RIO_logo600.png","width":650,"height":108,"caption":"JORNAL BEIRA RIO"},"image":{"@id":"https:\/\/jornalbeirario.com.br\/portal\/#\/schema\/logo\/image\/"}},{"@type":"Person","@id":"https:\/\/jornalbeirario.com.br\/portal\/#\/schema\/person\/c6c423e4c2465d2a9233f6539173e7c1","name":"Jornal BEIRA-RIO","image":{"@type":"ImageObject","inLanguage":"pt-BR","@id":"https:\/\/jornalbeirario.com.br\/portal\/wp-content\/uploads\/2023\/10\/logojbr1.jpg","url":"https:\/\/jornalbeirario.com.br\/portal\/wp-content\/uploads\/2023\/10\/logojbr1.jpg","contentUrl":"https:\/\/jornalbeirario.com.br\/portal\/wp-content\/uploads\/2023\/10\/logojbr1.jpg","caption":"Jornal BEIRA-RIO"},"url":"https:\/\/jornalbeirario.com.br\/portal\/?author=1"}]}},"_links":{"self":[{"href":"https:\/\/jornalbeirario.com.br\/portal\/index.php?rest_route=\/wp\/v2\/posts\/46493","targetHints":{"allow":["GET"]}}],"collection":[{"href":"https:\/\/jornalbeirario.com.br\/portal\/index.php?rest_route=\/wp\/v2\/posts"}],"about":[{"href":"https:\/\/jornalbeirario.com.br\/portal\/index.php?rest_route=\/wp\/v2\/types\/post"}],"author":[{"embeddable":true,"href":"https:\/\/jornalbeirario.com.br\/portal\/index.php?rest_route=\/wp\/v2\/users\/1"}],"replies":[{"embeddable":true,"href":"https:\/\/jornalbeirario.com.br\/portal\/index.php?rest_route=%2Fwp%2Fv2%2Fcomments&post=46493"}],"version-history":[{"count":6,"href":"https:\/\/jornalbeirario.com.br\/portal\/index.php?rest_route=\/wp\/v2\/posts\/46493\/revisions"}],"predecessor-version":[{"id":46503,"href":"https:\/\/jornalbeirario.com.br\/portal\/index.php?rest_route=\/wp\/v2\/posts\/46493\/revisions\/46503"}],"wp:featuredmedia":[{"embeddable":true,"href":"https:\/\/jornalbeirario.com.br\/portal\/index.php?rest_route=\/wp\/v2\/media\/46497"}],"wp:attachment":[{"href":"https:\/\/jornalbeirario.com.br\/portal\/index.php?rest_route=%2Fwp%2Fv2%2Fmedia&parent=46493"}],"wp:term":[{"taxonomy":"category","embeddable":true,"href":"https:\/\/jornalbeirario.com.br\/portal\/index.php?rest_route=%2Fwp%2Fv2%2Fcategories&post=46493"},{"taxonomy":"post_tag","embeddable":true,"href":"https:\/\/jornalbeirario.com.br\/portal\/index.php?rest_route=%2Fwp%2Fv2%2Ftags&post=46493"}],"curies":[{"name":"wp","href":"https:\/\/api.w.org\/{rel}","templated":true}]}}