
{"id":46343,"date":"2016-12-13T19:34:18","date_gmt":"2016-12-13T19:34:18","guid":{"rendered":"http:\/\/jornalbeirario.com.br\/portal\/?p=46343"},"modified":"2016-12-13T22:23:38","modified_gmt":"2016-12-13T22:23:38","slug":"ministerio-publico-reprova-contas-de-campanha-eleitoral-de-prefeito-e-vice-de-itatiaia","status":"publish","type":"post","link":"https:\/\/jornalbeirario.com.br\/portal\/?p=46343","title":{"rendered":"TRE reprova contas de campanha de prefeito e vice de Itatiaia"},"content":{"rendered":"<p style=\"text-align: justify;\"><a href=\"http:\/\/jornalbeirario.com.br\/wp-content\/uploads\/2016\/12\/dudu3.jpg\"><img loading=\"lazy\" decoding=\"async\" class=\"alignleft size-medium wp-image-46356\" src=\"http:\/\/jornalbeirario.com.br\/wp-content\/uploads\/2016\/12\/dudu3-300x225.jpg\" alt=\"dudu3\" width=\"300\" height=\"225\" srcset=\"https:\/\/jornalbeirario.com.br\/portal\/wp-content\/uploads\/2016\/12\/dudu3-300x225.jpg 300w, https:\/\/jornalbeirario.com.br\/portal\/wp-content\/uploads\/2016\/12\/dudu3.jpg 640w\" sizes=\"auto, (max-width: 300px) 100vw, 300px\" \/><\/a>O\u00a0Minist\u00e9rio P\u00fablico Eleitoral deu parecer contr\u00e1rio \u00e0s contas eleitorais e o TRE decidiu\u00a0esta semana, pela desaprova\u00e7\u00e3o das contas de campanha do prefeito e vice-prefeito eleitos de Itatiaia, Dudu Guedes (PMDB) e Sebasti\u00e3o Mantovani (PDT, \u00e0 direita). Segundo o parecer da promotoria, foram encontradas v\u00e1rias irregularidades. Uma delas \u00e9 a falta do registro na presta\u00e7\u00e3o de contas das doa\u00e7\u00f5es realizadas a outros candidatos, o que &#8220;compromete a confiabilidade das contas, inviabilizando o controle de gastos realizados com o pr\u00f3prio candidato e com os demais candidatos que receberam a doa\u00e7\u00e3o do material de propaganda de uso comum&#8221;.<\/p>\n<p style=\"text-align: justify;\">Al\u00e9m disso, uma das notas fiscais, que se refere &#8220;a quantidade de impressos de propaganda, contendo 1.070.000 impressos (6x9cm), que apresenta valor proporcional muito inferior a outros 107.000 cart\u00f5es de tamanho menor (6x5cm), estando segundo a promotoria, fora do pre\u00e7o proporcional praticado&#8221;. Outro erro encontrado foi com um dos cheques utilizados no pagamento, sem data.<\/p>\n<p style=\"text-align: justify;\">O parecer tamb\u00e9m destaca que Guedes tamb\u00e9m n\u00e3o comprovou propriedade do ve\u00edculo utilizado na mesma campanha, conforme termo de cess\u00e3o de bem m\u00f3vel, nos termos do Artigo 19 da Resolu\u00e7\u00e3o do Tribunal Superior Eleitoral (TSE) 23.463\/2015, que determina que &#8220;os bens e\/ou servi\u00e7os estim\u00e1veis em dinheiro doados por pessoas f\u00edsicas devem constituir produto de seu pr\u00f3prio servi\u00e7o, de suas atividades econ\u00f4micas e, no caso dos bens, devem integrar seu patrim\u00f4nio&#8221;.<\/p>\n<p style=\"text-align: justify;\">Outra irregularidade, relacionada aos gastos com combust\u00edvel, a nota fiscal &#8220;indica elevada quantidade, o que n\u00e3o se refere a um \u00fanico abastecimento, emitida em 30 de setembro de 2016, mas consta pagamento parcial com cheque emitido um m\u00eas antes da emiss\u00e3o da nota\u201d. De acordo com a an\u00e1lise da promotoria, &#8220;tais irregularidades s\u00e3o suficientes para a rejei\u00e7\u00e3o das contas, por representarem v\u00edcios graves&#8221;.<\/p>\n<p style=\"text-align: justify;\">A equipe do jornal <strong>BEIRA-RIO<\/strong> entrou em contato com a chefia de gabinete do prefeito Eduardo Guedes, que informou n\u00e3o ter recebido qualquer notifica\u00e7\u00e3o sobre o parecer, mas no sistema do Tribunal Regional Eleitoral h\u00e1 a informa\u00e7\u00e3o de que o pr\u00f3prio candidato retirou o processo, no in\u00edcio da tarde de ter\u00e7a-feira, dia 13. Prefeito e vice\u00a0podem recorrer.<\/p>\n<p style=\"text-align: justify;\"><em>Foto: Arquivo<\/em><\/p>\n","protected":false},"excerpt":{"rendered":"<p>O\u00a0Minist\u00e9rio P\u00fablico Eleitoral deu parecer contr\u00e1rio \u00e0s contas eleitorais e o TRE decidiu\u00a0esta semana, pela desaprova\u00e7\u00e3o das contas de campanha do prefeito e vice-prefeito<\/p>\n","protected":false},"author":1,"featured_media":46346,"comment_status":"open","ping_status":"open","sticky":false,"template":"","format":"standard","meta":{"pmpro_default_level":"","footnotes":""},"categories":[11],"tags":[155,153],"class_list":["post-46343","post","type-post","status-publish","format-standard","has-post-thumbnail","hentry","category-politica","tag-dehoraemhora","tag-manchete","pmpro-has-access"],"yoast_head":"<!-- This site is optimized with the Yoast SEO plugin v27.4 - https:\/\/yoast.com\/product\/yoast-seo-wordpress\/ -->\n<title>TRE reprova contas de campanha de prefeito e vice de Itatiaia - JORNAL BEIRA RIO<\/title>\n<meta name=\"robots\" content=\"index, follow, max-snippet:-1, max-image-preview:large, max-video-preview:-1\" \/>\n<link rel=\"canonical\" href=\"https:\/\/jornalbeirario.com.br\/portal\/?p=46343\" \/>\n<meta property=\"og:locale\" content=\"pt_BR\" \/>\n<meta property=\"og:type\" content=\"article\" \/>\n<meta property=\"og:title\" content=\"TRE reprova contas de campanha de prefeito e vice de Itatiaia - JORNAL BEIRA RIO\" \/>\n<meta property=\"og:description\" content=\"O\u00a0Minist\u00e9rio P\u00fablico Eleitoral deu parecer contr\u00e1rio \u00e0s contas eleitorais e o TRE decidiu\u00a0esta semana, pela desaprova\u00e7\u00e3o das contas de campanha do prefeito e vice-prefeito\" \/>\n<meta property=\"og:url\" content=\"https:\/\/jornalbeirario.com.br\/portal\/?p=46343\" \/>\n<meta property=\"og:site_name\" content=\"JORNAL BEIRA RIO\" \/>\n<meta property=\"article:published_time\" content=\"2016-12-13T19:34:18+00:00\" \/>\n<meta property=\"article:modified_time\" content=\"2016-12-13T22:23:38+00:00\" \/>\n<meta property=\"og:image\" content=\"https:\/\/jornalbeirario.com.br\/portal\/wp-content\/uploads\/2016\/12\/dudu2.jpg\" \/>\n\t<meta property=\"og:image:width\" content=\"930\" \/>\n\t<meta property=\"og:image:height\" content=\"350\" \/>\n\t<meta property=\"og:image:type\" content=\"image\/jpeg\" \/>\n<meta name=\"author\" content=\"Jornal BEIRA-RIO\" \/>\n<meta name=\"twitter:card\" content=\"summary_large_image\" \/>\n<meta name=\"twitter:label1\" content=\"Escrito por\" \/>\n\t<meta name=\"twitter:data1\" content=\"Jornal BEIRA-RIO\" \/>\n\t<meta name=\"twitter:label2\" content=\"Est. tempo de leitura\" \/>\n\t<meta name=\"twitter:data2\" content=\"2 minutos\" \/>\n<script type=\"application\/ld+json\" class=\"yoast-schema-graph\">{\"@context\":\"https:\\\/\\\/schema.org\",\"@graph\":[{\"@type\":\"Article\",\"@id\":\"https:\\\/\\\/jornalbeirario.com.br\\\/portal\\\/?p=46343#article\",\"isPartOf\":{\"@id\":\"https:\\\/\\\/jornalbeirario.com.br\\\/portal\\\/?p=46343\"},\"author\":{\"name\":\"Jornal BEIRA-RIO\",\"@id\":\"https:\\\/\\\/jornalbeirario.com.br\\\/portal\\\/#\\\/schema\\\/person\\\/c6c423e4c2465d2a9233f6539173e7c1\"},\"headline\":\"TRE reprova contas de campanha de prefeito e vice de Itatiaia\",\"datePublished\":\"2016-12-13T19:34:18+00:00\",\"dateModified\":\"2016-12-13T22:23:38+00:00\",\"mainEntityOfPage\":{\"@id\":\"https:\\\/\\\/jornalbeirario.com.br\\\/portal\\\/?p=46343\"},\"wordCount\":391,\"commentCount\":1,\"publisher\":{\"@id\":\"https:\\\/\\\/jornalbeirario.com.br\\\/portal\\\/#organization\"},\"image\":{\"@id\":\"https:\\\/\\\/jornalbeirario.com.br\\\/portal\\\/?p=46343#primaryimage\"},\"thumbnailUrl\":\"https:\\\/\\\/jornalbeirario.com.br\\\/portal\\\/wp-content\\\/uploads\\\/2016\\\/12\\\/dudu2.jpg\",\"keywords\":[\"dehoraemhora\",\"manchete\"],\"articleSection\":[\"Pol\u00edtica\"],\"inLanguage\":\"pt-BR\",\"potentialAction\":[{\"@type\":\"CommentAction\",\"name\":\"Comment\",\"target\":[\"https:\\\/\\\/jornalbeirario.com.br\\\/portal\\\/?p=46343#respond\"]}]},{\"@type\":\"WebPage\",\"@id\":\"https:\\\/\\\/jornalbeirario.com.br\\\/portal\\\/?p=46343\",\"url\":\"https:\\\/\\\/jornalbeirario.com.br\\\/portal\\\/?p=46343\",\"name\":\"TRE reprova contas de campanha de prefeito e vice de Itatiaia - JORNAL BEIRA RIO\",\"isPartOf\":{\"@id\":\"https:\\\/\\\/jornalbeirario.com.br\\\/portal\\\/#website\"},\"primaryImageOfPage\":{\"@id\":\"https:\\\/\\\/jornalbeirario.com.br\\\/portal\\\/?p=46343#primaryimage\"},\"image\":{\"@id\":\"https:\\\/\\\/jornalbeirario.com.br\\\/portal\\\/?p=46343#primaryimage\"},\"thumbnailUrl\":\"https:\\\/\\\/jornalbeirario.com.br\\\/portal\\\/wp-content\\\/uploads\\\/2016\\\/12\\\/dudu2.jpg\",\"datePublished\":\"2016-12-13T19:34:18+00:00\",\"dateModified\":\"2016-12-13T22:23:38+00:00\",\"breadcrumb\":{\"@id\":\"https:\\\/\\\/jornalbeirario.com.br\\\/portal\\\/?p=46343#breadcrumb\"},\"inLanguage\":\"pt-BR\",\"potentialAction\":[{\"@type\":\"ReadAction\",\"target\":[\"https:\\\/\\\/jornalbeirario.com.br\\\/portal\\\/?p=46343\"]}]},{\"@type\":\"ImageObject\",\"inLanguage\":\"pt-BR\",\"@id\":\"https:\\\/\\\/jornalbeirario.com.br\\\/portal\\\/?p=46343#primaryimage\",\"url\":\"https:\\\/\\\/jornalbeirario.com.br\\\/portal\\\/wp-content\\\/uploads\\\/2016\\\/12\\\/dudu2.jpg\",\"contentUrl\":\"https:\\\/\\\/jornalbeirario.com.br\\\/portal\\\/wp-content\\\/uploads\\\/2016\\\/12\\\/dudu2.jpg\",\"width\":930,\"height\":350},{\"@type\":\"BreadcrumbList\",\"@id\":\"https:\\\/\\\/jornalbeirario.com.br\\\/portal\\\/?p=46343#breadcrumb\",\"itemListElement\":[{\"@type\":\"ListItem\",\"position\":1,\"name\":\"Home\",\"item\":\"https:\\\/\\\/jornalbeirario.com.br\\\/portal\"},{\"@type\":\"ListItem\",\"position\":2,\"name\":\"TRE reprova contas de campanha de prefeito e vice de Itatiaia\"}]},{\"@type\":\"WebSite\",\"@id\":\"https:\\\/\\\/jornalbeirario.com.br\\\/portal\\\/#website\",\"url\":\"https:\\\/\\\/jornalbeirario.com.br\\\/portal\\\/\",\"name\":\"JORNAL BEIRA RIO\",\"description\":\"\",\"publisher\":{\"@id\":\"https:\\\/\\\/jornalbeirario.com.br\\\/portal\\\/#organization\"},\"potentialAction\":[{\"@type\":\"SearchAction\",\"target\":{\"@type\":\"EntryPoint\",\"urlTemplate\":\"https:\\\/\\\/jornalbeirario.com.br\\\/portal\\\/?s={search_term_string}\"},\"query-input\":{\"@type\":\"PropertyValueSpecification\",\"valueRequired\":true,\"valueName\":\"search_term_string\"}}],\"inLanguage\":\"pt-BR\"},{\"@type\":\"Organization\",\"@id\":\"https:\\\/\\\/jornalbeirario.com.br\\\/portal\\\/#organization\",\"name\":\"JORNAL BEIRA RIO\",\"url\":\"https:\\\/\\\/jornalbeirario.com.br\\\/portal\\\/\",\"logo\":{\"@type\":\"ImageObject\",\"inLanguage\":\"pt-BR\",\"@id\":\"https:\\\/\\\/jornalbeirario.com.br\\\/portal\\\/#\\\/schema\\\/logo\\\/image\\\/\",\"url\":\"https:\\\/\\\/jornalbeirario.com.br\\\/portal\\\/wp-content\\\/uploads\\\/2017\\\/09\\\/BEIRA-RIO_logo600.png\",\"contentUrl\":\"https:\\\/\\\/jornalbeirario.com.br\\\/portal\\\/wp-content\\\/uploads\\\/2017\\\/09\\\/BEIRA-RIO_logo600.png\",\"width\":650,\"height\":108,\"caption\":\"JORNAL BEIRA RIO\"},\"image\":{\"@id\":\"https:\\\/\\\/jornalbeirario.com.br\\\/portal\\\/#\\\/schema\\\/logo\\\/image\\\/\"}},{\"@type\":\"Person\",\"@id\":\"https:\\\/\\\/jornalbeirario.com.br\\\/portal\\\/#\\\/schema\\\/person\\\/c6c423e4c2465d2a9233f6539173e7c1\",\"name\":\"Jornal BEIRA-RIO\",\"image\":{\"@type\":\"ImageObject\",\"inLanguage\":\"pt-BR\",\"@id\":\"https:\\\/\\\/jornalbeirario.com.br\\\/portal\\\/wp-content\\\/uploads\\\/2023\\\/10\\\/logojbr1.jpg\",\"url\":\"https:\\\/\\\/jornalbeirario.com.br\\\/portal\\\/wp-content\\\/uploads\\\/2023\\\/10\\\/logojbr1.jpg\",\"contentUrl\":\"https:\\\/\\\/jornalbeirario.com.br\\\/portal\\\/wp-content\\\/uploads\\\/2023\\\/10\\\/logojbr1.jpg\",\"caption\":\"Jornal BEIRA-RIO\"},\"url\":\"https:\\\/\\\/jornalbeirario.com.br\\\/portal\\\/?author=1\"}]}<\/script>\n<!-- \/ Yoast SEO plugin. -->","yoast_head_json":{"title":"TRE reprova contas de campanha de prefeito e vice de Itatiaia - JORNAL BEIRA RIO","robots":{"index":"index","follow":"follow","max-snippet":"max-snippet:-1","max-image-preview":"max-image-preview:large","max-video-preview":"max-video-preview:-1"},"canonical":"https:\/\/jornalbeirario.com.br\/portal\/?p=46343","og_locale":"pt_BR","og_type":"article","og_title":"TRE reprova contas de campanha de prefeito e vice de Itatiaia - JORNAL BEIRA RIO","og_description":"O\u00a0Minist\u00e9rio P\u00fablico Eleitoral deu parecer contr\u00e1rio \u00e0s contas eleitorais e o TRE decidiu\u00a0esta semana, pela desaprova\u00e7\u00e3o das contas de campanha do prefeito e vice-prefeito","og_url":"https:\/\/jornalbeirario.com.br\/portal\/?p=46343","og_site_name":"JORNAL BEIRA RIO","article_published_time":"2016-12-13T19:34:18+00:00","article_modified_time":"2016-12-13T22:23:38+00:00","og_image":[{"width":930,"height":350,"url":"https:\/\/jornalbeirario.com.br\/portal\/wp-content\/uploads\/2016\/12\/dudu2.jpg","type":"image\/jpeg"}],"author":"Jornal BEIRA-RIO","twitter_card":"summary_large_image","twitter_misc":{"Escrito por":"Jornal BEIRA-RIO","Est. tempo de leitura":"2 minutos"},"schema":{"@context":"https:\/\/schema.org","@graph":[{"@type":"Article","@id":"https:\/\/jornalbeirario.com.br\/portal\/?p=46343#article","isPartOf":{"@id":"https:\/\/jornalbeirario.com.br\/portal\/?p=46343"},"author":{"name":"Jornal BEIRA-RIO","@id":"https:\/\/jornalbeirario.com.br\/portal\/#\/schema\/person\/c6c423e4c2465d2a9233f6539173e7c1"},"headline":"TRE reprova contas de campanha de prefeito e vice de Itatiaia","datePublished":"2016-12-13T19:34:18+00:00","dateModified":"2016-12-13T22:23:38+00:00","mainEntityOfPage":{"@id":"https:\/\/jornalbeirario.com.br\/portal\/?p=46343"},"wordCount":391,"commentCount":1,"publisher":{"@id":"https:\/\/jornalbeirario.com.br\/portal\/#organization"},"image":{"@id":"https:\/\/jornalbeirario.com.br\/portal\/?p=46343#primaryimage"},"thumbnailUrl":"https:\/\/jornalbeirario.com.br\/portal\/wp-content\/uploads\/2016\/12\/dudu2.jpg","keywords":["dehoraemhora","manchete"],"articleSection":["Pol\u00edtica"],"inLanguage":"pt-BR","potentialAction":[{"@type":"CommentAction","name":"Comment","target":["https:\/\/jornalbeirario.com.br\/portal\/?p=46343#respond"]}]},{"@type":"WebPage","@id":"https:\/\/jornalbeirario.com.br\/portal\/?p=46343","url":"https:\/\/jornalbeirario.com.br\/portal\/?p=46343","name":"TRE reprova contas de campanha de prefeito e vice de Itatiaia - JORNAL BEIRA RIO","isPartOf":{"@id":"https:\/\/jornalbeirario.com.br\/portal\/#website"},"primaryImageOfPage":{"@id":"https:\/\/jornalbeirario.com.br\/portal\/?p=46343#primaryimage"},"image":{"@id":"https:\/\/jornalbeirario.com.br\/portal\/?p=46343#primaryimage"},"thumbnailUrl":"https:\/\/jornalbeirario.com.br\/portal\/wp-content\/uploads\/2016\/12\/dudu2.jpg","datePublished":"2016-12-13T19:34:18+00:00","dateModified":"2016-12-13T22:23:38+00:00","breadcrumb":{"@id":"https:\/\/jornalbeirario.com.br\/portal\/?p=46343#breadcrumb"},"inLanguage":"pt-BR","potentialAction":[{"@type":"ReadAction","target":["https:\/\/jornalbeirario.com.br\/portal\/?p=46343"]}]},{"@type":"ImageObject","inLanguage":"pt-BR","@id":"https:\/\/jornalbeirario.com.br\/portal\/?p=46343#primaryimage","url":"https:\/\/jornalbeirario.com.br\/portal\/wp-content\/uploads\/2016\/12\/dudu2.jpg","contentUrl":"https:\/\/jornalbeirario.com.br\/portal\/wp-content\/uploads\/2016\/12\/dudu2.jpg","width":930,"height":350},{"@type":"BreadcrumbList","@id":"https:\/\/jornalbeirario.com.br\/portal\/?p=46343#breadcrumb","itemListElement":[{"@type":"ListItem","position":1,"name":"Home","item":"https:\/\/jornalbeirario.com.br\/portal"},{"@type":"ListItem","position":2,"name":"TRE reprova contas de campanha de prefeito e vice de Itatiaia"}]},{"@type":"WebSite","@id":"https:\/\/jornalbeirario.com.br\/portal\/#website","url":"https:\/\/jornalbeirario.com.br\/portal\/","name":"JORNAL BEIRA RIO","description":"","publisher":{"@id":"https:\/\/jornalbeirario.com.br\/portal\/#organization"},"potentialAction":[{"@type":"SearchAction","target":{"@type":"EntryPoint","urlTemplate":"https:\/\/jornalbeirario.com.br\/portal\/?s={search_term_string}"},"query-input":{"@type":"PropertyValueSpecification","valueRequired":true,"valueName":"search_term_string"}}],"inLanguage":"pt-BR"},{"@type":"Organization","@id":"https:\/\/jornalbeirario.com.br\/portal\/#organization","name":"JORNAL BEIRA RIO","url":"https:\/\/jornalbeirario.com.br\/portal\/","logo":{"@type":"ImageObject","inLanguage":"pt-BR","@id":"https:\/\/jornalbeirario.com.br\/portal\/#\/schema\/logo\/image\/","url":"https:\/\/jornalbeirario.com.br\/portal\/wp-content\/uploads\/2017\/09\/BEIRA-RIO_logo600.png","contentUrl":"https:\/\/jornalbeirario.com.br\/portal\/wp-content\/uploads\/2017\/09\/BEIRA-RIO_logo600.png","width":650,"height":108,"caption":"JORNAL BEIRA RIO"},"image":{"@id":"https:\/\/jornalbeirario.com.br\/portal\/#\/schema\/logo\/image\/"}},{"@type":"Person","@id":"https:\/\/jornalbeirario.com.br\/portal\/#\/schema\/person\/c6c423e4c2465d2a9233f6539173e7c1","name":"Jornal BEIRA-RIO","image":{"@type":"ImageObject","inLanguage":"pt-BR","@id":"https:\/\/jornalbeirario.com.br\/portal\/wp-content\/uploads\/2023\/10\/logojbr1.jpg","url":"https:\/\/jornalbeirario.com.br\/portal\/wp-content\/uploads\/2023\/10\/logojbr1.jpg","contentUrl":"https:\/\/jornalbeirario.com.br\/portal\/wp-content\/uploads\/2023\/10\/logojbr1.jpg","caption":"Jornal BEIRA-RIO"},"url":"https:\/\/jornalbeirario.com.br\/portal\/?author=1"}]}},"_links":{"self":[{"href":"https:\/\/jornalbeirario.com.br\/portal\/index.php?rest_route=\/wp\/v2\/posts\/46343","targetHints":{"allow":["GET"]}}],"collection":[{"href":"https:\/\/jornalbeirario.com.br\/portal\/index.php?rest_route=\/wp\/v2\/posts"}],"about":[{"href":"https:\/\/jornalbeirario.com.br\/portal\/index.php?rest_route=\/wp\/v2\/types\/post"}],"author":[{"embeddable":true,"href":"https:\/\/jornalbeirario.com.br\/portal\/index.php?rest_route=\/wp\/v2\/users\/1"}],"replies":[{"embeddable":true,"href":"https:\/\/jornalbeirario.com.br\/portal\/index.php?rest_route=%2Fwp%2Fv2%2Fcomments&post=46343"}],"version-history":[{"count":18,"href":"https:\/\/jornalbeirario.com.br\/portal\/index.php?rest_route=\/wp\/v2\/posts\/46343\/revisions"}],"predecessor-version":[{"id":46364,"href":"https:\/\/jornalbeirario.com.br\/portal\/index.php?rest_route=\/wp\/v2\/posts\/46343\/revisions\/46364"}],"wp:featuredmedia":[{"embeddable":true,"href":"https:\/\/jornalbeirario.com.br\/portal\/index.php?rest_route=\/wp\/v2\/media\/46346"}],"wp:attachment":[{"href":"https:\/\/jornalbeirario.com.br\/portal\/index.php?rest_route=%2Fwp%2Fv2%2Fmedia&parent=46343"}],"wp:term":[{"taxonomy":"category","embeddable":true,"href":"https:\/\/jornalbeirario.com.br\/portal\/index.php?rest_route=%2Fwp%2Fv2%2Fcategories&post=46343"},{"taxonomy":"post_tag","embeddable":true,"href":"https:\/\/jornalbeirario.com.br\/portal\/index.php?rest_route=%2Fwp%2Fv2%2Ftags&post=46343"}],"curies":[{"name":"wp","href":"https:\/\/api.w.org\/{rel}","templated":true}]}}