
{"id":45832,"date":"2016-11-09T20:59:09","date_gmt":"2016-11-09T20:59:09","guid":{"rendered":"http:\/\/jornalbeirario.com.br\/portal\/?p=45832"},"modified":"2016-11-09T21:09:26","modified_gmt":"2016-11-09T21:09:26","slug":"alerj-registra-nova-manifestacao-e-projeto-retirado-de-pauta","status":"publish","type":"post","link":"https:\/\/jornalbeirario.com.br\/portal\/?p=45832","title":{"rendered":"Alerj registra nova manifesta\u00e7\u00e3o e um dos projetos \u00e9 retirado de pauta"},"content":{"rendered":"<p style=\"text-align: justify;\"><a href=\"http:\/\/jornalbeirario.com.br\/wp-content\/uploads\/2016\/11\/manifestantes1.jpg\"><img loading=\"lazy\" decoding=\"async\" class=\"alignleft size-medium wp-image-45834\" src=\"http:\/\/jornalbeirario.com.br\/wp-content\/uploads\/2016\/11\/manifestantes1-300x225.jpg\" alt=\"manifestantes1\" width=\"300\" height=\"225\" srcset=\"https:\/\/jornalbeirario.com.br\/portal\/wp-content\/uploads\/2016\/11\/manifestantes1-300x225.jpg 300w, https:\/\/jornalbeirario.com.br\/portal\/wp-content\/uploads\/2016\/11\/manifestantes1.jpg 640w\" sizes=\"auto, (max-width: 300px) 100vw, 300px\" \/><\/a>Servidores p\u00fablicos de diferentes categorias protestavam em frente \u00e0 Assembleia Leglslativa do Rio (Alerj) na tarde desta quarta-feira, dia 9, contra o pacote de medidas de austeridade do governo do estado do Rio de Janeiro. Participavam do ato funcion\u00e1rios de diferentes categorias, entre elas Educa\u00e7\u00e3o, Sa\u00fade, Justi\u00e7a e Seguran\u00e7a P\u00fablica.<\/p>\n<p style=\"text-align: justify;\">Por volta das 16h10, o grupo tentou entrar na Alerj. Houve tumulto e policiais do Batalh\u00e3o de Choque da PM impediram a entrada dos manifestantes. Segundo pessoas que participavam do ato, pelo menos um manifestante acabou preso dentro do Pal\u00e1cio Tiradentes, sede da Assembleia.<\/p>\n<p style=\"text-align: justify;\">Os servidores, ent\u00e3o, se concentraram na frente do Pal\u00e1cio e a protestar para que o suposto preso fosse liberado: &#8220;Diogo, Diogo, Diogo&#8221;, gritavam em coro. O homem detido teria sido levado para a 5\u00aa DP (Mem de S\u00e1), segundo os manifestantes.<\/p>\n<p style=\"text-align: justify;\">A confus\u00e3o come\u00e7ou depois que o grupo foi informado que n\u00e3o seria recebido pelo presidente da Casa, o deputado Jorge Picciani (PMDB). Os policiais usaram bombas de efeito moral e spray de pimenta. Antes, o protesto tinha ocupado a Rua Primeiro de Mar\u00e7o, mas n\u00e3o houve qualquer tumulto. Ainda assim, houve relatos de que o cheiro de g\u00e1s lacrimog\u00eaneo chegou ao plen\u00e1rio. O com\u00e9rcio nos arredores fechou as portas.<\/p>\n<p style=\"text-align: justify;\">PROJETO SER\u00c1 RETIRADO DE PAUTA<br \/>\n<a href=\"http:\/\/jornalbeirario.com.br\/wp-content\/uploads\/2016\/11\/picciani2.jpg\"><img loading=\"lazy\" decoding=\"async\" class=\"alignright size-medium wp-image-45830\" src=\"http:\/\/jornalbeirario.com.br\/wp-content\/uploads\/2016\/11\/picciani2-300x225.jpg\" alt=\"picciani2\" width=\"300\" height=\"225\" srcset=\"https:\/\/jornalbeirario.com.br\/portal\/wp-content\/uploads\/2016\/11\/picciani2-300x225.jpg 300w, https:\/\/jornalbeirario.com.br\/portal\/wp-content\/uploads\/2016\/11\/picciani2.jpg 640w\" sizes=\"auto, (max-width: 300px) 100vw, 300px\" \/><\/a>Picciani (\u00e0 direita na foto) disse que o projeto 2.241\/16, que cria um desconto provis\u00f3rio no sal\u00e1rio de servidores e inativos, ser\u00e1 retirado de pauta. Com isso, a contribui\u00e7\u00e3o previdenci\u00e1ria chegaria a 30%. O an\u00fancio foi feito nesta quarta-feira, dia 9, durante coletiva de imprensa.<\/p>\n<p style=\"text-align: justify;\">O texto faz parte do pacote enviado pelo Executivo para a Alerj e prev\u00ea a cria\u00e7\u00e3o de uma al\u00edquota provis\u00f3ria no Rioprevid\u00eancia, com dura\u00e7\u00e3o de quatro quadrimestres que aumenta a arrecada\u00e7\u00e3o de 16% de ativos e inativos, 32% patronal e 30% de inativos isentos, que recebem at\u00e9 R$ 5.189.<\/p>\n<p style=\"text-align: justify;\">O projeto de lei \u00e9 um dos 22 encaminhados \u00e0 Alerj pelo Executivo <a href=\"http:\/\/jornalbeirario.com.br\/?p=45809\">analisados<\/a>\u00a0por uma comiss\u00e3o formada pelo\u00a0Minist\u00e9rio P\u00fablico Estadual (MPRJ), e cujo relat\u00f3rio ser\u00e1 entregue ao Legislativo nos pr\u00f3ximos dias.<\/p>\n<p style=\"text-align: justify;\">De acordo com Picciani, os outros 21 projetos de lei come\u00e7ar\u00e3o a ser discutidos pelo Parlamento no dia 16 de novembro. &#8220;Vou devolver ao governo a mensagem, primeiro por uma exig\u00eancia da bancada do PMDB, que fechou quest\u00e3o em apoiar as outras mensagens, mas n\u00e3o acha essa justa, principalmente com quem ganha pouco&#8221;, explicou. Na \u00faltima ter\u00e7a-feira, dia 8, a Justi\u00e7a do Rio de Janeiro j\u00e1 havia concedido uma liminar suspendendo a tramita\u00e7\u00e3o deste projeto. O Executivo pretendia recorrer da decis\u00e3o. Picciani ressaltou ainda que ser\u00e1 dado todo o espa\u00e7o para o debate. &#8220;Nunca se votou nada sem convoca\u00e7\u00e3o do col\u00e9gio de l\u00edderes, sem abrir espa\u00e7o para o contradit\u00f3rio dos setores da sociedade envolvidos para discutir emenda por emenda&#8221;, afirmou.<\/p>\n<p style=\"text-align: justify;\">CALEND\u00c1RIO DE VOTA\u00c7\u00d5ES<br \/>\nOs projetos come\u00e7ar\u00e3o a entrar em pauta na pr\u00f3xima quarta-feira (16\/11). At\u00e9 o dia 30 de novembro as propostas ser\u00e3o discutidas e receber\u00e3o emendas dos deputados. A expectativa \u00e9 que a vota\u00e7\u00e3o das medidas aconte\u00e7a durante o m\u00eas de dezembro. Confira abaixo o calend\u00e1rio:<\/p>\n<p style=\"text-align: justify;\">Dia 16\/11 (quarta-feira) \u2013 dois projetos<br \/>\nDia 17\/11 (quinta-feira) &#8211; dois projetos<br \/>\nDia 22\/11 (ter\u00e7a-feira) \u2013 seis projetos*<br \/>\nDia 23\/11 (quarta-feira) \u2013 seis projetos*<br \/>\nDia 24\/11 (quinta-feira) \u2013 dois projetos<br \/>\nDia 29\/11 (ter\u00e7a-feira) \u2013 dois projetos<br \/>\nDia 30\/11 (quarta-feira) \u2013 um projeto<\/p>\n<p style=\"text-align: justify;\">* dias com sess\u00f5es extraordin\u00e1rias<\/p>\n<p style=\"text-align: justify;\"><em>Foto: MatheusRodrigues\/Reprodu\u00e7\u00e3o G1<\/em><\/p>\n<p style=\"text-align: justify;\"><em>Fontes: G1 e Assessoria de Comunica\u00e7\u00e3o Social (Alerj)<\/em><\/p>\n","protected":false},"excerpt":{"rendered":"<p>Servidores p\u00fablicos de diferentes categorias protestavam em frente \u00e0 Assembleia Leglslativa do Rio (Alerj) na tarde desta quarta-feira, dia 9, contra o pacote de<\/p>\n","protected":false},"author":1,"featured_media":45839,"comment_status":"open","ping_status":"open","sticky":false,"template":"","format":"standard","meta":{"pmpro_default_level":"","footnotes":""},"categories":[11],"tags":[155,153],"class_list":["post-45832","post","type-post","status-publish","format-standard","has-post-thumbnail","hentry","category-politica","tag-dehoraemhora","tag-manchete","pmpro-has-access"],"yoast_head":"<!-- This site is optimized with the Yoast SEO plugin v27.4 - https:\/\/yoast.com\/product\/yoast-seo-wordpress\/ -->\n<title>Alerj registra nova manifesta\u00e7\u00e3o e um dos projetos \u00e9 retirado de pauta - JORNAL BEIRA RIO<\/title>\n<meta name=\"robots\" content=\"index, follow, max-snippet:-1, max-image-preview:large, max-video-preview:-1\" \/>\n<link rel=\"canonical\" href=\"https:\/\/jornalbeirario.com.br\/portal\/?p=45832\" \/>\n<meta property=\"og:locale\" content=\"pt_BR\" \/>\n<meta property=\"og:type\" content=\"article\" \/>\n<meta property=\"og:title\" content=\"Alerj registra nova manifesta\u00e7\u00e3o e um dos projetos \u00e9 retirado de pauta - JORNAL BEIRA RIO\" \/>\n<meta property=\"og:description\" content=\"Servidores p\u00fablicos de diferentes categorias protestavam em frente \u00e0 Assembleia Leglslativa do Rio (Alerj) na tarde desta quarta-feira, dia 9, contra o pacote de\" \/>\n<meta property=\"og:url\" content=\"https:\/\/jornalbeirario.com.br\/portal\/?p=45832\" \/>\n<meta property=\"og:site_name\" content=\"JORNAL BEIRA RIO\" \/>\n<meta property=\"article:published_time\" content=\"2016-11-09T20:59:09+00:00\" \/>\n<meta property=\"article:modified_time\" content=\"2016-11-09T21:09:26+00:00\" \/>\n<meta property=\"og:image\" content=\"https:\/\/jornalbeirario.com.br\/portal\/wp-content\/uploads\/2016\/11\/manifestantes2.jpg\" \/>\n\t<meta property=\"og:image:width\" content=\"930\" \/>\n\t<meta property=\"og:image:height\" content=\"350\" \/>\n\t<meta property=\"og:image:type\" content=\"image\/jpeg\" \/>\n<meta name=\"author\" content=\"Jornal BEIRA-RIO\" \/>\n<meta name=\"twitter:card\" content=\"summary_large_image\" \/>\n<meta name=\"twitter:label1\" content=\"Escrito por\" \/>\n\t<meta name=\"twitter:data1\" content=\"Jornal BEIRA-RIO\" \/>\n\t<meta name=\"twitter:label2\" content=\"Est. tempo de leitura\" \/>\n\t<meta name=\"twitter:data2\" content=\"3 minutos\" \/>\n<script type=\"application\/ld+json\" class=\"yoast-schema-graph\">{\"@context\":\"https:\\\/\\\/schema.org\",\"@graph\":[{\"@type\":\"Article\",\"@id\":\"https:\\\/\\\/jornalbeirario.com.br\\\/portal\\\/?p=45832#article\",\"isPartOf\":{\"@id\":\"https:\\\/\\\/jornalbeirario.com.br\\\/portal\\\/?p=45832\"},\"author\":{\"name\":\"Jornal BEIRA-RIO\",\"@id\":\"https:\\\/\\\/jornalbeirario.com.br\\\/portal\\\/#\\\/schema\\\/person\\\/c6c423e4c2465d2a9233f6539173e7c1\"},\"headline\":\"Alerj registra nova manifesta\u00e7\u00e3o e um dos projetos \u00e9 retirado de pauta\",\"datePublished\":\"2016-11-09T20:59:09+00:00\",\"dateModified\":\"2016-11-09T21:09:26+00:00\",\"mainEntityOfPage\":{\"@id\":\"https:\\\/\\\/jornalbeirario.com.br\\\/portal\\\/?p=45832\"},\"wordCount\":608,\"commentCount\":0,\"publisher\":{\"@id\":\"https:\\\/\\\/jornalbeirario.com.br\\\/portal\\\/#organization\"},\"image\":{\"@id\":\"https:\\\/\\\/jornalbeirario.com.br\\\/portal\\\/?p=45832#primaryimage\"},\"thumbnailUrl\":\"https:\\\/\\\/jornalbeirario.com.br\\\/portal\\\/wp-content\\\/uploads\\\/2016\\\/11\\\/manifestantes2.jpg\",\"keywords\":[\"dehoraemhora\",\"manchete\"],\"articleSection\":[\"Pol\u00edtica\"],\"inLanguage\":\"pt-BR\",\"potentialAction\":[{\"@type\":\"CommentAction\",\"name\":\"Comment\",\"target\":[\"https:\\\/\\\/jornalbeirario.com.br\\\/portal\\\/?p=45832#respond\"]}]},{\"@type\":\"WebPage\",\"@id\":\"https:\\\/\\\/jornalbeirario.com.br\\\/portal\\\/?p=45832\",\"url\":\"https:\\\/\\\/jornalbeirario.com.br\\\/portal\\\/?p=45832\",\"name\":\"Alerj registra nova manifesta\u00e7\u00e3o e um dos projetos \u00e9 retirado de pauta - JORNAL BEIRA RIO\",\"isPartOf\":{\"@id\":\"https:\\\/\\\/jornalbeirario.com.br\\\/portal\\\/#website\"},\"primaryImageOfPage\":{\"@id\":\"https:\\\/\\\/jornalbeirario.com.br\\\/portal\\\/?p=45832#primaryimage\"},\"image\":{\"@id\":\"https:\\\/\\\/jornalbeirario.com.br\\\/portal\\\/?p=45832#primaryimage\"},\"thumbnailUrl\":\"https:\\\/\\\/jornalbeirario.com.br\\\/portal\\\/wp-content\\\/uploads\\\/2016\\\/11\\\/manifestantes2.jpg\",\"datePublished\":\"2016-11-09T20:59:09+00:00\",\"dateModified\":\"2016-11-09T21:09:26+00:00\",\"breadcrumb\":{\"@id\":\"https:\\\/\\\/jornalbeirario.com.br\\\/portal\\\/?p=45832#breadcrumb\"},\"inLanguage\":\"pt-BR\",\"potentialAction\":[{\"@type\":\"ReadAction\",\"target\":[\"https:\\\/\\\/jornalbeirario.com.br\\\/portal\\\/?p=45832\"]}]},{\"@type\":\"ImageObject\",\"inLanguage\":\"pt-BR\",\"@id\":\"https:\\\/\\\/jornalbeirario.com.br\\\/portal\\\/?p=45832#primaryimage\",\"url\":\"https:\\\/\\\/jornalbeirario.com.br\\\/portal\\\/wp-content\\\/uploads\\\/2016\\\/11\\\/manifestantes2.jpg\",\"contentUrl\":\"https:\\\/\\\/jornalbeirario.com.br\\\/portal\\\/wp-content\\\/uploads\\\/2016\\\/11\\\/manifestantes2.jpg\",\"width\":930,\"height\":350},{\"@type\":\"BreadcrumbList\",\"@id\":\"https:\\\/\\\/jornalbeirario.com.br\\\/portal\\\/?p=45832#breadcrumb\",\"itemListElement\":[{\"@type\":\"ListItem\",\"position\":1,\"name\":\"Home\",\"item\":\"https:\\\/\\\/jornalbeirario.com.br\\\/portal\"},{\"@type\":\"ListItem\",\"position\":2,\"name\":\"Alerj registra nova manifesta\u00e7\u00e3o e um dos projetos \u00e9 retirado de pauta\"}]},{\"@type\":\"WebSite\",\"@id\":\"https:\\\/\\\/jornalbeirario.com.br\\\/portal\\\/#website\",\"url\":\"https:\\\/\\\/jornalbeirario.com.br\\\/portal\\\/\",\"name\":\"JORNAL BEIRA RIO\",\"description\":\"\",\"publisher\":{\"@id\":\"https:\\\/\\\/jornalbeirario.com.br\\\/portal\\\/#organization\"},\"potentialAction\":[{\"@type\":\"SearchAction\",\"target\":{\"@type\":\"EntryPoint\",\"urlTemplate\":\"https:\\\/\\\/jornalbeirario.com.br\\\/portal\\\/?s={search_term_string}\"},\"query-input\":{\"@type\":\"PropertyValueSpecification\",\"valueRequired\":true,\"valueName\":\"search_term_string\"}}],\"inLanguage\":\"pt-BR\"},{\"@type\":\"Organization\",\"@id\":\"https:\\\/\\\/jornalbeirario.com.br\\\/portal\\\/#organization\",\"name\":\"JORNAL BEIRA RIO\",\"url\":\"https:\\\/\\\/jornalbeirario.com.br\\\/portal\\\/\",\"logo\":{\"@type\":\"ImageObject\",\"inLanguage\":\"pt-BR\",\"@id\":\"https:\\\/\\\/jornalbeirario.com.br\\\/portal\\\/#\\\/schema\\\/logo\\\/image\\\/\",\"url\":\"https:\\\/\\\/jornalbeirario.com.br\\\/portal\\\/wp-content\\\/uploads\\\/2017\\\/09\\\/BEIRA-RIO_logo600.png\",\"contentUrl\":\"https:\\\/\\\/jornalbeirario.com.br\\\/portal\\\/wp-content\\\/uploads\\\/2017\\\/09\\\/BEIRA-RIO_logo600.png\",\"width\":650,\"height\":108,\"caption\":\"JORNAL BEIRA RIO\"},\"image\":{\"@id\":\"https:\\\/\\\/jornalbeirario.com.br\\\/portal\\\/#\\\/schema\\\/logo\\\/image\\\/\"}},{\"@type\":\"Person\",\"@id\":\"https:\\\/\\\/jornalbeirario.com.br\\\/portal\\\/#\\\/schema\\\/person\\\/c6c423e4c2465d2a9233f6539173e7c1\",\"name\":\"Jornal BEIRA-RIO\",\"image\":{\"@type\":\"ImageObject\",\"inLanguage\":\"pt-BR\",\"@id\":\"https:\\\/\\\/jornalbeirario.com.br\\\/portal\\\/wp-content\\\/uploads\\\/2023\\\/10\\\/logojbr1.jpg\",\"url\":\"https:\\\/\\\/jornalbeirario.com.br\\\/portal\\\/wp-content\\\/uploads\\\/2023\\\/10\\\/logojbr1.jpg\",\"contentUrl\":\"https:\\\/\\\/jornalbeirario.com.br\\\/portal\\\/wp-content\\\/uploads\\\/2023\\\/10\\\/logojbr1.jpg\",\"caption\":\"Jornal BEIRA-RIO\"},\"url\":\"https:\\\/\\\/jornalbeirario.com.br\\\/portal\\\/?author=1\"}]}<\/script>\n<!-- \/ Yoast SEO plugin. -->","yoast_head_json":{"title":"Alerj registra nova manifesta\u00e7\u00e3o e um dos projetos \u00e9 retirado de pauta - JORNAL BEIRA RIO","robots":{"index":"index","follow":"follow","max-snippet":"max-snippet:-1","max-image-preview":"max-image-preview:large","max-video-preview":"max-video-preview:-1"},"canonical":"https:\/\/jornalbeirario.com.br\/portal\/?p=45832","og_locale":"pt_BR","og_type":"article","og_title":"Alerj registra nova manifesta\u00e7\u00e3o e um dos projetos \u00e9 retirado de pauta - JORNAL BEIRA RIO","og_description":"Servidores p\u00fablicos de diferentes categorias protestavam em frente \u00e0 Assembleia Leglslativa do Rio (Alerj) na tarde desta quarta-feira, dia 9, contra o pacote de","og_url":"https:\/\/jornalbeirario.com.br\/portal\/?p=45832","og_site_name":"JORNAL BEIRA RIO","article_published_time":"2016-11-09T20:59:09+00:00","article_modified_time":"2016-11-09T21:09:26+00:00","og_image":[{"width":930,"height":350,"url":"https:\/\/jornalbeirario.com.br\/portal\/wp-content\/uploads\/2016\/11\/manifestantes2.jpg","type":"image\/jpeg"}],"author":"Jornal BEIRA-RIO","twitter_card":"summary_large_image","twitter_misc":{"Escrito por":"Jornal BEIRA-RIO","Est. tempo de leitura":"3 minutos"},"schema":{"@context":"https:\/\/schema.org","@graph":[{"@type":"Article","@id":"https:\/\/jornalbeirario.com.br\/portal\/?p=45832#article","isPartOf":{"@id":"https:\/\/jornalbeirario.com.br\/portal\/?p=45832"},"author":{"name":"Jornal BEIRA-RIO","@id":"https:\/\/jornalbeirario.com.br\/portal\/#\/schema\/person\/c6c423e4c2465d2a9233f6539173e7c1"},"headline":"Alerj registra nova manifesta\u00e7\u00e3o e um dos projetos \u00e9 retirado de pauta","datePublished":"2016-11-09T20:59:09+00:00","dateModified":"2016-11-09T21:09:26+00:00","mainEntityOfPage":{"@id":"https:\/\/jornalbeirario.com.br\/portal\/?p=45832"},"wordCount":608,"commentCount":0,"publisher":{"@id":"https:\/\/jornalbeirario.com.br\/portal\/#organization"},"image":{"@id":"https:\/\/jornalbeirario.com.br\/portal\/?p=45832#primaryimage"},"thumbnailUrl":"https:\/\/jornalbeirario.com.br\/portal\/wp-content\/uploads\/2016\/11\/manifestantes2.jpg","keywords":["dehoraemhora","manchete"],"articleSection":["Pol\u00edtica"],"inLanguage":"pt-BR","potentialAction":[{"@type":"CommentAction","name":"Comment","target":["https:\/\/jornalbeirario.com.br\/portal\/?p=45832#respond"]}]},{"@type":"WebPage","@id":"https:\/\/jornalbeirario.com.br\/portal\/?p=45832","url":"https:\/\/jornalbeirario.com.br\/portal\/?p=45832","name":"Alerj registra nova manifesta\u00e7\u00e3o e um dos projetos \u00e9 retirado de pauta - JORNAL BEIRA RIO","isPartOf":{"@id":"https:\/\/jornalbeirario.com.br\/portal\/#website"},"primaryImageOfPage":{"@id":"https:\/\/jornalbeirario.com.br\/portal\/?p=45832#primaryimage"},"image":{"@id":"https:\/\/jornalbeirario.com.br\/portal\/?p=45832#primaryimage"},"thumbnailUrl":"https:\/\/jornalbeirario.com.br\/portal\/wp-content\/uploads\/2016\/11\/manifestantes2.jpg","datePublished":"2016-11-09T20:59:09+00:00","dateModified":"2016-11-09T21:09:26+00:00","breadcrumb":{"@id":"https:\/\/jornalbeirario.com.br\/portal\/?p=45832#breadcrumb"},"inLanguage":"pt-BR","potentialAction":[{"@type":"ReadAction","target":["https:\/\/jornalbeirario.com.br\/portal\/?p=45832"]}]},{"@type":"ImageObject","inLanguage":"pt-BR","@id":"https:\/\/jornalbeirario.com.br\/portal\/?p=45832#primaryimage","url":"https:\/\/jornalbeirario.com.br\/portal\/wp-content\/uploads\/2016\/11\/manifestantes2.jpg","contentUrl":"https:\/\/jornalbeirario.com.br\/portal\/wp-content\/uploads\/2016\/11\/manifestantes2.jpg","width":930,"height":350},{"@type":"BreadcrumbList","@id":"https:\/\/jornalbeirario.com.br\/portal\/?p=45832#breadcrumb","itemListElement":[{"@type":"ListItem","position":1,"name":"Home","item":"https:\/\/jornalbeirario.com.br\/portal"},{"@type":"ListItem","position":2,"name":"Alerj registra nova manifesta\u00e7\u00e3o e um dos projetos \u00e9 retirado de pauta"}]},{"@type":"WebSite","@id":"https:\/\/jornalbeirario.com.br\/portal\/#website","url":"https:\/\/jornalbeirario.com.br\/portal\/","name":"JORNAL BEIRA RIO","description":"","publisher":{"@id":"https:\/\/jornalbeirario.com.br\/portal\/#organization"},"potentialAction":[{"@type":"SearchAction","target":{"@type":"EntryPoint","urlTemplate":"https:\/\/jornalbeirario.com.br\/portal\/?s={search_term_string}"},"query-input":{"@type":"PropertyValueSpecification","valueRequired":true,"valueName":"search_term_string"}}],"inLanguage":"pt-BR"},{"@type":"Organization","@id":"https:\/\/jornalbeirario.com.br\/portal\/#organization","name":"JORNAL BEIRA RIO","url":"https:\/\/jornalbeirario.com.br\/portal\/","logo":{"@type":"ImageObject","inLanguage":"pt-BR","@id":"https:\/\/jornalbeirario.com.br\/portal\/#\/schema\/logo\/image\/","url":"https:\/\/jornalbeirario.com.br\/portal\/wp-content\/uploads\/2017\/09\/BEIRA-RIO_logo600.png","contentUrl":"https:\/\/jornalbeirario.com.br\/portal\/wp-content\/uploads\/2017\/09\/BEIRA-RIO_logo600.png","width":650,"height":108,"caption":"JORNAL BEIRA RIO"},"image":{"@id":"https:\/\/jornalbeirario.com.br\/portal\/#\/schema\/logo\/image\/"}},{"@type":"Person","@id":"https:\/\/jornalbeirario.com.br\/portal\/#\/schema\/person\/c6c423e4c2465d2a9233f6539173e7c1","name":"Jornal BEIRA-RIO","image":{"@type":"ImageObject","inLanguage":"pt-BR","@id":"https:\/\/jornalbeirario.com.br\/portal\/wp-content\/uploads\/2023\/10\/logojbr1.jpg","url":"https:\/\/jornalbeirario.com.br\/portal\/wp-content\/uploads\/2023\/10\/logojbr1.jpg","contentUrl":"https:\/\/jornalbeirario.com.br\/portal\/wp-content\/uploads\/2023\/10\/logojbr1.jpg","caption":"Jornal BEIRA-RIO"},"url":"https:\/\/jornalbeirario.com.br\/portal\/?author=1"}]}},"_links":{"self":[{"href":"https:\/\/jornalbeirario.com.br\/portal\/index.php?rest_route=\/wp\/v2\/posts\/45832","targetHints":{"allow":["GET"]}}],"collection":[{"href":"https:\/\/jornalbeirario.com.br\/portal\/index.php?rest_route=\/wp\/v2\/posts"}],"about":[{"href":"https:\/\/jornalbeirario.com.br\/portal\/index.php?rest_route=\/wp\/v2\/types\/post"}],"author":[{"embeddable":true,"href":"https:\/\/jornalbeirario.com.br\/portal\/index.php?rest_route=\/wp\/v2\/users\/1"}],"replies":[{"embeddable":true,"href":"https:\/\/jornalbeirario.com.br\/portal\/index.php?rest_route=%2Fwp%2Fv2%2Fcomments&post=45832"}],"version-history":[{"count":8,"href":"https:\/\/jornalbeirario.com.br\/portal\/index.php?rest_route=\/wp\/v2\/posts\/45832\/revisions"}],"predecessor-version":[{"id":45843,"href":"https:\/\/jornalbeirario.com.br\/portal\/index.php?rest_route=\/wp\/v2\/posts\/45832\/revisions\/45843"}],"wp:featuredmedia":[{"embeddable":true,"href":"https:\/\/jornalbeirario.com.br\/portal\/index.php?rest_route=\/wp\/v2\/media\/45839"}],"wp:attachment":[{"href":"https:\/\/jornalbeirario.com.br\/portal\/index.php?rest_route=%2Fwp%2Fv2%2Fmedia&parent=45832"}],"wp:term":[{"taxonomy":"category","embeddable":true,"href":"https:\/\/jornalbeirario.com.br\/portal\/index.php?rest_route=%2Fwp%2Fv2%2Fcategories&post=45832"},{"taxonomy":"post_tag","embeddable":true,"href":"https:\/\/jornalbeirario.com.br\/portal\/index.php?rest_route=%2Fwp%2Fv2%2Ftags&post=45832"}],"curies":[{"name":"wp","href":"https:\/\/api.w.org\/{rel}","templated":true}]}}