
{"id":45496,"date":"2016-10-28T14:53:44","date_gmt":"2016-10-28T14:53:44","guid":{"rendered":"http:\/\/jornalbeirario.com.br\/portal\/?p=45496"},"modified":"2016-10-28T14:53:44","modified_gmt":"2016-10-28T14:53:44","slug":"liminar-proibe-o-estado-de-conceder-ampliar-ou-renovar-beneficios-fiscais","status":"publish","type":"post","link":"https:\/\/jornalbeirario.com.br\/portal\/?p=45496","title":{"rendered":"Liminar pro\u00edbe o Estado de conceder, ampliar ou renovar benef\u00edcios fiscais"},"content":{"rendered":"<p style=\"text-align: justify;\">O Minist\u00e9rio P\u00fablico do Estado do Rio de Janeiro (MPRJ) obteve liminar que pro\u00edbe o Estado a conceder, ampliar ou renovar benef\u00edcios fiscais ou financeiros a empresas instaladas no Estado. A decis\u00e3o foi proferida pelo juiz Marcelo Evaristo da Silva, da 3\u00aa Vara da Fazenda P\u00fablica do Rio, na quarta-feira, dia 26.<\/p>\n<p style=\"text-align: justify;\">A a\u00e7\u00e3o, ajuizada pelas Promotorias de Justi\u00e7a de Tutela Coletiva da Cidadania do N\u00facleo da Capital, assinada por cinco promotores, requer a revis\u00e3o de todas as isen\u00e7\u00f5es ou redu\u00e7\u00f5es de tributos concedidas a empresas instaladas no Estado. De acordo com os autos, de 2010 a 2015, foram concedidos mais de R$ 150 bilh\u00f5es em benef\u00edcios.<\/p>\n<p style=\"text-align: justify;\">Conforme a decis\u00e3o da 3\u00aa Vara da Fazenda P\u00fablica do Rio, o Estado tem um prazo de 60 dias para apresentar a lista com as empresas e os benef\u00edcios detalhados, al\u00e9m de um estudo do impacto or\u00e7ament\u00e1rio-financeiro de todos os incentivos fiscais.<\/p>\n<p style=\"text-align: justify;\">Segundo a a\u00e7\u00e3o, o Estado passa por um desequil\u00edbrio financeiro que tem comprometido, h\u00e1 mais de um ano, o cumprimento das metas fiscais estabelecidas na Lei de Or\u00e7amento Anual. A previs\u00e3o or\u00e7ament\u00e1ria origin\u00e1ria anual do Estado, de 2016, passou por uma atualiza\u00e7\u00e3o e foi reduzida de R$ 75,7 bilh\u00f5es para R$ 56,5 bilh\u00f5es. E somente ingressaram, at\u00e9 o fim do m\u00eas de agosto, R$ 44,4 bilh\u00f5es nos cofres p\u00fablicos.<\/p>\n<p style=\"text-align: justify;\">Tal desequil\u00edbrio tem interferido diretamente na efetiva\u00e7\u00e3o dos direitos e garantias fundamentais individuais e coletivas, constitucionalmente previstas e asseguradas, como sa\u00fade, educa\u00e7\u00e3o, assist\u00eancia social e seguran\u00e7a p\u00fablica. As Promotorias de Justi\u00e7a de Tutela Coletiva da Cidadania do N\u00facleo da Capital destacam, ainda, o comprometimento do pagamento de subs\u00eddios, sal\u00e1rios, proventos e pens\u00f5es de todo funcionalismo p\u00fablico estadual.<\/p>\n<p style=\"text-align: justify;\">Conforme os demonstrativos de execu\u00e7\u00e3o das despesas apresentados na a\u00e7\u00e3o, at\u00e9 agosto foram empenhados e liquidados R$ 2,2 bilh\u00f5es, dos R$ 5,9 bilh\u00f5es de despesas fixadas para a Sa\u00fade; R$ 3,3 bilh\u00f5es, dos R$ 7,2 bilh\u00f5es para a Educa\u00e7\u00e3o; e R$ 5,7 bilh\u00f5es, dos R$ 10,3 bilh\u00f5es para a Seguran\u00e7a.<\/p>\n<p style=\"text-align: justify;\">Segundo o promotor Vin\u00edcius Leal Cavalleiro, da 8\u00aa Promotoria de Justi\u00e7a de Tutela Coletiva de Defesa da Cidadania da Capital, n\u00e3o foi observado um crit\u00e9rio l\u00f3gico na concess\u00e3o dos benef\u00edcios. \u201cFalta transpar\u00eancia. O volume total de ren\u00fancia de receita apurada em 2015, reconhecida pela Secretaria de Estado e Fazenda, foi de R$ 9,3 bilh\u00f5es. O volume absoluto de ren\u00fancia, portanto, supera, e muito, os gastos com sa\u00fade e educa\u00e7\u00e3o nos \u00faltimos anos\u201d, disse. O promotor ressaltou tamb\u00e9m que \u201co valor da ren\u00fancia \u00e9 maior que a arrecada\u00e7\u00e3o do Estado com royalties\u201d.<\/p>\n<p style=\"text-align: justify;\"><em>Foto: Reprodu\u00e7\u00e3o da Internet<\/em><\/p>\n<p style=\"text-align: justify;\"><em>Fonte: Assessoria de Comunica\u00e7\u00e3o Social (MPRJ)<\/em><\/p>\n","protected":false},"excerpt":{"rendered":"<p>O Minist\u00e9rio P\u00fablico do Estado do Rio de Janeiro (MPRJ) obteve liminar que pro\u00edbe o Estado a conceder, ampliar ou renovar benef\u00edcios fiscais ou<\/p>\n","protected":false},"author":1,"featured_media":45499,"comment_status":"open","ping_status":"open","sticky":false,"template":"","format":"standard","meta":{"pmpro_default_level":"","footnotes":""},"categories":[6],"tags":[155],"class_list":["post-45496","post","type-post","status-publish","format-standard","has-post-thumbnail","hentry","category-economia","tag-dehoraemhora","pmpro-has-access"],"yoast_head":"<!-- This site is optimized with the Yoast SEO plugin v27.4 - https:\/\/yoast.com\/product\/yoast-seo-wordpress\/ -->\n<title>Liminar pro\u00edbe o Estado de conceder, ampliar ou renovar benef\u00edcios fiscais - JORNAL BEIRA RIO<\/title>\n<meta name=\"robots\" content=\"index, follow, max-snippet:-1, max-image-preview:large, max-video-preview:-1\" \/>\n<link rel=\"canonical\" href=\"https:\/\/jornalbeirario.com.br\/portal\/?p=45496\" \/>\n<meta property=\"og:locale\" content=\"pt_BR\" \/>\n<meta property=\"og:type\" content=\"article\" \/>\n<meta property=\"og:title\" content=\"Liminar pro\u00edbe o Estado de conceder, ampliar ou renovar benef\u00edcios fiscais - JORNAL BEIRA RIO\" \/>\n<meta property=\"og:description\" content=\"O Minist\u00e9rio P\u00fablico do Estado do Rio de Janeiro (MPRJ) obteve liminar que pro\u00edbe o Estado a conceder, ampliar ou renovar benef\u00edcios fiscais ou\" \/>\n<meta property=\"og:url\" content=\"https:\/\/jornalbeirario.com.br\/portal\/?p=45496\" \/>\n<meta property=\"og:site_name\" content=\"JORNAL BEIRA RIO\" \/>\n<meta property=\"article:published_time\" content=\"2016-10-28T14:53:44+00:00\" \/>\n<meta property=\"og:image\" content=\"https:\/\/jornalbeirario.com.br\/portal\/wp-content\/uploads\/2016\/10\/incentivos1.jpg\" \/>\n\t<meta property=\"og:image:width\" content=\"640\" \/>\n\t<meta property=\"og:image:height\" content=\"480\" \/>\n\t<meta property=\"og:image:type\" content=\"image\/jpeg\" \/>\n<meta name=\"author\" content=\"Jornal BEIRA-RIO\" \/>\n<meta name=\"twitter:card\" content=\"summary_large_image\" \/>\n<meta name=\"twitter:label1\" content=\"Escrito por\" \/>\n\t<meta name=\"twitter:data1\" content=\"Jornal BEIRA-RIO\" \/>\n\t<meta name=\"twitter:label2\" content=\"Est. tempo de leitura\" \/>\n\t<meta name=\"twitter:data2\" content=\"2 minutos\" \/>\n<script type=\"application\/ld+json\" class=\"yoast-schema-graph\">{\"@context\":\"https:\\\/\\\/schema.org\",\"@graph\":[{\"@type\":\"Article\",\"@id\":\"https:\\\/\\\/jornalbeirario.com.br\\\/portal\\\/?p=45496#article\",\"isPartOf\":{\"@id\":\"https:\\\/\\\/jornalbeirario.com.br\\\/portal\\\/?p=45496\"},\"author\":{\"name\":\"Jornal BEIRA-RIO\",\"@id\":\"https:\\\/\\\/jornalbeirario.com.br\\\/portal\\\/#\\\/schema\\\/person\\\/c6c423e4c2465d2a9233f6539173e7c1\"},\"headline\":\"Liminar pro\u00edbe o Estado de conceder, ampliar ou renovar benef\u00edcios fiscais\",\"datePublished\":\"2016-10-28T14:53:44+00:00\",\"mainEntityOfPage\":{\"@id\":\"https:\\\/\\\/jornalbeirario.com.br\\\/portal\\\/?p=45496\"},\"wordCount\":493,\"commentCount\":0,\"publisher\":{\"@id\":\"https:\\\/\\\/jornalbeirario.com.br\\\/portal\\\/#organization\"},\"image\":{\"@id\":\"https:\\\/\\\/jornalbeirario.com.br\\\/portal\\\/?p=45496#primaryimage\"},\"thumbnailUrl\":\"https:\\\/\\\/jornalbeirario.com.br\\\/portal\\\/wp-content\\\/uploads\\\/2016\\\/10\\\/incentivos1.jpg\",\"keywords\":[\"dehoraemhora\"],\"articleSection\":[\"Economia\"],\"inLanguage\":\"pt-BR\",\"potentialAction\":[{\"@type\":\"CommentAction\",\"name\":\"Comment\",\"target\":[\"https:\\\/\\\/jornalbeirario.com.br\\\/portal\\\/?p=45496#respond\"]}]},{\"@type\":\"WebPage\",\"@id\":\"https:\\\/\\\/jornalbeirario.com.br\\\/portal\\\/?p=45496\",\"url\":\"https:\\\/\\\/jornalbeirario.com.br\\\/portal\\\/?p=45496\",\"name\":\"Liminar pro\u00edbe o Estado de conceder, ampliar ou renovar benef\u00edcios fiscais - JORNAL BEIRA RIO\",\"isPartOf\":{\"@id\":\"https:\\\/\\\/jornalbeirario.com.br\\\/portal\\\/#website\"},\"primaryImageOfPage\":{\"@id\":\"https:\\\/\\\/jornalbeirario.com.br\\\/portal\\\/?p=45496#primaryimage\"},\"image\":{\"@id\":\"https:\\\/\\\/jornalbeirario.com.br\\\/portal\\\/?p=45496#primaryimage\"},\"thumbnailUrl\":\"https:\\\/\\\/jornalbeirario.com.br\\\/portal\\\/wp-content\\\/uploads\\\/2016\\\/10\\\/incentivos1.jpg\",\"datePublished\":\"2016-10-28T14:53:44+00:00\",\"breadcrumb\":{\"@id\":\"https:\\\/\\\/jornalbeirario.com.br\\\/portal\\\/?p=45496#breadcrumb\"},\"inLanguage\":\"pt-BR\",\"potentialAction\":[{\"@type\":\"ReadAction\",\"target\":[\"https:\\\/\\\/jornalbeirario.com.br\\\/portal\\\/?p=45496\"]}]},{\"@type\":\"ImageObject\",\"inLanguage\":\"pt-BR\",\"@id\":\"https:\\\/\\\/jornalbeirario.com.br\\\/portal\\\/?p=45496#primaryimage\",\"url\":\"https:\\\/\\\/jornalbeirario.com.br\\\/portal\\\/wp-content\\\/uploads\\\/2016\\\/10\\\/incentivos1.jpg\",\"contentUrl\":\"https:\\\/\\\/jornalbeirario.com.br\\\/portal\\\/wp-content\\\/uploads\\\/2016\\\/10\\\/incentivos1.jpg\",\"width\":640,\"height\":480},{\"@type\":\"BreadcrumbList\",\"@id\":\"https:\\\/\\\/jornalbeirario.com.br\\\/portal\\\/?p=45496#breadcrumb\",\"itemListElement\":[{\"@type\":\"ListItem\",\"position\":1,\"name\":\"Home\",\"item\":\"https:\\\/\\\/jornalbeirario.com.br\\\/portal\"},{\"@type\":\"ListItem\",\"position\":2,\"name\":\"Liminar pro\u00edbe o Estado de conceder, ampliar ou renovar benef\u00edcios fiscais\"}]},{\"@type\":\"WebSite\",\"@id\":\"https:\\\/\\\/jornalbeirario.com.br\\\/portal\\\/#website\",\"url\":\"https:\\\/\\\/jornalbeirario.com.br\\\/portal\\\/\",\"name\":\"JORNAL BEIRA RIO\",\"description\":\"\",\"publisher\":{\"@id\":\"https:\\\/\\\/jornalbeirario.com.br\\\/portal\\\/#organization\"},\"potentialAction\":[{\"@type\":\"SearchAction\",\"target\":{\"@type\":\"EntryPoint\",\"urlTemplate\":\"https:\\\/\\\/jornalbeirario.com.br\\\/portal\\\/?s={search_term_string}\"},\"query-input\":{\"@type\":\"PropertyValueSpecification\",\"valueRequired\":true,\"valueName\":\"search_term_string\"}}],\"inLanguage\":\"pt-BR\"},{\"@type\":\"Organization\",\"@id\":\"https:\\\/\\\/jornalbeirario.com.br\\\/portal\\\/#organization\",\"name\":\"JORNAL BEIRA RIO\",\"url\":\"https:\\\/\\\/jornalbeirario.com.br\\\/portal\\\/\",\"logo\":{\"@type\":\"ImageObject\",\"inLanguage\":\"pt-BR\",\"@id\":\"https:\\\/\\\/jornalbeirario.com.br\\\/portal\\\/#\\\/schema\\\/logo\\\/image\\\/\",\"url\":\"https:\\\/\\\/jornalbeirario.com.br\\\/portal\\\/wp-content\\\/uploads\\\/2017\\\/09\\\/BEIRA-RIO_logo600.png\",\"contentUrl\":\"https:\\\/\\\/jornalbeirario.com.br\\\/portal\\\/wp-content\\\/uploads\\\/2017\\\/09\\\/BEIRA-RIO_logo600.png\",\"width\":650,\"height\":108,\"caption\":\"JORNAL BEIRA RIO\"},\"image\":{\"@id\":\"https:\\\/\\\/jornalbeirario.com.br\\\/portal\\\/#\\\/schema\\\/logo\\\/image\\\/\"}},{\"@type\":\"Person\",\"@id\":\"https:\\\/\\\/jornalbeirario.com.br\\\/portal\\\/#\\\/schema\\\/person\\\/c6c423e4c2465d2a9233f6539173e7c1\",\"name\":\"Jornal BEIRA-RIO\",\"image\":{\"@type\":\"ImageObject\",\"inLanguage\":\"pt-BR\",\"@id\":\"https:\\\/\\\/jornalbeirario.com.br\\\/portal\\\/wp-content\\\/uploads\\\/2023\\\/10\\\/logojbr1.jpg\",\"url\":\"https:\\\/\\\/jornalbeirario.com.br\\\/portal\\\/wp-content\\\/uploads\\\/2023\\\/10\\\/logojbr1.jpg\",\"contentUrl\":\"https:\\\/\\\/jornalbeirario.com.br\\\/portal\\\/wp-content\\\/uploads\\\/2023\\\/10\\\/logojbr1.jpg\",\"caption\":\"Jornal BEIRA-RIO\"},\"url\":\"https:\\\/\\\/jornalbeirario.com.br\\\/portal\\\/?author=1\"}]}<\/script>\n<!-- \/ Yoast SEO plugin. -->","yoast_head_json":{"title":"Liminar pro\u00edbe o Estado de conceder, ampliar ou renovar benef\u00edcios fiscais - JORNAL BEIRA RIO","robots":{"index":"index","follow":"follow","max-snippet":"max-snippet:-1","max-image-preview":"max-image-preview:large","max-video-preview":"max-video-preview:-1"},"canonical":"https:\/\/jornalbeirario.com.br\/portal\/?p=45496","og_locale":"pt_BR","og_type":"article","og_title":"Liminar pro\u00edbe o Estado de conceder, ampliar ou renovar benef\u00edcios fiscais - JORNAL BEIRA RIO","og_description":"O Minist\u00e9rio P\u00fablico do Estado do Rio de Janeiro (MPRJ) obteve liminar que pro\u00edbe o Estado a conceder, ampliar ou renovar benef\u00edcios fiscais ou","og_url":"https:\/\/jornalbeirario.com.br\/portal\/?p=45496","og_site_name":"JORNAL BEIRA RIO","article_published_time":"2016-10-28T14:53:44+00:00","og_image":[{"width":640,"height":480,"url":"https:\/\/jornalbeirario.com.br\/portal\/wp-content\/uploads\/2016\/10\/incentivos1.jpg","type":"image\/jpeg"}],"author":"Jornal BEIRA-RIO","twitter_card":"summary_large_image","twitter_misc":{"Escrito por":"Jornal BEIRA-RIO","Est. tempo de leitura":"2 minutos"},"schema":{"@context":"https:\/\/schema.org","@graph":[{"@type":"Article","@id":"https:\/\/jornalbeirario.com.br\/portal\/?p=45496#article","isPartOf":{"@id":"https:\/\/jornalbeirario.com.br\/portal\/?p=45496"},"author":{"name":"Jornal BEIRA-RIO","@id":"https:\/\/jornalbeirario.com.br\/portal\/#\/schema\/person\/c6c423e4c2465d2a9233f6539173e7c1"},"headline":"Liminar pro\u00edbe o Estado de conceder, ampliar ou renovar benef\u00edcios fiscais","datePublished":"2016-10-28T14:53:44+00:00","mainEntityOfPage":{"@id":"https:\/\/jornalbeirario.com.br\/portal\/?p=45496"},"wordCount":493,"commentCount":0,"publisher":{"@id":"https:\/\/jornalbeirario.com.br\/portal\/#organization"},"image":{"@id":"https:\/\/jornalbeirario.com.br\/portal\/?p=45496#primaryimage"},"thumbnailUrl":"https:\/\/jornalbeirario.com.br\/portal\/wp-content\/uploads\/2016\/10\/incentivos1.jpg","keywords":["dehoraemhora"],"articleSection":["Economia"],"inLanguage":"pt-BR","potentialAction":[{"@type":"CommentAction","name":"Comment","target":["https:\/\/jornalbeirario.com.br\/portal\/?p=45496#respond"]}]},{"@type":"WebPage","@id":"https:\/\/jornalbeirario.com.br\/portal\/?p=45496","url":"https:\/\/jornalbeirario.com.br\/portal\/?p=45496","name":"Liminar pro\u00edbe o Estado de conceder, ampliar ou renovar benef\u00edcios fiscais - JORNAL BEIRA RIO","isPartOf":{"@id":"https:\/\/jornalbeirario.com.br\/portal\/#website"},"primaryImageOfPage":{"@id":"https:\/\/jornalbeirario.com.br\/portal\/?p=45496#primaryimage"},"image":{"@id":"https:\/\/jornalbeirario.com.br\/portal\/?p=45496#primaryimage"},"thumbnailUrl":"https:\/\/jornalbeirario.com.br\/portal\/wp-content\/uploads\/2016\/10\/incentivos1.jpg","datePublished":"2016-10-28T14:53:44+00:00","breadcrumb":{"@id":"https:\/\/jornalbeirario.com.br\/portal\/?p=45496#breadcrumb"},"inLanguage":"pt-BR","potentialAction":[{"@type":"ReadAction","target":["https:\/\/jornalbeirario.com.br\/portal\/?p=45496"]}]},{"@type":"ImageObject","inLanguage":"pt-BR","@id":"https:\/\/jornalbeirario.com.br\/portal\/?p=45496#primaryimage","url":"https:\/\/jornalbeirario.com.br\/portal\/wp-content\/uploads\/2016\/10\/incentivos1.jpg","contentUrl":"https:\/\/jornalbeirario.com.br\/portal\/wp-content\/uploads\/2016\/10\/incentivos1.jpg","width":640,"height":480},{"@type":"BreadcrumbList","@id":"https:\/\/jornalbeirario.com.br\/portal\/?p=45496#breadcrumb","itemListElement":[{"@type":"ListItem","position":1,"name":"Home","item":"https:\/\/jornalbeirario.com.br\/portal"},{"@type":"ListItem","position":2,"name":"Liminar pro\u00edbe o Estado de conceder, ampliar ou renovar benef\u00edcios fiscais"}]},{"@type":"WebSite","@id":"https:\/\/jornalbeirario.com.br\/portal\/#website","url":"https:\/\/jornalbeirario.com.br\/portal\/","name":"JORNAL BEIRA RIO","description":"","publisher":{"@id":"https:\/\/jornalbeirario.com.br\/portal\/#organization"},"potentialAction":[{"@type":"SearchAction","target":{"@type":"EntryPoint","urlTemplate":"https:\/\/jornalbeirario.com.br\/portal\/?s={search_term_string}"},"query-input":{"@type":"PropertyValueSpecification","valueRequired":true,"valueName":"search_term_string"}}],"inLanguage":"pt-BR"},{"@type":"Organization","@id":"https:\/\/jornalbeirario.com.br\/portal\/#organization","name":"JORNAL BEIRA RIO","url":"https:\/\/jornalbeirario.com.br\/portal\/","logo":{"@type":"ImageObject","inLanguage":"pt-BR","@id":"https:\/\/jornalbeirario.com.br\/portal\/#\/schema\/logo\/image\/","url":"https:\/\/jornalbeirario.com.br\/portal\/wp-content\/uploads\/2017\/09\/BEIRA-RIO_logo600.png","contentUrl":"https:\/\/jornalbeirario.com.br\/portal\/wp-content\/uploads\/2017\/09\/BEIRA-RIO_logo600.png","width":650,"height":108,"caption":"JORNAL BEIRA RIO"},"image":{"@id":"https:\/\/jornalbeirario.com.br\/portal\/#\/schema\/logo\/image\/"}},{"@type":"Person","@id":"https:\/\/jornalbeirario.com.br\/portal\/#\/schema\/person\/c6c423e4c2465d2a9233f6539173e7c1","name":"Jornal BEIRA-RIO","image":{"@type":"ImageObject","inLanguage":"pt-BR","@id":"https:\/\/jornalbeirario.com.br\/portal\/wp-content\/uploads\/2023\/10\/logojbr1.jpg","url":"https:\/\/jornalbeirario.com.br\/portal\/wp-content\/uploads\/2023\/10\/logojbr1.jpg","contentUrl":"https:\/\/jornalbeirario.com.br\/portal\/wp-content\/uploads\/2023\/10\/logojbr1.jpg","caption":"Jornal BEIRA-RIO"},"url":"https:\/\/jornalbeirario.com.br\/portal\/?author=1"}]}},"_links":{"self":[{"href":"https:\/\/jornalbeirario.com.br\/portal\/index.php?rest_route=\/wp\/v2\/posts\/45496","targetHints":{"allow":["GET"]}}],"collection":[{"href":"https:\/\/jornalbeirario.com.br\/portal\/index.php?rest_route=\/wp\/v2\/posts"}],"about":[{"href":"https:\/\/jornalbeirario.com.br\/portal\/index.php?rest_route=\/wp\/v2\/types\/post"}],"author":[{"embeddable":true,"href":"https:\/\/jornalbeirario.com.br\/portal\/index.php?rest_route=\/wp\/v2\/users\/1"}],"replies":[{"embeddable":true,"href":"https:\/\/jornalbeirario.com.br\/portal\/index.php?rest_route=%2Fwp%2Fv2%2Fcomments&post=45496"}],"version-history":[{"count":2,"href":"https:\/\/jornalbeirario.com.br\/portal\/index.php?rest_route=\/wp\/v2\/posts\/45496\/revisions"}],"predecessor-version":[{"id":45498,"href":"https:\/\/jornalbeirario.com.br\/portal\/index.php?rest_route=\/wp\/v2\/posts\/45496\/revisions\/45498"}],"wp:featuredmedia":[{"embeddable":true,"href":"https:\/\/jornalbeirario.com.br\/portal\/index.php?rest_route=\/wp\/v2\/media\/45499"}],"wp:attachment":[{"href":"https:\/\/jornalbeirario.com.br\/portal\/index.php?rest_route=%2Fwp%2Fv2%2Fmedia&parent=45496"}],"wp:term":[{"taxonomy":"category","embeddable":true,"href":"https:\/\/jornalbeirario.com.br\/portal\/index.php?rest_route=%2Fwp%2Fv2%2Fcategories&post=45496"},{"taxonomy":"post_tag","embeddable":true,"href":"https:\/\/jornalbeirario.com.br\/portal\/index.php?rest_route=%2Fwp%2Fv2%2Ftags&post=45496"}],"curies":[{"name":"wp","href":"https:\/\/api.w.org\/{rel}","templated":true}]}}