
{"id":45063,"date":"2016-10-07T17:16:56","date_gmt":"2016-10-07T17:16:56","guid":{"rendered":"http:\/\/jornalbeirario.com.br\/portal\/?p=45063"},"modified":"2016-10-07T17:18:13","modified_gmt":"2016-10-07T17:18:13","slug":"nem-passado-nem-presente-diogo","status":"publish","type":"post","link":"https:\/\/jornalbeirario.com.br\/portal\/?p=45063","title":{"rendered":"Nem passado, nem presente: Diogo"},"content":{"rendered":"<p style=\"text-align: justify;\"><strong>Nem passado, nem presente: Diogo (1)<\/strong><br \/>\nA vit\u00f3ria, at\u00e9 certo ponto surpreendente, do m\u00e9dico Diogo Balieiro para a sucess\u00e3o do prefeito Jos\u00e9 Rechuan, vai continuar ainda por um bom tempo sendo \u201cexplicada\u201d em cada esquina, em cada bar, em cada sal\u00e3o de barbeiro dessa cidade. Claro que nem todos se surpreenderam. O pessoal da campanha, o Dr. Aluizio Balieiro, pai do Diogo, e mais algumas centenas de pessoas acreditavam. Embora hoje surjam a cada minuto aqueles que sempre acreditaram e juram com a m\u00e3o direita sobre a B\u00edblia, que votaram nele. Eu fazia parte da turma que n\u00e3o acreditava na sua vit\u00f3ria.\u00a0 Achava, e publiquei que, Diogo entrara na disputa para sentir a temperatura do ambiente. Tomaria seu banho inaugural de uma campanha eleitoral, para daqui a quatro anos, sim, entrar pra brigar de verdade. Agora \u00e9 f\u00e1cil ser engenheiro de obra pronta. Mas no calor da disputa, no olho do furac\u00e3o, qualquer progn\u00f3stico tinha cara de palpite. Mas o fato \u00e9 que (olha eu tamb\u00e9m me arvorando em explicar) a vit\u00f3ria de Diogo Balieiro n\u00e3o pode ser considerada uma zebra. Longe disso. Essa vit\u00f3ria est\u00e1 assentada em conceitos gerados e consolidados pela cultura eleitoral apreendida e exercitada em nossa vilipendiada democracia representativa. A atmosfera era amplamente favor\u00e1vel \u00e0 Oposi\u00e7\u00e3o, por inumer\u00e1veis fatores que estamos cansados de saber, entre os quais, a crise econ\u00f4mica que chegou forte em Resende, atando os movimentos da administra\u00e7\u00e3o que finda. A agulha da b\u00fassola pol\u00edtica apontava para renova\u00e7\u00e3o. Mesmo que a maioria dos eleitores tenha votado de forma conservadora (somados, os votos dados \u00e0 Situa\u00e7\u00e3o e ao Passado, superaram os de Diogo), um n\u00famero maior de eleitores, individualmente, preferiu o m\u00e9dico, e ele cruzou a linha na frente. \u00c9 o que vale.<\/p>\n<p style=\"text-align: justify;\"><strong>Nem passado, nem presente: Diogo (2)<\/strong><br \/>\nA bem da verdade, Ana L\u00facia tamb\u00e9m era novidade, mas\u00a0 como Resende n\u00e3o vota na Esquerda, e, o PT est\u00e1 sendo v\u00edtima de uma estudada e impiedosa depreda\u00e7\u00e3o jur\u00eddico-midi\u00e1tica, Ana, apesar da aplaudida performance na campanha, foi preterida. O professor M\u00e1rio Rodrigues e seu vice, o m\u00e9dico Braz Schetino, seriam eleitos facilmente em outro cen\u00e1rio, tal o grau de confiabilidade e cr\u00e9dito que despertaram. Mas n\u00e3o agora quando a palavra de ordem \u2018mudan\u00e7a\u2019 esteve t\u00e3o impregnada do seu pr\u00f3prio significado. N\u00e3o era um mero chav\u00e3o que encontramos nos discursos de qualquer Oposi\u00e7\u00e3o a cada quatro anos. E essa propalada mudan\u00e7a n\u00e3o \u00e9 apenas contra o governo Rechuan, que at\u00e9 deixa um saldo positivo nesses oito anos. Nos meus 24 anos de Resende, foi o melhor prefeito que conheci. Superando mesmo Eduardo Meohas em alguns aspectos. O anseio de mudan\u00e7a superava a simples troca de um grupo pol\u00edtico. E a tal l\u00f3gica que levou Diogo \u00e0 vit\u00f3ria, independente de suas qualidades pessoais, pode ser resumida na obvia, simples mas tamb\u00e9m t\u00e3o consistente assertiva: Nem passado, nem presente: futuro. E o eleitorado viu em Diogo esse futuro. Simples assim. Entre continuar com um grupo naturalmente e conjunturalmente desgastado por quase oitos anos no poder, ou voltar ao assustador passado com um grupo que parece definitivamente desgastado pelo tempo, o eleitor decidiu pela terceira via. Clareza e boa sorte ao prefeito eleito.<\/p>\n<p style=\"text-align: justify;\"><strong>TRIPA<\/strong><br \/>\n* Quando o m\u00e9dico Eduardo Meohas ainda no s\u00e9culo\u00a0 passado, cantou a pedra: \u2018o fim da era dos &#8216;Noeis&#8217;&#8230;ah! mas isso j\u00e1 \u00e9 uma outra hist\u00f3ria, que fica pra semana que vem * T\u00e1 rolando nas Redes um abaixo assinado contra a PEC\u00a0 241\/2016. Caso essa PEC seja aprovada, Temer vai congelar os sal\u00e1rios dos servidores p\u00fablicos por 20 anos. Essa peste desse presidente ileg\u00edtimo quer fazer economia cortando o ganha p\u00e3o do trabalhador p\u00fablico. Por que n\u00e3o corta os privil\u00e9gios dos pol\u00edticos do Congresso? Assine tamb\u00e9m clicando <a href=\"http:\/\/www.peticaopublica.com.br\/pview.aspx?pi=BR92916\">aqui<\/a>. * A Prefeitura por meio da Controladoria Geral do Munic\u00edpio convida para Audi\u00eancia P\u00fablica, hoje, dia 7, \u00e0s 15 horas no plen\u00e1rio da C\u00e2mara Municipal. Temas: Cumprimento das metas fiscais da administra\u00e7\u00e3o municipal e relat\u00f3rios da secretaria de sa\u00fade referentes aos 2\u00ba quadrimestre do ano. * Botafolgada, depois de passarmos pelo Poderoso Tim\u00e3o, voltamos a enfrentar um alvinegro. Dessa vez, o Figueirense. Esse \u2018Figueira\u2019 j\u00e1 nos, encheu o saco em outras ocasi\u00f5es, mas n\u00e3o neste domingo. N\u00e3o agora com o Fog\u00e3o focado e determinado. Domingo o time vai \u00e0 Floripa buscar mais tr\u00eas pontos. Bola pra frente Camilo, Neilton e Cia.<\/p>\n<p style=\"text-align: justify;\"><strong>ANIVERS\u00c1RIOS<\/strong><br \/>\nDia 29, dia de anivers\u00e1rio de Resende tamb\u00e9m foi do anivers\u00e1rio de duas pessoas amigas, a Helena Menandro e do Geraldo Calixto. No dia 30 sopraram velinhas a Larissa Reis e a Luciana Silva. Dia 1\u00ba mudaram de idade o Filipe Rebello e a Maria L\u00facia Armond. No dia 2, mais amigos inauguraram idade nova, o Luiz R\u00f4mulo Saloto e o Igor Pimenta. Dia 5, foi a vez do trio: Jos\u00e9 Antonio dos Santos (Ediie Murphy), Melzaque Caetano e Preta Pretinha receberem os \u2018parab\u00e9ns\u2019. Nessa quinta, dia 6, comemoraram idade nova o Waldir Belford, o Gui Rodrigues e a saltitante Mariza S\u00e1. Parab\u00e9ns e todas as felicidades do mundo a eles.<\/p>\n","protected":false},"excerpt":{"rendered":"<p>Nem passado, nem presente: Diogo (1) A vit\u00f3ria, at\u00e9 certo ponto surpreendente, do m\u00e9dico Diogo Balieiro para a sucess\u00e3o do prefeito Jos\u00e9 Rechuan, vai<\/p>\n","protected":false},"author":242,"featured_media":0,"comment_status":"open","ping_status":"open","sticky":false,"template":"","format":"standard","meta":{"pmpro_default_level":"","footnotes":""},"categories":[181],"tags":[],"class_list":["post-45063","post","type-post","status-publish","format-standard","hentry","category-colunistas","pmpro-has-access"],"yoast_head":"<!-- This site is optimized with the Yoast SEO plugin v27.4 - https:\/\/yoast.com\/product\/yoast-seo-wordpress\/ -->\n<title>Nem passado, nem presente: Diogo - JORNAL BEIRA RIO<\/title>\n<meta name=\"robots\" content=\"index, follow, max-snippet:-1, max-image-preview:large, max-video-preview:-1\" \/>\n<link rel=\"canonical\" href=\"https:\/\/jornalbeirario.com.br\/portal\/?p=45063\" \/>\n<meta property=\"og:locale\" content=\"pt_BR\" \/>\n<meta property=\"og:type\" content=\"article\" \/>\n<meta property=\"og:title\" content=\"Nem passado, nem presente: Diogo - JORNAL BEIRA RIO\" \/>\n<meta property=\"og:description\" content=\"Nem passado, nem presente: Diogo (1) A vit\u00f3ria, at\u00e9 certo ponto surpreendente, do m\u00e9dico Diogo Balieiro para a sucess\u00e3o do prefeito Jos\u00e9 Rechuan, vai\" \/>\n<meta property=\"og:url\" content=\"https:\/\/jornalbeirario.com.br\/portal\/?p=45063\" \/>\n<meta property=\"og:site_name\" content=\"JORNAL BEIRA RIO\" \/>\n<meta property=\"article:published_time\" content=\"2016-10-07T17:16:56+00:00\" \/>\n<meta property=\"article:modified_time\" content=\"2016-10-07T17:18:13+00:00\" \/>\n<meta name=\"author\" content=\"La\u00eds Amaral\" \/>\n<meta name=\"twitter:card\" content=\"summary_large_image\" \/>\n<meta name=\"twitter:label1\" content=\"Escrito por\" \/>\n\t<meta name=\"twitter:data1\" content=\"La\u00eds Amaral\" \/>\n\t<meta name=\"twitter:label2\" content=\"Est. tempo de leitura\" \/>\n\t<meta name=\"twitter:data2\" content=\"4 minutos\" \/>\n<script type=\"application\/ld+json\" class=\"yoast-schema-graph\">{\"@context\":\"https:\\\/\\\/schema.org\",\"@graph\":[{\"@type\":\"Article\",\"@id\":\"https:\\\/\\\/jornalbeirario.com.br\\\/portal\\\/?p=45063#article\",\"isPartOf\":{\"@id\":\"https:\\\/\\\/jornalbeirario.com.br\\\/portal\\\/?p=45063\"},\"author\":{\"name\":\"La\u00eds Amaral\",\"@id\":\"https:\\\/\\\/jornalbeirario.com.br\\\/portal\\\/#\\\/schema\\\/person\\\/07ce3ae95231104790048d62ba21d81a\"},\"headline\":\"Nem passado, nem presente: Diogo\",\"datePublished\":\"2016-10-07T17:16:56+00:00\",\"dateModified\":\"2016-10-07T17:18:13+00:00\",\"mainEntityOfPage\":{\"@id\":\"https:\\\/\\\/jornalbeirario.com.br\\\/portal\\\/?p=45063\"},\"wordCount\":891,\"commentCount\":1,\"publisher\":{\"@id\":\"https:\\\/\\\/jornalbeirario.com.br\\\/portal\\\/#organization\"},\"articleSection\":[\"Colunistas\"],\"inLanguage\":\"pt-BR\",\"potentialAction\":[{\"@type\":\"CommentAction\",\"name\":\"Comment\",\"target\":[\"https:\\\/\\\/jornalbeirario.com.br\\\/portal\\\/?p=45063#respond\"]}]},{\"@type\":\"WebPage\",\"@id\":\"https:\\\/\\\/jornalbeirario.com.br\\\/portal\\\/?p=45063\",\"url\":\"https:\\\/\\\/jornalbeirario.com.br\\\/portal\\\/?p=45063\",\"name\":\"Nem passado, nem presente: Diogo - JORNAL BEIRA RIO\",\"isPartOf\":{\"@id\":\"https:\\\/\\\/jornalbeirario.com.br\\\/portal\\\/#website\"},\"datePublished\":\"2016-10-07T17:16:56+00:00\",\"dateModified\":\"2016-10-07T17:18:13+00:00\",\"breadcrumb\":{\"@id\":\"https:\\\/\\\/jornalbeirario.com.br\\\/portal\\\/?p=45063#breadcrumb\"},\"inLanguage\":\"pt-BR\",\"potentialAction\":[{\"@type\":\"ReadAction\",\"target\":[\"https:\\\/\\\/jornalbeirario.com.br\\\/portal\\\/?p=45063\"]}]},{\"@type\":\"BreadcrumbList\",\"@id\":\"https:\\\/\\\/jornalbeirario.com.br\\\/portal\\\/?p=45063#breadcrumb\",\"itemListElement\":[{\"@type\":\"ListItem\",\"position\":1,\"name\":\"Home\",\"item\":\"https:\\\/\\\/jornalbeirario.com.br\\\/portal\"},{\"@type\":\"ListItem\",\"position\":2,\"name\":\"Nem passado, nem presente: Diogo\"}]},{\"@type\":\"WebSite\",\"@id\":\"https:\\\/\\\/jornalbeirario.com.br\\\/portal\\\/#website\",\"url\":\"https:\\\/\\\/jornalbeirario.com.br\\\/portal\\\/\",\"name\":\"JORNAL BEIRA RIO\",\"description\":\"\",\"publisher\":{\"@id\":\"https:\\\/\\\/jornalbeirario.com.br\\\/portal\\\/#organization\"},\"potentialAction\":[{\"@type\":\"SearchAction\",\"target\":{\"@type\":\"EntryPoint\",\"urlTemplate\":\"https:\\\/\\\/jornalbeirario.com.br\\\/portal\\\/?s={search_term_string}\"},\"query-input\":{\"@type\":\"PropertyValueSpecification\",\"valueRequired\":true,\"valueName\":\"search_term_string\"}}],\"inLanguage\":\"pt-BR\"},{\"@type\":\"Organization\",\"@id\":\"https:\\\/\\\/jornalbeirario.com.br\\\/portal\\\/#organization\",\"name\":\"JORNAL BEIRA RIO\",\"url\":\"https:\\\/\\\/jornalbeirario.com.br\\\/portal\\\/\",\"logo\":{\"@type\":\"ImageObject\",\"inLanguage\":\"pt-BR\",\"@id\":\"https:\\\/\\\/jornalbeirario.com.br\\\/portal\\\/#\\\/schema\\\/logo\\\/image\\\/\",\"url\":\"https:\\\/\\\/jornalbeirario.com.br\\\/portal\\\/wp-content\\\/uploads\\\/2017\\\/09\\\/BEIRA-RIO_logo600.png\",\"contentUrl\":\"https:\\\/\\\/jornalbeirario.com.br\\\/portal\\\/wp-content\\\/uploads\\\/2017\\\/09\\\/BEIRA-RIO_logo600.png\",\"width\":650,\"height\":108,\"caption\":\"JORNAL BEIRA RIO\"},\"image\":{\"@id\":\"https:\\\/\\\/jornalbeirario.com.br\\\/portal\\\/#\\\/schema\\\/logo\\\/image\\\/\"}},{\"@type\":\"Person\",\"@id\":\"https:\\\/\\\/jornalbeirario.com.br\\\/portal\\\/#\\\/schema\\\/person\\\/07ce3ae95231104790048d62ba21d81a\",\"name\":\"La\u00eds Amaral\",\"image\":{\"@type\":\"ImageObject\",\"inLanguage\":\"pt-BR\",\"@id\":\"https:\\\/\\\/jornalbeirario.com.br\\\/portal\\\/wp-content\\\/uploads\\\/2016\\\/09\\\/lairavatar2-1.png\",\"url\":\"https:\\\/\\\/jornalbeirario.com.br\\\/portal\\\/wp-content\\\/uploads\\\/2016\\\/09\\\/lairavatar2-1.png\",\"contentUrl\":\"https:\\\/\\\/jornalbeirario.com.br\\\/portal\\\/wp-content\\\/uploads\\\/2016\\\/09\\\/lairavatar2-1.png\",\"caption\":\"La\u00eds Amaral\"},\"url\":\"https:\\\/\\\/jornalbeirario.com.br\\\/portal\\\/?author=242\"}]}<\/script>\n<!-- \/ Yoast SEO plugin. -->","yoast_head_json":{"title":"Nem passado, nem presente: Diogo - JORNAL BEIRA RIO","robots":{"index":"index","follow":"follow","max-snippet":"max-snippet:-1","max-image-preview":"max-image-preview:large","max-video-preview":"max-video-preview:-1"},"canonical":"https:\/\/jornalbeirario.com.br\/portal\/?p=45063","og_locale":"pt_BR","og_type":"article","og_title":"Nem passado, nem presente: Diogo - JORNAL BEIRA RIO","og_description":"Nem passado, nem presente: Diogo (1) A vit\u00f3ria, at\u00e9 certo ponto surpreendente, do m\u00e9dico Diogo Balieiro para a sucess\u00e3o do prefeito Jos\u00e9 Rechuan, vai","og_url":"https:\/\/jornalbeirario.com.br\/portal\/?p=45063","og_site_name":"JORNAL BEIRA RIO","article_published_time":"2016-10-07T17:16:56+00:00","article_modified_time":"2016-10-07T17:18:13+00:00","author":"La\u00eds Amaral","twitter_card":"summary_large_image","twitter_misc":{"Escrito por":"La\u00eds Amaral","Est. tempo de leitura":"4 minutos"},"schema":{"@context":"https:\/\/schema.org","@graph":[{"@type":"Article","@id":"https:\/\/jornalbeirario.com.br\/portal\/?p=45063#article","isPartOf":{"@id":"https:\/\/jornalbeirario.com.br\/portal\/?p=45063"},"author":{"name":"La\u00eds Amaral","@id":"https:\/\/jornalbeirario.com.br\/portal\/#\/schema\/person\/07ce3ae95231104790048d62ba21d81a"},"headline":"Nem passado, nem presente: Diogo","datePublished":"2016-10-07T17:16:56+00:00","dateModified":"2016-10-07T17:18:13+00:00","mainEntityOfPage":{"@id":"https:\/\/jornalbeirario.com.br\/portal\/?p=45063"},"wordCount":891,"commentCount":1,"publisher":{"@id":"https:\/\/jornalbeirario.com.br\/portal\/#organization"},"articleSection":["Colunistas"],"inLanguage":"pt-BR","potentialAction":[{"@type":"CommentAction","name":"Comment","target":["https:\/\/jornalbeirario.com.br\/portal\/?p=45063#respond"]}]},{"@type":"WebPage","@id":"https:\/\/jornalbeirario.com.br\/portal\/?p=45063","url":"https:\/\/jornalbeirario.com.br\/portal\/?p=45063","name":"Nem passado, nem presente: Diogo - JORNAL BEIRA RIO","isPartOf":{"@id":"https:\/\/jornalbeirario.com.br\/portal\/#website"},"datePublished":"2016-10-07T17:16:56+00:00","dateModified":"2016-10-07T17:18:13+00:00","breadcrumb":{"@id":"https:\/\/jornalbeirario.com.br\/portal\/?p=45063#breadcrumb"},"inLanguage":"pt-BR","potentialAction":[{"@type":"ReadAction","target":["https:\/\/jornalbeirario.com.br\/portal\/?p=45063"]}]},{"@type":"BreadcrumbList","@id":"https:\/\/jornalbeirario.com.br\/portal\/?p=45063#breadcrumb","itemListElement":[{"@type":"ListItem","position":1,"name":"Home","item":"https:\/\/jornalbeirario.com.br\/portal"},{"@type":"ListItem","position":2,"name":"Nem passado, nem presente: Diogo"}]},{"@type":"WebSite","@id":"https:\/\/jornalbeirario.com.br\/portal\/#website","url":"https:\/\/jornalbeirario.com.br\/portal\/","name":"JORNAL BEIRA RIO","description":"","publisher":{"@id":"https:\/\/jornalbeirario.com.br\/portal\/#organization"},"potentialAction":[{"@type":"SearchAction","target":{"@type":"EntryPoint","urlTemplate":"https:\/\/jornalbeirario.com.br\/portal\/?s={search_term_string}"},"query-input":{"@type":"PropertyValueSpecification","valueRequired":true,"valueName":"search_term_string"}}],"inLanguage":"pt-BR"},{"@type":"Organization","@id":"https:\/\/jornalbeirario.com.br\/portal\/#organization","name":"JORNAL BEIRA RIO","url":"https:\/\/jornalbeirario.com.br\/portal\/","logo":{"@type":"ImageObject","inLanguage":"pt-BR","@id":"https:\/\/jornalbeirario.com.br\/portal\/#\/schema\/logo\/image\/","url":"https:\/\/jornalbeirario.com.br\/portal\/wp-content\/uploads\/2017\/09\/BEIRA-RIO_logo600.png","contentUrl":"https:\/\/jornalbeirario.com.br\/portal\/wp-content\/uploads\/2017\/09\/BEIRA-RIO_logo600.png","width":650,"height":108,"caption":"JORNAL BEIRA RIO"},"image":{"@id":"https:\/\/jornalbeirario.com.br\/portal\/#\/schema\/logo\/image\/"}},{"@type":"Person","@id":"https:\/\/jornalbeirario.com.br\/portal\/#\/schema\/person\/07ce3ae95231104790048d62ba21d81a","name":"La\u00eds Amaral","image":{"@type":"ImageObject","inLanguage":"pt-BR","@id":"https:\/\/jornalbeirario.com.br\/portal\/wp-content\/uploads\/2016\/09\/lairavatar2-1.png","url":"https:\/\/jornalbeirario.com.br\/portal\/wp-content\/uploads\/2016\/09\/lairavatar2-1.png","contentUrl":"https:\/\/jornalbeirario.com.br\/portal\/wp-content\/uploads\/2016\/09\/lairavatar2-1.png","caption":"La\u00eds Amaral"},"url":"https:\/\/jornalbeirario.com.br\/portal\/?author=242"}]}},"_links":{"self":[{"href":"https:\/\/jornalbeirario.com.br\/portal\/index.php?rest_route=\/wp\/v2\/posts\/45063","targetHints":{"allow":["GET"]}}],"collection":[{"href":"https:\/\/jornalbeirario.com.br\/portal\/index.php?rest_route=\/wp\/v2\/posts"}],"about":[{"href":"https:\/\/jornalbeirario.com.br\/portal\/index.php?rest_route=\/wp\/v2\/types\/post"}],"author":[{"embeddable":true,"href":"https:\/\/jornalbeirario.com.br\/portal\/index.php?rest_route=\/wp\/v2\/users\/242"}],"replies":[{"embeddable":true,"href":"https:\/\/jornalbeirario.com.br\/portal\/index.php?rest_route=%2Fwp%2Fv2%2Fcomments&post=45063"}],"version-history":[{"count":2,"href":"https:\/\/jornalbeirario.com.br\/portal\/index.php?rest_route=\/wp\/v2\/posts\/45063\/revisions"}],"predecessor-version":[{"id":45065,"href":"https:\/\/jornalbeirario.com.br\/portal\/index.php?rest_route=\/wp\/v2\/posts\/45063\/revisions\/45065"}],"wp:attachment":[{"href":"https:\/\/jornalbeirario.com.br\/portal\/index.php?rest_route=%2Fwp%2Fv2%2Fmedia&parent=45063"}],"wp:term":[{"taxonomy":"category","embeddable":true,"href":"https:\/\/jornalbeirario.com.br\/portal\/index.php?rest_route=%2Fwp%2Fv2%2Fcategories&post=45063"},{"taxonomy":"post_tag","embeddable":true,"href":"https:\/\/jornalbeirario.com.br\/portal\/index.php?rest_route=%2Fwp%2Fv2%2Ftags&post=45063"}],"curies":[{"name":"wp","href":"https:\/\/api.w.org\/{rel}","templated":true}]}}