
{"id":44837,"date":"2016-09-30T14:01:06","date_gmt":"2016-09-30T14:01:06","guid":{"rendered":"http:\/\/jornalbeirario.com.br\/portal\/?p=44837"},"modified":"2016-09-30T14:01:06","modified_gmt":"2016-09-30T14:01:06","slug":"tce-aprova-contas-de-barra-mansa-apesar-de-deficit-financeiro","status":"publish","type":"post","link":"https:\/\/jornalbeirario.com.br\/portal\/?p=44837","title":{"rendered":"TCE aprova contas de Barra Mansa apesar de d\u00e9ficit financeiro"},"content":{"rendered":"<p style=\"text-align: justify;\">Com a determina\u00e7\u00e3o de que corrija o d\u00e9ficit financeiro de R$ 82.263.618,95 verificado no Balan\u00e7o Patrimonial, em descompasso com o primeiro par\u00e1grafo do artigo primeiro da Lei de Responsabilidade Fiscal (LRF), o Tribunal de Contas do Estado do Rio de Janeiro (TCE-RJ) aprovou, na sess\u00e3o plen\u00e1ria desta quinta-feira, dia 29, a emiss\u00e3o de parecer pr\u00e9vio favor\u00e1vel \u00e0s contas de governo de Barra Mansa sob a responsabilidade do prefeito Jonas Marins (PCdoB).<\/p>\n<p style=\"text-align: justify;\">A decis\u00e3o dos conselheiros seguiu voto da relatora do processo, conselheira Marianna Willeman. O parecer pr\u00e9vio seguir\u00e1 para a C\u00e2mara Municipal para o julgamento definitivo das contas.<\/p>\n<p style=\"text-align: justify;\">A evolu\u00e7\u00e3o do d\u00e9ficit financeiro do munic\u00edpio de Barra Mansa foi de 1.633,63% em rela\u00e7\u00e3o \u00e0 gest\u00e3o anterior, visto que o d\u00e9ficit, em 2012, foi de R$ 14.991.016,09, em 2012. No exerc\u00edcio de 2013, o d\u00e9ficit foi de R$ 13.864.359,35; em 2014, R$ 4.745.161,54; e no \u00faltimo exerc\u00edcio, R$ 82.263.618,95. Na apura\u00e7\u00e3o do d\u00e9ficit, o registro considerou a diferen\u00e7a entre ativo e passivo (deficit\u00e1rio em R$ 87.565.890,16), menos o Regime Pr\u00f3prio de Previd\u00eancia Social (deficit\u00e1rio em R$ 5.832.284,57) e o valor destinado \u00e0 C\u00e2mara Municipal (R$ 530.013,36).<\/p>\n<p style=\"text-align: justify;\">RECEITA CORRENTE<br \/>\nResultado da soma das receitas tribut\u00e1rias e de contribui\u00e7\u00f5es, entre outras, a Receita Corrente L\u00edquida (RCL) de Barra Mansa registrou crescimento em 2015 de 3,60% em rela\u00e7\u00e3o \u00e0 soma alcan\u00e7ada no exerc\u00edcio anterior. No primeiro quadrimestre, o valor alcan\u00e7ado foi de R$ 377.535.871,00; no quadrimestre seguinte, a RCL atingiu o montante de R$ 387.754.942,30; e no terceiro quadrimestre, o valor foi de R$ 384.590.262,50.<\/p>\n<p style=\"text-align: justify;\">GASTO COM PESSOAL<br \/>\nO gasto com a folha de pagamento de pessoal do Poder Executivo apresentou um crescimento de 5,17%, percentual maior do que o registrado pela RCL no per\u00edodo. Embora a prefeitura de Barra Mansa tenha mantido as despesas dentro dos limites da Lei de Responsabilidade Fiscal (LRF), que fixa em 51,30% da RCL o limite prudencial e em 54% o m\u00e1ximo de gasto nesta rubrica, o TCE-RJ recomenda cautela com os gastos uma vez que a folha cresceu mais do que a receita dispon\u00edvel.<\/p>\n<p style=\"text-align: justify;\">EDUCA\u00c7\u00c3O<br \/>\nO valor destinado \u00e0 manuten\u00e7\u00e3o e desenvolvimento do ensino foi de R$ 60.148.732,49, o que corresponde a 30,43% da receita com impostos e transfer\u00eancias que somaram no exerc\u00edcio o valor de R$ 197.691.139,30. O resultado alcan\u00e7ado demonstrou o cumprimento do limite constitucional, fixado em 25% do valor da base de c\u00e1lculo.<\/p>\n<p style=\"text-align: justify;\">FUNDEB<br \/>\nO prefeito destinou R$ 51.350.481,42 ao pagamento da remunera\u00e7\u00e3o dos profissionais que atuam no ensino infantil e fundamental, correspondente a 83,49% dos recursos recebidos do Fundo de Desenvolvimento da Educa\u00e7\u00e3o B\u00e1sica e de Valoriza\u00e7\u00e3o dos Profissionais de Educa\u00e7\u00e3o (Fundeb). O valor m\u00ednimo exigido pela Lei Federal n\u00ba 11.494\/07 \u00e9 de 60%.<\/p>\n<p style=\"text-align: justify;\">SA\u00daDE<br \/>\nA prefeitura de Barra Mansa destinou R$ 54.984.760,29\u00a0 \u00e0s a\u00e7\u00f5es e servi\u00e7os de sa\u00fade, o que equivale a 28,21% do total das receitas com impostos e transfer\u00eancia que somaram no ano de 2015 o valor de R$ 194.910.930,80. O resultado alcan\u00e7ado ficou acima dos 15% fixados na Lei Complementar n\u00ba 141\/12 que regulamenta a Constitui\u00e7\u00e3o Federal fixando os valores m\u00ednimos a serem aplicados anualmente pela Uni\u00e3o, estados, Distrito Federal e munic\u00edpios.<\/p>\n<p style=\"text-align: justify;\"><em>Foto: Arquivo<\/em><\/p>\n<p style=\"text-align: justify;\"><em>Fonte: Coordenadoria de Comunica\u00e7\u00e3o Social, Imprensa e Editora\u00e7\u00e3o (CCS)<\/em><\/p>\n","protected":false},"excerpt":{"rendered":"<p>Com a determina\u00e7\u00e3o de que corrija o d\u00e9ficit financeiro de R$ 82.263.618,95 verificado no Balan\u00e7o Patrimonial, em descompasso com o primeiro par\u00e1grafo do artigo<\/p>\n","protected":false},"author":1,"featured_media":39637,"comment_status":"open","ping_status":"open","sticky":false,"template":"","format":"standard","meta":{"pmpro_default_level":"","footnotes":""},"categories":[11],"tags":[155],"class_list":["post-44837","post","type-post","status-publish","format-standard","has-post-thumbnail","hentry","category-politica","tag-dehoraemhora","pmpro-has-access"],"yoast_head":"<!-- This site is optimized with the Yoast SEO plugin v27.4 - https:\/\/yoast.com\/product\/yoast-seo-wordpress\/ -->\n<title>TCE aprova contas de Barra Mansa apesar de d\u00e9ficit financeiro - JORNAL BEIRA RIO<\/title>\n<meta name=\"robots\" content=\"index, follow, max-snippet:-1, max-image-preview:large, max-video-preview:-1\" \/>\n<link rel=\"canonical\" href=\"https:\/\/jornalbeirario.com.br\/portal\/?p=44837\" \/>\n<meta property=\"og:locale\" content=\"pt_BR\" \/>\n<meta property=\"og:type\" content=\"article\" \/>\n<meta property=\"og:title\" content=\"TCE aprova contas de Barra Mansa apesar de d\u00e9ficit financeiro - JORNAL BEIRA RIO\" \/>\n<meta property=\"og:description\" content=\"Com a determina\u00e7\u00e3o de que corrija o d\u00e9ficit financeiro de R$ 82.263.618,95 verificado no Balan\u00e7o Patrimonial, em descompasso com o primeiro par\u00e1grafo do artigo\" \/>\n<meta property=\"og:url\" content=\"https:\/\/jornalbeirario.com.br\/portal\/?p=44837\" \/>\n<meta property=\"og:site_name\" content=\"JORNAL BEIRA RIO\" \/>\n<meta property=\"article:published_time\" content=\"2016-09-30T14:01:06+00:00\" \/>\n<meta property=\"og:image\" content=\"https:\/\/jornalbeirario.com.br\/portal\/wp-content\/uploads\/2016\/04\/barra-mansa-1.jpg\" \/>\n\t<meta property=\"og:image:width\" content=\"640\" \/>\n\t<meta property=\"og:image:height\" content=\"480\" \/>\n\t<meta property=\"og:image:type\" content=\"image\/jpeg\" \/>\n<meta name=\"author\" content=\"Jornal BEIRA-RIO\" \/>\n<meta name=\"twitter:card\" content=\"summary_large_image\" \/>\n<meta name=\"twitter:label1\" content=\"Escrito por\" \/>\n\t<meta name=\"twitter:data1\" content=\"Jornal BEIRA-RIO\" \/>\n\t<meta name=\"twitter:label2\" content=\"Est. tempo de leitura\" \/>\n\t<meta name=\"twitter:data2\" content=\"3 minutos\" \/>\n<script type=\"application\/ld+json\" class=\"yoast-schema-graph\">{\"@context\":\"https:\\\/\\\/schema.org\",\"@graph\":[{\"@type\":\"Article\",\"@id\":\"https:\\\/\\\/jornalbeirario.com.br\\\/portal\\\/?p=44837#article\",\"isPartOf\":{\"@id\":\"https:\\\/\\\/jornalbeirario.com.br\\\/portal\\\/?p=44837\"},\"author\":{\"name\":\"Jornal BEIRA-RIO\",\"@id\":\"https:\\\/\\\/jornalbeirario.com.br\\\/portal\\\/#\\\/schema\\\/person\\\/c6c423e4c2465d2a9233f6539173e7c1\"},\"headline\":\"TCE aprova contas de Barra Mansa apesar de d\u00e9ficit financeiro\",\"datePublished\":\"2016-09-30T14:01:06+00:00\",\"mainEntityOfPage\":{\"@id\":\"https:\\\/\\\/jornalbeirario.com.br\\\/portal\\\/?p=44837\"},\"wordCount\":557,\"commentCount\":0,\"publisher\":{\"@id\":\"https:\\\/\\\/jornalbeirario.com.br\\\/portal\\\/#organization\"},\"image\":{\"@id\":\"https:\\\/\\\/jornalbeirario.com.br\\\/portal\\\/?p=44837#primaryimage\"},\"thumbnailUrl\":\"https:\\\/\\\/jornalbeirario.com.br\\\/portal\\\/wp-content\\\/uploads\\\/2016\\\/04\\\/barra-mansa-1.jpg\",\"keywords\":[\"dehoraemhora\"],\"articleSection\":[\"Pol\u00edtica\"],\"inLanguage\":\"pt-BR\",\"potentialAction\":[{\"@type\":\"CommentAction\",\"name\":\"Comment\",\"target\":[\"https:\\\/\\\/jornalbeirario.com.br\\\/portal\\\/?p=44837#respond\"]}]},{\"@type\":\"WebPage\",\"@id\":\"https:\\\/\\\/jornalbeirario.com.br\\\/portal\\\/?p=44837\",\"url\":\"https:\\\/\\\/jornalbeirario.com.br\\\/portal\\\/?p=44837\",\"name\":\"TCE aprova contas de Barra Mansa apesar de d\u00e9ficit financeiro - JORNAL BEIRA RIO\",\"isPartOf\":{\"@id\":\"https:\\\/\\\/jornalbeirario.com.br\\\/portal\\\/#website\"},\"primaryImageOfPage\":{\"@id\":\"https:\\\/\\\/jornalbeirario.com.br\\\/portal\\\/?p=44837#primaryimage\"},\"image\":{\"@id\":\"https:\\\/\\\/jornalbeirario.com.br\\\/portal\\\/?p=44837#primaryimage\"},\"thumbnailUrl\":\"https:\\\/\\\/jornalbeirario.com.br\\\/portal\\\/wp-content\\\/uploads\\\/2016\\\/04\\\/barra-mansa-1.jpg\",\"datePublished\":\"2016-09-30T14:01:06+00:00\",\"breadcrumb\":{\"@id\":\"https:\\\/\\\/jornalbeirario.com.br\\\/portal\\\/?p=44837#breadcrumb\"},\"inLanguage\":\"pt-BR\",\"potentialAction\":[{\"@type\":\"ReadAction\",\"target\":[\"https:\\\/\\\/jornalbeirario.com.br\\\/portal\\\/?p=44837\"]}]},{\"@type\":\"ImageObject\",\"inLanguage\":\"pt-BR\",\"@id\":\"https:\\\/\\\/jornalbeirario.com.br\\\/portal\\\/?p=44837#primaryimage\",\"url\":\"https:\\\/\\\/jornalbeirario.com.br\\\/portal\\\/wp-content\\\/uploads\\\/2016\\\/04\\\/barra-mansa-1.jpg\",\"contentUrl\":\"https:\\\/\\\/jornalbeirario.com.br\\\/portal\\\/wp-content\\\/uploads\\\/2016\\\/04\\\/barra-mansa-1.jpg\",\"width\":640,\"height\":480},{\"@type\":\"BreadcrumbList\",\"@id\":\"https:\\\/\\\/jornalbeirario.com.br\\\/portal\\\/?p=44837#breadcrumb\",\"itemListElement\":[{\"@type\":\"ListItem\",\"position\":1,\"name\":\"Home\",\"item\":\"https:\\\/\\\/jornalbeirario.com.br\\\/portal\"},{\"@type\":\"ListItem\",\"position\":2,\"name\":\"TCE aprova contas de Barra Mansa apesar de d\u00e9ficit financeiro\"}]},{\"@type\":\"WebSite\",\"@id\":\"https:\\\/\\\/jornalbeirario.com.br\\\/portal\\\/#website\",\"url\":\"https:\\\/\\\/jornalbeirario.com.br\\\/portal\\\/\",\"name\":\"JORNAL BEIRA RIO\",\"description\":\"\",\"publisher\":{\"@id\":\"https:\\\/\\\/jornalbeirario.com.br\\\/portal\\\/#organization\"},\"potentialAction\":[{\"@type\":\"SearchAction\",\"target\":{\"@type\":\"EntryPoint\",\"urlTemplate\":\"https:\\\/\\\/jornalbeirario.com.br\\\/portal\\\/?s={search_term_string}\"},\"query-input\":{\"@type\":\"PropertyValueSpecification\",\"valueRequired\":true,\"valueName\":\"search_term_string\"}}],\"inLanguage\":\"pt-BR\"},{\"@type\":\"Organization\",\"@id\":\"https:\\\/\\\/jornalbeirario.com.br\\\/portal\\\/#organization\",\"name\":\"JORNAL BEIRA RIO\",\"url\":\"https:\\\/\\\/jornalbeirario.com.br\\\/portal\\\/\",\"logo\":{\"@type\":\"ImageObject\",\"inLanguage\":\"pt-BR\",\"@id\":\"https:\\\/\\\/jornalbeirario.com.br\\\/portal\\\/#\\\/schema\\\/logo\\\/image\\\/\",\"url\":\"https:\\\/\\\/jornalbeirario.com.br\\\/portal\\\/wp-content\\\/uploads\\\/2017\\\/09\\\/BEIRA-RIO_logo600.png\",\"contentUrl\":\"https:\\\/\\\/jornalbeirario.com.br\\\/portal\\\/wp-content\\\/uploads\\\/2017\\\/09\\\/BEIRA-RIO_logo600.png\",\"width\":650,\"height\":108,\"caption\":\"JORNAL BEIRA RIO\"},\"image\":{\"@id\":\"https:\\\/\\\/jornalbeirario.com.br\\\/portal\\\/#\\\/schema\\\/logo\\\/image\\\/\"}},{\"@type\":\"Person\",\"@id\":\"https:\\\/\\\/jornalbeirario.com.br\\\/portal\\\/#\\\/schema\\\/person\\\/c6c423e4c2465d2a9233f6539173e7c1\",\"name\":\"Jornal BEIRA-RIO\",\"image\":{\"@type\":\"ImageObject\",\"inLanguage\":\"pt-BR\",\"@id\":\"https:\\\/\\\/jornalbeirario.com.br\\\/portal\\\/wp-content\\\/uploads\\\/2023\\\/10\\\/logojbr1.jpg\",\"url\":\"https:\\\/\\\/jornalbeirario.com.br\\\/portal\\\/wp-content\\\/uploads\\\/2023\\\/10\\\/logojbr1.jpg\",\"contentUrl\":\"https:\\\/\\\/jornalbeirario.com.br\\\/portal\\\/wp-content\\\/uploads\\\/2023\\\/10\\\/logojbr1.jpg\",\"caption\":\"Jornal BEIRA-RIO\"},\"url\":\"https:\\\/\\\/jornalbeirario.com.br\\\/portal\\\/?author=1\"}]}<\/script>\n<!-- \/ Yoast SEO plugin. -->","yoast_head_json":{"title":"TCE aprova contas de Barra Mansa apesar de d\u00e9ficit financeiro - JORNAL BEIRA RIO","robots":{"index":"index","follow":"follow","max-snippet":"max-snippet:-1","max-image-preview":"max-image-preview:large","max-video-preview":"max-video-preview:-1"},"canonical":"https:\/\/jornalbeirario.com.br\/portal\/?p=44837","og_locale":"pt_BR","og_type":"article","og_title":"TCE aprova contas de Barra Mansa apesar de d\u00e9ficit financeiro - JORNAL BEIRA RIO","og_description":"Com a determina\u00e7\u00e3o de que corrija o d\u00e9ficit financeiro de R$ 82.263.618,95 verificado no Balan\u00e7o Patrimonial, em descompasso com o primeiro par\u00e1grafo do artigo","og_url":"https:\/\/jornalbeirario.com.br\/portal\/?p=44837","og_site_name":"JORNAL BEIRA RIO","article_published_time":"2016-09-30T14:01:06+00:00","og_image":[{"width":640,"height":480,"url":"https:\/\/jornalbeirario.com.br\/portal\/wp-content\/uploads\/2016\/04\/barra-mansa-1.jpg","type":"image\/jpeg"}],"author":"Jornal BEIRA-RIO","twitter_card":"summary_large_image","twitter_misc":{"Escrito por":"Jornal BEIRA-RIO","Est. tempo de leitura":"3 minutos"},"schema":{"@context":"https:\/\/schema.org","@graph":[{"@type":"Article","@id":"https:\/\/jornalbeirario.com.br\/portal\/?p=44837#article","isPartOf":{"@id":"https:\/\/jornalbeirario.com.br\/portal\/?p=44837"},"author":{"name":"Jornal BEIRA-RIO","@id":"https:\/\/jornalbeirario.com.br\/portal\/#\/schema\/person\/c6c423e4c2465d2a9233f6539173e7c1"},"headline":"TCE aprova contas de Barra Mansa apesar de d\u00e9ficit financeiro","datePublished":"2016-09-30T14:01:06+00:00","mainEntityOfPage":{"@id":"https:\/\/jornalbeirario.com.br\/portal\/?p=44837"},"wordCount":557,"commentCount":0,"publisher":{"@id":"https:\/\/jornalbeirario.com.br\/portal\/#organization"},"image":{"@id":"https:\/\/jornalbeirario.com.br\/portal\/?p=44837#primaryimage"},"thumbnailUrl":"https:\/\/jornalbeirario.com.br\/portal\/wp-content\/uploads\/2016\/04\/barra-mansa-1.jpg","keywords":["dehoraemhora"],"articleSection":["Pol\u00edtica"],"inLanguage":"pt-BR","potentialAction":[{"@type":"CommentAction","name":"Comment","target":["https:\/\/jornalbeirario.com.br\/portal\/?p=44837#respond"]}]},{"@type":"WebPage","@id":"https:\/\/jornalbeirario.com.br\/portal\/?p=44837","url":"https:\/\/jornalbeirario.com.br\/portal\/?p=44837","name":"TCE aprova contas de Barra Mansa apesar de d\u00e9ficit financeiro - JORNAL BEIRA RIO","isPartOf":{"@id":"https:\/\/jornalbeirario.com.br\/portal\/#website"},"primaryImageOfPage":{"@id":"https:\/\/jornalbeirario.com.br\/portal\/?p=44837#primaryimage"},"image":{"@id":"https:\/\/jornalbeirario.com.br\/portal\/?p=44837#primaryimage"},"thumbnailUrl":"https:\/\/jornalbeirario.com.br\/portal\/wp-content\/uploads\/2016\/04\/barra-mansa-1.jpg","datePublished":"2016-09-30T14:01:06+00:00","breadcrumb":{"@id":"https:\/\/jornalbeirario.com.br\/portal\/?p=44837#breadcrumb"},"inLanguage":"pt-BR","potentialAction":[{"@type":"ReadAction","target":["https:\/\/jornalbeirario.com.br\/portal\/?p=44837"]}]},{"@type":"ImageObject","inLanguage":"pt-BR","@id":"https:\/\/jornalbeirario.com.br\/portal\/?p=44837#primaryimage","url":"https:\/\/jornalbeirario.com.br\/portal\/wp-content\/uploads\/2016\/04\/barra-mansa-1.jpg","contentUrl":"https:\/\/jornalbeirario.com.br\/portal\/wp-content\/uploads\/2016\/04\/barra-mansa-1.jpg","width":640,"height":480},{"@type":"BreadcrumbList","@id":"https:\/\/jornalbeirario.com.br\/portal\/?p=44837#breadcrumb","itemListElement":[{"@type":"ListItem","position":1,"name":"Home","item":"https:\/\/jornalbeirario.com.br\/portal"},{"@type":"ListItem","position":2,"name":"TCE aprova contas de Barra Mansa apesar de d\u00e9ficit financeiro"}]},{"@type":"WebSite","@id":"https:\/\/jornalbeirario.com.br\/portal\/#website","url":"https:\/\/jornalbeirario.com.br\/portal\/","name":"JORNAL BEIRA RIO","description":"","publisher":{"@id":"https:\/\/jornalbeirario.com.br\/portal\/#organization"},"potentialAction":[{"@type":"SearchAction","target":{"@type":"EntryPoint","urlTemplate":"https:\/\/jornalbeirario.com.br\/portal\/?s={search_term_string}"},"query-input":{"@type":"PropertyValueSpecification","valueRequired":true,"valueName":"search_term_string"}}],"inLanguage":"pt-BR"},{"@type":"Organization","@id":"https:\/\/jornalbeirario.com.br\/portal\/#organization","name":"JORNAL BEIRA RIO","url":"https:\/\/jornalbeirario.com.br\/portal\/","logo":{"@type":"ImageObject","inLanguage":"pt-BR","@id":"https:\/\/jornalbeirario.com.br\/portal\/#\/schema\/logo\/image\/","url":"https:\/\/jornalbeirario.com.br\/portal\/wp-content\/uploads\/2017\/09\/BEIRA-RIO_logo600.png","contentUrl":"https:\/\/jornalbeirario.com.br\/portal\/wp-content\/uploads\/2017\/09\/BEIRA-RIO_logo600.png","width":650,"height":108,"caption":"JORNAL BEIRA RIO"},"image":{"@id":"https:\/\/jornalbeirario.com.br\/portal\/#\/schema\/logo\/image\/"}},{"@type":"Person","@id":"https:\/\/jornalbeirario.com.br\/portal\/#\/schema\/person\/c6c423e4c2465d2a9233f6539173e7c1","name":"Jornal BEIRA-RIO","image":{"@type":"ImageObject","inLanguage":"pt-BR","@id":"https:\/\/jornalbeirario.com.br\/portal\/wp-content\/uploads\/2023\/10\/logojbr1.jpg","url":"https:\/\/jornalbeirario.com.br\/portal\/wp-content\/uploads\/2023\/10\/logojbr1.jpg","contentUrl":"https:\/\/jornalbeirario.com.br\/portal\/wp-content\/uploads\/2023\/10\/logojbr1.jpg","caption":"Jornal BEIRA-RIO"},"url":"https:\/\/jornalbeirario.com.br\/portal\/?author=1"}]}},"_links":{"self":[{"href":"https:\/\/jornalbeirario.com.br\/portal\/index.php?rest_route=\/wp\/v2\/posts\/44837","targetHints":{"allow":["GET"]}}],"collection":[{"href":"https:\/\/jornalbeirario.com.br\/portal\/index.php?rest_route=\/wp\/v2\/posts"}],"about":[{"href":"https:\/\/jornalbeirario.com.br\/portal\/index.php?rest_route=\/wp\/v2\/types\/post"}],"author":[{"embeddable":true,"href":"https:\/\/jornalbeirario.com.br\/portal\/index.php?rest_route=\/wp\/v2\/users\/1"}],"replies":[{"embeddable":true,"href":"https:\/\/jornalbeirario.com.br\/portal\/index.php?rest_route=%2Fwp%2Fv2%2Fcomments&post=44837"}],"version-history":[{"count":3,"href":"https:\/\/jornalbeirario.com.br\/portal\/index.php?rest_route=\/wp\/v2\/posts\/44837\/revisions"}],"predecessor-version":[{"id":44840,"href":"https:\/\/jornalbeirario.com.br\/portal\/index.php?rest_route=\/wp\/v2\/posts\/44837\/revisions\/44840"}],"wp:featuredmedia":[{"embeddable":true,"href":"https:\/\/jornalbeirario.com.br\/portal\/index.php?rest_route=\/wp\/v2\/media\/39637"}],"wp:attachment":[{"href":"https:\/\/jornalbeirario.com.br\/portal\/index.php?rest_route=%2Fwp%2Fv2%2Fmedia&parent=44837"}],"wp:term":[{"taxonomy":"category","embeddable":true,"href":"https:\/\/jornalbeirario.com.br\/portal\/index.php?rest_route=%2Fwp%2Fv2%2Fcategories&post=44837"},{"taxonomy":"post_tag","embeddable":true,"href":"https:\/\/jornalbeirario.com.br\/portal\/index.php?rest_route=%2Fwp%2Fv2%2Ftags&post=44837"}],"curies":[{"name":"wp","href":"https:\/\/api.w.org\/{rel}","templated":true}]}}