
{"id":44441,"date":"2016-09-15T22:36:53","date_gmt":"2016-09-15T22:36:53","guid":{"rendered":"http:\/\/jornalbeirario.com.br\/portal\/?p=44441"},"modified":"2016-09-15T22:36:53","modified_gmt":"2016-09-15T22:36:53","slug":"moradores-da-fumaca-reclamam-de-descaso-com-queimadas-em-area-de-nascente","status":"publish","type":"post","link":"https:\/\/jornalbeirario.com.br\/portal\/?p=44441","title":{"rendered":"Moradores da Fuma\u00e7a reclamam de descaso com queimadas em \u00e1rea de nascente"},"content":{"rendered":"<p style=\"text-align: justify;\"><a href=\"http:\/\/jornalbeirario.com.br\/wp-content\/uploads\/2016\/09\/vilafumaca3.jpg\"><img loading=\"lazy\" decoding=\"async\" class=\"alignleft size-medium wp-image-44444\" src=\"http:\/\/jornalbeirario.com.br\/wp-content\/uploads\/2016\/09\/vilafumaca3-225x300.jpg\" alt=\"vilafumaca3\" width=\"225\" height=\"300\" srcset=\"https:\/\/jornalbeirario.com.br\/portal\/wp-content\/uploads\/2016\/09\/vilafumaca3-225x300.jpg 225w, https:\/\/jornalbeirario.com.br\/portal\/wp-content\/uploads\/2016\/09\/vilafumaca3.jpg 480w\" sizes=\"auto, (max-width: 225px) 100vw, 225px\" \/><\/a> Moradores do distrito da Fuma\u00e7a, em Resende, est\u00e3o preocupados com os estragos provocados por um inc\u00eandio ocorrido nos dias 13 (ter\u00e7a-feira) e 14 (quarta-feira), dentro de uma \u00e1rea de preserva\u00e7\u00e3o ambiental pr\u00f3xima a algumas propriedades de moradores da vila. &#8220;O que nos preocupa \u00e9 que nenhum \u00f3rg\u00e3o do meio ambiente, nem a guarda florestal e o Ibama estiveram aqui na localidade, sendo que a propor\u00e7\u00e3o de \u00e1rea queimada foi enorme, segundo o que minha irm\u00e3 informou&#8221;, conta \u00c2ngela Maria Tavares F\u00e1tima, que vive em Taubat\u00e9\/SP, mas tem uma irm\u00e3 que mora na Fuma\u00e7a.<\/p>\n<p style=\"text-align: justify;\">&#8211; A destrui\u00e7\u00e3o l\u00e1 foi feia, segundo meu pai (que tamb\u00e9m mora no distrito). S\u00e3o mais de 150 alqueires com nascente, mata virgem e pastagem. Isso precisa ser divulgado porque \u00e9 crime ambiental, mas est\u00e3o querendo tampar o sol com a peneira. E ningu\u00e9m do poder p\u00fablico esteve l\u00e1, nem pra multar &#8211; lamenta.<\/p>\n<p style=\"text-align: justify;\">O local citado por \u00c2ngela na verdade \u00e9 uma \u00e1rea que fica ao redor de v\u00e1rias propriedades particulares. &#8220;Ainda que o uso da \u00e1rea n\u00e3o seja proibido, ao redor desses s\u00edtios tem matas fechadas e nascentes preservadas&#8221;.<\/p>\n<p style=\"text-align: justify;\"><a href=\"http:\/\/jornalbeirario.com.br\/wp-content\/uploads\/2016\/09\/vilafumaca4.jpg\"><img loading=\"lazy\" decoding=\"async\" class=\"alignleft size-medium wp-image-44443\" src=\"http:\/\/jornalbeirario.com.br\/wp-content\/uploads\/2016\/09\/vilafumaca4-300x225.jpg\" alt=\"vilafumaca4\" width=\"300\" height=\"225\" srcset=\"https:\/\/jornalbeirario.com.br\/portal\/wp-content\/uploads\/2016\/09\/vilafumaca4-300x225.jpg 300w, https:\/\/jornalbeirario.com.br\/portal\/wp-content\/uploads\/2016\/09\/vilafumaca4.jpg 640w\" sizes=\"auto, (max-width: 300px) 100vw, 300px\" \/><\/a>Outra moradora da Fuma\u00e7a, a professora F\u00e1tima Lelis, postou algumas fotos nas redes sociais (as fotos ao lado e acima na mat\u00e9ria). Em uma delas o fogo se encontrava perto do curral do s\u00edtio de propriedade dela. &#8220;Pelo que eu sei, o fogo come\u00e7ou na ter\u00e7a-feira e ontem passou para o outro lado da mata. O Corpo de Bombeiros esteve aqui, pois ajudou os moradores e conseguiu apagar tudo&#8221;.<\/p>\n<p style=\"text-align: justify;\">Mas antes, no entanto, F\u00e1tima relata que o fogo havia se espalhado para dentro do s\u00edtio da fam\u00edlia. &#8220;Isso aconteceu por volta das quatro da tarde de ontem (16h de quarta-feira). Fiquei preocupada, depois um vizinho ajudou com o meu filho, mas n\u00e3o deram conta quando apareceram outros moradores e ajudaram. Fiquei muito assustada porque o fogo estava muito pr\u00f3ximo a uma nascente, mas felizmente n\u00e3o chegou&#8221;, disse aliviada.<\/p>\n<p style=\"text-align: justify;\">A professora chegou a fazer algumas fotos de sua propriedade no momento do inc\u00eandio e depois dos estragos causados por ele.<\/p>\n<p style=\"text-align: justify;\">A Ag\u00eancia do Meio Ambiente de Resende (Amar) informou em nota que j\u00e1 recebeu a den\u00fancia de queimadas na Fuma\u00e7a e que a partir desta sexta-feira, dia 16, vai vistoriar a \u00e1rea para levantar os danos ambientais. O pr\u00f3ximo passo ser\u00e1 identificar os respons\u00e1veis para tomar as provid\u00eancias administrativas necess\u00e1rias, inclusive medidas para recupera\u00e7\u00e3o da \u00e1rea. A orienta\u00e7\u00e3o \u00e9 que em per\u00edodo de tempo seco, os propriet\u00e1rios de terras vizinhas a regi\u00e3o de mata tomem cuidado com a\u00e7\u00f5es que envolvam fogo para prevenir queimadas.<\/p>\n<p style=\"text-align: justify;\"><em>Fotos: Reprodu\u00e7\u00e3o do Facebook<\/em><\/p>\n","protected":false},"excerpt":{"rendered":"<p>Moradores do distrito da Fuma\u00e7a, em Resende, est\u00e3o preocupados com os estragos provocados por um inc\u00eandio ocorrido nos dias 13 (ter\u00e7a-feira) e 14 (quarta-feira),<\/p>\n","protected":false},"author":1,"featured_media":44443,"comment_status":"open","ping_status":"open","sticky":false,"template":"","format":"standard","meta":{"pmpro_default_level":"","footnotes":""},"categories":[27],"tags":[155],"class_list":["post-44441","post","type-post","status-publish","format-standard","has-post-thumbnail","hentry","category-meioambiente","tag-dehoraemhora","pmpro-has-access"],"yoast_head":"<!-- This site is optimized with the Yoast SEO plugin v27.4 - https:\/\/yoast.com\/product\/yoast-seo-wordpress\/ -->\n<title>Moradores da Fuma\u00e7a reclamam de descaso com queimadas em \u00e1rea de nascente - JORNAL BEIRA RIO<\/title>\n<meta name=\"robots\" content=\"index, follow, max-snippet:-1, max-image-preview:large, max-video-preview:-1\" \/>\n<link rel=\"canonical\" href=\"https:\/\/jornalbeirario.com.br\/portal\/?p=44441\" \/>\n<meta property=\"og:locale\" content=\"pt_BR\" \/>\n<meta property=\"og:type\" content=\"article\" \/>\n<meta property=\"og:title\" content=\"Moradores da Fuma\u00e7a reclamam de descaso com queimadas em \u00e1rea de nascente - JORNAL BEIRA RIO\" \/>\n<meta property=\"og:description\" content=\"Moradores do distrito da Fuma\u00e7a, em Resende, est\u00e3o preocupados com os estragos provocados por um inc\u00eandio ocorrido nos dias 13 (ter\u00e7a-feira) e 14 (quarta-feira),\" \/>\n<meta property=\"og:url\" content=\"https:\/\/jornalbeirario.com.br\/portal\/?p=44441\" \/>\n<meta property=\"og:site_name\" content=\"JORNAL BEIRA RIO\" \/>\n<meta property=\"article:published_time\" content=\"2016-09-15T22:36:53+00:00\" \/>\n<meta property=\"og:image\" content=\"https:\/\/jornalbeirario.com.br\/portal\/wp-content\/uploads\/2016\/09\/vilafumaca4.jpg\" \/>\n\t<meta property=\"og:image:width\" content=\"640\" \/>\n\t<meta property=\"og:image:height\" content=\"480\" \/>\n\t<meta property=\"og:image:type\" content=\"image\/jpeg\" \/>\n<meta name=\"author\" content=\"Jornal BEIRA-RIO\" \/>\n<meta name=\"twitter:card\" content=\"summary_large_image\" \/>\n<meta name=\"twitter:label1\" content=\"Escrito por\" \/>\n\t<meta name=\"twitter:data1\" content=\"Jornal BEIRA-RIO\" \/>\n\t<meta name=\"twitter:label2\" content=\"Est. tempo de leitura\" \/>\n\t<meta name=\"twitter:data2\" content=\"2 minutos\" \/>\n<script type=\"application\/ld+json\" class=\"yoast-schema-graph\">{\"@context\":\"https:\\\/\\\/schema.org\",\"@graph\":[{\"@type\":\"Article\",\"@id\":\"https:\\\/\\\/jornalbeirario.com.br\\\/portal\\\/?p=44441#article\",\"isPartOf\":{\"@id\":\"https:\\\/\\\/jornalbeirario.com.br\\\/portal\\\/?p=44441\"},\"author\":{\"name\":\"Jornal BEIRA-RIO\",\"@id\":\"https:\\\/\\\/jornalbeirario.com.br\\\/portal\\\/#\\\/schema\\\/person\\\/c6c423e4c2465d2a9233f6539173e7c1\"},\"headline\":\"Moradores da Fuma\u00e7a reclamam de descaso com queimadas em \u00e1rea de nascente\",\"datePublished\":\"2016-09-15T22:36:53+00:00\",\"mainEntityOfPage\":{\"@id\":\"https:\\\/\\\/jornalbeirario.com.br\\\/portal\\\/?p=44441\"},\"wordCount\":483,\"commentCount\":0,\"publisher\":{\"@id\":\"https:\\\/\\\/jornalbeirario.com.br\\\/portal\\\/#organization\"},\"image\":{\"@id\":\"https:\\\/\\\/jornalbeirario.com.br\\\/portal\\\/?p=44441#primaryimage\"},\"thumbnailUrl\":\"https:\\\/\\\/jornalbeirario.com.br\\\/portal\\\/wp-content\\\/uploads\\\/2016\\\/09\\\/vilafumaca4.jpg\",\"keywords\":[\"dehoraemhora\"],\"articleSection\":[\"Meio Ambiente\"],\"inLanguage\":\"pt-BR\",\"potentialAction\":[{\"@type\":\"CommentAction\",\"name\":\"Comment\",\"target\":[\"https:\\\/\\\/jornalbeirario.com.br\\\/portal\\\/?p=44441#respond\"]}]},{\"@type\":\"WebPage\",\"@id\":\"https:\\\/\\\/jornalbeirario.com.br\\\/portal\\\/?p=44441\",\"url\":\"https:\\\/\\\/jornalbeirario.com.br\\\/portal\\\/?p=44441\",\"name\":\"Moradores da Fuma\u00e7a reclamam de descaso com queimadas em \u00e1rea de nascente - JORNAL BEIRA RIO\",\"isPartOf\":{\"@id\":\"https:\\\/\\\/jornalbeirario.com.br\\\/portal\\\/#website\"},\"primaryImageOfPage\":{\"@id\":\"https:\\\/\\\/jornalbeirario.com.br\\\/portal\\\/?p=44441#primaryimage\"},\"image\":{\"@id\":\"https:\\\/\\\/jornalbeirario.com.br\\\/portal\\\/?p=44441#primaryimage\"},\"thumbnailUrl\":\"https:\\\/\\\/jornalbeirario.com.br\\\/portal\\\/wp-content\\\/uploads\\\/2016\\\/09\\\/vilafumaca4.jpg\",\"datePublished\":\"2016-09-15T22:36:53+00:00\",\"breadcrumb\":{\"@id\":\"https:\\\/\\\/jornalbeirario.com.br\\\/portal\\\/?p=44441#breadcrumb\"},\"inLanguage\":\"pt-BR\",\"potentialAction\":[{\"@type\":\"ReadAction\",\"target\":[\"https:\\\/\\\/jornalbeirario.com.br\\\/portal\\\/?p=44441\"]}]},{\"@type\":\"ImageObject\",\"inLanguage\":\"pt-BR\",\"@id\":\"https:\\\/\\\/jornalbeirario.com.br\\\/portal\\\/?p=44441#primaryimage\",\"url\":\"https:\\\/\\\/jornalbeirario.com.br\\\/portal\\\/wp-content\\\/uploads\\\/2016\\\/09\\\/vilafumaca4.jpg\",\"contentUrl\":\"https:\\\/\\\/jornalbeirario.com.br\\\/portal\\\/wp-content\\\/uploads\\\/2016\\\/09\\\/vilafumaca4.jpg\",\"width\":640,\"height\":480},{\"@type\":\"BreadcrumbList\",\"@id\":\"https:\\\/\\\/jornalbeirario.com.br\\\/portal\\\/?p=44441#breadcrumb\",\"itemListElement\":[{\"@type\":\"ListItem\",\"position\":1,\"name\":\"Home\",\"item\":\"https:\\\/\\\/jornalbeirario.com.br\\\/portal\"},{\"@type\":\"ListItem\",\"position\":2,\"name\":\"Moradores da Fuma\u00e7a reclamam de descaso com queimadas em \u00e1rea de nascente\"}]},{\"@type\":\"WebSite\",\"@id\":\"https:\\\/\\\/jornalbeirario.com.br\\\/portal\\\/#website\",\"url\":\"https:\\\/\\\/jornalbeirario.com.br\\\/portal\\\/\",\"name\":\"JORNAL BEIRA RIO\",\"description\":\"\",\"publisher\":{\"@id\":\"https:\\\/\\\/jornalbeirario.com.br\\\/portal\\\/#organization\"},\"potentialAction\":[{\"@type\":\"SearchAction\",\"target\":{\"@type\":\"EntryPoint\",\"urlTemplate\":\"https:\\\/\\\/jornalbeirario.com.br\\\/portal\\\/?s={search_term_string}\"},\"query-input\":{\"@type\":\"PropertyValueSpecification\",\"valueRequired\":true,\"valueName\":\"search_term_string\"}}],\"inLanguage\":\"pt-BR\"},{\"@type\":\"Organization\",\"@id\":\"https:\\\/\\\/jornalbeirario.com.br\\\/portal\\\/#organization\",\"name\":\"JORNAL BEIRA RIO\",\"url\":\"https:\\\/\\\/jornalbeirario.com.br\\\/portal\\\/\",\"logo\":{\"@type\":\"ImageObject\",\"inLanguage\":\"pt-BR\",\"@id\":\"https:\\\/\\\/jornalbeirario.com.br\\\/portal\\\/#\\\/schema\\\/logo\\\/image\\\/\",\"url\":\"https:\\\/\\\/jornalbeirario.com.br\\\/portal\\\/wp-content\\\/uploads\\\/2017\\\/09\\\/BEIRA-RIO_logo600.png\",\"contentUrl\":\"https:\\\/\\\/jornalbeirario.com.br\\\/portal\\\/wp-content\\\/uploads\\\/2017\\\/09\\\/BEIRA-RIO_logo600.png\",\"width\":650,\"height\":108,\"caption\":\"JORNAL BEIRA RIO\"},\"image\":{\"@id\":\"https:\\\/\\\/jornalbeirario.com.br\\\/portal\\\/#\\\/schema\\\/logo\\\/image\\\/\"}},{\"@type\":\"Person\",\"@id\":\"https:\\\/\\\/jornalbeirario.com.br\\\/portal\\\/#\\\/schema\\\/person\\\/c6c423e4c2465d2a9233f6539173e7c1\",\"name\":\"Jornal BEIRA-RIO\",\"image\":{\"@type\":\"ImageObject\",\"inLanguage\":\"pt-BR\",\"@id\":\"https:\\\/\\\/jornalbeirario.com.br\\\/portal\\\/wp-content\\\/uploads\\\/2023\\\/10\\\/logojbr1.jpg\",\"url\":\"https:\\\/\\\/jornalbeirario.com.br\\\/portal\\\/wp-content\\\/uploads\\\/2023\\\/10\\\/logojbr1.jpg\",\"contentUrl\":\"https:\\\/\\\/jornalbeirario.com.br\\\/portal\\\/wp-content\\\/uploads\\\/2023\\\/10\\\/logojbr1.jpg\",\"caption\":\"Jornal BEIRA-RIO\"},\"url\":\"https:\\\/\\\/jornalbeirario.com.br\\\/portal\\\/?author=1\"}]}<\/script>\n<!-- \/ Yoast SEO plugin. -->","yoast_head_json":{"title":"Moradores da Fuma\u00e7a reclamam de descaso com queimadas em \u00e1rea de nascente - JORNAL BEIRA RIO","robots":{"index":"index","follow":"follow","max-snippet":"max-snippet:-1","max-image-preview":"max-image-preview:large","max-video-preview":"max-video-preview:-1"},"canonical":"https:\/\/jornalbeirario.com.br\/portal\/?p=44441","og_locale":"pt_BR","og_type":"article","og_title":"Moradores da Fuma\u00e7a reclamam de descaso com queimadas em \u00e1rea de nascente - JORNAL BEIRA RIO","og_description":"Moradores do distrito da Fuma\u00e7a, em Resende, est\u00e3o preocupados com os estragos provocados por um inc\u00eandio ocorrido nos dias 13 (ter\u00e7a-feira) e 14 (quarta-feira),","og_url":"https:\/\/jornalbeirario.com.br\/portal\/?p=44441","og_site_name":"JORNAL BEIRA RIO","article_published_time":"2016-09-15T22:36:53+00:00","og_image":[{"width":640,"height":480,"url":"https:\/\/jornalbeirario.com.br\/portal\/wp-content\/uploads\/2016\/09\/vilafumaca4.jpg","type":"image\/jpeg"}],"author":"Jornal BEIRA-RIO","twitter_card":"summary_large_image","twitter_misc":{"Escrito por":"Jornal BEIRA-RIO","Est. tempo de leitura":"2 minutos"},"schema":{"@context":"https:\/\/schema.org","@graph":[{"@type":"Article","@id":"https:\/\/jornalbeirario.com.br\/portal\/?p=44441#article","isPartOf":{"@id":"https:\/\/jornalbeirario.com.br\/portal\/?p=44441"},"author":{"name":"Jornal BEIRA-RIO","@id":"https:\/\/jornalbeirario.com.br\/portal\/#\/schema\/person\/c6c423e4c2465d2a9233f6539173e7c1"},"headline":"Moradores da Fuma\u00e7a reclamam de descaso com queimadas em \u00e1rea de nascente","datePublished":"2016-09-15T22:36:53+00:00","mainEntityOfPage":{"@id":"https:\/\/jornalbeirario.com.br\/portal\/?p=44441"},"wordCount":483,"commentCount":0,"publisher":{"@id":"https:\/\/jornalbeirario.com.br\/portal\/#organization"},"image":{"@id":"https:\/\/jornalbeirario.com.br\/portal\/?p=44441#primaryimage"},"thumbnailUrl":"https:\/\/jornalbeirario.com.br\/portal\/wp-content\/uploads\/2016\/09\/vilafumaca4.jpg","keywords":["dehoraemhora"],"articleSection":["Meio Ambiente"],"inLanguage":"pt-BR","potentialAction":[{"@type":"CommentAction","name":"Comment","target":["https:\/\/jornalbeirario.com.br\/portal\/?p=44441#respond"]}]},{"@type":"WebPage","@id":"https:\/\/jornalbeirario.com.br\/portal\/?p=44441","url":"https:\/\/jornalbeirario.com.br\/portal\/?p=44441","name":"Moradores da Fuma\u00e7a reclamam de descaso com queimadas em \u00e1rea de nascente - JORNAL BEIRA RIO","isPartOf":{"@id":"https:\/\/jornalbeirario.com.br\/portal\/#website"},"primaryImageOfPage":{"@id":"https:\/\/jornalbeirario.com.br\/portal\/?p=44441#primaryimage"},"image":{"@id":"https:\/\/jornalbeirario.com.br\/portal\/?p=44441#primaryimage"},"thumbnailUrl":"https:\/\/jornalbeirario.com.br\/portal\/wp-content\/uploads\/2016\/09\/vilafumaca4.jpg","datePublished":"2016-09-15T22:36:53+00:00","breadcrumb":{"@id":"https:\/\/jornalbeirario.com.br\/portal\/?p=44441#breadcrumb"},"inLanguage":"pt-BR","potentialAction":[{"@type":"ReadAction","target":["https:\/\/jornalbeirario.com.br\/portal\/?p=44441"]}]},{"@type":"ImageObject","inLanguage":"pt-BR","@id":"https:\/\/jornalbeirario.com.br\/portal\/?p=44441#primaryimage","url":"https:\/\/jornalbeirario.com.br\/portal\/wp-content\/uploads\/2016\/09\/vilafumaca4.jpg","contentUrl":"https:\/\/jornalbeirario.com.br\/portal\/wp-content\/uploads\/2016\/09\/vilafumaca4.jpg","width":640,"height":480},{"@type":"BreadcrumbList","@id":"https:\/\/jornalbeirario.com.br\/portal\/?p=44441#breadcrumb","itemListElement":[{"@type":"ListItem","position":1,"name":"Home","item":"https:\/\/jornalbeirario.com.br\/portal"},{"@type":"ListItem","position":2,"name":"Moradores da Fuma\u00e7a reclamam de descaso com queimadas em \u00e1rea de nascente"}]},{"@type":"WebSite","@id":"https:\/\/jornalbeirario.com.br\/portal\/#website","url":"https:\/\/jornalbeirario.com.br\/portal\/","name":"JORNAL BEIRA RIO","description":"","publisher":{"@id":"https:\/\/jornalbeirario.com.br\/portal\/#organization"},"potentialAction":[{"@type":"SearchAction","target":{"@type":"EntryPoint","urlTemplate":"https:\/\/jornalbeirario.com.br\/portal\/?s={search_term_string}"},"query-input":{"@type":"PropertyValueSpecification","valueRequired":true,"valueName":"search_term_string"}}],"inLanguage":"pt-BR"},{"@type":"Organization","@id":"https:\/\/jornalbeirario.com.br\/portal\/#organization","name":"JORNAL BEIRA RIO","url":"https:\/\/jornalbeirario.com.br\/portal\/","logo":{"@type":"ImageObject","inLanguage":"pt-BR","@id":"https:\/\/jornalbeirario.com.br\/portal\/#\/schema\/logo\/image\/","url":"https:\/\/jornalbeirario.com.br\/portal\/wp-content\/uploads\/2017\/09\/BEIRA-RIO_logo600.png","contentUrl":"https:\/\/jornalbeirario.com.br\/portal\/wp-content\/uploads\/2017\/09\/BEIRA-RIO_logo600.png","width":650,"height":108,"caption":"JORNAL BEIRA RIO"},"image":{"@id":"https:\/\/jornalbeirario.com.br\/portal\/#\/schema\/logo\/image\/"}},{"@type":"Person","@id":"https:\/\/jornalbeirario.com.br\/portal\/#\/schema\/person\/c6c423e4c2465d2a9233f6539173e7c1","name":"Jornal BEIRA-RIO","image":{"@type":"ImageObject","inLanguage":"pt-BR","@id":"https:\/\/jornalbeirario.com.br\/portal\/wp-content\/uploads\/2023\/10\/logojbr1.jpg","url":"https:\/\/jornalbeirario.com.br\/portal\/wp-content\/uploads\/2023\/10\/logojbr1.jpg","contentUrl":"https:\/\/jornalbeirario.com.br\/portal\/wp-content\/uploads\/2023\/10\/logojbr1.jpg","caption":"Jornal BEIRA-RIO"},"url":"https:\/\/jornalbeirario.com.br\/portal\/?author=1"}]}},"_links":{"self":[{"href":"https:\/\/jornalbeirario.com.br\/portal\/index.php?rest_route=\/wp\/v2\/posts\/44441","targetHints":{"allow":["GET"]}}],"collection":[{"href":"https:\/\/jornalbeirario.com.br\/portal\/index.php?rest_route=\/wp\/v2\/posts"}],"about":[{"href":"https:\/\/jornalbeirario.com.br\/portal\/index.php?rest_route=\/wp\/v2\/types\/post"}],"author":[{"embeddable":true,"href":"https:\/\/jornalbeirario.com.br\/portal\/index.php?rest_route=\/wp\/v2\/users\/1"}],"replies":[{"embeddable":true,"href":"https:\/\/jornalbeirario.com.br\/portal\/index.php?rest_route=%2Fwp%2Fv2%2Fcomments&post=44441"}],"version-history":[{"count":3,"href":"https:\/\/jornalbeirario.com.br\/portal\/index.php?rest_route=\/wp\/v2\/posts\/44441\/revisions"}],"predecessor-version":[{"id":44446,"href":"https:\/\/jornalbeirario.com.br\/portal\/index.php?rest_route=\/wp\/v2\/posts\/44441\/revisions\/44446"}],"wp:featuredmedia":[{"embeddable":true,"href":"https:\/\/jornalbeirario.com.br\/portal\/index.php?rest_route=\/wp\/v2\/media\/44443"}],"wp:attachment":[{"href":"https:\/\/jornalbeirario.com.br\/portal\/index.php?rest_route=%2Fwp%2Fv2%2Fmedia&parent=44441"}],"wp:term":[{"taxonomy":"category","embeddable":true,"href":"https:\/\/jornalbeirario.com.br\/portal\/index.php?rest_route=%2Fwp%2Fv2%2Fcategories&post=44441"},{"taxonomy":"post_tag","embeddable":true,"href":"https:\/\/jornalbeirario.com.br\/portal\/index.php?rest_route=%2Fwp%2Fv2%2Ftags&post=44441"}],"curies":[{"name":"wp","href":"https:\/\/api.w.org\/{rel}","templated":true}]}}