
{"id":44086,"date":"2016-09-02T11:51:18","date_gmt":"2016-09-02T11:51:18","guid":{"rendered":"http:\/\/jornalbeirario.com.br\/portal\/?p=44086"},"modified":"2016-09-02T11:51:18","modified_gmt":"2016-09-02T11:51:18","slug":"os-tomates-do-padre-inacio","status":"publish","type":"post","link":"https:\/\/jornalbeirario.com.br\/portal\/?p=44086","title":{"rendered":"&#8220;Os Tomates do Padre In\u00e1cio&#8221;"},"content":{"rendered":"<p style=\"text-align: justify;\"><strong>Se \u00e9 que pode interessar a algu\u00e9m, lancei \u2018Os Tomates do Padre In\u00e1cio\u2019<\/strong><br \/>\nEssa semana saiu pelo Clube de Autores, o meu e-book \u201cOs Tomates do Padre In\u00e1cio\u201d \u2013 Mem\u00f3rias dom\u00e9sticas do palavr\u00e3o. \u00c9 um apanhado de cr\u00f4nicas, depoimentos, narrativas, sobre os meus primeiros contatos com o palavr\u00e3o e outras novidades. Palavr\u00e3o, que n\u00e3o \u00e9 \u2018nome feio\u2019, mas a forma mais precisa, de expressarmos um sentimento forte. Assim dizem os especialistas. E o aprendizado dom\u00e9stico deu-se com minha m\u00e3e, dona Zoraide, que de vez em quando era meio \u2018boca suja\u2019. Al\u00e9m dessa, ela tinha (tem) outras qualidades. O Alzheimer \u00e9 que n\u00e3o a deixa lembrar. O livro \u00e9 uma brincadeira, mas tamb\u00e9m uma homenagem aos meus pais. Dois personagens fortes da minha vida, que, falando em mem\u00f3rias, ironicamente foram vitimados pelo sinistro alem\u00e3o. Meu pai at\u00e9 j\u00e1 foi embora, h\u00e1 pouco mais de dois anos, por obra do sujeito. A revis\u00e3o dos textos ficou por conta da jornalista e minha amiga, M\u00e1rcia Chaves. A quem agrade\u00e7o muito pela paci\u00eancia. Beijo pra ela. Beijo tamb\u00e9m para a Fabiane Soares pelo carinho e incentivo e beijo pra minha m\u00e3e, a musa. Se interessar a algu\u00e9m, o e-book \u00e9 vendido no seguinte Site:\u00a0 www.clubedeautores.com.br. Procure os e-books rec\u00e9m-lan\u00e7ados, ou ponha o titulo do livro no espa\u00e7o de busca. \u00c9 bem barato. Mais ou menos o pre\u00e7o de uma cerveja.<\/p>\n<p><strong>Carta Aberta \u00e0 Presidenta eleita<\/strong><br \/>\nNeste triste momento do ano \u2018Um\u2019 do governo ileg\u00edtimo instaurado no pa\u00eds \u00e0 custa de muita canalhice, cara de pau e da certeza de uma elite dominante de ter nas m\u00e3os as for\u00e7as institucionais determinantes da Na\u00e7\u00e3o, posto aqui um trecho da Carta Aberta da \u2018Frente Brasil Popular\u2019, \u00e0 Presidenta Legitima, Dilma Rousseff: \u201cEsta ruptura da ordem democr\u00e1tica, materializa os prop\u00f3sitos antipatri\u00f3ticos e antipopulares das elites econ\u00f4micas, empenhadas em ampliar sua margem de lucro atrav\u00e9s da destrui\u00e7\u00e3o de direitos e conquistas do povo brasileiro, como a companheira denunciou diante de seus algozes de hoje. Os golpistas n\u00e3o escondem seu programa: entre outras medidas contra o povo, pretendem reduzir investimentos em sa\u00fade, educa\u00e7\u00e3o e moradia, eliminar diretos trabalhistas, acabar com a vincula\u00e7\u00e3o da aposentadoria b\u00e1sica ao sal\u00e1rio m\u00ednimo, esvaziar programas sociais e entregar o Pr\u00e9-Sal \u00e0s corpora\u00e7\u00f5es internacionais&#8230;<br \/>\n<em>&#8230;perdemos uma batalha, mas a resist\u00eancia apenas come\u00e7a&#8230;\u201d Bras\u00edlia, 31 de agosto de 2016<\/em><\/p>\n<p>TRIPA<br \/>\n* Na quarta-feira, dia 31, a R\u00e1dio MPB FM (90,3) do Rio (por sinal uma emissora da melhor qualidade) falou de Resende no seu programa Boletim Embarque na Viagem. O programa foi ao ar \u00e0s 21 horas, mas ainda pode ser ouvido no podcast dispon\u00edvel no Site: www.mpbbrasil.com.br\/radio. Tudo por culpa do bom desempenho do secret\u00e1rio de turismo de Resende, Antonio Le\u00e3o, na divulga\u00e7\u00e3o de nossa cidade durante a realiza\u00e7\u00e3o dos jogos ol\u00edmpicos. * Come\u00e7am as comemora\u00e7\u00f5es \u201cEila \u2013 100 anos\u201d no Centro Cultural Visconde de Mau\u00e1.\u00a0A retrospectiva da artista finlandesa Eila Ampula ser\u00e1 aberta neste domingo, dia 4, \u00e0s 11h, com apresenta\u00e7\u00e3o do grupo de dan\u00e7a finlandesa \u2013 PKY de Penedo. A exposi\u00e7\u00e3o ficar\u00e1 aberta s\u00e1bados, domingos e feriados, das 10 \u00e0s 18h, de 05 de setembro a 16 de outubro de 2016, abrindo tamb\u00e9m durante a semana para as visitas guiadas escolares, previamente agendadas. Abra\u00e7\u00e3o \u00e0 M\u00e1rcia Patroc\u00ednio, diretora do CCVM, por mais essa tacada mais que oportuna. * Aten\u00e7\u00e3o trilheiros, montanhistas e afins, o Hospital de Emerg\u00eancia de Resende n\u00e3o est\u00e1 recebendo soro antiof\u00eddico. Esta foi uma decis\u00e3o do governo estadual, que a Secretaria Municipal de Sa\u00fade est\u00e1 tentando reverter. O Munic\u00edpio n\u00e3o produz, tampouco compra soro antiof\u00eddico. * E aten\u00e7\u00e3o botafolgada, botafoguenses de cora\u00e7\u00e3o e ex-sofredores, neste domingo, dia 4, o valoroso esquadr\u00e3o alvinegro de General Severiano vai derrubar mais um grande em mais um cl\u00e1ssico de porte mundial. Vamos atropelar o Gr\u00eamio, \u2018onde o Gr\u00eamio estiver\u2019, como diz a letra, bel\u00edssima por sinal, do hino gremista, composto pelo essencial Lupc\u00ednio Rodrigues. Pra cima deles Sass\u00e1!!!<\/p>\n<p>ANIVERS\u00c1RIOS<br \/>\nNo dia 26, semana passada, mudaram de idade o Antonio Dias \u2018Chumbinho\u2019, e o Z\u00e9 Ronaldo meu amigo de longa data. No dia 27 soprou velinhas uma amiga tamb\u00e9m dos velhos temos, a F\u00e1tima Alves. No dia 28 inauguraram idade nova o Tiago Alvarenga, do Atl\u00e2ntico, a Regina Braz e a Elaine Dornelas. Dia 29 foi a vez de Consuelo Pamplona e Bernard Fines ficarem mais experientes. No dia 30 uma turma grande\u00a0 e legal comemorou mais um ano de vida, olha s\u00f3: Ton Kneip, Camila Cardozo, Marissol Nascimento, Ana Correa e Renato Camargo. No dia 31, a Magaly Livramento, Carlos Santa Rita, o radialista Gilberto Franklin e William Monteiro da bateria do Salgueiro receberam os \u2018parab\u00e9ns\u2019. Ent\u00e3o, parab\u00e9ns e todas as felicidades do mundo a eles.<\/p>\n","protected":false},"excerpt":{"rendered":"<p>Se \u00e9 que pode interessar a algu\u00e9m, lancei \u2018Os Tomates do Padre In\u00e1cio\u2019 Essa semana saiu pelo Clube de Autores, o meu e-book \u201cOs<\/p>\n","protected":false},"author":242,"featured_media":0,"comment_status":"open","ping_status":"open","sticky":false,"template":"","format":"standard","meta":{"pmpro_default_level":"","footnotes":""},"categories":[181],"tags":[],"class_list":["post-44086","post","type-post","status-publish","format-standard","hentry","category-colunistas","pmpro-has-access"],"yoast_head":"<!-- This site is optimized with the Yoast SEO plugin v27.4 - https:\/\/yoast.com\/product\/yoast-seo-wordpress\/ -->\n<title>&quot;Os Tomates do Padre In\u00e1cio&quot; - JORNAL BEIRA RIO<\/title>\n<meta name=\"robots\" content=\"index, follow, max-snippet:-1, max-image-preview:large, max-video-preview:-1\" \/>\n<link rel=\"canonical\" href=\"https:\/\/jornalbeirario.com.br\/portal\/?p=44086\" \/>\n<meta property=\"og:locale\" content=\"pt_BR\" \/>\n<meta property=\"og:type\" content=\"article\" \/>\n<meta property=\"og:title\" content=\"&quot;Os Tomates do Padre In\u00e1cio&quot; - JORNAL BEIRA RIO\" \/>\n<meta property=\"og:description\" content=\"Se \u00e9 que pode interessar a algu\u00e9m, lancei \u2018Os Tomates do Padre In\u00e1cio\u2019 Essa semana saiu pelo Clube de Autores, o meu e-book \u201cOs\" \/>\n<meta property=\"og:url\" content=\"https:\/\/jornalbeirario.com.br\/portal\/?p=44086\" \/>\n<meta property=\"og:site_name\" content=\"JORNAL BEIRA RIO\" \/>\n<meta property=\"article:published_time\" content=\"2016-09-02T11:51:18+00:00\" \/>\n<meta name=\"author\" content=\"La\u00eds Amaral\" \/>\n<meta name=\"twitter:card\" content=\"summary_large_image\" \/>\n<meta name=\"twitter:label1\" content=\"Escrito por\" \/>\n\t<meta name=\"twitter:data1\" content=\"La\u00eds Amaral\" \/>\n\t<meta name=\"twitter:label2\" content=\"Est. tempo de leitura\" \/>\n\t<meta name=\"twitter:data2\" content=\"4 minutos\" \/>\n<script type=\"application\/ld+json\" class=\"yoast-schema-graph\">{\"@context\":\"https:\\\/\\\/schema.org\",\"@graph\":[{\"@type\":\"Article\",\"@id\":\"https:\\\/\\\/jornalbeirario.com.br\\\/portal\\\/?p=44086#article\",\"isPartOf\":{\"@id\":\"https:\\\/\\\/jornalbeirario.com.br\\\/portal\\\/?p=44086\"},\"author\":{\"name\":\"La\u00eds Amaral\",\"@id\":\"https:\\\/\\\/jornalbeirario.com.br\\\/portal\\\/#\\\/schema\\\/person\\\/07ce3ae95231104790048d62ba21d81a\"},\"headline\":\"&#8220;Os Tomates do Padre In\u00e1cio&#8221;\",\"datePublished\":\"2016-09-02T11:51:18+00:00\",\"mainEntityOfPage\":{\"@id\":\"https:\\\/\\\/jornalbeirario.com.br\\\/portal\\\/?p=44086\"},\"wordCount\":841,\"commentCount\":0,\"publisher\":{\"@id\":\"https:\\\/\\\/jornalbeirario.com.br\\\/portal\\\/#organization\"},\"articleSection\":[\"Colunistas\"],\"inLanguage\":\"pt-BR\",\"potentialAction\":[{\"@type\":\"CommentAction\",\"name\":\"Comment\",\"target\":[\"https:\\\/\\\/jornalbeirario.com.br\\\/portal\\\/?p=44086#respond\"]}]},{\"@type\":\"WebPage\",\"@id\":\"https:\\\/\\\/jornalbeirario.com.br\\\/portal\\\/?p=44086\",\"url\":\"https:\\\/\\\/jornalbeirario.com.br\\\/portal\\\/?p=44086\",\"name\":\"\\\"Os Tomates do Padre In\u00e1cio\\\" - JORNAL BEIRA RIO\",\"isPartOf\":{\"@id\":\"https:\\\/\\\/jornalbeirario.com.br\\\/portal\\\/#website\"},\"datePublished\":\"2016-09-02T11:51:18+00:00\",\"breadcrumb\":{\"@id\":\"https:\\\/\\\/jornalbeirario.com.br\\\/portal\\\/?p=44086#breadcrumb\"},\"inLanguage\":\"pt-BR\",\"potentialAction\":[{\"@type\":\"ReadAction\",\"target\":[\"https:\\\/\\\/jornalbeirario.com.br\\\/portal\\\/?p=44086\"]}]},{\"@type\":\"BreadcrumbList\",\"@id\":\"https:\\\/\\\/jornalbeirario.com.br\\\/portal\\\/?p=44086#breadcrumb\",\"itemListElement\":[{\"@type\":\"ListItem\",\"position\":1,\"name\":\"Home\",\"item\":\"https:\\\/\\\/jornalbeirario.com.br\\\/portal\"},{\"@type\":\"ListItem\",\"position\":2,\"name\":\"&#8220;Os Tomates do Padre In\u00e1cio&#8221;\"}]},{\"@type\":\"WebSite\",\"@id\":\"https:\\\/\\\/jornalbeirario.com.br\\\/portal\\\/#website\",\"url\":\"https:\\\/\\\/jornalbeirario.com.br\\\/portal\\\/\",\"name\":\"JORNAL BEIRA RIO\",\"description\":\"\",\"publisher\":{\"@id\":\"https:\\\/\\\/jornalbeirario.com.br\\\/portal\\\/#organization\"},\"potentialAction\":[{\"@type\":\"SearchAction\",\"target\":{\"@type\":\"EntryPoint\",\"urlTemplate\":\"https:\\\/\\\/jornalbeirario.com.br\\\/portal\\\/?s={search_term_string}\"},\"query-input\":{\"@type\":\"PropertyValueSpecification\",\"valueRequired\":true,\"valueName\":\"search_term_string\"}}],\"inLanguage\":\"pt-BR\"},{\"@type\":\"Organization\",\"@id\":\"https:\\\/\\\/jornalbeirario.com.br\\\/portal\\\/#organization\",\"name\":\"JORNAL BEIRA RIO\",\"url\":\"https:\\\/\\\/jornalbeirario.com.br\\\/portal\\\/\",\"logo\":{\"@type\":\"ImageObject\",\"inLanguage\":\"pt-BR\",\"@id\":\"https:\\\/\\\/jornalbeirario.com.br\\\/portal\\\/#\\\/schema\\\/logo\\\/image\\\/\",\"url\":\"https:\\\/\\\/jornalbeirario.com.br\\\/portal\\\/wp-content\\\/uploads\\\/2017\\\/09\\\/BEIRA-RIO_logo600.png\",\"contentUrl\":\"https:\\\/\\\/jornalbeirario.com.br\\\/portal\\\/wp-content\\\/uploads\\\/2017\\\/09\\\/BEIRA-RIO_logo600.png\",\"width\":650,\"height\":108,\"caption\":\"JORNAL BEIRA RIO\"},\"image\":{\"@id\":\"https:\\\/\\\/jornalbeirario.com.br\\\/portal\\\/#\\\/schema\\\/logo\\\/image\\\/\"}},{\"@type\":\"Person\",\"@id\":\"https:\\\/\\\/jornalbeirario.com.br\\\/portal\\\/#\\\/schema\\\/person\\\/07ce3ae95231104790048d62ba21d81a\",\"name\":\"La\u00eds Amaral\",\"image\":{\"@type\":\"ImageObject\",\"inLanguage\":\"pt-BR\",\"@id\":\"https:\\\/\\\/jornalbeirario.com.br\\\/portal\\\/wp-content\\\/uploads\\\/2016\\\/09\\\/lairavatar2-1.png\",\"url\":\"https:\\\/\\\/jornalbeirario.com.br\\\/portal\\\/wp-content\\\/uploads\\\/2016\\\/09\\\/lairavatar2-1.png\",\"contentUrl\":\"https:\\\/\\\/jornalbeirario.com.br\\\/portal\\\/wp-content\\\/uploads\\\/2016\\\/09\\\/lairavatar2-1.png\",\"caption\":\"La\u00eds Amaral\"},\"url\":\"https:\\\/\\\/jornalbeirario.com.br\\\/portal\\\/?author=242\"}]}<\/script>\n<!-- \/ Yoast SEO plugin. -->","yoast_head_json":{"title":"\"Os Tomates do Padre In\u00e1cio\" - JORNAL BEIRA RIO","robots":{"index":"index","follow":"follow","max-snippet":"max-snippet:-1","max-image-preview":"max-image-preview:large","max-video-preview":"max-video-preview:-1"},"canonical":"https:\/\/jornalbeirario.com.br\/portal\/?p=44086","og_locale":"pt_BR","og_type":"article","og_title":"\"Os Tomates do Padre In\u00e1cio\" - JORNAL BEIRA RIO","og_description":"Se \u00e9 que pode interessar a algu\u00e9m, lancei \u2018Os Tomates do Padre In\u00e1cio\u2019 Essa semana saiu pelo Clube de Autores, o meu e-book \u201cOs","og_url":"https:\/\/jornalbeirario.com.br\/portal\/?p=44086","og_site_name":"JORNAL BEIRA RIO","article_published_time":"2016-09-02T11:51:18+00:00","author":"La\u00eds Amaral","twitter_card":"summary_large_image","twitter_misc":{"Escrito por":"La\u00eds Amaral","Est. tempo de leitura":"4 minutos"},"schema":{"@context":"https:\/\/schema.org","@graph":[{"@type":"Article","@id":"https:\/\/jornalbeirario.com.br\/portal\/?p=44086#article","isPartOf":{"@id":"https:\/\/jornalbeirario.com.br\/portal\/?p=44086"},"author":{"name":"La\u00eds Amaral","@id":"https:\/\/jornalbeirario.com.br\/portal\/#\/schema\/person\/07ce3ae95231104790048d62ba21d81a"},"headline":"&#8220;Os Tomates do Padre In\u00e1cio&#8221;","datePublished":"2016-09-02T11:51:18+00:00","mainEntityOfPage":{"@id":"https:\/\/jornalbeirario.com.br\/portal\/?p=44086"},"wordCount":841,"commentCount":0,"publisher":{"@id":"https:\/\/jornalbeirario.com.br\/portal\/#organization"},"articleSection":["Colunistas"],"inLanguage":"pt-BR","potentialAction":[{"@type":"CommentAction","name":"Comment","target":["https:\/\/jornalbeirario.com.br\/portal\/?p=44086#respond"]}]},{"@type":"WebPage","@id":"https:\/\/jornalbeirario.com.br\/portal\/?p=44086","url":"https:\/\/jornalbeirario.com.br\/portal\/?p=44086","name":"\"Os Tomates do Padre In\u00e1cio\" - JORNAL BEIRA RIO","isPartOf":{"@id":"https:\/\/jornalbeirario.com.br\/portal\/#website"},"datePublished":"2016-09-02T11:51:18+00:00","breadcrumb":{"@id":"https:\/\/jornalbeirario.com.br\/portal\/?p=44086#breadcrumb"},"inLanguage":"pt-BR","potentialAction":[{"@type":"ReadAction","target":["https:\/\/jornalbeirario.com.br\/portal\/?p=44086"]}]},{"@type":"BreadcrumbList","@id":"https:\/\/jornalbeirario.com.br\/portal\/?p=44086#breadcrumb","itemListElement":[{"@type":"ListItem","position":1,"name":"Home","item":"https:\/\/jornalbeirario.com.br\/portal"},{"@type":"ListItem","position":2,"name":"&#8220;Os Tomates do Padre In\u00e1cio&#8221;"}]},{"@type":"WebSite","@id":"https:\/\/jornalbeirario.com.br\/portal\/#website","url":"https:\/\/jornalbeirario.com.br\/portal\/","name":"JORNAL BEIRA RIO","description":"","publisher":{"@id":"https:\/\/jornalbeirario.com.br\/portal\/#organization"},"potentialAction":[{"@type":"SearchAction","target":{"@type":"EntryPoint","urlTemplate":"https:\/\/jornalbeirario.com.br\/portal\/?s={search_term_string}"},"query-input":{"@type":"PropertyValueSpecification","valueRequired":true,"valueName":"search_term_string"}}],"inLanguage":"pt-BR"},{"@type":"Organization","@id":"https:\/\/jornalbeirario.com.br\/portal\/#organization","name":"JORNAL BEIRA RIO","url":"https:\/\/jornalbeirario.com.br\/portal\/","logo":{"@type":"ImageObject","inLanguage":"pt-BR","@id":"https:\/\/jornalbeirario.com.br\/portal\/#\/schema\/logo\/image\/","url":"https:\/\/jornalbeirario.com.br\/portal\/wp-content\/uploads\/2017\/09\/BEIRA-RIO_logo600.png","contentUrl":"https:\/\/jornalbeirario.com.br\/portal\/wp-content\/uploads\/2017\/09\/BEIRA-RIO_logo600.png","width":650,"height":108,"caption":"JORNAL BEIRA RIO"},"image":{"@id":"https:\/\/jornalbeirario.com.br\/portal\/#\/schema\/logo\/image\/"}},{"@type":"Person","@id":"https:\/\/jornalbeirario.com.br\/portal\/#\/schema\/person\/07ce3ae95231104790048d62ba21d81a","name":"La\u00eds Amaral","image":{"@type":"ImageObject","inLanguage":"pt-BR","@id":"https:\/\/jornalbeirario.com.br\/portal\/wp-content\/uploads\/2016\/09\/lairavatar2-1.png","url":"https:\/\/jornalbeirario.com.br\/portal\/wp-content\/uploads\/2016\/09\/lairavatar2-1.png","contentUrl":"https:\/\/jornalbeirario.com.br\/portal\/wp-content\/uploads\/2016\/09\/lairavatar2-1.png","caption":"La\u00eds Amaral"},"url":"https:\/\/jornalbeirario.com.br\/portal\/?author=242"}]}},"_links":{"self":[{"href":"https:\/\/jornalbeirario.com.br\/portal\/index.php?rest_route=\/wp\/v2\/posts\/44086","targetHints":{"allow":["GET"]}}],"collection":[{"href":"https:\/\/jornalbeirario.com.br\/portal\/index.php?rest_route=\/wp\/v2\/posts"}],"about":[{"href":"https:\/\/jornalbeirario.com.br\/portal\/index.php?rest_route=\/wp\/v2\/types\/post"}],"author":[{"embeddable":true,"href":"https:\/\/jornalbeirario.com.br\/portal\/index.php?rest_route=\/wp\/v2\/users\/242"}],"replies":[{"embeddable":true,"href":"https:\/\/jornalbeirario.com.br\/portal\/index.php?rest_route=%2Fwp%2Fv2%2Fcomments&post=44086"}],"version-history":[{"count":2,"href":"https:\/\/jornalbeirario.com.br\/portal\/index.php?rest_route=\/wp\/v2\/posts\/44086\/revisions"}],"predecessor-version":[{"id":44088,"href":"https:\/\/jornalbeirario.com.br\/portal\/index.php?rest_route=\/wp\/v2\/posts\/44086\/revisions\/44088"}],"wp:attachment":[{"href":"https:\/\/jornalbeirario.com.br\/portal\/index.php?rest_route=%2Fwp%2Fv2%2Fmedia&parent=44086"}],"wp:term":[{"taxonomy":"category","embeddable":true,"href":"https:\/\/jornalbeirario.com.br\/portal\/index.php?rest_route=%2Fwp%2Fv2%2Fcategories&post=44086"},{"taxonomy":"post_tag","embeddable":true,"href":"https:\/\/jornalbeirario.com.br\/portal\/index.php?rest_route=%2Fwp%2Fv2%2Ftags&post=44086"}],"curies":[{"name":"wp","href":"https:\/\/api.w.org\/{rel}","templated":true}]}}