
{"id":43930,"date":"2016-08-25T13:12:12","date_gmt":"2016-08-25T13:12:12","guid":{"rendered":"http:\/\/jornalbeirario.com.br\/portal\/?p=43930"},"modified":"2016-08-25T13:16:28","modified_gmt":"2016-08-25T13:16:28","slug":"comeca-julgamento-do-processo-de-impeachment-de-presidente-afastada","status":"publish","type":"post","link":"https:\/\/jornalbeirario.com.br\/portal\/?p=43930","title":{"rendered":"Come\u00e7a julgamento do processo de impeachment de presidente afastada"},"content":{"rendered":"<p style=\"text-align: justify;\"><a href=\"http:\/\/jornalbeirario.com.br\/wp-content\/uploads\/2016\/05\/senado2.jpg\"><img loading=\"lazy\" decoding=\"async\" class=\"alignright size-medium wp-image-40450\" src=\"http:\/\/jornalbeirario.com.br\/wp-content\/uploads\/2016\/05\/senado2-300x225.jpg\" alt=\"senado2\" width=\"300\" height=\"225\" srcset=\"https:\/\/jornalbeirario.com.br\/portal\/wp-content\/uploads\/2016\/05\/senado2-300x225.jpg 300w, https:\/\/jornalbeirario.com.br\/portal\/wp-content\/uploads\/2016\/05\/senado2.jpg 640w\" sizes=\"auto, (max-width: 300px) 100vw, 300px\" \/><\/a>Sob o comando do presidente do Supremo Tribunal Federal (STF), Ricardo Lewandowski, come\u00e7ou por volta das 9h30 o primeiro dia da fase final do julgamento do processo de impeachment da presidenta afastada Dilma Rousseff. A expectativa \u00e9 de que a conclus\u00e3o do processo ocorra at\u00e9 a madrugada da quarta-feira, dia 31.<\/p>\n<p style=\"text-align: justify;\">A primeira parte da sess\u00e3o ser\u00e1 dedicada \u00e0 apresenta\u00e7\u00e3o de quest\u00f5es de ordem por parte dos senadores. Para dar agilidade \u00e0 sess\u00e3o, Lewandowski decidiu responder aos questionamentos em bloco, de uma s\u00f3 vez. O Democratas vai pedir que os questionamentos que j\u00e1 tenham sido analisados anteriormente sejam indeferidos automaticamente por Lewandowski.<\/p>\n<p style=\"text-align: justify;\">Em seguida come\u00e7a a oitiva de testemunhas. Primeiro a ser ouvido, o procurador do Minist\u00e9rio P\u00fablico junto ao Tribunal de Contas da Uni\u00e3o, J\u00falio Marcelo de Oliveira, testemunha da acusa\u00e7\u00e3o, \u00e9 considerada a mais importante do dia. Oliveira foi o autor do parecer do TCU que serviu de base para a reprova\u00e7\u00e3o das contas presidenciais de 2014. \u00c0 \u00e9poca ele considerou que houve crime de responsabilidade na abertura de cr\u00e9ditos suplementares via decreto presidencial, sem autoriza\u00e7\u00e3o do Congresso Nacional, as chamadas pedaladas fiscais.<\/p>\n<p style=\"text-align: justify;\">Ele afirmou ainda que as pr\u00e1ticas \u201cirregulares\u201d continuaram sendo adotadas em 2015. Segundo ele, que j\u00e1 dep\u00f4s no mesmo processo quando ainda tramitava na C\u00e2mara e posteriormente na comiss\u00e3o especial do Senado, o governo encerrou 2014 devendo bilh\u00f5es de reais a dois bancos \u2013 Banco do Brasil e BNDES \u2013 pagando apenas os recursos devidos \u00e0 Caixa e apenas no fim de 2014. J\u00falio Marcelo afirma ainda que as \u201cpedaladas\u201d s\u00f3 foram pagas em dezembro de 2015.<\/p>\n<p style=\"text-align: justify;\">ARGUMENTA\u00c7\u00c3O<br \/>\nApesar dos argumentos e documentos que tem sido apresentados pelo procurador nos \u00faltimos depoimentos no Congresso, aliados de Dilma n\u00e3o se convenceram de que houve o crime e j\u00e1 anteciparam que, diferente da base aliada de Temer, que quer dar agilidade \u00e0 sess\u00e3o de hoje, far\u00e3o todas as perguntas necess\u00e1rias a todos os convocados.<\/p>\n<p style=\"text-align: justify;\">\u201cEste \u00e9 o momento da gente falar para a maioria da popula\u00e7\u00e3o e aos senadores que n\u00e3o assistiram os trabalhos da comiss\u00e3o especial. Vamos falar com a mesma convic\u00e7\u00e3o: a de que a presidente Dilma n\u00e3o cometeu crime de responsabilidade. Ao longo de todo o processo ficou comprovado. Esse impeachment \u00e9 uma grande injusti\u00e7a, uma fraude, uma farsa porque falta solidez jur\u00eddica\u201d, afirmou a senadora F\u00e1tima Bezerra (PT-RN). Segundo ela, o grupo que defende a volta de Dilma ao comando do pa\u00eds vai lutar \u201cincansavelmente at\u00e9 o \u00faltimo minuto\u201d.<\/p>\n<p style=\"text-align: justify;\">No contra-ataque, o senador Ronaldo Caiado (DEM-GO) confirmou a estrat\u00e9gia de otimizar o tempo, com uma pergunta que ser\u00e1 feita pelo l\u00edder ou quem o l\u00edder do partido indicar. \u201cAs testemunhas que vem ao plen\u00e1rio s\u00e3o testemunhas que j\u00e1 foram ouvidas na comiss\u00e3o especial. Todos ja est\u00e3o cansados de ouvir a mesma pergunta e a mesma resposta.\u201d, explicou.<\/p>\n<p style=\"text-align: justify;\">INSCRI\u00c7\u00d5ES<br \/>\nAt\u00e9 a noite de ontem, 29 senadores j\u00e1 tinham colocado nome na lista para fazer perguntas ao procurador, que deve protagonizar a oitiva mais longa do dia. As inscri\u00e7\u00f5es foram abertas ontem, com 24 horas de anteced\u00eancia da sess\u00e3o de hoje, mas enquanto durar o interrogat\u00f3rio os senadores podem continuar se inscrevendo.<\/p>\n<p style=\"text-align: justify;\">Quatro testemunhas ser\u00e3o ouvidas hoje. Ainda pela acusa\u00e7\u00e3o, a outra testemunha ser\u00e1 o auditor do TCU, Ant\u00f4nio Carlos Costa D&#8217;\u00e1vila. Pela defesa, ser\u00e3o ouvidos nesta quinta-feira o economista Luiz Gonzaga Belluzzo e o professor de direito da Universidade Federal do Rio de Janeiro (UFRJ) Geraldo Prado.<\/p>\n<p style=\"text-align: justify;\">SEGURAN\u00c7A<br \/>\nAs testemunhas, que ser\u00e3o ouvidas separadamente, est\u00e3o incomunic\u00e1veis desde ontem, confinadas em um hotel cinco estrelas no centro de Bras\u00edlia, sem TV, internet e telefone.<\/p>\n<p style=\"text-align: justify;\">O isolamento das testemunhas, que deve terminar somente no s\u00e1bado, dia 27, foi adotado pelo Senado porque o rito do impeachment se baseia no C\u00f3digo de Processo Penal. Elas assinaram um termo concordando com essas condi\u00e7\u00f5es e ser\u00e3o trazidas ao Senado, uma a uma, pela Pol\u00edcia Legislativa. Logo ap\u00f3s a participa\u00e7\u00e3o voltar\u00e3o ao hotel.<\/p>\n<p style=\"text-align: justify;\">Como o acesso ao pr\u00e9dio do Senado est\u00e1 restrito a parlamentares, servidores e pessoas credenciadas, a movimenta\u00e7\u00e3o maior no in\u00edcio da manh\u00e3 era de jornalistas. A visita\u00e7\u00e3o ao Congresso est\u00e1 suspensa.<\/p>\n<p style=\"text-align: justify;\"><em>Fonte: Ag\u00eancia Brasil<\/em><\/p>\n","protected":false},"excerpt":{"rendered":"<p>Sob o comando do presidente do Supremo Tribunal Federal (STF), Ricardo Lewandowski, come\u00e7ou por volta das 9h30 o primeiro dia da fase final do<\/p>\n","protected":false},"author":1,"featured_media":40533,"comment_status":"open","ping_status":"open","sticky":false,"template":"","format":"standard","meta":{"pmpro_default_level":"","footnotes":""},"categories":[35,11],"tags":[155,153],"class_list":["post-43930","post","type-post","status-publish","format-standard","has-post-thumbnail","hentry","category-nacional","category-politica","tag-dehoraemhora","tag-manchete","pmpro-has-access"],"yoast_head":"<!-- This site is optimized with the Yoast SEO plugin v27.4 - https:\/\/yoast.com\/product\/yoast-seo-wordpress\/ -->\n<title>Come\u00e7a julgamento do processo de impeachment de presidente afastada - JORNAL BEIRA RIO<\/title>\n<meta name=\"robots\" content=\"index, follow, max-snippet:-1, max-image-preview:large, max-video-preview:-1\" \/>\n<link rel=\"canonical\" href=\"https:\/\/jornalbeirario.com.br\/portal\/?p=43930\" \/>\n<meta property=\"og:locale\" content=\"pt_BR\" \/>\n<meta property=\"og:type\" content=\"article\" \/>\n<meta property=\"og:title\" content=\"Come\u00e7a julgamento do processo de impeachment de presidente afastada - JORNAL BEIRA RIO\" \/>\n<meta property=\"og:description\" content=\"Sob o comando do presidente do Supremo Tribunal Federal (STF), Ricardo Lewandowski, come\u00e7ou por volta das 9h30 o primeiro dia da fase final do\" \/>\n<meta property=\"og:url\" content=\"https:\/\/jornalbeirario.com.br\/portal\/?p=43930\" \/>\n<meta property=\"og:site_name\" content=\"JORNAL BEIRA RIO\" \/>\n<meta property=\"article:published_time\" content=\"2016-08-25T13:12:12+00:00\" \/>\n<meta property=\"article:modified_time\" content=\"2016-08-25T13:16:28+00:00\" \/>\n<meta property=\"og:image\" content=\"https:\/\/jornalbeirario.com.br\/portal\/wp-content\/uploads\/2016\/05\/senado-1.jpg\" \/>\n\t<meta property=\"og:image:width\" content=\"930\" \/>\n\t<meta property=\"og:image:height\" content=\"350\" \/>\n\t<meta property=\"og:image:type\" content=\"image\/jpeg\" \/>\n<meta name=\"author\" content=\"Jornal BEIRA-RIO\" \/>\n<meta name=\"twitter:card\" content=\"summary_large_image\" \/>\n<meta name=\"twitter:label1\" content=\"Escrito por\" \/>\n\t<meta name=\"twitter:data1\" content=\"Jornal BEIRA-RIO\" \/>\n\t<meta name=\"twitter:label2\" content=\"Est. tempo de leitura\" \/>\n\t<meta name=\"twitter:data2\" content=\"4 minutos\" \/>\n<script type=\"application\/ld+json\" class=\"yoast-schema-graph\">{\"@context\":\"https:\\\/\\\/schema.org\",\"@graph\":[{\"@type\":\"Article\",\"@id\":\"https:\\\/\\\/jornalbeirario.com.br\\\/portal\\\/?p=43930#article\",\"isPartOf\":{\"@id\":\"https:\\\/\\\/jornalbeirario.com.br\\\/portal\\\/?p=43930\"},\"author\":{\"name\":\"Jornal BEIRA-RIO\",\"@id\":\"https:\\\/\\\/jornalbeirario.com.br\\\/portal\\\/#\\\/schema\\\/person\\\/c6c423e4c2465d2a9233f6539173e7c1\"},\"headline\":\"Come\u00e7a julgamento do processo de impeachment de presidente afastada\",\"datePublished\":\"2016-08-25T13:12:12+00:00\",\"dateModified\":\"2016-08-25T13:16:28+00:00\",\"mainEntityOfPage\":{\"@id\":\"https:\\\/\\\/jornalbeirario.com.br\\\/portal\\\/?p=43930\"},\"wordCount\":737,\"commentCount\":0,\"publisher\":{\"@id\":\"https:\\\/\\\/jornalbeirario.com.br\\\/portal\\\/#organization\"},\"image\":{\"@id\":\"https:\\\/\\\/jornalbeirario.com.br\\\/portal\\\/?p=43930#primaryimage\"},\"thumbnailUrl\":\"https:\\\/\\\/jornalbeirario.com.br\\\/portal\\\/wp-content\\\/uploads\\\/2016\\\/05\\\/senado-1.jpg\",\"keywords\":[\"dehoraemhora\",\"manchete\"],\"articleSection\":[\"Nacional\",\"Pol\u00edtica\"],\"inLanguage\":\"pt-BR\",\"potentialAction\":[{\"@type\":\"CommentAction\",\"name\":\"Comment\",\"target\":[\"https:\\\/\\\/jornalbeirario.com.br\\\/portal\\\/?p=43930#respond\"]}]},{\"@type\":\"WebPage\",\"@id\":\"https:\\\/\\\/jornalbeirario.com.br\\\/portal\\\/?p=43930\",\"url\":\"https:\\\/\\\/jornalbeirario.com.br\\\/portal\\\/?p=43930\",\"name\":\"Come\u00e7a julgamento do processo de impeachment de presidente afastada - JORNAL BEIRA RIO\",\"isPartOf\":{\"@id\":\"https:\\\/\\\/jornalbeirario.com.br\\\/portal\\\/#website\"},\"primaryImageOfPage\":{\"@id\":\"https:\\\/\\\/jornalbeirario.com.br\\\/portal\\\/?p=43930#primaryimage\"},\"image\":{\"@id\":\"https:\\\/\\\/jornalbeirario.com.br\\\/portal\\\/?p=43930#primaryimage\"},\"thumbnailUrl\":\"https:\\\/\\\/jornalbeirario.com.br\\\/portal\\\/wp-content\\\/uploads\\\/2016\\\/05\\\/senado-1.jpg\",\"datePublished\":\"2016-08-25T13:12:12+00:00\",\"dateModified\":\"2016-08-25T13:16:28+00:00\",\"breadcrumb\":{\"@id\":\"https:\\\/\\\/jornalbeirario.com.br\\\/portal\\\/?p=43930#breadcrumb\"},\"inLanguage\":\"pt-BR\",\"potentialAction\":[{\"@type\":\"ReadAction\",\"target\":[\"https:\\\/\\\/jornalbeirario.com.br\\\/portal\\\/?p=43930\"]}]},{\"@type\":\"ImageObject\",\"inLanguage\":\"pt-BR\",\"@id\":\"https:\\\/\\\/jornalbeirario.com.br\\\/portal\\\/?p=43930#primaryimage\",\"url\":\"https:\\\/\\\/jornalbeirario.com.br\\\/portal\\\/wp-content\\\/uploads\\\/2016\\\/05\\\/senado-1.jpg\",\"contentUrl\":\"https:\\\/\\\/jornalbeirario.com.br\\\/portal\\\/wp-content\\\/uploads\\\/2016\\\/05\\\/senado-1.jpg\",\"width\":930,\"height\":350},{\"@type\":\"BreadcrumbList\",\"@id\":\"https:\\\/\\\/jornalbeirario.com.br\\\/portal\\\/?p=43930#breadcrumb\",\"itemListElement\":[{\"@type\":\"ListItem\",\"position\":1,\"name\":\"Home\",\"item\":\"https:\\\/\\\/jornalbeirario.com.br\\\/portal\"},{\"@type\":\"ListItem\",\"position\":2,\"name\":\"Come\u00e7a julgamento do processo de impeachment de presidente afastada\"}]},{\"@type\":\"WebSite\",\"@id\":\"https:\\\/\\\/jornalbeirario.com.br\\\/portal\\\/#website\",\"url\":\"https:\\\/\\\/jornalbeirario.com.br\\\/portal\\\/\",\"name\":\"JORNAL BEIRA RIO\",\"description\":\"\",\"publisher\":{\"@id\":\"https:\\\/\\\/jornalbeirario.com.br\\\/portal\\\/#organization\"},\"potentialAction\":[{\"@type\":\"SearchAction\",\"target\":{\"@type\":\"EntryPoint\",\"urlTemplate\":\"https:\\\/\\\/jornalbeirario.com.br\\\/portal\\\/?s={search_term_string}\"},\"query-input\":{\"@type\":\"PropertyValueSpecification\",\"valueRequired\":true,\"valueName\":\"search_term_string\"}}],\"inLanguage\":\"pt-BR\"},{\"@type\":\"Organization\",\"@id\":\"https:\\\/\\\/jornalbeirario.com.br\\\/portal\\\/#organization\",\"name\":\"JORNAL BEIRA RIO\",\"url\":\"https:\\\/\\\/jornalbeirario.com.br\\\/portal\\\/\",\"logo\":{\"@type\":\"ImageObject\",\"inLanguage\":\"pt-BR\",\"@id\":\"https:\\\/\\\/jornalbeirario.com.br\\\/portal\\\/#\\\/schema\\\/logo\\\/image\\\/\",\"url\":\"https:\\\/\\\/jornalbeirario.com.br\\\/portal\\\/wp-content\\\/uploads\\\/2017\\\/09\\\/BEIRA-RIO_logo600.png\",\"contentUrl\":\"https:\\\/\\\/jornalbeirario.com.br\\\/portal\\\/wp-content\\\/uploads\\\/2017\\\/09\\\/BEIRA-RIO_logo600.png\",\"width\":650,\"height\":108,\"caption\":\"JORNAL BEIRA RIO\"},\"image\":{\"@id\":\"https:\\\/\\\/jornalbeirario.com.br\\\/portal\\\/#\\\/schema\\\/logo\\\/image\\\/\"}},{\"@type\":\"Person\",\"@id\":\"https:\\\/\\\/jornalbeirario.com.br\\\/portal\\\/#\\\/schema\\\/person\\\/c6c423e4c2465d2a9233f6539173e7c1\",\"name\":\"Jornal BEIRA-RIO\",\"image\":{\"@type\":\"ImageObject\",\"inLanguage\":\"pt-BR\",\"@id\":\"https:\\\/\\\/jornalbeirario.com.br\\\/portal\\\/wp-content\\\/uploads\\\/2023\\\/10\\\/logojbr1.jpg\",\"url\":\"https:\\\/\\\/jornalbeirario.com.br\\\/portal\\\/wp-content\\\/uploads\\\/2023\\\/10\\\/logojbr1.jpg\",\"contentUrl\":\"https:\\\/\\\/jornalbeirario.com.br\\\/portal\\\/wp-content\\\/uploads\\\/2023\\\/10\\\/logojbr1.jpg\",\"caption\":\"Jornal BEIRA-RIO\"},\"url\":\"https:\\\/\\\/jornalbeirario.com.br\\\/portal\\\/?author=1\"}]}<\/script>\n<!-- \/ Yoast SEO plugin. -->","yoast_head_json":{"title":"Come\u00e7a julgamento do processo de impeachment de presidente afastada - JORNAL BEIRA RIO","robots":{"index":"index","follow":"follow","max-snippet":"max-snippet:-1","max-image-preview":"max-image-preview:large","max-video-preview":"max-video-preview:-1"},"canonical":"https:\/\/jornalbeirario.com.br\/portal\/?p=43930","og_locale":"pt_BR","og_type":"article","og_title":"Come\u00e7a julgamento do processo de impeachment de presidente afastada - JORNAL BEIRA RIO","og_description":"Sob o comando do presidente do Supremo Tribunal Federal (STF), Ricardo Lewandowski, come\u00e7ou por volta das 9h30 o primeiro dia da fase final do","og_url":"https:\/\/jornalbeirario.com.br\/portal\/?p=43930","og_site_name":"JORNAL BEIRA RIO","article_published_time":"2016-08-25T13:12:12+00:00","article_modified_time":"2016-08-25T13:16:28+00:00","og_image":[{"width":930,"height":350,"url":"https:\/\/jornalbeirario.com.br\/portal\/wp-content\/uploads\/2016\/05\/senado-1.jpg","type":"image\/jpeg"}],"author":"Jornal BEIRA-RIO","twitter_card":"summary_large_image","twitter_misc":{"Escrito por":"Jornal BEIRA-RIO","Est. tempo de leitura":"4 minutos"},"schema":{"@context":"https:\/\/schema.org","@graph":[{"@type":"Article","@id":"https:\/\/jornalbeirario.com.br\/portal\/?p=43930#article","isPartOf":{"@id":"https:\/\/jornalbeirario.com.br\/portal\/?p=43930"},"author":{"name":"Jornal BEIRA-RIO","@id":"https:\/\/jornalbeirario.com.br\/portal\/#\/schema\/person\/c6c423e4c2465d2a9233f6539173e7c1"},"headline":"Come\u00e7a julgamento do processo de impeachment de presidente afastada","datePublished":"2016-08-25T13:12:12+00:00","dateModified":"2016-08-25T13:16:28+00:00","mainEntityOfPage":{"@id":"https:\/\/jornalbeirario.com.br\/portal\/?p=43930"},"wordCount":737,"commentCount":0,"publisher":{"@id":"https:\/\/jornalbeirario.com.br\/portal\/#organization"},"image":{"@id":"https:\/\/jornalbeirario.com.br\/portal\/?p=43930#primaryimage"},"thumbnailUrl":"https:\/\/jornalbeirario.com.br\/portal\/wp-content\/uploads\/2016\/05\/senado-1.jpg","keywords":["dehoraemhora","manchete"],"articleSection":["Nacional","Pol\u00edtica"],"inLanguage":"pt-BR","potentialAction":[{"@type":"CommentAction","name":"Comment","target":["https:\/\/jornalbeirario.com.br\/portal\/?p=43930#respond"]}]},{"@type":"WebPage","@id":"https:\/\/jornalbeirario.com.br\/portal\/?p=43930","url":"https:\/\/jornalbeirario.com.br\/portal\/?p=43930","name":"Come\u00e7a julgamento do processo de impeachment de presidente afastada - JORNAL BEIRA RIO","isPartOf":{"@id":"https:\/\/jornalbeirario.com.br\/portal\/#website"},"primaryImageOfPage":{"@id":"https:\/\/jornalbeirario.com.br\/portal\/?p=43930#primaryimage"},"image":{"@id":"https:\/\/jornalbeirario.com.br\/portal\/?p=43930#primaryimage"},"thumbnailUrl":"https:\/\/jornalbeirario.com.br\/portal\/wp-content\/uploads\/2016\/05\/senado-1.jpg","datePublished":"2016-08-25T13:12:12+00:00","dateModified":"2016-08-25T13:16:28+00:00","breadcrumb":{"@id":"https:\/\/jornalbeirario.com.br\/portal\/?p=43930#breadcrumb"},"inLanguage":"pt-BR","potentialAction":[{"@type":"ReadAction","target":["https:\/\/jornalbeirario.com.br\/portal\/?p=43930"]}]},{"@type":"ImageObject","inLanguage":"pt-BR","@id":"https:\/\/jornalbeirario.com.br\/portal\/?p=43930#primaryimage","url":"https:\/\/jornalbeirario.com.br\/portal\/wp-content\/uploads\/2016\/05\/senado-1.jpg","contentUrl":"https:\/\/jornalbeirario.com.br\/portal\/wp-content\/uploads\/2016\/05\/senado-1.jpg","width":930,"height":350},{"@type":"BreadcrumbList","@id":"https:\/\/jornalbeirario.com.br\/portal\/?p=43930#breadcrumb","itemListElement":[{"@type":"ListItem","position":1,"name":"Home","item":"https:\/\/jornalbeirario.com.br\/portal"},{"@type":"ListItem","position":2,"name":"Come\u00e7a julgamento do processo de impeachment de presidente afastada"}]},{"@type":"WebSite","@id":"https:\/\/jornalbeirario.com.br\/portal\/#website","url":"https:\/\/jornalbeirario.com.br\/portal\/","name":"JORNAL BEIRA RIO","description":"","publisher":{"@id":"https:\/\/jornalbeirario.com.br\/portal\/#organization"},"potentialAction":[{"@type":"SearchAction","target":{"@type":"EntryPoint","urlTemplate":"https:\/\/jornalbeirario.com.br\/portal\/?s={search_term_string}"},"query-input":{"@type":"PropertyValueSpecification","valueRequired":true,"valueName":"search_term_string"}}],"inLanguage":"pt-BR"},{"@type":"Organization","@id":"https:\/\/jornalbeirario.com.br\/portal\/#organization","name":"JORNAL BEIRA RIO","url":"https:\/\/jornalbeirario.com.br\/portal\/","logo":{"@type":"ImageObject","inLanguage":"pt-BR","@id":"https:\/\/jornalbeirario.com.br\/portal\/#\/schema\/logo\/image\/","url":"https:\/\/jornalbeirario.com.br\/portal\/wp-content\/uploads\/2017\/09\/BEIRA-RIO_logo600.png","contentUrl":"https:\/\/jornalbeirario.com.br\/portal\/wp-content\/uploads\/2017\/09\/BEIRA-RIO_logo600.png","width":650,"height":108,"caption":"JORNAL BEIRA RIO"},"image":{"@id":"https:\/\/jornalbeirario.com.br\/portal\/#\/schema\/logo\/image\/"}},{"@type":"Person","@id":"https:\/\/jornalbeirario.com.br\/portal\/#\/schema\/person\/c6c423e4c2465d2a9233f6539173e7c1","name":"Jornal BEIRA-RIO","image":{"@type":"ImageObject","inLanguage":"pt-BR","@id":"https:\/\/jornalbeirario.com.br\/portal\/wp-content\/uploads\/2023\/10\/logojbr1.jpg","url":"https:\/\/jornalbeirario.com.br\/portal\/wp-content\/uploads\/2023\/10\/logojbr1.jpg","contentUrl":"https:\/\/jornalbeirario.com.br\/portal\/wp-content\/uploads\/2023\/10\/logojbr1.jpg","caption":"Jornal BEIRA-RIO"},"url":"https:\/\/jornalbeirario.com.br\/portal\/?author=1"}]}},"_links":{"self":[{"href":"https:\/\/jornalbeirario.com.br\/portal\/index.php?rest_route=\/wp\/v2\/posts\/43930","targetHints":{"allow":["GET"]}}],"collection":[{"href":"https:\/\/jornalbeirario.com.br\/portal\/index.php?rest_route=\/wp\/v2\/posts"}],"about":[{"href":"https:\/\/jornalbeirario.com.br\/portal\/index.php?rest_route=\/wp\/v2\/types\/post"}],"author":[{"embeddable":true,"href":"https:\/\/jornalbeirario.com.br\/portal\/index.php?rest_route=\/wp\/v2\/users\/1"}],"replies":[{"embeddable":true,"href":"https:\/\/jornalbeirario.com.br\/portal\/index.php?rest_route=%2Fwp%2Fv2%2Fcomments&post=43930"}],"version-history":[{"count":3,"href":"https:\/\/jornalbeirario.com.br\/portal\/index.php?rest_route=\/wp\/v2\/posts\/43930\/revisions"}],"predecessor-version":[{"id":43933,"href":"https:\/\/jornalbeirario.com.br\/portal\/index.php?rest_route=\/wp\/v2\/posts\/43930\/revisions\/43933"}],"wp:featuredmedia":[{"embeddable":true,"href":"https:\/\/jornalbeirario.com.br\/portal\/index.php?rest_route=\/wp\/v2\/media\/40533"}],"wp:attachment":[{"href":"https:\/\/jornalbeirario.com.br\/portal\/index.php?rest_route=%2Fwp%2Fv2%2Fmedia&parent=43930"}],"wp:term":[{"taxonomy":"category","embeddable":true,"href":"https:\/\/jornalbeirario.com.br\/portal\/index.php?rest_route=%2Fwp%2Fv2%2Fcategories&post=43930"},{"taxonomy":"post_tag","embeddable":true,"href":"https:\/\/jornalbeirario.com.br\/portal\/index.php?rest_route=%2Fwp%2Fv2%2Ftags&post=43930"}],"curies":[{"name":"wp","href":"https:\/\/api.w.org\/{rel}","templated":true}]}}